{"id":53782,"date":"2021-07-05T08:49:11","date_gmt":"2021-07-05T13:49:11","guid":{"rendered":"https:\/\/pagina10.com\/web\/?p=53782"},"modified":"2021-07-05T08:49:11","modified_gmt":"2021-07-05T13:49:11","slug":"vendedores-informales-de-pasto-seran-reubicados","status":"publish","type":"post","link":"https:\/\/pagina10.com\/web\/vendedores-informales-de-pasto-seran-reubicados\/","title":{"rendered":"Vendedores informales de Pasto ser\u00e1n reubicados"},"content":{"rendered":"<p style=\"text-align: justify;\"><span style=\"font-weight: 400;\">La Alcald\u00eda de Pasto adelanta el proceso de reubicaci\u00f3n laboral con los vendedores informales incluidos en el Acuerdo 032 de 1991, mediante la entrega de la escarapela que avala el uso econ\u00f3mico del espacio p\u00fablico en la zona asignada.<\/span><\/p>\n<p style=\"text-align: justify;\"><span style=\"font-weight: 400;\">Este proceso que lidera la Direcci\u00f3n Administrativa de Espacio P\u00fablico recupera las zonas que anteriormente ocupaban estas personas y se las reubica en un nuevo espacio para ofrecerles las garant\u00edas a los que tienen derecho al ser parte de este pacto.<\/span><\/p>\n<p style=\"text-align: justify;\"><span style=\"font-weight: 400;\">\u201cLa escarapela es el privilegio que tengo para seguir trabajando, esta es una reubicaci\u00f3n temporal que hace la Direcci\u00f3n de Espacio P\u00fablico; estoy contenta porque me van a ubicar en un mejor sitio donde llegar\u00e1 mucha clientela para vender mis productos\u201d, expres\u00f3 la vendedora, Sandra Liliana Oviedo.<\/span><\/p>\n<p style=\"text-align: justify;\"><span style=\"font-weight: 400;\">El Director Administrativo de Espacio P\u00fablico, Carlos Arellano, explic\u00f3 que: \u201cLa presencia de vendedores informales en el parque La Aurora generaba conflictos por convivencia entre ciudadan\u00eda, empresarios y peatones, por ello, se realiz\u00f3 la reubicaci\u00f3n temporal de una vendedora informal a dos cuadras del sector donde trabajaba, un beneficio para ella y para la administraci\u00f3n porque se despeja la zona. Esta acci\u00f3n cont\u00f3 con el acompa\u00f1amiento de la Personer\u00eda Municipal para cumplirle a cabalidad el proceso a la se\u00f1ora, que continuar\u00e1 con su actividad comercial para mantener a su familia\u201d.<\/span><\/p>\n<p style=\"text-align: justify;\"><span style=\"font-weight: 400;\">La presencia del Personero Delegado para lo Policivo, Diego Enr\u00edquez Erazo, del Ministerio P\u00fablico, en estas acciones, legitima las garant\u00edas de la trabajadora informal al atender sus inquietudes y para solucionar las contingencias que se puedan presentar en la reubicaci\u00f3n.<\/span><\/p>\n","protected":false},"excerpt":{"rendered":"<p>La Alcald\u00eda de Pasto adelanta el proceso de reubicaci\u00f3n laboral con los vendedores informales incluidos en el Acuerdo 032 de 1991, mediante la entrega de la escarapela que avala el uso econ\u00f3mico del espacio p\u00fablico en la zona asignada. Este proceso que lidera la Direcci\u00f3n Administrativa de Espacio P\u00fablico recupera las zonas que anteriormente ocupaban [&hellip;]<\/p>\n","protected":false},"author":1,"featured_media":53783,"comment_status":"open","ping_status":"open","sticky":false,"template":"","format":"standard","meta":{"footnotes":""},"categories":[82],"tags":[],"class_list":["post-53782","post","type-post","status-publish","format-standard","has-post-thumbnail","hentry","category-ciudad-2"],"yoast_head":"<!-- This site is optimized with the Yoast SEO plugin v27.1.1 - https:\/\/yoast.com\/product\/yoast-seo-wordpress\/ -->\n<title>Vendedores informales de Pasto ser\u00e1n reubicados | P\u00e1gina10<\/title>\n<meta name=\"robots\" content=\"index, follow, max-snippet:-1, max-image-preview:large, max-video-preview:-1\" \/>\n<link rel=\"canonical\" href=\"https:\/\/pagina10.com\/web\/vendedores-informales-de-pasto-seran-reubicados\/\" \/>\n<meta property=\"og:locale\" content=\"es_ES\" \/>\n<meta property=\"og:type\" content=\"article\" \/>\n<meta property=\"og:title\" content=\"Vendedores informales de Pasto ser\u00e1n reubicados | P\u00e1gina10\" \/>\n<meta property=\"og:description\" content=\"La Alcald\u00eda de Pasto adelanta el proceso de reubicaci\u00f3n laboral con los vendedores informales incluidos en el Acuerdo 032 de 1991, mediante la entrega de la escarapela que avala el uso econ\u00f3mico del espacio p\u00fablico en la zona asignada. Este proceso que lidera la Direcci\u00f3n Administrativa de Espacio P\u00fablico recupera las zonas que anteriormente ocupaban [&hellip;]\" \/>\n<meta property=\"og:url\" content=\"https:\/\/pagina10.com\/web\/vendedores-informales-de-pasto-seran-reubicados\/\" \/>\n<meta property=\"og:site_name\" content=\"P\u00e1gina10\" \/>\n<meta property=\"article:publisher\" content=\"https:\/\/www.facebook.com\/pag10com\" \/>\n<meta property=\"article:published_time\" content=\"2021-07-05T13:49:11+00:00\" \/>\n<meta property=\"og:image\" content=\"https:\/\/pagina10.com\/web\/wp-content\/uploads\/2021\/07\/reubicacion_laboral.jpg\" \/>\n\t<meta property=\"og:image:width\" content=\"600\" \/>\n\t<meta property=\"og:image:height\" content=\"347\" \/>\n\t<meta property=\"og:image:type\" content=\"image\/jpeg\" \/>\n<meta name=\"author\" content=\"P\u00e1gina 10\" \/>\n<meta name=\"twitter:card\" content=\"summary_large_image\" \/>\n<meta name=\"twitter:creator\" content=\"@Pag10com\" \/>\n<meta name=\"twitter:site\" content=\"@Pag10com\" \/>\n<meta name=\"twitter:label1\" content=\"Escrito por\" \/>\n\t<meta name=\"twitter:data1\" content=\"P\u00e1gina 10\" \/>\n\t<meta name=\"twitter:label2\" content=\"Tiempo de lectura\" \/>\n\t<meta name=\"twitter:data2\" content=\"1 minuto\" \/>\n<script type=\"application\/ld+json\" class=\"yoast-schema-graph\">{\"@context\":\"https:\/\/schema.org\",\"@graph\":[{\"@type\":\"Article\",\"@id\":\"https:\/\/pagina10.com\/web\/vendedores-informales-de-pasto-seran-reubicados\/#article\",\"isPartOf\":{\"@id\":\"https:\/\/pagina10.com\/web\/vendedores-informales-de-pasto-seran-reubicados\/\"},\"author\":{\"name\":\"P\u00e1gina 10\",\"@id\":\"https:\/\/pagina10.com\/web\/#\/schema\/person\/2efc4a090d25b667d3bc796798a3a81b\"},\"headline\":\"Vendedores informales de Pasto ser\u00e1n reubicados\",\"datePublished\":\"2021-07-05T13:49:11+00:00\",\"mainEntityOfPage\":{\"@id\":\"https:\/\/pagina10.com\/web\/vendedores-informales-de-pasto-seran-reubicados\/\"},\"wordCount\":284,\"commentCount\":0,\"publisher\":{\"@id\":\"https:\/\/pagina10.com\/web\/#organization\"},\"image\":{\"@id\":\"https:\/\/pagina10.com\/web\/vendedores-informales-de-pasto-seran-reubicados\/#primaryimage\"},\"thumbnailUrl\":\"https:\/\/pagina10.com\/web\/wp-content\/uploads\/2021\/07\/reubicacion_laboral.jpg\",\"articleSection\":[\"Ciudad\"],\"inLanguage\":\"es\",\"potentialAction\":[{\"@type\":\"CommentAction\",\"name\":\"Comment\",\"target\":[\"https:\/\/pagina10.com\/web\/vendedores-informales-de-pasto-seran-reubicados\/#respond\"]}]},{\"@type\":\"WebPage\",\"@id\":\"https:\/\/pagina10.com\/web\/vendedores-informales-de-pasto-seran-reubicados\/\",\"url\":\"https:\/\/pagina10.com\/web\/vendedores-informales-de-pasto-seran-reubicados\/\",\"name\":\"Vendedores informales de Pasto ser\u00e1n reubicados | P\u00e1gina10\",\"isPartOf\":{\"@id\":\"https:\/\/pagina10.com\/web\/#website\"},\"primaryImageOfPage\":{\"@id\":\"https:\/\/pagina10.com\/web\/vendedores-informales-de-pasto-seran-reubicados\/#primaryimage\"},\"image\":{\"@id\":\"https:\/\/pagina10.com\/web\/vendedores-informales-de-pasto-seran-reubicados\/#primaryimage\"},\"thumbnailUrl\":\"https:\/\/pagina10.com\/web\/wp-content\/uploads\/2021\/07\/reubicacion_laboral.jpg\",\"datePublished\":\"2021-07-05T13:49:11+00:00\",\"breadcrumb\":{\"@id\":\"https:\/\/pagina10.com\/web\/vendedores-informales-de-pasto-seran-reubicados\/#breadcrumb\"},\"inLanguage\":\"es\",\"potentialAction\":[{\"@type\":\"ReadAction\",\"target\":[\"https:\/\/pagina10.com\/web\/vendedores-informales-de-pasto-seran-reubicados\/\"]}]},{\"@type\":\"ImageObject\",\"inLanguage\":\"es\",\"@id\":\"https:\/\/pagina10.com\/web\/vendedores-informales-de-pasto-seran-reubicados\/#primaryimage\",\"url\":\"https:\/\/pagina10.com\/web\/wp-content\/uploads\/2021\/07\/reubicacion_laboral.jpg\",\"contentUrl\":\"https:\/\/pagina10.com\/web\/wp-content\/uploads\/2021\/07\/reubicacion_laboral.jpg\",\"width\":600,\"height\":347},{\"@type\":\"BreadcrumbList\",\"@id\":\"https:\/\/pagina10.com\/web\/vendedores-informales-de-pasto-seran-reubicados\/#breadcrumb\",\"itemListElement\":[{\"@type\":\"ListItem\",\"position\":1,\"name\":\"Portada\",\"item\":\"https:\/\/pagina10.com\/web\/\"},{\"@type\":\"ListItem\",\"position\":2,\"name\":\"Vendedores informales de Pasto ser\u00e1n reubicados\"}]},{\"@type\":\"WebSite\",\"@id\":\"https:\/\/pagina10.com\/web\/#website\",\"url\":\"https:\/\/pagina10.com\/web\/\",\"name\":\"P\u00e1gina10\",\"description\":\"Peri\u00f3dico Regional\",\"publisher\":{\"@id\":\"https:\/\/pagina10.com\/web\/#organization\"},\"alternateName\":\"P\u00e1gina10 Peri\u00f3dico Regional\",\"potentialAction\":[{\"@type\":\"SearchAction\",\"target\":{\"@type\":\"EntryPoint\",\"urlTemplate\":\"https:\/\/pagina10.com\/web\/?s={search_term_string}\"},\"query-input\":{\"@type\":\"PropertyValueSpecification\",\"valueRequired\":true,\"valueName\":\"search_term_string\"}}],\"inLanguage\":\"es\"},{\"@type\":\"Organization\",\"@id\":\"https:\/\/pagina10.com\/web\/#organization\",\"name\":\"P\u00e1gina10\",\"alternateName\":\"P\u00e1gina10 Peri\u00f3dico Regional\",\"url\":\"https:\/\/pagina10.com\/web\/\",\"logo\":{\"@type\":\"ImageObject\",\"inLanguage\":\"es\",\"@id\":\"https:\/\/pagina10.com\/web\/#\/schema\/logo\/image\/\",\"url\":\"https:\/\/pagina10.com\/web\/wp-content\/uploads\/2024\/01\/40-pagina-10-periodico-regional-pasto.jpg\",\"contentUrl\":\"https:\/\/pagina10.com\/web\/wp-content\/uploads\/2024\/01\/40-pagina-10-periodico-regional-pasto.jpg\",\"width\":1280,\"height\":720,\"caption\":\"P\u00e1gina10\"},\"image\":{\"@id\":\"https:\/\/pagina10.com\/web\/#\/schema\/logo\/image\/\"},\"sameAs\":[\"https:\/\/www.facebook.com\/pag10com\",\"https:\/\/x.com\/Pag10com\",\"https:\/\/www.instagram.com\/pagina10col\/\",\"https:\/\/youtube.com\/channel\/pag10\",\"https:\/\/www.tiktok.com\/@p10col\"]},{\"@type\":\"Person\",\"@id\":\"https:\/\/pagina10.com\/web\/#\/schema\/person\/2efc4a090d25b667d3bc796798a3a81b\",\"name\":\"P\u00e1gina 10\",\"description\":\"P\u00e1gina 10 es un peri\u00f3dico regional que nace en Colombia, en el departamento de Nari\u00f1o, con un enfoque global, fundamentado en cuatro pilares esenciales: la libertad, el pluralismo, la inclusi\u00f3n y la independencia. P\u00e1gina 10 hace referencia a Nari\u00f1o como el d\u00e9cimo departamento creado en Colombia, despu\u00e9s de un proceso pol\u00edtico liderado por actores y actrices regionales con el fin de obtener la independencia y autonom\u00eda de nuestros territorios. Con la creaci\u00f3n de P\u00e1gina 10 se pretende abrir un escenario para el dialogo, la reflexi\u00f3n y el debate que se extienda a otras geograf\u00edas de Am\u00e9rica Latina y del planeta, en una apuesta por transformar colectivamente los desaf\u00edos de un mundo contempor\u00e1neo, m\u00e1s all\u00e1 de las fronteras impuestas.\",\"url\":\"https:\/\/pagina10.com\/web\/author\/pdiezadmin\/\"}]}<\/script>\n<!-- \/ Yoast SEO plugin. -->","yoast_head_json":{"title":"Vendedores informales de Pasto ser\u00e1n reubicados | P\u00e1gina10","robots":{"index":"index","follow":"follow","max-snippet":"max-snippet:-1","max-image-preview":"max-image-preview:large","max-video-preview":"max-video-preview:-1"},"canonical":"https:\/\/pagina10.com\/web\/vendedores-informales-de-pasto-seran-reubicados\/","og_locale":"es_ES","og_type":"article","og_title":"Vendedores informales de Pasto ser\u00e1n reubicados | P\u00e1gina10","og_description":"La Alcald\u00eda de Pasto adelanta el proceso de reubicaci\u00f3n laboral con los vendedores informales incluidos en el Acuerdo 032 de 1991, mediante la entrega de la escarapela que avala el uso econ\u00f3mico del espacio p\u00fablico en la zona asignada. Este proceso que lidera la Direcci\u00f3n Administrativa de Espacio P\u00fablico recupera las zonas que anteriormente ocupaban [&hellip;]","og_url":"https:\/\/pagina10.com\/web\/vendedores-informales-de-pasto-seran-reubicados\/","og_site_name":"P\u00e1gina10","article_publisher":"https:\/\/www.facebook.com\/pag10com","article_published_time":"2021-07-05T13:49:11+00:00","og_image":[{"width":600,"height":347,"url":"https:\/\/pagina10.com\/web\/wp-content\/uploads\/2021\/07\/reubicacion_laboral.jpg","type":"image\/jpeg"}],"author":"P\u00e1gina 10","twitter_card":"summary_large_image","twitter_creator":"@Pag10com","twitter_site":"@Pag10com","twitter_misc":{"Escrito por":"P\u00e1gina 10","Tiempo de lectura":"1 minuto"},"schema":{"@context":"https:\/\/schema.org","@graph":[{"@type":"Article","@id":"https:\/\/pagina10.com\/web\/vendedores-informales-de-pasto-seran-reubicados\/#article","isPartOf":{"@id":"https:\/\/pagina10.com\/web\/vendedores-informales-de-pasto-seran-reubicados\/"},"author":{"name":"P\u00e1gina 10","@id":"https:\/\/pagina10.com\/web\/#\/schema\/person\/2efc4a090d25b667d3bc796798a3a81b"},"headline":"Vendedores informales de Pasto ser\u00e1n reubicados","datePublished":"2021-07-05T13:49:11+00:00","mainEntityOfPage":{"@id":"https:\/\/pagina10.com\/web\/vendedores-informales-de-pasto-seran-reubicados\/"},"wordCount":284,"commentCount":0,"publisher":{"@id":"https:\/\/pagina10.com\/web\/#organization"},"image":{"@id":"https:\/\/pagina10.com\/web\/vendedores-informales-de-pasto-seran-reubicados\/#primaryimage"},"thumbnailUrl":"https:\/\/pagina10.com\/web\/wp-content\/uploads\/2021\/07\/reubicacion_laboral.jpg","articleSection":["Ciudad"],"inLanguage":"es","potentialAction":[{"@type":"CommentAction","name":"Comment","target":["https:\/\/pagina10.com\/web\/vendedores-informales-de-pasto-seran-reubicados\/#respond"]}]},{"@type":"WebPage","@id":"https:\/\/pagina10.com\/web\/vendedores-informales-de-pasto-seran-reubicados\/","url":"https:\/\/pagina10.com\/web\/vendedores-informales-de-pasto-seran-reubicados\/","name":"Vendedores informales de Pasto ser\u00e1n reubicados | P\u00e1gina10","isPartOf":{"@id":"https:\/\/pagina10.com\/web\/#website"},"primaryImageOfPage":{"@id":"https:\/\/pagina10.com\/web\/vendedores-informales-de-pasto-seran-reubicados\/#primaryimage"},"image":{"@id":"https:\/\/pagina10.com\/web\/vendedores-informales-de-pasto-seran-reubicados\/#primaryimage"},"thumbnailUrl":"https:\/\/pagina10.com\/web\/wp-content\/uploads\/2021\/07\/reubicacion_laboral.jpg","datePublished":"2021-07-05T13:49:11+00:00","breadcrumb":{"@id":"https:\/\/pagina10.com\/web\/vendedores-informales-de-pasto-seran-reubicados\/#breadcrumb"},"inLanguage":"es","potentialAction":[{"@type":"ReadAction","target":["https:\/\/pagina10.com\/web\/vendedores-informales-de-pasto-seran-reubicados\/"]}]},{"@type":"ImageObject","inLanguage":"es","@id":"https:\/\/pagina10.com\/web\/vendedores-informales-de-pasto-seran-reubicados\/#primaryimage","url":"https:\/\/pagina10.com\/web\/wp-content\/uploads\/2021\/07\/reubicacion_laboral.jpg","contentUrl":"https:\/\/pagina10.com\/web\/wp-content\/uploads\/2021\/07\/reubicacion_laboral.jpg","width":600,"height":347},{"@type":"BreadcrumbList","@id":"https:\/\/pagina10.com\/web\/vendedores-informales-de-pasto-seran-reubicados\/#breadcrumb","itemListElement":[{"@type":"ListItem","position":1,"name":"Portada","item":"https:\/\/pagina10.com\/web\/"},{"@type":"ListItem","position":2,"name":"Vendedores informales de Pasto ser\u00e1n reubicados"}]},{"@type":"WebSite","@id":"https:\/\/pagina10.com\/web\/#website","url":"https:\/\/pagina10.com\/web\/","name":"P\u00e1gina10","description":"Peri\u00f3dico Regional","publisher":{"@id":"https:\/\/pagina10.com\/web\/#organization"},"alternateName":"P\u00e1gina10 Peri\u00f3dico Regional","potentialAction":[{"@type":"SearchAction","target":{"@type":"EntryPoint","urlTemplate":"https:\/\/pagina10.com\/web\/?s={search_term_string}"},"query-input":{"@type":"PropertyValueSpecification","valueRequired":true,"valueName":"search_term_string"}}],"inLanguage":"es"},{"@type":"Organization","@id":"https:\/\/pagina10.com\/web\/#organization","name":"P\u00e1gina10","alternateName":"P\u00e1gina10 Peri\u00f3dico Regional","url":"https:\/\/pagina10.com\/web\/","logo":{"@type":"ImageObject","inLanguage":"es","@id":"https:\/\/pagina10.com\/web\/#\/schema\/logo\/image\/","url":"https:\/\/pagina10.com\/web\/wp-content\/uploads\/2024\/01\/40-pagina-10-periodico-regional-pasto.jpg","contentUrl":"https:\/\/pagina10.com\/web\/wp-content\/uploads\/2024\/01\/40-pagina-10-periodico-regional-pasto.jpg","width":1280,"height":720,"caption":"P\u00e1gina10"},"image":{"@id":"https:\/\/pagina10.com\/web\/#\/schema\/logo\/image\/"},"sameAs":["https:\/\/www.facebook.com\/pag10com","https:\/\/x.com\/Pag10com","https:\/\/www.instagram.com\/pagina10col\/","https:\/\/youtube.com\/channel\/pag10","https:\/\/www.tiktok.com\/@p10col"]},{"@type":"Person","@id":"https:\/\/pagina10.com\/web\/#\/schema\/person\/2efc4a090d25b667d3bc796798a3a81b","name":"P\u00e1gina 10","description":"P\u00e1gina 10 es un peri\u00f3dico regional que nace en Colombia, en el departamento de Nari\u00f1o, con un enfoque global, fundamentado en cuatro pilares esenciales: la libertad, el pluralismo, la inclusi\u00f3n y la independencia. P\u00e1gina 10 hace referencia a Nari\u00f1o como el d\u00e9cimo departamento creado en Colombia, despu\u00e9s de un proceso pol\u00edtico liderado por actores y actrices regionales con el fin de obtener la independencia y autonom\u00eda de nuestros territorios. Con la creaci\u00f3n de P\u00e1gina 10 se pretende abrir un escenario para el dialogo, la reflexi\u00f3n y el debate que se extienda a otras geograf\u00edas de Am\u00e9rica Latina y del planeta, en una apuesta por transformar colectivamente los desaf\u00edos de un mundo contempor\u00e1neo, m\u00e1s all\u00e1 de las fronteras impuestas.","url":"https:\/\/pagina10.com\/web\/author\/pdiezadmin\/"}]}},"_links":{"self":[{"href":"https:\/\/pagina10.com\/web\/wp-json\/wp\/v2\/posts\/53782","targetHints":{"allow":["GET"]}}],"collection":[{"href":"https:\/\/pagina10.com\/web\/wp-json\/wp\/v2\/posts"}],"about":[{"href":"https:\/\/pagina10.com\/web\/wp-json\/wp\/v2\/types\/post"}],"author":[{"embeddable":true,"href":"https:\/\/pagina10.com\/web\/wp-json\/wp\/v2\/users\/1"}],"replies":[{"embeddable":true,"href":"https:\/\/pagina10.com\/web\/wp-json\/wp\/v2\/comments?post=53782"}],"version-history":[{"count":1,"href":"https:\/\/pagina10.com\/web\/wp-json\/wp\/v2\/posts\/53782\/revisions"}],"predecessor-version":[{"id":53784,"href":"https:\/\/pagina10.com\/web\/wp-json\/wp\/v2\/posts\/53782\/revisions\/53784"}],"wp:featuredmedia":[{"embeddable":true,"href":"https:\/\/pagina10.com\/web\/wp-json\/wp\/v2\/media\/53783"}],"wp:attachment":[{"href":"https:\/\/pagina10.com\/web\/wp-json\/wp\/v2\/media?parent=53782"}],"wp:term":[{"taxonomy":"category","embeddable":true,"href":"https:\/\/pagina10.com\/web\/wp-json\/wp\/v2\/categories?post=53782"},{"taxonomy":"post_tag","embeddable":true,"href":"https:\/\/pagina10.com\/web\/wp-json\/wp\/v2\/tags?post=53782"}],"curies":[{"name":"wp","href":"https:\/\/api.w.org\/{rel}","templated":true}]}}