{"id":53808,"date":"2021-07-06T09:17:09","date_gmt":"2021-07-06T14:17:09","guid":{"rendered":"https:\/\/pagina10.com\/web\/?p=53808"},"modified":"2021-07-06T09:17:09","modified_gmt":"2021-07-06T14:17:09","slug":"habitantes-del-corregimiento-de-cabrera-participaron-de-la-minga-por-la-reactivacion-economica","status":"publish","type":"post","link":"https:\/\/pagina10.com\/web\/habitantes-del-corregimiento-de-cabrera-participaron-de-la-minga-por-la-reactivacion-economica\/","title":{"rendered":"Habitantes del corregimiento de Cabrera participaron de la Minga por la reactivaci\u00f3n econ\u00f3mica"},"content":{"rendered":"<p style=\"text-align: justify;\"><span style=\"font-weight: 400;\">En el corregimiento de Cabrera, del municipio de Pasto, se realiz\u00f3 la Minga por la Reactivaci\u00f3n Econ\u00f3mica, en presencia de la Alcald\u00eda de Pasto se definieron los proyectos de infraestructura, turismo, medio ambiente, movilidad, entre otros, en cumplimiento de los compromisos acordados en la mesa de concertaci\u00f3n que fue presidida por el Alcalde municipal Germ\u00e1n Chamorro De La Rosa.<\/span><\/p>\n<p style=\"text-align: justify;\"><span style=\"font-weight: 400;\">Habitantes del sector manifestaron que en este encuentro tuvieron la oportunidad de comentar las oportunidades que tiene el corregimiento en materia de turismo \u201cVivo en la vereda La Paz de Cabrera, y la reuni\u00f3n fue interesante por cuanto nos dieron participaci\u00f3n y la opci\u00f3n de expresar aquello que nos interesa para promover el corregimiento como un potencial tur\u00edstico y cultural del Municipio de Pasto\u201d, expres\u00f3 la representante de la Asociaci\u00f3n Comunitaria de Turismo de Cabrera, Fanny Medina.<\/span><\/p>\n<p style=\"text-align: justify;\"><span style=\"font-weight: 400;\">De acuerdo a la alcald\u00eda municipal, la primera acci\u00f3n como fruto de estos di\u00e1logos, es la intervenci\u00f3n de las v\u00edas terciarias del corregimiento, gracias a la maquinaria que enviar\u00e1 la Secretar\u00eda de Infraestructura y Valorizaci\u00f3n.<\/span><\/p>\n<p style=\"text-align: justify;\"><span style=\"font-weight: 400;\">De igual manera, adelantar\u00e1n encuentros con la Secretar\u00eda de Gesti\u00f3n Ambiental para concretar las jornadas de vacunaci\u00f3n animal y campa\u00f1as de prevenci\u00f3n contra el abandono de animales de compa\u00f1\u00eda, un comportamiento que, seg\u00fan los habitantes, es cada vez m\u00e1s frecuente.<\/span><\/p>\n<p style=\"text-align: justify;\"><span style=\"font-weight: 400;\">En este orden, otro factor que se analizar\u00e1 con la Secretar\u00eda de Desarrollo Econ\u00f3mico es el relacionado al fomento de iniciativas de promoci\u00f3n para el sector gastron\u00f3mico, determinante en la econom\u00eda de este corregimiento.<\/span><\/p>\n<p style=\"text-align: justify;\"><span style=\"font-weight: 400;\">El secretario de Desarrollo Comunitario, Mario Pinto Calvache, afirm\u00f3 que los compromisos adquiridos se est\u00e1n cumpliendo. \u201cEn este momento estamos cumpliendo con los compromisos adquiridos con el Alcalde Germ\u00e1n Chamorro De La Rosa, con el objetivo de avanzar en temas de reactivaci\u00f3n econ\u00f3mica, infraestructura, que ha sido parte fundamental en el sector rural, por ello la pr\u00f3xima semana empezaremos con arreglos de v\u00edas terciarias con la maquinaria de la administraci\u00f3n\u201dasever\u00f3.<\/span><\/p>\n<p style=\"text-align: justify;\"><span style=\"font-weight: 400;\">Los funcionarios de la Secretar\u00eda de Desarrollo Comunitario, dependencia que lidera los encuentros, hicieron un llamado para trabajar mancomunadamente con los l\u00edderes, lideresas, ediles, presidentes de Juntas de Acci\u00f3n Comunal, Juntas de Acueducto y Alcantarillado y la comunidad de Cabrera.<\/span><\/p>\n<p>&nbsp;<\/p>\n","protected":false},"excerpt":{"rendered":"<p>En el corregimiento de Cabrera, del municipio de Pasto, se realiz\u00f3 la Minga por la Reactivaci\u00f3n Econ\u00f3mica, en presencia de la Alcald\u00eda de Pasto se definieron los proyectos de infraestructura, turismo, medio ambiente, movilidad, entre otros, en cumplimiento de los compromisos acordados en la mesa de concertaci\u00f3n que fue presidida por el Alcalde municipal Germ\u00e1n [&hellip;]<\/p>\n","protected":false},"author":1,"featured_media":53809,"comment_status":"open","ping_status":"open","sticky":false,"template":"","format":"standard","meta":{"footnotes":""},"categories":[82],"tags":[],"class_list":["post-53808","post","type-post","status-publish","format-standard","has-post-thumbnail","hentry","category-ciudad-2"],"yoast_head":"<!-- This site is optimized with the Yoast SEO plugin v27.1.1 - https:\/\/yoast.com\/product\/yoast-seo-wordpress\/ -->\n<title>Habitantes del corregimiento de Cabrera participaron de la Minga por la reactivaci\u00f3n econ\u00f3mica | P\u00e1gina10<\/title>\n<meta name=\"robots\" content=\"index, follow, max-snippet:-1, max-image-preview:large, max-video-preview:-1\" \/>\n<link rel=\"canonical\" href=\"https:\/\/pagina10.com\/web\/habitantes-del-corregimiento-de-cabrera-participaron-de-la-minga-por-la-reactivacion-economica\/\" \/>\n<meta property=\"og:locale\" content=\"es_ES\" \/>\n<meta property=\"og:type\" content=\"article\" \/>\n<meta property=\"og:title\" content=\"Habitantes del corregimiento de Cabrera participaron de la Minga por la reactivaci\u00f3n econ\u00f3mica | P\u00e1gina10\" \/>\n<meta property=\"og:description\" content=\"En el corregimiento de Cabrera, del municipio de Pasto, se realiz\u00f3 la Minga por la Reactivaci\u00f3n Econ\u00f3mica, en presencia de la Alcald\u00eda de Pasto se definieron los proyectos de infraestructura, turismo, medio ambiente, movilidad, entre otros, en cumplimiento de los compromisos acordados en la mesa de concertaci\u00f3n que fue presidida por el Alcalde municipal Germ\u00e1n [&hellip;]\" \/>\n<meta property=\"og:url\" content=\"https:\/\/pagina10.com\/web\/habitantes-del-corregimiento-de-cabrera-participaron-de-la-minga-por-la-reactivacion-economica\/\" \/>\n<meta property=\"og:site_name\" content=\"P\u00e1gina10\" \/>\n<meta property=\"article:publisher\" content=\"https:\/\/www.facebook.com\/pag10com\" \/>\n<meta property=\"article:published_time\" content=\"2021-07-06T14:17:09+00:00\" \/>\n<meta property=\"og:image\" content=\"https:\/\/pagina10.com\/web\/wp-content\/uploads\/2021\/07\/FB_IMG_1625579842190.jpg\" \/>\n\t<meta property=\"og:image:width\" content=\"1080\" \/>\n\t<meta property=\"og:image:height\" content=\"720\" \/>\n\t<meta property=\"og:image:type\" content=\"image\/jpeg\" \/>\n<meta name=\"author\" content=\"P\u00e1gina 10\" \/>\n<meta name=\"twitter:card\" content=\"summary_large_image\" \/>\n<meta name=\"twitter:creator\" content=\"@Pag10com\" \/>\n<meta name=\"twitter:site\" content=\"@Pag10com\" \/>\n<meta name=\"twitter:label1\" content=\"Escrito por\" \/>\n\t<meta name=\"twitter:data1\" content=\"P\u00e1gina 10\" \/>\n\t<meta name=\"twitter:label2\" content=\"Tiempo de lectura\" \/>\n\t<meta name=\"twitter:data2\" content=\"2 minutos\" \/>\n<script type=\"application\/ld+json\" class=\"yoast-schema-graph\">{\"@context\":\"https:\/\/schema.org\",\"@graph\":[{\"@type\":\"Article\",\"@id\":\"https:\/\/pagina10.com\/web\/habitantes-del-corregimiento-de-cabrera-participaron-de-la-minga-por-la-reactivacion-economica\/#article\",\"isPartOf\":{\"@id\":\"https:\/\/pagina10.com\/web\/habitantes-del-corregimiento-de-cabrera-participaron-de-la-minga-por-la-reactivacion-economica\/\"},\"author\":{\"name\":\"P\u00e1gina 10\",\"@id\":\"https:\/\/pagina10.com\/web\/#\/schema\/person\/2efc4a090d25b667d3bc796798a3a81b\"},\"headline\":\"Habitantes del corregimiento de Cabrera participaron de la Minga por la reactivaci\u00f3n econ\u00f3mica\",\"datePublished\":\"2021-07-06T14:17:09+00:00\",\"mainEntityOfPage\":{\"@id\":\"https:\/\/pagina10.com\/web\/habitantes-del-corregimiento-de-cabrera-participaron-de-la-minga-por-la-reactivacion-economica\/\"},\"wordCount\":413,\"commentCount\":0,\"publisher\":{\"@id\":\"https:\/\/pagina10.com\/web\/#organization\"},\"image\":{\"@id\":\"https:\/\/pagina10.com\/web\/habitantes-del-corregimiento-de-cabrera-participaron-de-la-minga-por-la-reactivacion-economica\/#primaryimage\"},\"thumbnailUrl\":\"https:\/\/pagina10.com\/web\/wp-content\/uploads\/2021\/07\/FB_IMG_1625579842190.jpg\",\"articleSection\":[\"Ciudad\"],\"inLanguage\":\"es\",\"potentialAction\":[{\"@type\":\"CommentAction\",\"name\":\"Comment\",\"target\":[\"https:\/\/pagina10.com\/web\/habitantes-del-corregimiento-de-cabrera-participaron-de-la-minga-por-la-reactivacion-economica\/#respond\"]}]},{\"@type\":\"WebPage\",\"@id\":\"https:\/\/pagina10.com\/web\/habitantes-del-corregimiento-de-cabrera-participaron-de-la-minga-por-la-reactivacion-economica\/\",\"url\":\"https:\/\/pagina10.com\/web\/habitantes-del-corregimiento-de-cabrera-participaron-de-la-minga-por-la-reactivacion-economica\/\",\"name\":\"Habitantes del corregimiento de Cabrera participaron de la Minga por la reactivaci\u00f3n econ\u00f3mica | P\u00e1gina10\",\"isPartOf\":{\"@id\":\"https:\/\/pagina10.com\/web\/#website\"},\"primaryImageOfPage\":{\"@id\":\"https:\/\/pagina10.com\/web\/habitantes-del-corregimiento-de-cabrera-participaron-de-la-minga-por-la-reactivacion-economica\/#primaryimage\"},\"image\":{\"@id\":\"https:\/\/pagina10.com\/web\/habitantes-del-corregimiento-de-cabrera-participaron-de-la-minga-por-la-reactivacion-economica\/#primaryimage\"},\"thumbnailUrl\":\"https:\/\/pagina10.com\/web\/wp-content\/uploads\/2021\/07\/FB_IMG_1625579842190.jpg\",\"datePublished\":\"2021-07-06T14:17:09+00:00\",\"breadcrumb\":{\"@id\":\"https:\/\/pagina10.com\/web\/habitantes-del-corregimiento-de-cabrera-participaron-de-la-minga-por-la-reactivacion-economica\/#breadcrumb\"},\"inLanguage\":\"es\",\"potentialAction\":[{\"@type\":\"ReadAction\",\"target\":[\"https:\/\/pagina10.com\/web\/habitantes-del-corregimiento-de-cabrera-participaron-de-la-minga-por-la-reactivacion-economica\/\"]}]},{\"@type\":\"ImageObject\",\"inLanguage\":\"es\",\"@id\":\"https:\/\/pagina10.com\/web\/habitantes-del-corregimiento-de-cabrera-participaron-de-la-minga-por-la-reactivacion-economica\/#primaryimage\",\"url\":\"https:\/\/pagina10.com\/web\/wp-content\/uploads\/2021\/07\/FB_IMG_1625579842190.jpg\",\"contentUrl\":\"https:\/\/pagina10.com\/web\/wp-content\/uploads\/2021\/07\/FB_IMG_1625579842190.jpg\",\"width\":1080,\"height\":720},{\"@type\":\"BreadcrumbList\",\"@id\":\"https:\/\/pagina10.com\/web\/habitantes-del-corregimiento-de-cabrera-participaron-de-la-minga-por-la-reactivacion-economica\/#breadcrumb\",\"itemListElement\":[{\"@type\":\"ListItem\",\"position\":1,\"name\":\"Portada\",\"item\":\"https:\/\/pagina10.com\/web\/\"},{\"@type\":\"ListItem\",\"position\":2,\"name\":\"Habitantes del corregimiento de Cabrera participaron de la Minga por la reactivaci\u00f3n econ\u00f3mica\"}]},{\"@type\":\"WebSite\",\"@id\":\"https:\/\/pagina10.com\/web\/#website\",\"url\":\"https:\/\/pagina10.com\/web\/\",\"name\":\"P\u00e1gina10\",\"description\":\"Peri\u00f3dico Regional\",\"publisher\":{\"@id\":\"https:\/\/pagina10.com\/web\/#organization\"},\"alternateName\":\"P\u00e1gina10 Peri\u00f3dico Regional\",\"potentialAction\":[{\"@type\":\"SearchAction\",\"target\":{\"@type\":\"EntryPoint\",\"urlTemplate\":\"https:\/\/pagina10.com\/web\/?s={search_term_string}\"},\"query-input\":{\"@type\":\"PropertyValueSpecification\",\"valueRequired\":true,\"valueName\":\"search_term_string\"}}],\"inLanguage\":\"es\"},{\"@type\":\"Organization\",\"@id\":\"https:\/\/pagina10.com\/web\/#organization\",\"name\":\"P\u00e1gina10\",\"alternateName\":\"P\u00e1gina10 Peri\u00f3dico Regional\",\"url\":\"https:\/\/pagina10.com\/web\/\",\"logo\":{\"@type\":\"ImageObject\",\"inLanguage\":\"es\",\"@id\":\"https:\/\/pagina10.com\/web\/#\/schema\/logo\/image\/\",\"url\":\"https:\/\/pagina10.com\/web\/wp-content\/uploads\/2024\/01\/40-pagina-10-periodico-regional-pasto.jpg\",\"contentUrl\":\"https:\/\/pagina10.com\/web\/wp-content\/uploads\/2024\/01\/40-pagina-10-periodico-regional-pasto.jpg\",\"width\":1280,\"height\":720,\"caption\":\"P\u00e1gina10\"},\"image\":{\"@id\":\"https:\/\/pagina10.com\/web\/#\/schema\/logo\/image\/\"},\"sameAs\":[\"https:\/\/www.facebook.com\/pag10com\",\"https:\/\/x.com\/Pag10com\",\"https:\/\/www.instagram.com\/pagina10col\/\",\"https:\/\/youtube.com\/channel\/pag10\",\"https:\/\/www.tiktok.com\/@p10col\"]},{\"@type\":\"Person\",\"@id\":\"https:\/\/pagina10.com\/web\/#\/schema\/person\/2efc4a090d25b667d3bc796798a3a81b\",\"name\":\"P\u00e1gina 10\",\"description\":\"P\u00e1gina 10 es un peri\u00f3dico regional que nace en Colombia, en el departamento de Nari\u00f1o, con un enfoque global, fundamentado en cuatro pilares esenciales: la libertad, el pluralismo, la inclusi\u00f3n y la independencia. P\u00e1gina 10 hace referencia a Nari\u00f1o como el d\u00e9cimo departamento creado en Colombia, despu\u00e9s de un proceso pol\u00edtico liderado por actores y actrices regionales con el fin de obtener la independencia y autonom\u00eda de nuestros territorios. Con la creaci\u00f3n de P\u00e1gina 10 se pretende abrir un escenario para el dialogo, la reflexi\u00f3n y el debate que se extienda a otras geograf\u00edas de Am\u00e9rica Latina y del planeta, en una apuesta por transformar colectivamente los desaf\u00edos de un mundo contempor\u00e1neo, m\u00e1s all\u00e1 de las fronteras impuestas.\",\"url\":\"https:\/\/pagina10.com\/web\/author\/pdiezadmin\/\"}]}<\/script>\n<!-- \/ Yoast SEO plugin. -->","yoast_head_json":{"title":"Habitantes del corregimiento de Cabrera participaron de la Minga por la reactivaci\u00f3n econ\u00f3mica | P\u00e1gina10","robots":{"index":"index","follow":"follow","max-snippet":"max-snippet:-1","max-image-preview":"max-image-preview:large","max-video-preview":"max-video-preview:-1"},"canonical":"https:\/\/pagina10.com\/web\/habitantes-del-corregimiento-de-cabrera-participaron-de-la-minga-por-la-reactivacion-economica\/","og_locale":"es_ES","og_type":"article","og_title":"Habitantes del corregimiento de Cabrera participaron de la Minga por la reactivaci\u00f3n econ\u00f3mica | P\u00e1gina10","og_description":"En el corregimiento de Cabrera, del municipio de Pasto, se realiz\u00f3 la Minga por la Reactivaci\u00f3n Econ\u00f3mica, en presencia de la Alcald\u00eda de Pasto se definieron los proyectos de infraestructura, turismo, medio ambiente, movilidad, entre otros, en cumplimiento de los compromisos acordados en la mesa de concertaci\u00f3n que fue presidida por el Alcalde municipal Germ\u00e1n [&hellip;]","og_url":"https:\/\/pagina10.com\/web\/habitantes-del-corregimiento-de-cabrera-participaron-de-la-minga-por-la-reactivacion-economica\/","og_site_name":"P\u00e1gina10","article_publisher":"https:\/\/www.facebook.com\/pag10com","article_published_time":"2021-07-06T14:17:09+00:00","og_image":[{"width":1080,"height":720,"url":"https:\/\/pagina10.com\/web\/wp-content\/uploads\/2021\/07\/FB_IMG_1625579842190.jpg","type":"image\/jpeg"}],"author":"P\u00e1gina 10","twitter_card":"summary_large_image","twitter_creator":"@Pag10com","twitter_site":"@Pag10com","twitter_misc":{"Escrito por":"P\u00e1gina 10","Tiempo de lectura":"2 minutos"},"schema":{"@context":"https:\/\/schema.org","@graph":[{"@type":"Article","@id":"https:\/\/pagina10.com\/web\/habitantes-del-corregimiento-de-cabrera-participaron-de-la-minga-por-la-reactivacion-economica\/#article","isPartOf":{"@id":"https:\/\/pagina10.com\/web\/habitantes-del-corregimiento-de-cabrera-participaron-de-la-minga-por-la-reactivacion-economica\/"},"author":{"name":"P\u00e1gina 10","@id":"https:\/\/pagina10.com\/web\/#\/schema\/person\/2efc4a090d25b667d3bc796798a3a81b"},"headline":"Habitantes del corregimiento de Cabrera participaron de la Minga por la reactivaci\u00f3n econ\u00f3mica","datePublished":"2021-07-06T14:17:09+00:00","mainEntityOfPage":{"@id":"https:\/\/pagina10.com\/web\/habitantes-del-corregimiento-de-cabrera-participaron-de-la-minga-por-la-reactivacion-economica\/"},"wordCount":413,"commentCount":0,"publisher":{"@id":"https:\/\/pagina10.com\/web\/#organization"},"image":{"@id":"https:\/\/pagina10.com\/web\/habitantes-del-corregimiento-de-cabrera-participaron-de-la-minga-por-la-reactivacion-economica\/#primaryimage"},"thumbnailUrl":"https:\/\/pagina10.com\/web\/wp-content\/uploads\/2021\/07\/FB_IMG_1625579842190.jpg","articleSection":["Ciudad"],"inLanguage":"es","potentialAction":[{"@type":"CommentAction","name":"Comment","target":["https:\/\/pagina10.com\/web\/habitantes-del-corregimiento-de-cabrera-participaron-de-la-minga-por-la-reactivacion-economica\/#respond"]}]},{"@type":"WebPage","@id":"https:\/\/pagina10.com\/web\/habitantes-del-corregimiento-de-cabrera-participaron-de-la-minga-por-la-reactivacion-economica\/","url":"https:\/\/pagina10.com\/web\/habitantes-del-corregimiento-de-cabrera-participaron-de-la-minga-por-la-reactivacion-economica\/","name":"Habitantes del corregimiento de Cabrera participaron de la Minga por la reactivaci\u00f3n econ\u00f3mica | P\u00e1gina10","isPartOf":{"@id":"https:\/\/pagina10.com\/web\/#website"},"primaryImageOfPage":{"@id":"https:\/\/pagina10.com\/web\/habitantes-del-corregimiento-de-cabrera-participaron-de-la-minga-por-la-reactivacion-economica\/#primaryimage"},"image":{"@id":"https:\/\/pagina10.com\/web\/habitantes-del-corregimiento-de-cabrera-participaron-de-la-minga-por-la-reactivacion-economica\/#primaryimage"},"thumbnailUrl":"https:\/\/pagina10.com\/web\/wp-content\/uploads\/2021\/07\/FB_IMG_1625579842190.jpg","datePublished":"2021-07-06T14:17:09+00:00","breadcrumb":{"@id":"https:\/\/pagina10.com\/web\/habitantes-del-corregimiento-de-cabrera-participaron-de-la-minga-por-la-reactivacion-economica\/#breadcrumb"},"inLanguage":"es","potentialAction":[{"@type":"ReadAction","target":["https:\/\/pagina10.com\/web\/habitantes-del-corregimiento-de-cabrera-participaron-de-la-minga-por-la-reactivacion-economica\/"]}]},{"@type":"ImageObject","inLanguage":"es","@id":"https:\/\/pagina10.com\/web\/habitantes-del-corregimiento-de-cabrera-participaron-de-la-minga-por-la-reactivacion-economica\/#primaryimage","url":"https:\/\/pagina10.com\/web\/wp-content\/uploads\/2021\/07\/FB_IMG_1625579842190.jpg","contentUrl":"https:\/\/pagina10.com\/web\/wp-content\/uploads\/2021\/07\/FB_IMG_1625579842190.jpg","width":1080,"height":720},{"@type":"BreadcrumbList","@id":"https:\/\/pagina10.com\/web\/habitantes-del-corregimiento-de-cabrera-participaron-de-la-minga-por-la-reactivacion-economica\/#breadcrumb","itemListElement":[{"@type":"ListItem","position":1,"name":"Portada","item":"https:\/\/pagina10.com\/web\/"},{"@type":"ListItem","position":2,"name":"Habitantes del corregimiento de Cabrera participaron de la Minga por la reactivaci\u00f3n econ\u00f3mica"}]},{"@type":"WebSite","@id":"https:\/\/pagina10.com\/web\/#website","url":"https:\/\/pagina10.com\/web\/","name":"P\u00e1gina10","description":"Peri\u00f3dico Regional","publisher":{"@id":"https:\/\/pagina10.com\/web\/#organization"},"alternateName":"P\u00e1gina10 Peri\u00f3dico Regional","potentialAction":[{"@type":"SearchAction","target":{"@type":"EntryPoint","urlTemplate":"https:\/\/pagina10.com\/web\/?s={search_term_string}"},"query-input":{"@type":"PropertyValueSpecification","valueRequired":true,"valueName":"search_term_string"}}],"inLanguage":"es"},{"@type":"Organization","@id":"https:\/\/pagina10.com\/web\/#organization","name":"P\u00e1gina10","alternateName":"P\u00e1gina10 Peri\u00f3dico Regional","url":"https:\/\/pagina10.com\/web\/","logo":{"@type":"ImageObject","inLanguage":"es","@id":"https:\/\/pagina10.com\/web\/#\/schema\/logo\/image\/","url":"https:\/\/pagina10.com\/web\/wp-content\/uploads\/2024\/01\/40-pagina-10-periodico-regional-pasto.jpg","contentUrl":"https:\/\/pagina10.com\/web\/wp-content\/uploads\/2024\/01\/40-pagina-10-periodico-regional-pasto.jpg","width":1280,"height":720,"caption":"P\u00e1gina10"},"image":{"@id":"https:\/\/pagina10.com\/web\/#\/schema\/logo\/image\/"},"sameAs":["https:\/\/www.facebook.com\/pag10com","https:\/\/x.com\/Pag10com","https:\/\/www.instagram.com\/pagina10col\/","https:\/\/youtube.com\/channel\/pag10","https:\/\/www.tiktok.com\/@p10col"]},{"@type":"Person","@id":"https:\/\/pagina10.com\/web\/#\/schema\/person\/2efc4a090d25b667d3bc796798a3a81b","name":"P\u00e1gina 10","description":"P\u00e1gina 10 es un peri\u00f3dico regional que nace en Colombia, en el departamento de Nari\u00f1o, con un enfoque global, fundamentado en cuatro pilares esenciales: la libertad, el pluralismo, la inclusi\u00f3n y la independencia. P\u00e1gina 10 hace referencia a Nari\u00f1o como el d\u00e9cimo departamento creado en Colombia, despu\u00e9s de un proceso pol\u00edtico liderado por actores y actrices regionales con el fin de obtener la independencia y autonom\u00eda de nuestros territorios. Con la creaci\u00f3n de P\u00e1gina 10 se pretende abrir un escenario para el dialogo, la reflexi\u00f3n y el debate que se extienda a otras geograf\u00edas de Am\u00e9rica Latina y del planeta, en una apuesta por transformar colectivamente los desaf\u00edos de un mundo contempor\u00e1neo, m\u00e1s all\u00e1 de las fronteras impuestas.","url":"https:\/\/pagina10.com\/web\/author\/pdiezadmin\/"}]}},"_links":{"self":[{"href":"https:\/\/pagina10.com\/web\/wp-json\/wp\/v2\/posts\/53808","targetHints":{"allow":["GET"]}}],"collection":[{"href":"https:\/\/pagina10.com\/web\/wp-json\/wp\/v2\/posts"}],"about":[{"href":"https:\/\/pagina10.com\/web\/wp-json\/wp\/v2\/types\/post"}],"author":[{"embeddable":true,"href":"https:\/\/pagina10.com\/web\/wp-json\/wp\/v2\/users\/1"}],"replies":[{"embeddable":true,"href":"https:\/\/pagina10.com\/web\/wp-json\/wp\/v2\/comments?post=53808"}],"version-history":[{"count":1,"href":"https:\/\/pagina10.com\/web\/wp-json\/wp\/v2\/posts\/53808\/revisions"}],"predecessor-version":[{"id":53810,"href":"https:\/\/pagina10.com\/web\/wp-json\/wp\/v2\/posts\/53808\/revisions\/53810"}],"wp:featuredmedia":[{"embeddable":true,"href":"https:\/\/pagina10.com\/web\/wp-json\/wp\/v2\/media\/53809"}],"wp:attachment":[{"href":"https:\/\/pagina10.com\/web\/wp-json\/wp\/v2\/media?parent=53808"}],"wp:term":[{"taxonomy":"category","embeddable":true,"href":"https:\/\/pagina10.com\/web\/wp-json\/wp\/v2\/categories?post=53808"},{"taxonomy":"post_tag","embeddable":true,"href":"https:\/\/pagina10.com\/web\/wp-json\/wp\/v2\/tags?post=53808"}],"curies":[{"name":"wp","href":"https:\/\/api.w.org\/{rel}","templated":true}]}}