{"id":53816,"date":"2021-07-06T17:36:21","date_gmt":"2021-07-06T22:36:21","guid":{"rendered":"https:\/\/pagina10.com\/web\/?p=53816"},"modified":"2021-07-06T17:36:21","modified_gmt":"2021-07-06T22:36:21","slug":"reubicacion-de-usuarios-de-la-eps-comfamiliar-de-narino-comenzara-a-partir-de-manana-7-de-julio","status":"publish","type":"post","link":"https:\/\/pagina10.com\/web\/reubicacion-de-usuarios-de-la-eps-comfamiliar-de-narino-comenzara-a-partir-de-manana-7-de-julio\/","title":{"rendered":"Reubicaci\u00f3n de usuarios de la EPS Comfamiliar de Nari\u00f1o comenzar\u00e1 a partir de ma\u00f1ana 7 de julio"},"content":{"rendered":"<p style=\"text-align: justify;\"><span style=\"font-weight: 400;\">En la ma\u00f1ana de este martes, en medio de una rueda de prensa, el director de la Caja de Compensaci\u00f3n Familiar de Nari\u00f1o Luis Carlos Coral, inform\u00f3 sobre el retiro voluntario de la EPS Comfamiliar de Nari\u00f1o y dio a conocer los detalles de como ser\u00e1 llevado a cabo el proceso de reubicaci\u00f3n de los usuarios el cual comenzar\u00e1 a partir del d\u00eda 7 de julio.<\/span><\/p>\n<p style=\"text-align: justify;\"><span style=\"font-weight: 400;\">El pasado jueves se conoci\u00f3 a trav\u00e9s de la resoluci\u00f3n 6791 del 29 de junio de 2020, la aprobaci\u00f3n del retiro voluntario del programa de salud de la Caja de Compensaci\u00f3n Familiar de Nari\u00f1o, que fue emitida por la Superintendencia Nacional de Salud.\u00a0<\/span><\/p>\n<p style=\"text-align: justify;\"><span style=\"font-weight: 400;\">Ante esto, el director de Comfamiliar de Nari\u00f1o Luis Carlos Coral expuso que el proceso de reasignaci\u00f3n de los aproximadamente 165.000 usuarios comenzar\u00e1 el mi\u00e9rcoles 7 de julio, las EPS que ser\u00e1n receptoras son Sanitas, Nueva EPS, Famisanar y Mallam\u00e1s, \u201cesta \u00faltima por la voluntad expresada por los usuarios que son catalogados como ind\u00edgenas al trasladarse a esta EPS Mallam\u00e1s\u201d Expuso el director Luis Carlos Coral.\u00a0\u00a0<\/span><\/p>\n<p style=\"text-align: justify;\"><span style=\"font-weight: 400;\">El traslado de los usuarios a las mencionadas empresas es realizado cinco d\u00edas despu\u00e9s de su asignaci\u00f3n, el encargado para la asignaci\u00f3n de usuarios es el Ministerio de Salud y Protecci\u00f3n Social.\u00a0<\/span><\/p>\n<p style=\"text-align: justify;\"><span style=\"font-weight: 400;\">De acuerdo con el director de la entidad hasta el d\u00eda 12 de julio la EPS Comfamiliar de Nari\u00f1o garantizar\u00e1 el derecho fundamental a la salud y a la vida de todos sus usuarios, \u201ca partir del trece de julio, los usuarios estar\u00e1n en otra EPS\u201d, asever\u00f3 Luis Carlos Coral.\u00a0<\/span><\/p>\n<p style=\"text-align: justify;\"><span style=\"font-weight: 400;\">Cabe resaltar que los usuarios podr\u00e1n hacer el cambio de EPS, 90 d\u00edas despu\u00e9s de haber realizado el proceso de asignaci\u00f3n si lo requieren; se puede hacer el cambio con anterioridad en estos casos, \u201ccuando el cotizante -es de r\u00e9gimen contributivo- o el n\u00facleo familiar haya sido separado\u201d.\u00a0<\/span><\/p>\n<p style=\"text-align: justify;\"><span style=\"font-weight: 400;\">En este orden, la recepci\u00f3n de usuarios en las bases de datos tendr\u00e1 en cuenta a grupos familiares con pacientes sin patolog\u00edas de altos costos y sin familiares gestantes, la otra tendr\u00e1 en cuenta a pacientes con procedimientos de alto costo, mujeres restantes y pendientes de procedimientos quir\u00fargicos.<\/span><\/p>\n<p style=\"text-align: justify;\"><strong>Frente a la situaci\u00f3n financiera<\/strong><\/p>\n<p style=\"text-align: justify;\"><span style=\"font-weight: 400;\">Teniendo en cuenta la situaci\u00f3n financiera, el director de la entidad dio a conocer que se present\u00f3 un cronograma al esquema de solidaridad con el prop\u00f3sito de cumplir obligaciones y acreedores correspondientes.\u00a0<\/span><\/p>\n<p style=\"text-align: justify;\"><span style=\"font-weight: 400;\">Se conoci\u00f3 que el directivo se reunir\u00e1 con el Ministro de Salud y Protecci\u00f3n Social Fernando Ruiz G\u00f3mez para dialogar sobre el pago de deudas y obligaciones.\u00a0<\/span><\/p>\n<p style=\"text-align: justify;\">\n","protected":false},"excerpt":{"rendered":"<p>En la ma\u00f1ana de este martes, en medio de una rueda de prensa, el director de la Caja de Compensaci\u00f3n Familiar de Nari\u00f1o Luis Carlos Coral, inform\u00f3 sobre el retiro voluntario de la EPS Comfamiliar de Nari\u00f1o y dio a conocer los detalles de como ser\u00e1 llevado a cabo el proceso de reubicaci\u00f3n de los [&hellip;]<\/p>\n","protected":false},"author":1,"featured_media":53817,"comment_status":"open","ping_status":"open","sticky":false,"template":"","format":"standard","meta":{"footnotes":""},"categories":[53],"tags":[],"class_list":["post-53816","post","type-post","status-publish","format-standard","has-post-thumbnail","hentry","category-regiones"],"yoast_head":"<!-- This site is optimized with the Yoast SEO plugin v27.1.1 - https:\/\/yoast.com\/product\/yoast-seo-wordpress\/ -->\n<title>Reubicaci\u00f3n de usuarios de la EPS Comfamiliar de Nari\u00f1o comenzar\u00e1 a partir de ma\u00f1ana 7 de julio | P\u00e1gina10<\/title>\n<meta name=\"robots\" content=\"index, follow, max-snippet:-1, max-image-preview:large, max-video-preview:-1\" \/>\n<link rel=\"canonical\" href=\"https:\/\/pagina10.com\/web\/reubicacion-de-usuarios-de-la-eps-comfamiliar-de-narino-comenzara-a-partir-de-manana-7-de-julio\/\" \/>\n<meta property=\"og:locale\" content=\"es_ES\" \/>\n<meta property=\"og:type\" content=\"article\" \/>\n<meta property=\"og:title\" content=\"Reubicaci\u00f3n de usuarios de la EPS Comfamiliar de Nari\u00f1o comenzar\u00e1 a partir de ma\u00f1ana 7 de julio | P\u00e1gina10\" \/>\n<meta property=\"og:description\" content=\"En la ma\u00f1ana de este martes, en medio de una rueda de prensa, el director de la Caja de Compensaci\u00f3n Familiar de Nari\u00f1o Luis Carlos Coral, inform\u00f3 sobre el retiro voluntario de la EPS Comfamiliar de Nari\u00f1o y dio a conocer los detalles de como ser\u00e1 llevado a cabo el proceso de reubicaci\u00f3n de los [&hellip;]\" \/>\n<meta property=\"og:url\" content=\"https:\/\/pagina10.com\/web\/reubicacion-de-usuarios-de-la-eps-comfamiliar-de-narino-comenzara-a-partir-de-manana-7-de-julio\/\" \/>\n<meta property=\"og:site_name\" content=\"P\u00e1gina10\" \/>\n<meta property=\"article:publisher\" content=\"https:\/\/www.facebook.com\/pag10com\" \/>\n<meta property=\"article:published_time\" content=\"2021-07-06T22:36:21+00:00\" \/>\n<meta property=\"og:image\" content=\"https:\/\/pagina10.com\/web\/wp-content\/uploads\/2021\/07\/IMG-20210706-WA0004.jpg\" \/>\n\t<meta property=\"og:image:width\" content=\"1152\" \/>\n\t<meta property=\"og:image:height\" content=\"648\" \/>\n\t<meta property=\"og:image:type\" content=\"image\/jpeg\" \/>\n<meta name=\"author\" content=\"P\u00e1gina 10\" \/>\n<meta name=\"twitter:card\" content=\"summary_large_image\" \/>\n<meta name=\"twitter:creator\" content=\"@Pag10com\" \/>\n<meta name=\"twitter:site\" content=\"@Pag10com\" \/>\n<meta name=\"twitter:label1\" content=\"Escrito por\" \/>\n\t<meta name=\"twitter:data1\" content=\"P\u00e1gina 10\" \/>\n\t<meta name=\"twitter:label2\" content=\"Tiempo de lectura\" \/>\n\t<meta name=\"twitter:data2\" content=\"2 minutos\" \/>\n<script type=\"application\/ld+json\" class=\"yoast-schema-graph\">{\"@context\":\"https:\/\/schema.org\",\"@graph\":[{\"@type\":\"Article\",\"@id\":\"https:\/\/pagina10.com\/web\/reubicacion-de-usuarios-de-la-eps-comfamiliar-de-narino-comenzara-a-partir-de-manana-7-de-julio\/#article\",\"isPartOf\":{\"@id\":\"https:\/\/pagina10.com\/web\/reubicacion-de-usuarios-de-la-eps-comfamiliar-de-narino-comenzara-a-partir-de-manana-7-de-julio\/\"},\"author\":{\"name\":\"P\u00e1gina 10\",\"@id\":\"https:\/\/pagina10.com\/web\/#\/schema\/person\/2efc4a090d25b667d3bc796798a3a81b\"},\"headline\":\"Reubicaci\u00f3n de usuarios de la EPS Comfamiliar de Nari\u00f1o comenzar\u00e1 a partir de ma\u00f1ana 7 de julio\",\"datePublished\":\"2021-07-06T22:36:21+00:00\",\"mainEntityOfPage\":{\"@id\":\"https:\/\/pagina10.com\/web\/reubicacion-de-usuarios-de-la-eps-comfamiliar-de-narino-comenzara-a-partir-de-manana-7-de-julio\/\"},\"wordCount\":468,\"commentCount\":0,\"publisher\":{\"@id\":\"https:\/\/pagina10.com\/web\/#organization\"},\"image\":{\"@id\":\"https:\/\/pagina10.com\/web\/reubicacion-de-usuarios-de-la-eps-comfamiliar-de-narino-comenzara-a-partir-de-manana-7-de-julio\/#primaryimage\"},\"thumbnailUrl\":\"https:\/\/pagina10.com\/web\/wp-content\/uploads\/2021\/07\/IMG-20210706-WA0004.jpg\",\"articleSection\":[\"Regiones\"],\"inLanguage\":\"es\",\"potentialAction\":[{\"@type\":\"CommentAction\",\"name\":\"Comment\",\"target\":[\"https:\/\/pagina10.com\/web\/reubicacion-de-usuarios-de-la-eps-comfamiliar-de-narino-comenzara-a-partir-de-manana-7-de-julio\/#respond\"]}]},{\"@type\":\"WebPage\",\"@id\":\"https:\/\/pagina10.com\/web\/reubicacion-de-usuarios-de-la-eps-comfamiliar-de-narino-comenzara-a-partir-de-manana-7-de-julio\/\",\"url\":\"https:\/\/pagina10.com\/web\/reubicacion-de-usuarios-de-la-eps-comfamiliar-de-narino-comenzara-a-partir-de-manana-7-de-julio\/\",\"name\":\"Reubicaci\u00f3n de usuarios de la EPS Comfamiliar de Nari\u00f1o comenzar\u00e1 a partir de ma\u00f1ana 7 de julio | P\u00e1gina10\",\"isPartOf\":{\"@id\":\"https:\/\/pagina10.com\/web\/#website\"},\"primaryImageOfPage\":{\"@id\":\"https:\/\/pagina10.com\/web\/reubicacion-de-usuarios-de-la-eps-comfamiliar-de-narino-comenzara-a-partir-de-manana-7-de-julio\/#primaryimage\"},\"image\":{\"@id\":\"https:\/\/pagina10.com\/web\/reubicacion-de-usuarios-de-la-eps-comfamiliar-de-narino-comenzara-a-partir-de-manana-7-de-julio\/#primaryimage\"},\"thumbnailUrl\":\"https:\/\/pagina10.com\/web\/wp-content\/uploads\/2021\/07\/IMG-20210706-WA0004.jpg\",\"datePublished\":\"2021-07-06T22:36:21+00:00\",\"breadcrumb\":{\"@id\":\"https:\/\/pagina10.com\/web\/reubicacion-de-usuarios-de-la-eps-comfamiliar-de-narino-comenzara-a-partir-de-manana-7-de-julio\/#breadcrumb\"},\"inLanguage\":\"es\",\"potentialAction\":[{\"@type\":\"ReadAction\",\"target\":[\"https:\/\/pagina10.com\/web\/reubicacion-de-usuarios-de-la-eps-comfamiliar-de-narino-comenzara-a-partir-de-manana-7-de-julio\/\"]}]},{\"@type\":\"ImageObject\",\"inLanguage\":\"es\",\"@id\":\"https:\/\/pagina10.com\/web\/reubicacion-de-usuarios-de-la-eps-comfamiliar-de-narino-comenzara-a-partir-de-manana-7-de-julio\/#primaryimage\",\"url\":\"https:\/\/pagina10.com\/web\/wp-content\/uploads\/2021\/07\/IMG-20210706-WA0004.jpg\",\"contentUrl\":\"https:\/\/pagina10.com\/web\/wp-content\/uploads\/2021\/07\/IMG-20210706-WA0004.jpg\",\"width\":1152,\"height\":648},{\"@type\":\"BreadcrumbList\",\"@id\":\"https:\/\/pagina10.com\/web\/reubicacion-de-usuarios-de-la-eps-comfamiliar-de-narino-comenzara-a-partir-de-manana-7-de-julio\/#breadcrumb\",\"itemListElement\":[{\"@type\":\"ListItem\",\"position\":1,\"name\":\"Portada\",\"item\":\"https:\/\/pagina10.com\/web\/\"},{\"@type\":\"ListItem\",\"position\":2,\"name\":\"Reubicaci\u00f3n de usuarios de la EPS Comfamiliar de Nari\u00f1o comenzar\u00e1 a partir de ma\u00f1ana 7 de julio\"}]},{\"@type\":\"WebSite\",\"@id\":\"https:\/\/pagina10.com\/web\/#website\",\"url\":\"https:\/\/pagina10.com\/web\/\",\"name\":\"P\u00e1gina10\",\"description\":\"Peri\u00f3dico Regional\",\"publisher\":{\"@id\":\"https:\/\/pagina10.com\/web\/#organization\"},\"alternateName\":\"P\u00e1gina10 Peri\u00f3dico Regional\",\"potentialAction\":[{\"@type\":\"SearchAction\",\"target\":{\"@type\":\"EntryPoint\",\"urlTemplate\":\"https:\/\/pagina10.com\/web\/?s={search_term_string}\"},\"query-input\":{\"@type\":\"PropertyValueSpecification\",\"valueRequired\":true,\"valueName\":\"search_term_string\"}}],\"inLanguage\":\"es\"},{\"@type\":\"Organization\",\"@id\":\"https:\/\/pagina10.com\/web\/#organization\",\"name\":\"P\u00e1gina10\",\"alternateName\":\"P\u00e1gina10 Peri\u00f3dico Regional\",\"url\":\"https:\/\/pagina10.com\/web\/\",\"logo\":{\"@type\":\"ImageObject\",\"inLanguage\":\"es\",\"@id\":\"https:\/\/pagina10.com\/web\/#\/schema\/logo\/image\/\",\"url\":\"https:\/\/pagina10.com\/web\/wp-content\/uploads\/2024\/01\/40-pagina-10-periodico-regional-pasto.jpg\",\"contentUrl\":\"https:\/\/pagina10.com\/web\/wp-content\/uploads\/2024\/01\/40-pagina-10-periodico-regional-pasto.jpg\",\"width\":1280,\"height\":720,\"caption\":\"P\u00e1gina10\"},\"image\":{\"@id\":\"https:\/\/pagina10.com\/web\/#\/schema\/logo\/image\/\"},\"sameAs\":[\"https:\/\/www.facebook.com\/pag10com\",\"https:\/\/x.com\/Pag10com\",\"https:\/\/www.instagram.com\/pagina10col\/\",\"https:\/\/youtube.com\/channel\/pag10\",\"https:\/\/www.tiktok.com\/@p10col\"]},{\"@type\":\"Person\",\"@id\":\"https:\/\/pagina10.com\/web\/#\/schema\/person\/2efc4a090d25b667d3bc796798a3a81b\",\"name\":\"P\u00e1gina 10\",\"description\":\"P\u00e1gina 10 es un peri\u00f3dico regional que nace en Colombia, en el departamento de Nari\u00f1o, con un enfoque global, fundamentado en cuatro pilares esenciales: la libertad, el pluralismo, la inclusi\u00f3n y la independencia. P\u00e1gina 10 hace referencia a Nari\u00f1o como el d\u00e9cimo departamento creado en Colombia, despu\u00e9s de un proceso pol\u00edtico liderado por actores y actrices regionales con el fin de obtener la independencia y autonom\u00eda de nuestros territorios. Con la creaci\u00f3n de P\u00e1gina 10 se pretende abrir un escenario para el dialogo, la reflexi\u00f3n y el debate que se extienda a otras geograf\u00edas de Am\u00e9rica Latina y del planeta, en una apuesta por transformar colectivamente los desaf\u00edos de un mundo contempor\u00e1neo, m\u00e1s all\u00e1 de las fronteras impuestas.\",\"url\":\"https:\/\/pagina10.com\/web\/author\/pdiezadmin\/\"}]}<\/script>\n<!-- \/ Yoast SEO plugin. -->","yoast_head_json":{"title":"Reubicaci\u00f3n de usuarios de la EPS Comfamiliar de Nari\u00f1o comenzar\u00e1 a partir de ma\u00f1ana 7 de julio | P\u00e1gina10","robots":{"index":"index","follow":"follow","max-snippet":"max-snippet:-1","max-image-preview":"max-image-preview:large","max-video-preview":"max-video-preview:-1"},"canonical":"https:\/\/pagina10.com\/web\/reubicacion-de-usuarios-de-la-eps-comfamiliar-de-narino-comenzara-a-partir-de-manana-7-de-julio\/","og_locale":"es_ES","og_type":"article","og_title":"Reubicaci\u00f3n de usuarios de la EPS Comfamiliar de Nari\u00f1o comenzar\u00e1 a partir de ma\u00f1ana 7 de julio | P\u00e1gina10","og_description":"En la ma\u00f1ana de este martes, en medio de una rueda de prensa, el director de la Caja de Compensaci\u00f3n Familiar de Nari\u00f1o Luis Carlos Coral, inform\u00f3 sobre el retiro voluntario de la EPS Comfamiliar de Nari\u00f1o y dio a conocer los detalles de como ser\u00e1 llevado a cabo el proceso de reubicaci\u00f3n de los [&hellip;]","og_url":"https:\/\/pagina10.com\/web\/reubicacion-de-usuarios-de-la-eps-comfamiliar-de-narino-comenzara-a-partir-de-manana-7-de-julio\/","og_site_name":"P\u00e1gina10","article_publisher":"https:\/\/www.facebook.com\/pag10com","article_published_time":"2021-07-06T22:36:21+00:00","og_image":[{"width":1152,"height":648,"url":"https:\/\/pagina10.com\/web\/wp-content\/uploads\/2021\/07\/IMG-20210706-WA0004.jpg","type":"image\/jpeg"}],"author":"P\u00e1gina 10","twitter_card":"summary_large_image","twitter_creator":"@Pag10com","twitter_site":"@Pag10com","twitter_misc":{"Escrito por":"P\u00e1gina 10","Tiempo de lectura":"2 minutos"},"schema":{"@context":"https:\/\/schema.org","@graph":[{"@type":"Article","@id":"https:\/\/pagina10.com\/web\/reubicacion-de-usuarios-de-la-eps-comfamiliar-de-narino-comenzara-a-partir-de-manana-7-de-julio\/#article","isPartOf":{"@id":"https:\/\/pagina10.com\/web\/reubicacion-de-usuarios-de-la-eps-comfamiliar-de-narino-comenzara-a-partir-de-manana-7-de-julio\/"},"author":{"name":"P\u00e1gina 10","@id":"https:\/\/pagina10.com\/web\/#\/schema\/person\/2efc4a090d25b667d3bc796798a3a81b"},"headline":"Reubicaci\u00f3n de usuarios de la EPS Comfamiliar de Nari\u00f1o comenzar\u00e1 a partir de ma\u00f1ana 7 de julio","datePublished":"2021-07-06T22:36:21+00:00","mainEntityOfPage":{"@id":"https:\/\/pagina10.com\/web\/reubicacion-de-usuarios-de-la-eps-comfamiliar-de-narino-comenzara-a-partir-de-manana-7-de-julio\/"},"wordCount":468,"commentCount":0,"publisher":{"@id":"https:\/\/pagina10.com\/web\/#organization"},"image":{"@id":"https:\/\/pagina10.com\/web\/reubicacion-de-usuarios-de-la-eps-comfamiliar-de-narino-comenzara-a-partir-de-manana-7-de-julio\/#primaryimage"},"thumbnailUrl":"https:\/\/pagina10.com\/web\/wp-content\/uploads\/2021\/07\/IMG-20210706-WA0004.jpg","articleSection":["Regiones"],"inLanguage":"es","potentialAction":[{"@type":"CommentAction","name":"Comment","target":["https:\/\/pagina10.com\/web\/reubicacion-de-usuarios-de-la-eps-comfamiliar-de-narino-comenzara-a-partir-de-manana-7-de-julio\/#respond"]}]},{"@type":"WebPage","@id":"https:\/\/pagina10.com\/web\/reubicacion-de-usuarios-de-la-eps-comfamiliar-de-narino-comenzara-a-partir-de-manana-7-de-julio\/","url":"https:\/\/pagina10.com\/web\/reubicacion-de-usuarios-de-la-eps-comfamiliar-de-narino-comenzara-a-partir-de-manana-7-de-julio\/","name":"Reubicaci\u00f3n de usuarios de la EPS Comfamiliar de Nari\u00f1o comenzar\u00e1 a partir de ma\u00f1ana 7 de julio | P\u00e1gina10","isPartOf":{"@id":"https:\/\/pagina10.com\/web\/#website"},"primaryImageOfPage":{"@id":"https:\/\/pagina10.com\/web\/reubicacion-de-usuarios-de-la-eps-comfamiliar-de-narino-comenzara-a-partir-de-manana-7-de-julio\/#primaryimage"},"image":{"@id":"https:\/\/pagina10.com\/web\/reubicacion-de-usuarios-de-la-eps-comfamiliar-de-narino-comenzara-a-partir-de-manana-7-de-julio\/#primaryimage"},"thumbnailUrl":"https:\/\/pagina10.com\/web\/wp-content\/uploads\/2021\/07\/IMG-20210706-WA0004.jpg","datePublished":"2021-07-06T22:36:21+00:00","breadcrumb":{"@id":"https:\/\/pagina10.com\/web\/reubicacion-de-usuarios-de-la-eps-comfamiliar-de-narino-comenzara-a-partir-de-manana-7-de-julio\/#breadcrumb"},"inLanguage":"es","potentialAction":[{"@type":"ReadAction","target":["https:\/\/pagina10.com\/web\/reubicacion-de-usuarios-de-la-eps-comfamiliar-de-narino-comenzara-a-partir-de-manana-7-de-julio\/"]}]},{"@type":"ImageObject","inLanguage":"es","@id":"https:\/\/pagina10.com\/web\/reubicacion-de-usuarios-de-la-eps-comfamiliar-de-narino-comenzara-a-partir-de-manana-7-de-julio\/#primaryimage","url":"https:\/\/pagina10.com\/web\/wp-content\/uploads\/2021\/07\/IMG-20210706-WA0004.jpg","contentUrl":"https:\/\/pagina10.com\/web\/wp-content\/uploads\/2021\/07\/IMG-20210706-WA0004.jpg","width":1152,"height":648},{"@type":"BreadcrumbList","@id":"https:\/\/pagina10.com\/web\/reubicacion-de-usuarios-de-la-eps-comfamiliar-de-narino-comenzara-a-partir-de-manana-7-de-julio\/#breadcrumb","itemListElement":[{"@type":"ListItem","position":1,"name":"Portada","item":"https:\/\/pagina10.com\/web\/"},{"@type":"ListItem","position":2,"name":"Reubicaci\u00f3n de usuarios de la EPS Comfamiliar de Nari\u00f1o comenzar\u00e1 a partir de ma\u00f1ana 7 de julio"}]},{"@type":"WebSite","@id":"https:\/\/pagina10.com\/web\/#website","url":"https:\/\/pagina10.com\/web\/","name":"P\u00e1gina10","description":"Peri\u00f3dico Regional","publisher":{"@id":"https:\/\/pagina10.com\/web\/#organization"},"alternateName":"P\u00e1gina10 Peri\u00f3dico Regional","potentialAction":[{"@type":"SearchAction","target":{"@type":"EntryPoint","urlTemplate":"https:\/\/pagina10.com\/web\/?s={search_term_string}"},"query-input":{"@type":"PropertyValueSpecification","valueRequired":true,"valueName":"search_term_string"}}],"inLanguage":"es"},{"@type":"Organization","@id":"https:\/\/pagina10.com\/web\/#organization","name":"P\u00e1gina10","alternateName":"P\u00e1gina10 Peri\u00f3dico Regional","url":"https:\/\/pagina10.com\/web\/","logo":{"@type":"ImageObject","inLanguage":"es","@id":"https:\/\/pagina10.com\/web\/#\/schema\/logo\/image\/","url":"https:\/\/pagina10.com\/web\/wp-content\/uploads\/2024\/01\/40-pagina-10-periodico-regional-pasto.jpg","contentUrl":"https:\/\/pagina10.com\/web\/wp-content\/uploads\/2024\/01\/40-pagina-10-periodico-regional-pasto.jpg","width":1280,"height":720,"caption":"P\u00e1gina10"},"image":{"@id":"https:\/\/pagina10.com\/web\/#\/schema\/logo\/image\/"},"sameAs":["https:\/\/www.facebook.com\/pag10com","https:\/\/x.com\/Pag10com","https:\/\/www.instagram.com\/pagina10col\/","https:\/\/youtube.com\/channel\/pag10","https:\/\/www.tiktok.com\/@p10col"]},{"@type":"Person","@id":"https:\/\/pagina10.com\/web\/#\/schema\/person\/2efc4a090d25b667d3bc796798a3a81b","name":"P\u00e1gina 10","description":"P\u00e1gina 10 es un peri\u00f3dico regional que nace en Colombia, en el departamento de Nari\u00f1o, con un enfoque global, fundamentado en cuatro pilares esenciales: la libertad, el pluralismo, la inclusi\u00f3n y la independencia. P\u00e1gina 10 hace referencia a Nari\u00f1o como el d\u00e9cimo departamento creado en Colombia, despu\u00e9s de un proceso pol\u00edtico liderado por actores y actrices regionales con el fin de obtener la independencia y autonom\u00eda de nuestros territorios. Con la creaci\u00f3n de P\u00e1gina 10 se pretende abrir un escenario para el dialogo, la reflexi\u00f3n y el debate que se extienda a otras geograf\u00edas de Am\u00e9rica Latina y del planeta, en una apuesta por transformar colectivamente los desaf\u00edos de un mundo contempor\u00e1neo, m\u00e1s all\u00e1 de las fronteras impuestas.","url":"https:\/\/pagina10.com\/web\/author\/pdiezadmin\/"}]}},"_links":{"self":[{"href":"https:\/\/pagina10.com\/web\/wp-json\/wp\/v2\/posts\/53816","targetHints":{"allow":["GET"]}}],"collection":[{"href":"https:\/\/pagina10.com\/web\/wp-json\/wp\/v2\/posts"}],"about":[{"href":"https:\/\/pagina10.com\/web\/wp-json\/wp\/v2\/types\/post"}],"author":[{"embeddable":true,"href":"https:\/\/pagina10.com\/web\/wp-json\/wp\/v2\/users\/1"}],"replies":[{"embeddable":true,"href":"https:\/\/pagina10.com\/web\/wp-json\/wp\/v2\/comments?post=53816"}],"version-history":[{"count":1,"href":"https:\/\/pagina10.com\/web\/wp-json\/wp\/v2\/posts\/53816\/revisions"}],"predecessor-version":[{"id":53818,"href":"https:\/\/pagina10.com\/web\/wp-json\/wp\/v2\/posts\/53816\/revisions\/53818"}],"wp:featuredmedia":[{"embeddable":true,"href":"https:\/\/pagina10.com\/web\/wp-json\/wp\/v2\/media\/53817"}],"wp:attachment":[{"href":"https:\/\/pagina10.com\/web\/wp-json\/wp\/v2\/media?parent=53816"}],"wp:term":[{"taxonomy":"category","embeddable":true,"href":"https:\/\/pagina10.com\/web\/wp-json\/wp\/v2\/categories?post=53816"},{"taxonomy":"post_tag","embeddable":true,"href":"https:\/\/pagina10.com\/web\/wp-json\/wp\/v2\/tags?post=53816"}],"curies":[{"name":"wp","href":"https:\/\/api.w.org\/{rel}","templated":true}]}}