{"id":53840,"date":"2021-07-07T16:59:22","date_gmt":"2021-07-07T21:59:22","guid":{"rendered":"https:\/\/pagina10.com\/web\/?p=53840"},"modified":"2021-07-07T16:59:22","modified_gmt":"2021-07-07T21:59:22","slug":"duro-informe-de-la-cidh-sobre-el-manejo-de-protestas-en-colombia","status":"publish","type":"post","link":"https:\/\/pagina10.com\/web\/duro-informe-de-la-cidh-sobre-el-manejo-de-protestas-en-colombia\/","title":{"rendered":"Duro informe de la CIDH sobre el manejo de protestas en Colombia"},"content":{"rendered":"<p style=\"text-align: justify;\"><span style=\"font-weight: 400;\">La Comisi\u00f3n Interamericana de Derechos Humanos este mi\u00e9rcoles hizo entrega del balance de su visita de trabajo en Colombia del pasado mes de junio,\u00a0 para verificar la situaci\u00f3n de DDHH en el marco de las protestas sociales que dieron inicio el pasado 28 de abril del a\u00f1o en curso.\u00a0<\/span><\/p>\n<p style=\"text-align: justify;\"><span style=\"font-weight: 400;\">En la visita, la Delegaci\u00f3n de la CIDH se traslad\u00f3 a distintas ciudades del pa\u00eds, para recolectar testimonios y dialogar con distintas organizaciones sociales, juventudes, ciudadanos, mandatarios y organizaciones no gubernamentales para verificar y atender testimonios de las posibles violaciones a los derechos humanos.<\/span><\/p>\n<p style=\"text-align: justify;\"><span style=\"font-weight: 400;\">Ante ello, un mes despu\u00e9s de su visita, donde la Comisi\u00f3n recibi\u00f3 un total de 2.908 solicitudes para narrar sus testimonios, 302 lograron entregar sus versiones de forma individual y colectiva, en total 500 personas lograron ser escuchadas. La metodolog\u00eda utilizada para la toma de testimonios prioriza el di\u00e1logo, la privacidad, seguridad y confianza para las personas entrevistadas.\u00a0<\/span><\/p>\n<p style=\"text-align: justify;\"><span style=\"font-weight: 400;\">De acuerdo con el informe de la CIDH que fue entregado por la comisionada y presidente de ese organismo Antonia Urrejola, se constata que durante las protestas sociales se han presentado m\u00faltiples violaciones a los derechos humanos relacionados con el uso desmedido de la fuerza, la violencia de g\u00e9nero, violencia basada en discriminaci\u00f3n \u00e9tnica, violencia contra periodistas y misiones m\u00e9dicas, irregularidades en los traslados por protecci\u00f3n, denuncias de desaparici\u00f3n, uso de la asistencia militar de forma inadecuada, aplicaci\u00f3n de las facultades disciplinarias en contra de personas electas para cargos p\u00fablicos y el uso del uso de la jurisdicci\u00f3n penal militar.<\/span><\/p>\n<p style=\"text-align: justify;\"><span style=\"font-weight: 400;\">Las CIDH destac\u00f3 en primera instancia la violaci\u00f3n al derecho a la vida y la integridad personal, &#8220;la comisi\u00f3n constat\u00f3 que de manera reiterada en diversas regiones del pa\u00eds la respuesta del estado se caracteriz\u00f3 por el uso excesivo de la fuerza y en muchos casos la actuaci\u00f3n incluye la fuerza letal&#8221;, inform\u00f3 la comisionada presidenta.<\/span><\/p>\n<p style=\"text-align: justify;\"><span style=\"font-weight: 400;\">En este orden, la CIDH dio a conocer que recibi\u00f3 grave denuncia sobre el empleo indiscriminado por armas de fuego de personas que no participaban dentro de las protestas.\u00a0<\/span><\/p>\n<p style=\"text-align: justify;\"><span style=\"font-weight: 400;\">Tambi\u00e9n, hizo referencia a las v\u00edctimas mortales en el marco de las movilizaciones, &#8220;la Comisi\u00f3n condena el alto n\u00famero de p\u00e9rdidas de vidas humanas en el contexto de las protestas sin perjuicio, reportadas por el estado y la sociedad civil, sobre esto en tanto que el sistema de derechos humanos reporta 54 personas fallecidas hasta el 24 de junio, la sociedad civil da cuenta de 84.\u00a0 La CIDH condena toda muerte de una persona manifestante como resultado del uso de la fuerza por agentes estatales del Estado&#8221;, afirm\u00f3 Antonia Urrejola.<\/span><\/p>\n<p style=\"text-align: justify;\"><span style=\"font-weight: 400;\">La comisi\u00f3n hizo un llamado de atenci\u00f3n sobre las altas cifras estatales reportadas en relaci\u00f3n a v\u00edctimas fatales y\u00a0 desaparecidas, donde denuncia que no hay un buen seguimiento de investigaci\u00f3n\u00a0<\/span><\/p>\n<p style=\"text-align: justify;\"><span style=\"font-weight: 400;\">Se refiri\u00f3 tambi\u00e9n, al uso desmedido de la fuerza donde denunci\u00f3 que a trav\u00e9s de sus mecanismos de monitoreo pudo verificar que, &#8220;el uso de artefactos no letales han producido lesiones graves, mutilaciones, as\u00ed como la muerte de al menos una persona. La Comisi\u00f3n recuerda que, bajo ciertas circunstancias, la letalidad de un arma depende de su uso y control. En ese sentido, reafirma al Estado su deber de garantizar la aplicaci\u00f3n pr\u00e1ctica y efectiva de los protocolos de uso de la fuerza\u201d.<\/span><\/p>\n<p style=\"text-align: justify;\"><span style=\"font-weight: 400;\">Es as\u00ed como hizo un llamado para que el estado colombiano implemente &#8220;mecanismos que prohiban el uso desmedido de la fuerza como un recurso de control p\u00fablico&#8221;.<\/span><\/p>\n<p style=\"text-align: justify;\"><span style=\"font-weight: 400;\">Tambi\u00e9n la CIDH habl\u00f3 sobre los bloqueos en la v\u00eda donde mencion\u00f3 que la Comisi\u00f3n pudo observar que las consecuencias de algunos de ellos derivaron &#8220;en un profundo malestar y agotamiento en algunos representantes del Estado, cuerpos policiales y parte de la sociedad&#8221;.\u00a0 Se reconoci\u00f3 que ese malestar se origin\u00f3 en &#8220;serias afectaciones particulares y colectivas&#8221;, en este sentido conden\u00f3 que algunos bloqueos comprometieron gravemente derechos como la vida, la provisi\u00f3n de alimentos, la potabilizaci\u00f3n de agua, la salud.\u00a0<\/span><\/p>\n<p style=\"text-align: justify;\"><span style=\"font-weight: 400;\">En el reporte, la Comisi\u00f3n mencion\u00f3 que hubo denuncias del Estado y de organizaciones de la sociedad civil sobre la infiltraci\u00f3n en las protestas de grupos o sujetos que han efectuado actos violentos y\/o vand\u00e1licos.<\/span><\/p>\n<p style=\"text-align: justify;\"><span style=\"font-weight: 400;\">En este sentido, tras su visita dej\u00f3 por sentado 40 recomendaciones, de las cuales se destaca: Promover y reforzar un proceso de di\u00e1logo genuino que permita la escucha de todos los sectores; respetar y garantizar el derecho a la protestas; adoptar las medidas necesarias para asegurar la rendici\u00f3n de cuentas de las fuerzas de seguridad del Estado por medio de la investigaci\u00f3n imparcial; reparar a las v\u00edctimas y sus familiares; <\/span><span style=\"text-transform: initial;\">adoptar las medidas necesarias para el acceso a la justicia.\u00a0<\/span><\/p>\n<p style=\"text-align: justify;\"><span style=\"font-weight: 400;\">Otra recomendaci\u00f3n que incluy\u00f3 la CIDH fue separar a la Polic\u00eda Nacional y su Esmad del Ministerio de Defensa; entre otras recomendaciones.<\/span><\/p>\n<p style=\"text-align: justify;\"><span style=\"font-weight: 400;\">&#8220;La Comisi\u00f3n insta al Estado a reforzar, desde su m\u00e1s alto nivel, un proceso de di\u00e1logo que permita incrementar la confianza en las instituciones estatales. La Comisi\u00f3n continuar\u00e1 monitoreando el desarrollo de las protestas, as\u00ed como el seguimiento de las recomendaciones&#8221;, concluy\u00f3 Urrejola.<\/span><\/p>\n<p style=\"text-align: justify;\"><span style=\"font-weight: 400;\">En el informe entregado por la CIDH, se constata que ciudades de Bogot\u00e1, Cali, Yumbo, Neiva, Medell\u00edn, Pasto, Popay\u00e1n y otros municipios de Risaralda y Valle<\/span><span style=\"font-weight: 400;\">\u00a0\u00a0\u00a0 <\/span><span style=\"font-weight: 400;\">del Cauca, fue donde se evidenci\u00f3 las principales violaciones a los<\/span><span style=\"font-weight: 400;\">\u00a0 \u00a0<\/span><span style=\"font-weight: 400;\">derechos humanos.\u00a0<\/span><\/p>\n","protected":false},"excerpt":{"rendered":"<p>La Comisi\u00f3n Interamericana de Derechos Humanos este mi\u00e9rcoles hizo entrega del balance de su visita de trabajo en Colombia del pasado mes de junio,\u00a0 para verificar la situaci\u00f3n de DDHH en el marco de las protestas sociales que dieron inicio el pasado 28 de abril del a\u00f1o en curso.\u00a0 En la visita, la Delegaci\u00f3n de [&hellip;]<\/p>\n","protected":false},"author":1,"featured_media":53841,"comment_status":"open","ping_status":"open","sticky":false,"template":"","format":"standard","meta":{"footnotes":""},"categories":[94],"tags":[],"class_list":["post-53840","post","type-post","status-publish","format-standard","has-post-thumbnail","hentry","category-nacional-global-2"],"yoast_head":"<!-- This site is optimized with the Yoast SEO plugin v27.1.1 - https:\/\/yoast.com\/product\/yoast-seo-wordpress\/ -->\n<title>Duro informe de la CIDH sobre el manejo de protestas en Colombia | P\u00e1gina10<\/title>\n<meta name=\"robots\" content=\"index, follow, max-snippet:-1, max-image-preview:large, max-video-preview:-1\" \/>\n<link rel=\"canonical\" href=\"https:\/\/pagina10.com\/web\/duro-informe-de-la-cidh-sobre-el-manejo-de-protestas-en-colombia\/\" \/>\n<meta property=\"og:locale\" content=\"es_ES\" \/>\n<meta property=\"og:type\" content=\"article\" \/>\n<meta property=\"og:title\" content=\"Duro informe de la CIDH sobre el manejo de protestas en Colombia | P\u00e1gina10\" \/>\n<meta property=\"og:description\" content=\"La Comisi\u00f3n Interamericana de Derechos Humanos este mi\u00e9rcoles hizo entrega del balance de su visita de trabajo en Colombia del pasado mes de junio, para verificar la situaci\u00f3n de DDHH en el marco de las protestas sociales que dieron inicio el pasado 28 de abril del a\u00f1o en curso. En la visita, la Delegaci\u00f3n de [&hellip;]\" \/>\n<meta property=\"og:url\" content=\"https:\/\/pagina10.com\/web\/duro-informe-de-la-cidh-sobre-el-manejo-de-protestas-en-colombia\/\" \/>\n<meta property=\"og:site_name\" content=\"P\u00e1gina10\" \/>\n<meta property=\"article:publisher\" content=\"https:\/\/www.facebook.com\/pag10com\" \/>\n<meta property=\"article:published_time\" content=\"2021-07-07T21:59:22+00:00\" \/>\n<meta property=\"og:image\" content=\"https:\/\/pagina10.com\/web\/wp-content\/uploads\/2021\/07\/51283703736_10c8d9f05a_o-scaled.jpg\" \/>\n\t<meta property=\"og:image:width\" content=\"2560\" \/>\n\t<meta property=\"og:image:height\" content=\"1707\" \/>\n\t<meta property=\"og:image:type\" content=\"image\/jpeg\" \/>\n<meta name=\"author\" content=\"P\u00e1gina 10\" \/>\n<meta name=\"twitter:card\" content=\"summary_large_image\" \/>\n<meta name=\"twitter:creator\" content=\"@Pag10com\" \/>\n<meta name=\"twitter:site\" content=\"@Pag10com\" \/>\n<meta name=\"twitter:label1\" content=\"Escrito por\" \/>\n\t<meta name=\"twitter:data1\" content=\"P\u00e1gina 10\" \/>\n\t<meta name=\"twitter:label2\" content=\"Tiempo de lectura\" \/>\n\t<meta name=\"twitter:data2\" content=\"5 minutos\" \/>\n<script type=\"application\/ld+json\" class=\"yoast-schema-graph\">{\"@context\":\"https:\/\/schema.org\",\"@graph\":[{\"@type\":\"Article\",\"@id\":\"https:\/\/pagina10.com\/web\/duro-informe-de-la-cidh-sobre-el-manejo-de-protestas-en-colombia\/#article\",\"isPartOf\":{\"@id\":\"https:\/\/pagina10.com\/web\/duro-informe-de-la-cidh-sobre-el-manejo-de-protestas-en-colombia\/\"},\"author\":{\"name\":\"P\u00e1gina 10\",\"@id\":\"https:\/\/pagina10.com\/web\/#\/schema\/person\/2efc4a090d25b667d3bc796798a3a81b\"},\"headline\":\"Duro informe de la CIDH sobre el manejo de protestas en Colombia\",\"datePublished\":\"2021-07-07T21:59:22+00:00\",\"mainEntityOfPage\":{\"@id\":\"https:\/\/pagina10.com\/web\/duro-informe-de-la-cidh-sobre-el-manejo-de-protestas-en-colombia\/\"},\"wordCount\":928,\"commentCount\":0,\"publisher\":{\"@id\":\"https:\/\/pagina10.com\/web\/#organization\"},\"image\":{\"@id\":\"https:\/\/pagina10.com\/web\/duro-informe-de-la-cidh-sobre-el-manejo-de-protestas-en-colombia\/#primaryimage\"},\"thumbnailUrl\":\"https:\/\/pagina10.com\/web\/wp-content\/uploads\/2021\/07\/51283703736_10c8d9f05a_o-scaled.jpg\",\"articleSection\":[\"Nacional\"],\"inLanguage\":\"es\",\"potentialAction\":[{\"@type\":\"CommentAction\",\"name\":\"Comment\",\"target\":[\"https:\/\/pagina10.com\/web\/duro-informe-de-la-cidh-sobre-el-manejo-de-protestas-en-colombia\/#respond\"]}]},{\"@type\":\"WebPage\",\"@id\":\"https:\/\/pagina10.com\/web\/duro-informe-de-la-cidh-sobre-el-manejo-de-protestas-en-colombia\/\",\"url\":\"https:\/\/pagina10.com\/web\/duro-informe-de-la-cidh-sobre-el-manejo-de-protestas-en-colombia\/\",\"name\":\"Duro informe de la CIDH sobre el manejo de protestas en Colombia | P\u00e1gina10\",\"isPartOf\":{\"@id\":\"https:\/\/pagina10.com\/web\/#website\"},\"primaryImageOfPage\":{\"@id\":\"https:\/\/pagina10.com\/web\/duro-informe-de-la-cidh-sobre-el-manejo-de-protestas-en-colombia\/#primaryimage\"},\"image\":{\"@id\":\"https:\/\/pagina10.com\/web\/duro-informe-de-la-cidh-sobre-el-manejo-de-protestas-en-colombia\/#primaryimage\"},\"thumbnailUrl\":\"https:\/\/pagina10.com\/web\/wp-content\/uploads\/2021\/07\/51283703736_10c8d9f05a_o-scaled.jpg\",\"datePublished\":\"2021-07-07T21:59:22+00:00\",\"breadcrumb\":{\"@id\":\"https:\/\/pagina10.com\/web\/duro-informe-de-la-cidh-sobre-el-manejo-de-protestas-en-colombia\/#breadcrumb\"},\"inLanguage\":\"es\",\"potentialAction\":[{\"@type\":\"ReadAction\",\"target\":[\"https:\/\/pagina10.com\/web\/duro-informe-de-la-cidh-sobre-el-manejo-de-protestas-en-colombia\/\"]}]},{\"@type\":\"ImageObject\",\"inLanguage\":\"es\",\"@id\":\"https:\/\/pagina10.com\/web\/duro-informe-de-la-cidh-sobre-el-manejo-de-protestas-en-colombia\/#primaryimage\",\"url\":\"https:\/\/pagina10.com\/web\/wp-content\/uploads\/2021\/07\/51283703736_10c8d9f05a_o-scaled.jpg\",\"contentUrl\":\"https:\/\/pagina10.com\/web\/wp-content\/uploads\/2021\/07\/51283703736_10c8d9f05a_o-scaled.jpg\",\"width\":2560,\"height\":1707,\"caption\":\"Tomada de: Archivo CIDH visita a Colombia\"},{\"@type\":\"BreadcrumbList\",\"@id\":\"https:\/\/pagina10.com\/web\/duro-informe-de-la-cidh-sobre-el-manejo-de-protestas-en-colombia\/#breadcrumb\",\"itemListElement\":[{\"@type\":\"ListItem\",\"position\":1,\"name\":\"Portada\",\"item\":\"https:\/\/pagina10.com\/web\/\"},{\"@type\":\"ListItem\",\"position\":2,\"name\":\"Duro informe de la CIDH sobre el manejo de protestas en Colombia\"}]},{\"@type\":\"WebSite\",\"@id\":\"https:\/\/pagina10.com\/web\/#website\",\"url\":\"https:\/\/pagina10.com\/web\/\",\"name\":\"P\u00e1gina10\",\"description\":\"Peri\u00f3dico Regional\",\"publisher\":{\"@id\":\"https:\/\/pagina10.com\/web\/#organization\"},\"alternateName\":\"P\u00e1gina10 Peri\u00f3dico Regional\",\"potentialAction\":[{\"@type\":\"SearchAction\",\"target\":{\"@type\":\"EntryPoint\",\"urlTemplate\":\"https:\/\/pagina10.com\/web\/?s={search_term_string}\"},\"query-input\":{\"@type\":\"PropertyValueSpecification\",\"valueRequired\":true,\"valueName\":\"search_term_string\"}}],\"inLanguage\":\"es\"},{\"@type\":\"Organization\",\"@id\":\"https:\/\/pagina10.com\/web\/#organization\",\"name\":\"P\u00e1gina10\",\"alternateName\":\"P\u00e1gina10 Peri\u00f3dico Regional\",\"url\":\"https:\/\/pagina10.com\/web\/\",\"logo\":{\"@type\":\"ImageObject\",\"inLanguage\":\"es\",\"@id\":\"https:\/\/pagina10.com\/web\/#\/schema\/logo\/image\/\",\"url\":\"https:\/\/pagina10.com\/web\/wp-content\/uploads\/2024\/01\/40-pagina-10-periodico-regional-pasto.jpg\",\"contentUrl\":\"https:\/\/pagina10.com\/web\/wp-content\/uploads\/2024\/01\/40-pagina-10-periodico-regional-pasto.jpg\",\"width\":1280,\"height\":720,\"caption\":\"P\u00e1gina10\"},\"image\":{\"@id\":\"https:\/\/pagina10.com\/web\/#\/schema\/logo\/image\/\"},\"sameAs\":[\"https:\/\/www.facebook.com\/pag10com\",\"https:\/\/x.com\/Pag10com\",\"https:\/\/www.instagram.com\/pagina10col\/\",\"https:\/\/youtube.com\/channel\/pag10\",\"https:\/\/www.tiktok.com\/@p10col\"]},{\"@type\":\"Person\",\"@id\":\"https:\/\/pagina10.com\/web\/#\/schema\/person\/2efc4a090d25b667d3bc796798a3a81b\",\"name\":\"P\u00e1gina 10\",\"description\":\"P\u00e1gina 10 es un peri\u00f3dico regional que nace en Colombia, en el departamento de Nari\u00f1o, con un enfoque global, fundamentado en cuatro pilares esenciales: la libertad, el pluralismo, la inclusi\u00f3n y la independencia. P\u00e1gina 10 hace referencia a Nari\u00f1o como el d\u00e9cimo departamento creado en Colombia, despu\u00e9s de un proceso pol\u00edtico liderado por actores y actrices regionales con el fin de obtener la independencia y autonom\u00eda de nuestros territorios. Con la creaci\u00f3n de P\u00e1gina 10 se pretende abrir un escenario para el dialogo, la reflexi\u00f3n y el debate que se extienda a otras geograf\u00edas de Am\u00e9rica Latina y del planeta, en una apuesta por transformar colectivamente los desaf\u00edos de un mundo contempor\u00e1neo, m\u00e1s all\u00e1 de las fronteras impuestas.\",\"url\":\"https:\/\/pagina10.com\/web\/author\/pdiezadmin\/\"}]}<\/script>\n<!-- \/ Yoast SEO plugin. -->","yoast_head_json":{"title":"Duro informe de la CIDH sobre el manejo de protestas en Colombia | P\u00e1gina10","robots":{"index":"index","follow":"follow","max-snippet":"max-snippet:-1","max-image-preview":"max-image-preview:large","max-video-preview":"max-video-preview:-1"},"canonical":"https:\/\/pagina10.com\/web\/duro-informe-de-la-cidh-sobre-el-manejo-de-protestas-en-colombia\/","og_locale":"es_ES","og_type":"article","og_title":"Duro informe de la CIDH sobre el manejo de protestas en Colombia | P\u00e1gina10","og_description":"La Comisi\u00f3n Interamericana de Derechos Humanos este mi\u00e9rcoles hizo entrega del balance de su visita de trabajo en Colombia del pasado mes de junio, para verificar la situaci\u00f3n de DDHH en el marco de las protestas sociales que dieron inicio el pasado 28 de abril del a\u00f1o en curso. En la visita, la Delegaci\u00f3n de [&hellip;]","og_url":"https:\/\/pagina10.com\/web\/duro-informe-de-la-cidh-sobre-el-manejo-de-protestas-en-colombia\/","og_site_name":"P\u00e1gina10","article_publisher":"https:\/\/www.facebook.com\/pag10com","article_published_time":"2021-07-07T21:59:22+00:00","og_image":[{"width":2560,"height":1707,"url":"https:\/\/pagina10.com\/web\/wp-content\/uploads\/2021\/07\/51283703736_10c8d9f05a_o-scaled.jpg","type":"image\/jpeg"}],"author":"P\u00e1gina 10","twitter_card":"summary_large_image","twitter_creator":"@Pag10com","twitter_site":"@Pag10com","twitter_misc":{"Escrito por":"P\u00e1gina 10","Tiempo de lectura":"5 minutos"},"schema":{"@context":"https:\/\/schema.org","@graph":[{"@type":"Article","@id":"https:\/\/pagina10.com\/web\/duro-informe-de-la-cidh-sobre-el-manejo-de-protestas-en-colombia\/#article","isPartOf":{"@id":"https:\/\/pagina10.com\/web\/duro-informe-de-la-cidh-sobre-el-manejo-de-protestas-en-colombia\/"},"author":{"name":"P\u00e1gina 10","@id":"https:\/\/pagina10.com\/web\/#\/schema\/person\/2efc4a090d25b667d3bc796798a3a81b"},"headline":"Duro informe de la CIDH sobre el manejo de protestas en Colombia","datePublished":"2021-07-07T21:59:22+00:00","mainEntityOfPage":{"@id":"https:\/\/pagina10.com\/web\/duro-informe-de-la-cidh-sobre-el-manejo-de-protestas-en-colombia\/"},"wordCount":928,"commentCount":0,"publisher":{"@id":"https:\/\/pagina10.com\/web\/#organization"},"image":{"@id":"https:\/\/pagina10.com\/web\/duro-informe-de-la-cidh-sobre-el-manejo-de-protestas-en-colombia\/#primaryimage"},"thumbnailUrl":"https:\/\/pagina10.com\/web\/wp-content\/uploads\/2021\/07\/51283703736_10c8d9f05a_o-scaled.jpg","articleSection":["Nacional"],"inLanguage":"es","potentialAction":[{"@type":"CommentAction","name":"Comment","target":["https:\/\/pagina10.com\/web\/duro-informe-de-la-cidh-sobre-el-manejo-de-protestas-en-colombia\/#respond"]}]},{"@type":"WebPage","@id":"https:\/\/pagina10.com\/web\/duro-informe-de-la-cidh-sobre-el-manejo-de-protestas-en-colombia\/","url":"https:\/\/pagina10.com\/web\/duro-informe-de-la-cidh-sobre-el-manejo-de-protestas-en-colombia\/","name":"Duro informe de la CIDH sobre el manejo de protestas en Colombia | P\u00e1gina10","isPartOf":{"@id":"https:\/\/pagina10.com\/web\/#website"},"primaryImageOfPage":{"@id":"https:\/\/pagina10.com\/web\/duro-informe-de-la-cidh-sobre-el-manejo-de-protestas-en-colombia\/#primaryimage"},"image":{"@id":"https:\/\/pagina10.com\/web\/duro-informe-de-la-cidh-sobre-el-manejo-de-protestas-en-colombia\/#primaryimage"},"thumbnailUrl":"https:\/\/pagina10.com\/web\/wp-content\/uploads\/2021\/07\/51283703736_10c8d9f05a_o-scaled.jpg","datePublished":"2021-07-07T21:59:22+00:00","breadcrumb":{"@id":"https:\/\/pagina10.com\/web\/duro-informe-de-la-cidh-sobre-el-manejo-de-protestas-en-colombia\/#breadcrumb"},"inLanguage":"es","potentialAction":[{"@type":"ReadAction","target":["https:\/\/pagina10.com\/web\/duro-informe-de-la-cidh-sobre-el-manejo-de-protestas-en-colombia\/"]}]},{"@type":"ImageObject","inLanguage":"es","@id":"https:\/\/pagina10.com\/web\/duro-informe-de-la-cidh-sobre-el-manejo-de-protestas-en-colombia\/#primaryimage","url":"https:\/\/pagina10.com\/web\/wp-content\/uploads\/2021\/07\/51283703736_10c8d9f05a_o-scaled.jpg","contentUrl":"https:\/\/pagina10.com\/web\/wp-content\/uploads\/2021\/07\/51283703736_10c8d9f05a_o-scaled.jpg","width":2560,"height":1707,"caption":"Tomada de: Archivo CIDH visita a Colombia"},{"@type":"BreadcrumbList","@id":"https:\/\/pagina10.com\/web\/duro-informe-de-la-cidh-sobre-el-manejo-de-protestas-en-colombia\/#breadcrumb","itemListElement":[{"@type":"ListItem","position":1,"name":"Portada","item":"https:\/\/pagina10.com\/web\/"},{"@type":"ListItem","position":2,"name":"Duro informe de la CIDH sobre el manejo de protestas en Colombia"}]},{"@type":"WebSite","@id":"https:\/\/pagina10.com\/web\/#website","url":"https:\/\/pagina10.com\/web\/","name":"P\u00e1gina10","description":"Peri\u00f3dico Regional","publisher":{"@id":"https:\/\/pagina10.com\/web\/#organization"},"alternateName":"P\u00e1gina10 Peri\u00f3dico Regional","potentialAction":[{"@type":"SearchAction","target":{"@type":"EntryPoint","urlTemplate":"https:\/\/pagina10.com\/web\/?s={search_term_string}"},"query-input":{"@type":"PropertyValueSpecification","valueRequired":true,"valueName":"search_term_string"}}],"inLanguage":"es"},{"@type":"Organization","@id":"https:\/\/pagina10.com\/web\/#organization","name":"P\u00e1gina10","alternateName":"P\u00e1gina10 Peri\u00f3dico Regional","url":"https:\/\/pagina10.com\/web\/","logo":{"@type":"ImageObject","inLanguage":"es","@id":"https:\/\/pagina10.com\/web\/#\/schema\/logo\/image\/","url":"https:\/\/pagina10.com\/web\/wp-content\/uploads\/2024\/01\/40-pagina-10-periodico-regional-pasto.jpg","contentUrl":"https:\/\/pagina10.com\/web\/wp-content\/uploads\/2024\/01\/40-pagina-10-periodico-regional-pasto.jpg","width":1280,"height":720,"caption":"P\u00e1gina10"},"image":{"@id":"https:\/\/pagina10.com\/web\/#\/schema\/logo\/image\/"},"sameAs":["https:\/\/www.facebook.com\/pag10com","https:\/\/x.com\/Pag10com","https:\/\/www.instagram.com\/pagina10col\/","https:\/\/youtube.com\/channel\/pag10","https:\/\/www.tiktok.com\/@p10col"]},{"@type":"Person","@id":"https:\/\/pagina10.com\/web\/#\/schema\/person\/2efc4a090d25b667d3bc796798a3a81b","name":"P\u00e1gina 10","description":"P\u00e1gina 10 es un peri\u00f3dico regional que nace en Colombia, en el departamento de Nari\u00f1o, con un enfoque global, fundamentado en cuatro pilares esenciales: la libertad, el pluralismo, la inclusi\u00f3n y la independencia. P\u00e1gina 10 hace referencia a Nari\u00f1o como el d\u00e9cimo departamento creado en Colombia, despu\u00e9s de un proceso pol\u00edtico liderado por actores y actrices regionales con el fin de obtener la independencia y autonom\u00eda de nuestros territorios. Con la creaci\u00f3n de P\u00e1gina 10 se pretende abrir un escenario para el dialogo, la reflexi\u00f3n y el debate que se extienda a otras geograf\u00edas de Am\u00e9rica Latina y del planeta, en una apuesta por transformar colectivamente los desaf\u00edos de un mundo contempor\u00e1neo, m\u00e1s all\u00e1 de las fronteras impuestas.","url":"https:\/\/pagina10.com\/web\/author\/pdiezadmin\/"}]}},"_links":{"self":[{"href":"https:\/\/pagina10.com\/web\/wp-json\/wp\/v2\/posts\/53840","targetHints":{"allow":["GET"]}}],"collection":[{"href":"https:\/\/pagina10.com\/web\/wp-json\/wp\/v2\/posts"}],"about":[{"href":"https:\/\/pagina10.com\/web\/wp-json\/wp\/v2\/types\/post"}],"author":[{"embeddable":true,"href":"https:\/\/pagina10.com\/web\/wp-json\/wp\/v2\/users\/1"}],"replies":[{"embeddable":true,"href":"https:\/\/pagina10.com\/web\/wp-json\/wp\/v2\/comments?post=53840"}],"version-history":[{"count":1,"href":"https:\/\/pagina10.com\/web\/wp-json\/wp\/v2\/posts\/53840\/revisions"}],"predecessor-version":[{"id":53842,"href":"https:\/\/pagina10.com\/web\/wp-json\/wp\/v2\/posts\/53840\/revisions\/53842"}],"wp:featuredmedia":[{"embeddable":true,"href":"https:\/\/pagina10.com\/web\/wp-json\/wp\/v2\/media\/53841"}],"wp:attachment":[{"href":"https:\/\/pagina10.com\/web\/wp-json\/wp\/v2\/media?parent=53840"}],"wp:term":[{"taxonomy":"category","embeddable":true,"href":"https:\/\/pagina10.com\/web\/wp-json\/wp\/v2\/categories?post=53840"},{"taxonomy":"post_tag","embeddable":true,"href":"https:\/\/pagina10.com\/web\/wp-json\/wp\/v2\/tags?post=53840"}],"curies":[{"name":"wp","href":"https:\/\/api.w.org\/{rel}","templated":true}]}}