{"id":53862,"date":"2021-07-07T22:26:53","date_gmt":"2021-07-08T03:26:53","guid":{"rendered":"https:\/\/pagina10.com\/web\/?p=53862"},"modified":"2021-07-07T22:26:53","modified_gmt":"2021-07-08T03:26:53","slug":"un-narinense-es-el-nuevo-consejero-de-estado","status":"publish","type":"post","link":"https:\/\/pagina10.com\/web\/un-narinense-es-el-nuevo-consejero-de-estado\/","title":{"rendered":"Un nari\u00f1ense es el nuevo Consejero de Estado"},"content":{"rendered":"<p style=\"text-align: justify;\"><span style=\"font-weight: 400;\">Este mi\u00e9rcoles en la Sala Plena del Consejo de Estado, fue elegido el jurista nari\u00f1ense Fredy Ibarra Mart\u00ednez, como nuevo magistrado de la Secci\u00f3n Tercera del alto tribunal.<\/span><\/p>\n<p style=\"text-align: justify;\"><span style=\"font-weight: 400;\">Fredy Ibarra Mart\u00ednez, es un reconocido abogado y especialista en derecho administrativo de la Universidad de Nari\u00f1o y en Instituciones Jur\u00eddico Pol\u00edticas y Derecho P\u00fablico de la Universidad Nacional de Bogot\u00e1.<\/span><\/p>\n<p style=\"text-align: justify;\"><span style=\"font-weight: 400;\">Fue Magistrado encargado en el Consejo de Estado; se ha desempe\u00f1ado como abogado litigante y consultor; fue jefe de la Oficina Jur\u00eddica y Director del Departamento Jur\u00eddico de la Gobernaci\u00f3n de Nari\u00f1o en los a\u00f1os 90.<\/span><\/p>\n<p><span style=\"font-weight: 400;\">Tambi\u00e9n ha ejercido como docente en distintas universidades del departamento de Nari\u00f1o.<\/span><\/p>\n<p style=\"text-align: justify;\"><span style=\"font-weight: 400;\">Cabe resaltar que en la jornada tambi\u00e9n se eligi\u00f3 a Ana Mar\u00eda Charry en la Sala de Consulta y Servicio Civil y Pedro Vanegas Gil en la Secci\u00f3n Quinta.<\/span><\/p>\n","protected":false},"excerpt":{"rendered":"<p>Este mi\u00e9rcoles en la Sala Plena del Consejo de Estado, fue elegido el jurista nari\u00f1ense Fredy Ibarra Mart\u00ednez, como nuevo magistrado de la Secci\u00f3n Tercera del alto tribunal. Fredy Ibarra Mart\u00ednez, es un reconocido abogado y especialista en derecho administrativo de la Universidad de Nari\u00f1o y en Instituciones Jur\u00eddico Pol\u00edticas y Derecho P\u00fablico de la [&hellip;]<\/p>\n","protected":false},"author":1,"featured_media":53863,"comment_status":"open","ping_status":"open","sticky":false,"template":"","format":"standard","meta":{"footnotes":""},"categories":[94],"tags":[],"class_list":["post-53862","post","type-post","status-publish","format-standard","has-post-thumbnail","hentry","category-nacional-global-2"],"yoast_head":"<!-- This site is optimized with the Yoast SEO plugin v27.1.1 - https:\/\/yoast.com\/product\/yoast-seo-wordpress\/ -->\n<title>Un nari\u00f1ense es el nuevo Consejero de Estado | P\u00e1gina10<\/title>\n<meta name=\"robots\" content=\"index, follow, max-snippet:-1, max-image-preview:large, max-video-preview:-1\" \/>\n<link rel=\"canonical\" href=\"https:\/\/pagina10.com\/web\/un-narinense-es-el-nuevo-consejero-de-estado\/\" \/>\n<meta property=\"og:locale\" content=\"es_ES\" \/>\n<meta property=\"og:type\" content=\"article\" \/>\n<meta property=\"og:title\" content=\"Un nari\u00f1ense es el nuevo Consejero de Estado | P\u00e1gina10\" \/>\n<meta property=\"og:description\" content=\"Este mi\u00e9rcoles en la Sala Plena del Consejo de Estado, fue elegido el jurista nari\u00f1ense Fredy Ibarra Mart\u00ednez, como nuevo magistrado de la Secci\u00f3n Tercera del alto tribunal. Fredy Ibarra Mart\u00ednez, es un reconocido abogado y especialista en derecho administrativo de la Universidad de Nari\u00f1o y en Instituciones Jur\u00eddico Pol\u00edticas y Derecho P\u00fablico de la [&hellip;]\" \/>\n<meta property=\"og:url\" content=\"https:\/\/pagina10.com\/web\/un-narinense-es-el-nuevo-consejero-de-estado\/\" \/>\n<meta property=\"og:site_name\" content=\"P\u00e1gina10\" \/>\n<meta property=\"article:publisher\" content=\"https:\/\/www.facebook.com\/pag10com\" \/>\n<meta property=\"article:published_time\" content=\"2021-07-08T03:26:53+00:00\" \/>\n<meta property=\"og:image\" content=\"https:\/\/pagina10.com\/web\/wp-content\/uploads\/2021\/07\/20210707_221951.jpg\" \/>\n\t<meta property=\"og:image:width\" content=\"911\" \/>\n\t<meta property=\"og:image:height\" content=\"511\" \/>\n\t<meta property=\"og:image:type\" content=\"image\/jpeg\" \/>\n<meta name=\"author\" content=\"P\u00e1gina 10\" \/>\n<meta name=\"twitter:card\" content=\"summary_large_image\" \/>\n<meta name=\"twitter:creator\" content=\"@Pag10com\" \/>\n<meta name=\"twitter:site\" content=\"@Pag10com\" \/>\n<meta name=\"twitter:label1\" content=\"Escrito por\" \/>\n\t<meta name=\"twitter:data1\" content=\"P\u00e1gina 10\" \/>\n\t<meta name=\"twitter:label2\" content=\"Tiempo de lectura\" \/>\n\t<meta name=\"twitter:data2\" content=\"1 minuto\" \/>\n<script type=\"application\/ld+json\" class=\"yoast-schema-graph\">{\"@context\":\"https:\/\/schema.org\",\"@graph\":[{\"@type\":\"Article\",\"@id\":\"https:\/\/pagina10.com\/web\/un-narinense-es-el-nuevo-consejero-de-estado\/#article\",\"isPartOf\":{\"@id\":\"https:\/\/pagina10.com\/web\/un-narinense-es-el-nuevo-consejero-de-estado\/\"},\"author\":{\"name\":\"P\u00e1gina 10\",\"@id\":\"https:\/\/pagina10.com\/web\/#\/schema\/person\/2efc4a090d25b667d3bc796798a3a81b\"},\"headline\":\"Un nari\u00f1ense es el nuevo Consejero de Estado\",\"datePublished\":\"2021-07-08T03:26:53+00:00\",\"mainEntityOfPage\":{\"@id\":\"https:\/\/pagina10.com\/web\/un-narinense-es-el-nuevo-consejero-de-estado\/\"},\"wordCount\":164,\"commentCount\":0,\"publisher\":{\"@id\":\"https:\/\/pagina10.com\/web\/#organization\"},\"image\":{\"@id\":\"https:\/\/pagina10.com\/web\/un-narinense-es-el-nuevo-consejero-de-estado\/#primaryimage\"},\"thumbnailUrl\":\"https:\/\/pagina10.com\/web\/wp-content\/uploads\/2021\/07\/20210707_221951.jpg\",\"articleSection\":[\"Nacional\"],\"inLanguage\":\"es\",\"potentialAction\":[{\"@type\":\"CommentAction\",\"name\":\"Comment\",\"target\":[\"https:\/\/pagina10.com\/web\/un-narinense-es-el-nuevo-consejero-de-estado\/#respond\"]}]},{\"@type\":\"WebPage\",\"@id\":\"https:\/\/pagina10.com\/web\/un-narinense-es-el-nuevo-consejero-de-estado\/\",\"url\":\"https:\/\/pagina10.com\/web\/un-narinense-es-el-nuevo-consejero-de-estado\/\",\"name\":\"Un nari\u00f1ense es el nuevo Consejero de Estado | P\u00e1gina10\",\"isPartOf\":{\"@id\":\"https:\/\/pagina10.com\/web\/#website\"},\"primaryImageOfPage\":{\"@id\":\"https:\/\/pagina10.com\/web\/un-narinense-es-el-nuevo-consejero-de-estado\/#primaryimage\"},\"image\":{\"@id\":\"https:\/\/pagina10.com\/web\/un-narinense-es-el-nuevo-consejero-de-estado\/#primaryimage\"},\"thumbnailUrl\":\"https:\/\/pagina10.com\/web\/wp-content\/uploads\/2021\/07\/20210707_221951.jpg\",\"datePublished\":\"2021-07-08T03:26:53+00:00\",\"breadcrumb\":{\"@id\":\"https:\/\/pagina10.com\/web\/un-narinense-es-el-nuevo-consejero-de-estado\/#breadcrumb\"},\"inLanguage\":\"es\",\"potentialAction\":[{\"@type\":\"ReadAction\",\"target\":[\"https:\/\/pagina10.com\/web\/un-narinense-es-el-nuevo-consejero-de-estado\/\"]}]},{\"@type\":\"ImageObject\",\"inLanguage\":\"es\",\"@id\":\"https:\/\/pagina10.com\/web\/un-narinense-es-el-nuevo-consejero-de-estado\/#primaryimage\",\"url\":\"https:\/\/pagina10.com\/web\/wp-content\/uploads\/2021\/07\/20210707_221951.jpg\",\"contentUrl\":\"https:\/\/pagina10.com\/web\/wp-content\/uploads\/2021\/07\/20210707_221951.jpg\",\"width\":911,\"height\":511,\"caption\":\"Tomada de: Twitter @ConsejodeEstado\"},{\"@type\":\"BreadcrumbList\",\"@id\":\"https:\/\/pagina10.com\/web\/un-narinense-es-el-nuevo-consejero-de-estado\/#breadcrumb\",\"itemListElement\":[{\"@type\":\"ListItem\",\"position\":1,\"name\":\"Portada\",\"item\":\"https:\/\/pagina10.com\/web\/\"},{\"@type\":\"ListItem\",\"position\":2,\"name\":\"Un nari\u00f1ense es el nuevo Consejero de Estado\"}]},{\"@type\":\"WebSite\",\"@id\":\"https:\/\/pagina10.com\/web\/#website\",\"url\":\"https:\/\/pagina10.com\/web\/\",\"name\":\"P\u00e1gina10\",\"description\":\"Peri\u00f3dico Regional\",\"publisher\":{\"@id\":\"https:\/\/pagina10.com\/web\/#organization\"},\"alternateName\":\"P\u00e1gina10 Peri\u00f3dico Regional\",\"potentialAction\":[{\"@type\":\"SearchAction\",\"target\":{\"@type\":\"EntryPoint\",\"urlTemplate\":\"https:\/\/pagina10.com\/web\/?s={search_term_string}\"},\"query-input\":{\"@type\":\"PropertyValueSpecification\",\"valueRequired\":true,\"valueName\":\"search_term_string\"}}],\"inLanguage\":\"es\"},{\"@type\":\"Organization\",\"@id\":\"https:\/\/pagina10.com\/web\/#organization\",\"name\":\"P\u00e1gina10\",\"alternateName\":\"P\u00e1gina10 Peri\u00f3dico Regional\",\"url\":\"https:\/\/pagina10.com\/web\/\",\"logo\":{\"@type\":\"ImageObject\",\"inLanguage\":\"es\",\"@id\":\"https:\/\/pagina10.com\/web\/#\/schema\/logo\/image\/\",\"url\":\"https:\/\/pagina10.com\/web\/wp-content\/uploads\/2024\/01\/40-pagina-10-periodico-regional-pasto.jpg\",\"contentUrl\":\"https:\/\/pagina10.com\/web\/wp-content\/uploads\/2024\/01\/40-pagina-10-periodico-regional-pasto.jpg\",\"width\":1280,\"height\":720,\"caption\":\"P\u00e1gina10\"},\"image\":{\"@id\":\"https:\/\/pagina10.com\/web\/#\/schema\/logo\/image\/\"},\"sameAs\":[\"https:\/\/www.facebook.com\/pag10com\",\"https:\/\/x.com\/Pag10com\",\"https:\/\/www.instagram.com\/pagina10col\/\",\"https:\/\/youtube.com\/channel\/pag10\",\"https:\/\/www.tiktok.com\/@p10col\"]},{\"@type\":\"Person\",\"@id\":\"https:\/\/pagina10.com\/web\/#\/schema\/person\/2efc4a090d25b667d3bc796798a3a81b\",\"name\":\"P\u00e1gina 10\",\"description\":\"P\u00e1gina 10 es un peri\u00f3dico regional que nace en Colombia, en el departamento de Nari\u00f1o, con un enfoque global, fundamentado en cuatro pilares esenciales: la libertad, el pluralismo, la inclusi\u00f3n y la independencia. P\u00e1gina 10 hace referencia a Nari\u00f1o como el d\u00e9cimo departamento creado en Colombia, despu\u00e9s de un proceso pol\u00edtico liderado por actores y actrices regionales con el fin de obtener la independencia y autonom\u00eda de nuestros territorios. Con la creaci\u00f3n de P\u00e1gina 10 se pretende abrir un escenario para el dialogo, la reflexi\u00f3n y el debate que se extienda a otras geograf\u00edas de Am\u00e9rica Latina y del planeta, en una apuesta por transformar colectivamente los desaf\u00edos de un mundo contempor\u00e1neo, m\u00e1s all\u00e1 de las fronteras impuestas.\",\"url\":\"https:\/\/pagina10.com\/web\/author\/pdiezadmin\/\"}]}<\/script>\n<!-- \/ Yoast SEO plugin. -->","yoast_head_json":{"title":"Un nari\u00f1ense es el nuevo Consejero de Estado | P\u00e1gina10","robots":{"index":"index","follow":"follow","max-snippet":"max-snippet:-1","max-image-preview":"max-image-preview:large","max-video-preview":"max-video-preview:-1"},"canonical":"https:\/\/pagina10.com\/web\/un-narinense-es-el-nuevo-consejero-de-estado\/","og_locale":"es_ES","og_type":"article","og_title":"Un nari\u00f1ense es el nuevo Consejero de Estado | P\u00e1gina10","og_description":"Este mi\u00e9rcoles en la Sala Plena del Consejo de Estado, fue elegido el jurista nari\u00f1ense Fredy Ibarra Mart\u00ednez, como nuevo magistrado de la Secci\u00f3n Tercera del alto tribunal. Fredy Ibarra Mart\u00ednez, es un reconocido abogado y especialista en derecho administrativo de la Universidad de Nari\u00f1o y en Instituciones Jur\u00eddico Pol\u00edticas y Derecho P\u00fablico de la [&hellip;]","og_url":"https:\/\/pagina10.com\/web\/un-narinense-es-el-nuevo-consejero-de-estado\/","og_site_name":"P\u00e1gina10","article_publisher":"https:\/\/www.facebook.com\/pag10com","article_published_time":"2021-07-08T03:26:53+00:00","og_image":[{"width":911,"height":511,"url":"https:\/\/pagina10.com\/web\/wp-content\/uploads\/2021\/07\/20210707_221951.jpg","type":"image\/jpeg"}],"author":"P\u00e1gina 10","twitter_card":"summary_large_image","twitter_creator":"@Pag10com","twitter_site":"@Pag10com","twitter_misc":{"Escrito por":"P\u00e1gina 10","Tiempo de lectura":"1 minuto"},"schema":{"@context":"https:\/\/schema.org","@graph":[{"@type":"Article","@id":"https:\/\/pagina10.com\/web\/un-narinense-es-el-nuevo-consejero-de-estado\/#article","isPartOf":{"@id":"https:\/\/pagina10.com\/web\/un-narinense-es-el-nuevo-consejero-de-estado\/"},"author":{"name":"P\u00e1gina 10","@id":"https:\/\/pagina10.com\/web\/#\/schema\/person\/2efc4a090d25b667d3bc796798a3a81b"},"headline":"Un nari\u00f1ense es el nuevo Consejero de Estado","datePublished":"2021-07-08T03:26:53+00:00","mainEntityOfPage":{"@id":"https:\/\/pagina10.com\/web\/un-narinense-es-el-nuevo-consejero-de-estado\/"},"wordCount":164,"commentCount":0,"publisher":{"@id":"https:\/\/pagina10.com\/web\/#organization"},"image":{"@id":"https:\/\/pagina10.com\/web\/un-narinense-es-el-nuevo-consejero-de-estado\/#primaryimage"},"thumbnailUrl":"https:\/\/pagina10.com\/web\/wp-content\/uploads\/2021\/07\/20210707_221951.jpg","articleSection":["Nacional"],"inLanguage":"es","potentialAction":[{"@type":"CommentAction","name":"Comment","target":["https:\/\/pagina10.com\/web\/un-narinense-es-el-nuevo-consejero-de-estado\/#respond"]}]},{"@type":"WebPage","@id":"https:\/\/pagina10.com\/web\/un-narinense-es-el-nuevo-consejero-de-estado\/","url":"https:\/\/pagina10.com\/web\/un-narinense-es-el-nuevo-consejero-de-estado\/","name":"Un nari\u00f1ense es el nuevo Consejero de Estado | P\u00e1gina10","isPartOf":{"@id":"https:\/\/pagina10.com\/web\/#website"},"primaryImageOfPage":{"@id":"https:\/\/pagina10.com\/web\/un-narinense-es-el-nuevo-consejero-de-estado\/#primaryimage"},"image":{"@id":"https:\/\/pagina10.com\/web\/un-narinense-es-el-nuevo-consejero-de-estado\/#primaryimage"},"thumbnailUrl":"https:\/\/pagina10.com\/web\/wp-content\/uploads\/2021\/07\/20210707_221951.jpg","datePublished":"2021-07-08T03:26:53+00:00","breadcrumb":{"@id":"https:\/\/pagina10.com\/web\/un-narinense-es-el-nuevo-consejero-de-estado\/#breadcrumb"},"inLanguage":"es","potentialAction":[{"@type":"ReadAction","target":["https:\/\/pagina10.com\/web\/un-narinense-es-el-nuevo-consejero-de-estado\/"]}]},{"@type":"ImageObject","inLanguage":"es","@id":"https:\/\/pagina10.com\/web\/un-narinense-es-el-nuevo-consejero-de-estado\/#primaryimage","url":"https:\/\/pagina10.com\/web\/wp-content\/uploads\/2021\/07\/20210707_221951.jpg","contentUrl":"https:\/\/pagina10.com\/web\/wp-content\/uploads\/2021\/07\/20210707_221951.jpg","width":911,"height":511,"caption":"Tomada de: Twitter @ConsejodeEstado"},{"@type":"BreadcrumbList","@id":"https:\/\/pagina10.com\/web\/un-narinense-es-el-nuevo-consejero-de-estado\/#breadcrumb","itemListElement":[{"@type":"ListItem","position":1,"name":"Portada","item":"https:\/\/pagina10.com\/web\/"},{"@type":"ListItem","position":2,"name":"Un nari\u00f1ense es el nuevo Consejero de Estado"}]},{"@type":"WebSite","@id":"https:\/\/pagina10.com\/web\/#website","url":"https:\/\/pagina10.com\/web\/","name":"P\u00e1gina10","description":"Peri\u00f3dico Regional","publisher":{"@id":"https:\/\/pagina10.com\/web\/#organization"},"alternateName":"P\u00e1gina10 Peri\u00f3dico Regional","potentialAction":[{"@type":"SearchAction","target":{"@type":"EntryPoint","urlTemplate":"https:\/\/pagina10.com\/web\/?s={search_term_string}"},"query-input":{"@type":"PropertyValueSpecification","valueRequired":true,"valueName":"search_term_string"}}],"inLanguage":"es"},{"@type":"Organization","@id":"https:\/\/pagina10.com\/web\/#organization","name":"P\u00e1gina10","alternateName":"P\u00e1gina10 Peri\u00f3dico Regional","url":"https:\/\/pagina10.com\/web\/","logo":{"@type":"ImageObject","inLanguage":"es","@id":"https:\/\/pagina10.com\/web\/#\/schema\/logo\/image\/","url":"https:\/\/pagina10.com\/web\/wp-content\/uploads\/2024\/01\/40-pagina-10-periodico-regional-pasto.jpg","contentUrl":"https:\/\/pagina10.com\/web\/wp-content\/uploads\/2024\/01\/40-pagina-10-periodico-regional-pasto.jpg","width":1280,"height":720,"caption":"P\u00e1gina10"},"image":{"@id":"https:\/\/pagina10.com\/web\/#\/schema\/logo\/image\/"},"sameAs":["https:\/\/www.facebook.com\/pag10com","https:\/\/x.com\/Pag10com","https:\/\/www.instagram.com\/pagina10col\/","https:\/\/youtube.com\/channel\/pag10","https:\/\/www.tiktok.com\/@p10col"]},{"@type":"Person","@id":"https:\/\/pagina10.com\/web\/#\/schema\/person\/2efc4a090d25b667d3bc796798a3a81b","name":"P\u00e1gina 10","description":"P\u00e1gina 10 es un peri\u00f3dico regional que nace en Colombia, en el departamento de Nari\u00f1o, con un enfoque global, fundamentado en cuatro pilares esenciales: la libertad, el pluralismo, la inclusi\u00f3n y la independencia. P\u00e1gina 10 hace referencia a Nari\u00f1o como el d\u00e9cimo departamento creado en Colombia, despu\u00e9s de un proceso pol\u00edtico liderado por actores y actrices regionales con el fin de obtener la independencia y autonom\u00eda de nuestros territorios. Con la creaci\u00f3n de P\u00e1gina 10 se pretende abrir un escenario para el dialogo, la reflexi\u00f3n y el debate que se extienda a otras geograf\u00edas de Am\u00e9rica Latina y del planeta, en una apuesta por transformar colectivamente los desaf\u00edos de un mundo contempor\u00e1neo, m\u00e1s all\u00e1 de las fronteras impuestas.","url":"https:\/\/pagina10.com\/web\/author\/pdiezadmin\/"}]}},"_links":{"self":[{"href":"https:\/\/pagina10.com\/web\/wp-json\/wp\/v2\/posts\/53862","targetHints":{"allow":["GET"]}}],"collection":[{"href":"https:\/\/pagina10.com\/web\/wp-json\/wp\/v2\/posts"}],"about":[{"href":"https:\/\/pagina10.com\/web\/wp-json\/wp\/v2\/types\/post"}],"author":[{"embeddable":true,"href":"https:\/\/pagina10.com\/web\/wp-json\/wp\/v2\/users\/1"}],"replies":[{"embeddable":true,"href":"https:\/\/pagina10.com\/web\/wp-json\/wp\/v2\/comments?post=53862"}],"version-history":[{"count":1,"href":"https:\/\/pagina10.com\/web\/wp-json\/wp\/v2\/posts\/53862\/revisions"}],"predecessor-version":[{"id":53865,"href":"https:\/\/pagina10.com\/web\/wp-json\/wp\/v2\/posts\/53862\/revisions\/53865"}],"wp:featuredmedia":[{"embeddable":true,"href":"https:\/\/pagina10.com\/web\/wp-json\/wp\/v2\/media\/53863"}],"wp:attachment":[{"href":"https:\/\/pagina10.com\/web\/wp-json\/wp\/v2\/media?parent=53862"}],"wp:term":[{"taxonomy":"category","embeddable":true,"href":"https:\/\/pagina10.com\/web\/wp-json\/wp\/v2\/categories?post=53862"},{"taxonomy":"post_tag","embeddable":true,"href":"https:\/\/pagina10.com\/web\/wp-json\/wp\/v2\/tags?post=53862"}],"curies":[{"name":"wp","href":"https:\/\/api.w.org\/{rel}","templated":true}]}}