{"id":53866,"date":"2021-07-08T10:17:22","date_gmt":"2021-07-08T15:17:22","guid":{"rendered":"https:\/\/pagina10.com\/web\/?p=53866"},"modified":"2021-07-10T11:06:16","modified_gmt":"2021-07-10T16:06:16","slug":"conformado-nodo-politico-colombia-humana-narino","status":"publish","type":"post","link":"https:\/\/pagina10.com\/web\/conformado-nodo-politico-colombia-humana-narino\/","title":{"rendered":"Conformado nodo pol\u00edtico Colombia Humana &#8211; Nari\u00f1o"},"content":{"rendered":"<p style=\"text-align: justify;\">Liderados por un grupo multidisciplinario de acad\u00e9micos, intelectuales, l\u00edderes sociales y humanologos; coordinados por un cuerpo colegiado que encabeza el soci\u00f3logo Carlos Santa Mar\u00eda, se crea en Nari\u00f1o el Nodo Colombia Humana en su intenci\u00f3n de apoyar las propuestas e iniciativas del excandidato presidencial Gustavo Petro. Hacen parte de este nodo, entre otros, el periodista Emilio Jim\u00e9nez, el catedr\u00e1tico Heber Santander, la l\u00edder social Marlen Delgado, la comunicadora Leidy Guancha, el polit\u00f3logo Jairo Erazo, la defensora de derechos humanos Juanita Iturru, el l\u00edder juvenil Fernando Arcos, el l\u00edder c\u00edvico Pablo Trejos. Se integran la Costa Pacifico nari\u00f1ense, el Norte y el Sur del departamento, la costa y la sierra y las diferentes secciones territoriales que integran la geograf\u00eda de nuestro departamento. La madurez, la experiencia y la juventud se unen en este prop\u00f3sito de llevar en la pr\u00e1ctica una equidad y justicia social.<\/p>\n<p style=\"text-align: justify;\">El martes seis de julio se realiz\u00f3 la presentaci\u00f3n oficial de este nodo pol\u00edtico y electoral gracias a la gentileza de P\u00e1gina 10 y del abogado y periodista An\u00edbal Ar\u00e9valo Rosero. En este lanzamiento se abord\u00f3 un importante cuestionamiento: \u00bfExisten nuevas propuestas para resolver la crisis en Colombia? Quedando muy en claro la necesidad, en primer lugar, de renovar la clase pol\u00edtica de Colombia, que se ha caracterizado por su avidez de poder y de cuotas burocr\u00e1ticas y clientelistas que nos han llevado como sociedad a una verdadera pandemia econ\u00f3mico social que nos convierte, como naci\u00f3n y pa\u00eds, en una verdadera verg\u00fcenza mundial. Ocupamos los primeros lugares en pobreza, en atraso y dependencia tecnol\u00f3gica, en asesinato y desaparici\u00f3n de l\u00edderes comunitarios y sociales, en abandono del campo y del agro y en el peor escenario para nuestros ni\u00f1os que mueren de hambre y abandono en medio de una riqueza natural y de recursos.<\/p>\n<p style=\"text-align: justify;\">Igualmente se analiza la posibilidad de realizar una nueva y renovada forma de hacer y practicar la pol\u00edtica que lleve a los diferentes escenarios pol\u00edticos como concejos, asambleas y congreso a verdaderos y comprometidos l\u00edderes que han ofrendado lo mejor de s\u00ed a su sociedad en su \u00e1nimo de construir una patria para todos y al alcance de todos.<\/p>\n<p style=\"text-align: justify;\">Me toc\u00f3 en suerte coordinar los asuntos pedag\u00f3gicos y de esta manera contribuir al fortalecimiento de Colombia Humana en esta secci\u00f3n del pa\u00eds. Reto que asumo con la seguridad que se llevar\u00e1 a efecto mediante la integraci\u00f3n de un equipo especializado en el tema, apoyado por los medios modernos que nos ofrece la comunicaci\u00f3n y la tecnolog\u00eda. Desde ya se hace una convocatoria para todas aquellas personas que deseen unirse a este nodo y aportar con sus conocimientos a esta gran empresa que nos une y nos convoca como colombianos.<\/p>\n<p style=\"text-align: justify;\">No nos queda duda que nuestra patria requiere un gran revolc\u00f3n, la decidida intervenci\u00f3n de acad\u00e9micos, l\u00edderes y ciudadan\u00eda en general en el \u00e1nimo de generar sanas pol\u00edticas que nos permitan forjar una Colombia al alcance de todos, sin roscas, sin prebendas oprobiosas y buscando siempre el bien com\u00fan. La paz es la bandera de Colombia Humana, la necesidad de reconciliaci\u00f3n que nos permita y facilite transitar por estos momentos tan cr\u00edticos para la humanidad, especialmente para Colombia, por nuevos senderos de entendimiento y concordia.<\/p>\n<p style=\"text-align: justify;\">Sabemos que son muchos los interesados en este nodo pol\u00edtico y electoral, raz\u00f3n por la cual sus coordinadores regionales formulan una cordial invitaci\u00f3n para que quienes deseen unirse lo puedan hacer en el chat Nodo Pasto \u2013 Nari\u00f1o \u2013 Colombia Humana expresando su intenci\u00f3n al celular 3122687178, escribiendo simplemente Petro Presidente.<\/p>\n<p style=\"text-align: justify;\">Comienza un sue\u00f1o, una utop\u00eda, un deseo colectivo postergado hist\u00f3ricamente por unos usurpadores que no han sabido ni han tenido la fortaleza ni el car\u00e1cter de oponerse a los designios de una clase voraz y rapaz que nos ha llevado al desastre y a la inequidad social.<\/p>\n<p style=\"text-align: justify;\">Bienvenidos todos a esta COLOMBIA HUMANA, la Colombia de todos, el sue\u00f1o de todos, el anhelo que nos une y nos convoca.<\/p>\n","protected":false},"excerpt":{"rendered":"<p>Liderados por un grupo multidisciplinario de acad\u00e9micos, intelectuales, l\u00edderes sociales y humanologos; coordinados por un cuerpo colegiado que encabeza el soci\u00f3logo Carlos Santa Mar\u00eda, se crea en Nari\u00f1o el Nodo Colombia Humana en su intenci\u00f3n de apoyar las propuestas e iniciativas del excandidato presidencial Gustavo Petro. Hacen parte de este nodo, entre otros, el periodista [&hellip;]<\/p>\n","protected":false},"author":46,"featured_media":53867,"comment_status":"open","ping_status":"open","sticky":false,"template":"","format":"standard","meta":{"footnotes":""},"categories":[53],"tags":[],"class_list":["post-53866","post","type-post","status-publish","format-standard","has-post-thumbnail","hentry","category-regiones"],"yoast_head":"<!-- This site is optimized with the Yoast SEO plugin v27.1.1 - https:\/\/yoast.com\/product\/yoast-seo-wordpress\/ -->\n<title>Conformado nodo pol\u00edtico Colombia Humana - Nari\u00f1o | P\u00e1gina10<\/title>\n<meta name=\"robots\" content=\"index, follow, max-snippet:-1, max-image-preview:large, max-video-preview:-1\" \/>\n<link rel=\"canonical\" href=\"https:\/\/pagina10.com\/web\/conformado-nodo-politico-colombia-humana-narino\/\" \/>\n<meta property=\"og:locale\" content=\"es_ES\" \/>\n<meta property=\"og:type\" content=\"article\" \/>\n<meta property=\"og:title\" content=\"Conformado nodo pol\u00edtico Colombia Humana - Nari\u00f1o | P\u00e1gina10\" \/>\n<meta property=\"og:description\" content=\"Liderados por un grupo multidisciplinario de acad\u00e9micos, intelectuales, l\u00edderes sociales y humanologos; coordinados por un cuerpo colegiado que encabeza el soci\u00f3logo Carlos Santa Mar\u00eda, se crea en Nari\u00f1o el Nodo Colombia Humana en su intenci\u00f3n de apoyar las propuestas e iniciativas del excandidato presidencial Gustavo Petro. Hacen parte de este nodo, entre otros, el periodista [&hellip;]\" \/>\n<meta property=\"og:url\" content=\"https:\/\/pagina10.com\/web\/conformado-nodo-politico-colombia-humana-narino\/\" \/>\n<meta property=\"og:site_name\" content=\"P\u00e1gina10\" \/>\n<meta property=\"article:publisher\" content=\"https:\/\/www.facebook.com\/pag10com\" \/>\n<meta property=\"article:published_time\" content=\"2021-07-08T15:17:22+00:00\" \/>\n<meta property=\"article:modified_time\" content=\"2021-07-10T16:06:16+00:00\" \/>\n<meta property=\"og:image\" content=\"https:\/\/pagina10.com\/web\/wp-content\/uploads\/2021\/07\/WhatsApp-Image-2021-07-08-at-10.05.56-AM-1.jpeg\" \/>\n\t<meta property=\"og:image:width\" content=\"1280\" \/>\n\t<meta property=\"og:image:height\" content=\"960\" \/>\n\t<meta property=\"og:image:type\" content=\"image\/jpeg\" \/>\n<meta name=\"author\" content=\"Pablo Emilio Obando Acosta\" \/>\n<meta name=\"twitter:card\" content=\"summary_large_image\" \/>\n<meta name=\"twitter:creator\" content=\"@Pag10com\" \/>\n<meta name=\"twitter:site\" content=\"@Pag10com\" \/>\n<meta name=\"twitter:label1\" content=\"Escrito por\" \/>\n\t<meta name=\"twitter:data1\" content=\"Pablo Emilio Obando Acosta\" \/>\n\t<meta name=\"twitter:label2\" content=\"Tiempo de lectura\" \/>\n\t<meta name=\"twitter:data2\" content=\"4 minutos\" \/>\n<script type=\"application\/ld+json\" class=\"yoast-schema-graph\">{\"@context\":\"https:\/\/schema.org\",\"@graph\":[{\"@type\":\"Article\",\"@id\":\"https:\/\/pagina10.com\/web\/conformado-nodo-politico-colombia-humana-narino\/#article\",\"isPartOf\":{\"@id\":\"https:\/\/pagina10.com\/web\/conformado-nodo-politico-colombia-humana-narino\/\"},\"author\":{\"name\":\"Pablo Emilio Obando Acosta\",\"@id\":\"https:\/\/pagina10.com\/web\/#\/schema\/person\/3d3687c9f037834284853a963ee45123\"},\"headline\":\"Conformado nodo pol\u00edtico Colombia Humana &#8211; Nari\u00f1o\",\"datePublished\":\"2021-07-08T15:17:22+00:00\",\"dateModified\":\"2021-07-10T16:06:16+00:00\",\"mainEntityOfPage\":{\"@id\":\"https:\/\/pagina10.com\/web\/conformado-nodo-politico-colombia-humana-narino\/\"},\"wordCount\":715,\"commentCount\":0,\"publisher\":{\"@id\":\"https:\/\/pagina10.com\/web\/#organization\"},\"image\":{\"@id\":\"https:\/\/pagina10.com\/web\/conformado-nodo-politico-colombia-humana-narino\/#primaryimage\"},\"thumbnailUrl\":\"https:\/\/pagina10.com\/web\/wp-content\/uploads\/2021\/07\/WhatsApp-Image-2021-07-08-at-10.05.56-AM-1.jpeg\",\"articleSection\":[\"Regiones\"],\"inLanguage\":\"es\",\"potentialAction\":[{\"@type\":\"CommentAction\",\"name\":\"Comment\",\"target\":[\"https:\/\/pagina10.com\/web\/conformado-nodo-politico-colombia-humana-narino\/#respond\"]}]},{\"@type\":\"WebPage\",\"@id\":\"https:\/\/pagina10.com\/web\/conformado-nodo-politico-colombia-humana-narino\/\",\"url\":\"https:\/\/pagina10.com\/web\/conformado-nodo-politico-colombia-humana-narino\/\",\"name\":\"Conformado nodo pol\u00edtico Colombia Humana - Nari\u00f1o | P\u00e1gina10\",\"isPartOf\":{\"@id\":\"https:\/\/pagina10.com\/web\/#website\"},\"primaryImageOfPage\":{\"@id\":\"https:\/\/pagina10.com\/web\/conformado-nodo-politico-colombia-humana-narino\/#primaryimage\"},\"image\":{\"@id\":\"https:\/\/pagina10.com\/web\/conformado-nodo-politico-colombia-humana-narino\/#primaryimage\"},\"thumbnailUrl\":\"https:\/\/pagina10.com\/web\/wp-content\/uploads\/2021\/07\/WhatsApp-Image-2021-07-08-at-10.05.56-AM-1.jpeg\",\"datePublished\":\"2021-07-08T15:17:22+00:00\",\"dateModified\":\"2021-07-10T16:06:16+00:00\",\"breadcrumb\":{\"@id\":\"https:\/\/pagina10.com\/web\/conformado-nodo-politico-colombia-humana-narino\/#breadcrumb\"},\"inLanguage\":\"es\",\"potentialAction\":[{\"@type\":\"ReadAction\",\"target\":[\"https:\/\/pagina10.com\/web\/conformado-nodo-politico-colombia-humana-narino\/\"]}]},{\"@type\":\"ImageObject\",\"inLanguage\":\"es\",\"@id\":\"https:\/\/pagina10.com\/web\/conformado-nodo-politico-colombia-humana-narino\/#primaryimage\",\"url\":\"https:\/\/pagina10.com\/web\/wp-content\/uploads\/2021\/07\/WhatsApp-Image-2021-07-08-at-10.05.56-AM-1.jpeg\",\"contentUrl\":\"https:\/\/pagina10.com\/web\/wp-content\/uploads\/2021\/07\/WhatsApp-Image-2021-07-08-at-10.05.56-AM-1.jpeg\",\"width\":1280,\"height\":960},{\"@type\":\"BreadcrumbList\",\"@id\":\"https:\/\/pagina10.com\/web\/conformado-nodo-politico-colombia-humana-narino\/#breadcrumb\",\"itemListElement\":[{\"@type\":\"ListItem\",\"position\":1,\"name\":\"Portada\",\"item\":\"https:\/\/pagina10.com\/web\/\"},{\"@type\":\"ListItem\",\"position\":2,\"name\":\"Conformado nodo pol\u00edtico Colombia Humana &#8211; Nari\u00f1o\"}]},{\"@type\":\"WebSite\",\"@id\":\"https:\/\/pagina10.com\/web\/#website\",\"url\":\"https:\/\/pagina10.com\/web\/\",\"name\":\"P\u00e1gina10\",\"description\":\"Peri\u00f3dico Regional\",\"publisher\":{\"@id\":\"https:\/\/pagina10.com\/web\/#organization\"},\"alternateName\":\"P\u00e1gina10 Peri\u00f3dico Regional\",\"potentialAction\":[{\"@type\":\"SearchAction\",\"target\":{\"@type\":\"EntryPoint\",\"urlTemplate\":\"https:\/\/pagina10.com\/web\/?s={search_term_string}\"},\"query-input\":{\"@type\":\"PropertyValueSpecification\",\"valueRequired\":true,\"valueName\":\"search_term_string\"}}],\"inLanguage\":\"es\"},{\"@type\":\"Organization\",\"@id\":\"https:\/\/pagina10.com\/web\/#organization\",\"name\":\"P\u00e1gina10\",\"alternateName\":\"P\u00e1gina10 Peri\u00f3dico Regional\",\"url\":\"https:\/\/pagina10.com\/web\/\",\"logo\":{\"@type\":\"ImageObject\",\"inLanguage\":\"es\",\"@id\":\"https:\/\/pagina10.com\/web\/#\/schema\/logo\/image\/\",\"url\":\"https:\/\/pagina10.com\/web\/wp-content\/uploads\/2024\/01\/40-pagina-10-periodico-regional-pasto.jpg\",\"contentUrl\":\"https:\/\/pagina10.com\/web\/wp-content\/uploads\/2024\/01\/40-pagina-10-periodico-regional-pasto.jpg\",\"width\":1280,\"height\":720,\"caption\":\"P\u00e1gina10\"},\"image\":{\"@id\":\"https:\/\/pagina10.com\/web\/#\/schema\/logo\/image\/\"},\"sameAs\":[\"https:\/\/www.facebook.com\/pag10com\",\"https:\/\/x.com\/Pag10com\",\"https:\/\/www.instagram.com\/pagina10col\/\",\"https:\/\/youtube.com\/channel\/pag10\",\"https:\/\/www.tiktok.com\/@p10col\"]},{\"@type\":\"Person\",\"@id\":\"https:\/\/pagina10.com\/web\/#\/schema\/person\/3d3687c9f037834284853a963ee45123\",\"name\":\"Pablo Emilio Obando Acosta\",\"description\":\"PABLO EMILIO OBANDO ACOSTA Nace en el a\u00f1o de 1965. Bachiller acad\u00e9mico Modalidad Humanidades del INEM de Pasto. En 1989 culmina sus estudios universitarios en la Universidad de Nari\u00f1o obteniendo el t\u00edtulo de Licenciado en Ciencias Sociales \u2013 \u00e9nfasis Ciencias de la Educaci\u00f3n \u2013Jornada nocturna-. Especialista en Literatura latinoamericana y colaborador de importantes medios de comunicaci\u00f3n escritos de nuestra regi\u00f3n y del pa\u00eds: El Tiempo.com, Semana.com, Dinero, Diario Del Sur, El Espectador.com, entre otros, Sus escritos se conocen y han obtenido reconocimientos en Chile, Uruguay, Paraguay, Espa\u00f1a y Alemania. En el a\u00f1o 2000 obtiene el reconocimiento CORREO DEL SUR como el personaje c\u00edvico del a\u00f1o por su f\u00e9rrea defensa de la dignidad pastense al protestar con su documento \u201cUn pueblo ante la historia\u201d por el trato despectivo de algunos medios de comunicaci\u00f3n. Las reacciones no se hacen esperar en peri\u00f3dicos de circulaci\u00f3n regional y nacional como El Tiempo, El Espectador y El Pa\u00eds. Ha obtenido m\u00faltiples medallas y condecoraciones por su labor period\u00edstica y cultural: Medalla al merito Guillermo Edmundo Ch\u00e1vez \u2013 mejor escritor del departamento de Nari\u00f1o 2005 \u2013 Fundaci\u00f3n Gabriel Garc\u00eda M\u00e1rquez. Mejor Columnista del departamento de Nari\u00f1o \u2013 a\u00f1os 1991 \u2013 1993 \u2013 1996 \u2013 2001 \u2013 2006 Fundaci\u00f3n Cultural Correo del Sur. Personaje C\u00edvico del Departamento de Nari\u00f1o a\u00f1o 2000. Medalla \u00c1lvaro Javier Jurado Calvache a\u00f1o 2007 \u2013 Centro Educativo PROFESA \u2013 defensor poblaci\u00f3n vulnerable del municipio de Pasto. Mejor cuentista del departamento de Nari\u00f1o \u2013 a\u00f1os 1989 \u2013 2004 \u2013 2005. Cronista m\u00e1s destacado del departamento de Nari\u00f1o \u2013 a\u00f1o 2001. Finalista VI Concurso Internacional de Cuento \u2013 Prensa Nueva \u2013 a\u00f1o 1991. Primer puesto Concurso nacional de cuento \u2013 Contralor\u00eda general de la Rep\u00fablica \u2013 a\u00f1o 1992. Primer Lugar Concurso Municipal de Periodismo \u201cSilvio Le\u00f3n Espa\u00f1a\u201d \u2013 2009. . Reconocimiento Concejo municipal de Pasto, por su labor c\u00edvica y educativa. Sus obras y escritos se conocen en varios pa\u00edses de Latinoam\u00e9rica y de Colombia. Es autor de una docena de textos y m\u00e1s de un millar de columnas de opini\u00f3n que han generado pol\u00e9mica en el contexto nacional y latinoamericano: Testimonio de una insurrecci\u00f3n ciudadana \u2013 2011. El doctor Mierda. Un pueblo ante la historia. La filosof\u00eda de la gallina. Del amor por la Tierra... y otros textos. Diario de un maestro de escuela. Apuntes para una nueva historia Nuevos apuntes \u2013 Tomas Hidalgo Calvache. El problema de los cristianos. La utilidad del poeta. \u00bfTe acuerdas Mariana...? Corona F\u00fanebre \u2013 Tomas Hidalgo Calvache. En formato digital ha editado los siguientes t\u00edtulos: - La nueva filosof\u00eda de la gallina. - Tomas Hidalgo Calvache - Apuntes. - Educar con valor. Figura en varias antolog\u00edas de autores nari\u00f1enses y en una latinoamericana. Sobre \u00e9l han escrito elogiosamente intelectuales de la talla de Otto Morales Ben\u00edtez, Edgar Bastidas Urresty, Juan Augusto Ortiz cabrera, Carlos Santamar\u00eda, Javier Rodrizales, Miguel Garz\u00f3n Arteaga, Fausto Molina, Jorge Arturo Bravo y otros tantos que ser\u00eda dif\u00edcil nombrar en esta peque\u00f1a cr\u00f3nica sobre Pablo Emilio Obando Acosta.\",\"url\":\"https:\/\/pagina10.com\/web\/author\/pobando\/\"}]}<\/script>\n<!-- \/ Yoast SEO plugin. -->","yoast_head_json":{"title":"Conformado nodo pol\u00edtico Colombia Humana - Nari\u00f1o | P\u00e1gina10","robots":{"index":"index","follow":"follow","max-snippet":"max-snippet:-1","max-image-preview":"max-image-preview:large","max-video-preview":"max-video-preview:-1"},"canonical":"https:\/\/pagina10.com\/web\/conformado-nodo-politico-colombia-humana-narino\/","og_locale":"es_ES","og_type":"article","og_title":"Conformado nodo pol\u00edtico Colombia Humana - Nari\u00f1o | P\u00e1gina10","og_description":"Liderados por un grupo multidisciplinario de acad\u00e9micos, intelectuales, l\u00edderes sociales y humanologos; coordinados por un cuerpo colegiado que encabeza el soci\u00f3logo Carlos Santa Mar\u00eda, se crea en Nari\u00f1o el Nodo Colombia Humana en su intenci\u00f3n de apoyar las propuestas e iniciativas del excandidato presidencial Gustavo Petro. Hacen parte de este nodo, entre otros, el periodista [&hellip;]","og_url":"https:\/\/pagina10.com\/web\/conformado-nodo-politico-colombia-humana-narino\/","og_site_name":"P\u00e1gina10","article_publisher":"https:\/\/www.facebook.com\/pag10com","article_published_time":"2021-07-08T15:17:22+00:00","article_modified_time":"2021-07-10T16:06:16+00:00","og_image":[{"width":1280,"height":960,"url":"https:\/\/pagina10.com\/web\/wp-content\/uploads\/2021\/07\/WhatsApp-Image-2021-07-08-at-10.05.56-AM-1.jpeg","type":"image\/jpeg"}],"author":"Pablo Emilio Obando Acosta","twitter_card":"summary_large_image","twitter_creator":"@Pag10com","twitter_site":"@Pag10com","twitter_misc":{"Escrito por":"Pablo Emilio Obando Acosta","Tiempo de lectura":"4 minutos"},"schema":{"@context":"https:\/\/schema.org","@graph":[{"@type":"Article","@id":"https:\/\/pagina10.com\/web\/conformado-nodo-politico-colombia-humana-narino\/#article","isPartOf":{"@id":"https:\/\/pagina10.com\/web\/conformado-nodo-politico-colombia-humana-narino\/"},"author":{"name":"Pablo Emilio Obando Acosta","@id":"https:\/\/pagina10.com\/web\/#\/schema\/person\/3d3687c9f037834284853a963ee45123"},"headline":"Conformado nodo pol\u00edtico Colombia Humana &#8211; Nari\u00f1o","datePublished":"2021-07-08T15:17:22+00:00","dateModified":"2021-07-10T16:06:16+00:00","mainEntityOfPage":{"@id":"https:\/\/pagina10.com\/web\/conformado-nodo-politico-colombia-humana-narino\/"},"wordCount":715,"commentCount":0,"publisher":{"@id":"https:\/\/pagina10.com\/web\/#organization"},"image":{"@id":"https:\/\/pagina10.com\/web\/conformado-nodo-politico-colombia-humana-narino\/#primaryimage"},"thumbnailUrl":"https:\/\/pagina10.com\/web\/wp-content\/uploads\/2021\/07\/WhatsApp-Image-2021-07-08-at-10.05.56-AM-1.jpeg","articleSection":["Regiones"],"inLanguage":"es","potentialAction":[{"@type":"CommentAction","name":"Comment","target":["https:\/\/pagina10.com\/web\/conformado-nodo-politico-colombia-humana-narino\/#respond"]}]},{"@type":"WebPage","@id":"https:\/\/pagina10.com\/web\/conformado-nodo-politico-colombia-humana-narino\/","url":"https:\/\/pagina10.com\/web\/conformado-nodo-politico-colombia-humana-narino\/","name":"Conformado nodo pol\u00edtico Colombia Humana - Nari\u00f1o | P\u00e1gina10","isPartOf":{"@id":"https:\/\/pagina10.com\/web\/#website"},"primaryImageOfPage":{"@id":"https:\/\/pagina10.com\/web\/conformado-nodo-politico-colombia-humana-narino\/#primaryimage"},"image":{"@id":"https:\/\/pagina10.com\/web\/conformado-nodo-politico-colombia-humana-narino\/#primaryimage"},"thumbnailUrl":"https:\/\/pagina10.com\/web\/wp-content\/uploads\/2021\/07\/WhatsApp-Image-2021-07-08-at-10.05.56-AM-1.jpeg","datePublished":"2021-07-08T15:17:22+00:00","dateModified":"2021-07-10T16:06:16+00:00","breadcrumb":{"@id":"https:\/\/pagina10.com\/web\/conformado-nodo-politico-colombia-humana-narino\/#breadcrumb"},"inLanguage":"es","potentialAction":[{"@type":"ReadAction","target":["https:\/\/pagina10.com\/web\/conformado-nodo-politico-colombia-humana-narino\/"]}]},{"@type":"ImageObject","inLanguage":"es","@id":"https:\/\/pagina10.com\/web\/conformado-nodo-politico-colombia-humana-narino\/#primaryimage","url":"https:\/\/pagina10.com\/web\/wp-content\/uploads\/2021\/07\/WhatsApp-Image-2021-07-08-at-10.05.56-AM-1.jpeg","contentUrl":"https:\/\/pagina10.com\/web\/wp-content\/uploads\/2021\/07\/WhatsApp-Image-2021-07-08-at-10.05.56-AM-1.jpeg","width":1280,"height":960},{"@type":"BreadcrumbList","@id":"https:\/\/pagina10.com\/web\/conformado-nodo-politico-colombia-humana-narino\/#breadcrumb","itemListElement":[{"@type":"ListItem","position":1,"name":"Portada","item":"https:\/\/pagina10.com\/web\/"},{"@type":"ListItem","position":2,"name":"Conformado nodo pol\u00edtico Colombia Humana &#8211; Nari\u00f1o"}]},{"@type":"WebSite","@id":"https:\/\/pagina10.com\/web\/#website","url":"https:\/\/pagina10.com\/web\/","name":"P\u00e1gina10","description":"Peri\u00f3dico Regional","publisher":{"@id":"https:\/\/pagina10.com\/web\/#organization"},"alternateName":"P\u00e1gina10 Peri\u00f3dico Regional","potentialAction":[{"@type":"SearchAction","target":{"@type":"EntryPoint","urlTemplate":"https:\/\/pagina10.com\/web\/?s={search_term_string}"},"query-input":{"@type":"PropertyValueSpecification","valueRequired":true,"valueName":"search_term_string"}}],"inLanguage":"es"},{"@type":"Organization","@id":"https:\/\/pagina10.com\/web\/#organization","name":"P\u00e1gina10","alternateName":"P\u00e1gina10 Peri\u00f3dico Regional","url":"https:\/\/pagina10.com\/web\/","logo":{"@type":"ImageObject","inLanguage":"es","@id":"https:\/\/pagina10.com\/web\/#\/schema\/logo\/image\/","url":"https:\/\/pagina10.com\/web\/wp-content\/uploads\/2024\/01\/40-pagina-10-periodico-regional-pasto.jpg","contentUrl":"https:\/\/pagina10.com\/web\/wp-content\/uploads\/2024\/01\/40-pagina-10-periodico-regional-pasto.jpg","width":1280,"height":720,"caption":"P\u00e1gina10"},"image":{"@id":"https:\/\/pagina10.com\/web\/#\/schema\/logo\/image\/"},"sameAs":["https:\/\/www.facebook.com\/pag10com","https:\/\/x.com\/Pag10com","https:\/\/www.instagram.com\/pagina10col\/","https:\/\/youtube.com\/channel\/pag10","https:\/\/www.tiktok.com\/@p10col"]},{"@type":"Person","@id":"https:\/\/pagina10.com\/web\/#\/schema\/person\/3d3687c9f037834284853a963ee45123","name":"Pablo Emilio Obando Acosta","description":"PABLO EMILIO OBANDO ACOSTA Nace en el a\u00f1o de 1965. Bachiller acad\u00e9mico Modalidad Humanidades del INEM de Pasto. En 1989 culmina sus estudios universitarios en la Universidad de Nari\u00f1o obteniendo el t\u00edtulo de Licenciado en Ciencias Sociales \u2013 \u00e9nfasis Ciencias de la Educaci\u00f3n \u2013Jornada nocturna-. Especialista en Literatura latinoamericana y colaborador de importantes medios de comunicaci\u00f3n escritos de nuestra regi\u00f3n y del pa\u00eds: El Tiempo.com, Semana.com, Dinero, Diario Del Sur, El Espectador.com, entre otros, Sus escritos se conocen y han obtenido reconocimientos en Chile, Uruguay, Paraguay, Espa\u00f1a y Alemania. En el a\u00f1o 2000 obtiene el reconocimiento CORREO DEL SUR como el personaje c\u00edvico del a\u00f1o por su f\u00e9rrea defensa de la dignidad pastense al protestar con su documento \u201cUn pueblo ante la historia\u201d por el trato despectivo de algunos medios de comunicaci\u00f3n. Las reacciones no se hacen esperar en peri\u00f3dicos de circulaci\u00f3n regional y nacional como El Tiempo, El Espectador y El Pa\u00eds. Ha obtenido m\u00faltiples medallas y condecoraciones por su labor period\u00edstica y cultural: Medalla al merito Guillermo Edmundo Ch\u00e1vez \u2013 mejor escritor del departamento de Nari\u00f1o 2005 \u2013 Fundaci\u00f3n Gabriel Garc\u00eda M\u00e1rquez. Mejor Columnista del departamento de Nari\u00f1o \u2013 a\u00f1os 1991 \u2013 1993 \u2013 1996 \u2013 2001 \u2013 2006 Fundaci\u00f3n Cultural Correo del Sur. Personaje C\u00edvico del Departamento de Nari\u00f1o a\u00f1o 2000. Medalla \u00c1lvaro Javier Jurado Calvache a\u00f1o 2007 \u2013 Centro Educativo PROFESA \u2013 defensor poblaci\u00f3n vulnerable del municipio de Pasto. Mejor cuentista del departamento de Nari\u00f1o \u2013 a\u00f1os 1989 \u2013 2004 \u2013 2005. Cronista m\u00e1s destacado del departamento de Nari\u00f1o \u2013 a\u00f1o 2001. Finalista VI Concurso Internacional de Cuento \u2013 Prensa Nueva \u2013 a\u00f1o 1991. Primer puesto Concurso nacional de cuento \u2013 Contralor\u00eda general de la Rep\u00fablica \u2013 a\u00f1o 1992. Primer Lugar Concurso Municipal de Periodismo \u201cSilvio Le\u00f3n Espa\u00f1a\u201d \u2013 2009. . Reconocimiento Concejo municipal de Pasto, por su labor c\u00edvica y educativa. Sus obras y escritos se conocen en varios pa\u00edses de Latinoam\u00e9rica y de Colombia. Es autor de una docena de textos y m\u00e1s de un millar de columnas de opini\u00f3n que han generado pol\u00e9mica en el contexto nacional y latinoamericano: Testimonio de una insurrecci\u00f3n ciudadana \u2013 2011. El doctor Mierda. Un pueblo ante la historia. La filosof\u00eda de la gallina. Del amor por la Tierra... y otros textos. Diario de un maestro de escuela. Apuntes para una nueva historia Nuevos apuntes \u2013 Tomas Hidalgo Calvache. El problema de los cristianos. La utilidad del poeta. \u00bfTe acuerdas Mariana...? Corona F\u00fanebre \u2013 Tomas Hidalgo Calvache. En formato digital ha editado los siguientes t\u00edtulos: - La nueva filosof\u00eda de la gallina. - Tomas Hidalgo Calvache - Apuntes. - Educar con valor. Figura en varias antolog\u00edas de autores nari\u00f1enses y en una latinoamericana. Sobre \u00e9l han escrito elogiosamente intelectuales de la talla de Otto Morales Ben\u00edtez, Edgar Bastidas Urresty, Juan Augusto Ortiz cabrera, Carlos Santamar\u00eda, Javier Rodrizales, Miguel Garz\u00f3n Arteaga, Fausto Molina, Jorge Arturo Bravo y otros tantos que ser\u00eda dif\u00edcil nombrar en esta peque\u00f1a cr\u00f3nica sobre Pablo Emilio Obando Acosta.","url":"https:\/\/pagina10.com\/web\/author\/pobando\/"}]}},"_links":{"self":[{"href":"https:\/\/pagina10.com\/web\/wp-json\/wp\/v2\/posts\/53866","targetHints":{"allow":["GET"]}}],"collection":[{"href":"https:\/\/pagina10.com\/web\/wp-json\/wp\/v2\/posts"}],"about":[{"href":"https:\/\/pagina10.com\/web\/wp-json\/wp\/v2\/types\/post"}],"author":[{"embeddable":true,"href":"https:\/\/pagina10.com\/web\/wp-json\/wp\/v2\/users\/46"}],"replies":[{"embeddable":true,"href":"https:\/\/pagina10.com\/web\/wp-json\/wp\/v2\/comments?post=53866"}],"version-history":[{"count":2,"href":"https:\/\/pagina10.com\/web\/wp-json\/wp\/v2\/posts\/53866\/revisions"}],"predecessor-version":[{"id":53926,"href":"https:\/\/pagina10.com\/web\/wp-json\/wp\/v2\/posts\/53866\/revisions\/53926"}],"wp:featuredmedia":[{"embeddable":true,"href":"https:\/\/pagina10.com\/web\/wp-json\/wp\/v2\/media\/53867"}],"wp:attachment":[{"href":"https:\/\/pagina10.com\/web\/wp-json\/wp\/v2\/media?parent=53866"}],"wp:term":[{"taxonomy":"category","embeddable":true,"href":"https:\/\/pagina10.com\/web\/wp-json\/wp\/v2\/categories?post=53866"},{"taxonomy":"post_tag","embeddable":true,"href":"https:\/\/pagina10.com\/web\/wp-json\/wp\/v2\/tags?post=53866"}],"curies":[{"name":"wp","href":"https:\/\/api.w.org\/{rel}","templated":true}]}}