{"id":53879,"date":"2021-07-08T13:19:21","date_gmt":"2021-07-08T18:19:21","guid":{"rendered":"https:\/\/pagina10.com\/web\/?p=53879"},"modified":"2021-07-08T13:19:21","modified_gmt":"2021-07-08T18:19:21","slug":"deforestacion-en-colombia-no-para-171-685-hectareas-de-bosque-fueron-taladas","status":"publish","type":"post","link":"https:\/\/pagina10.com\/web\/deforestacion-en-colombia-no-para-171-685-hectareas-de-bosque-fueron-taladas\/","title":{"rendered":"Deforestaci\u00f3n en Colombia no para: 171.685 hect\u00e1reas de bosque fueron taladas"},"content":{"rendered":"<p style=\"text-align: justify;\"><span style=\"font-weight: 400;\">El panorama ambiental en el pa\u00eds es desalentador, seg\u00fan el \u00faltimo informe presentado por el ministerio de Ambiente y el Instituto de Hidrolog\u00eda, Meteorolog\u00eda y Estudios Ambientales (Ideam).<\/span><\/p>\n<p style=\"text-align: justify;\"><span style=\"font-weight: 400;\">Seg\u00fan las cifras arrojadas en el informe, la deforestaci\u00f3n en el pa\u00eds pas\u00f3 de 158.894 hect\u00e1reas en el 2019 a 171.685 en el 2020, un aumento significativo del 8%.<\/span><\/p>\n<p style=\"text-align: justify;\"><span style=\"font-weight: 400;\">La zona de la Amazon\u00eda es la m\u00e1s afectada por la deforestaci\u00f3n, donde la tala aument\u00f3 cerca de 11.000 ha,\u00a0 seg\u00fan informaci\u00f3n suministrada por El Espectador, en 2019 se talaron 98.256 ha, el a\u00f1o pasado esa cifra increment\u00f3 a 109.302 ha. Siendo all\u00ed donde se concentra el 63,7% deforestaci\u00f3n.<\/span><\/p>\n<p style=\"text-align: justify;\"><span style=\"font-weight: 400;\">Los departamentos que se han visto afectados fueron Caquet\u00e1, Guaviare, Putumayo y Meta en el sur y el sureste, as\u00ed como Antioquia en el noroeste.<\/span><\/p>\n<p style=\"text-align: justify;\"><span style=\"font-weight: 400;\">De acuerdo con El Espectador en total hay 12 n\u00facleos donde est\u00e1 concentrada el 67% deforestaci\u00f3n: Sabanas del yar\u00ed, en el Bajo Cagu\u00e1n (16,7%); Guaviare, en la Marginal de la Selva (16%); Sur del Meta (10,5%), Putumayo (5,5%); Mapirip\u00e1n, en Meta (5,1%); Andina Centro Norte &#8211; Nororiente de Antioquia\/Sur de Bol\u00edvar (5%); Andina Norte, en el Catatumbo (4,6%); Pac\u00edfico Norte (1,8%); Andina Sur, en Cauca (0,5%).\u00a0<\/span><\/p>\n<p><span style=\"font-weight: 400;\">Por su parte, en Nari\u00f1o se encuentra el (0,5%) y el Pac\u00edfico Sur el (0,3%).\u00a0<\/span><\/p>\n<p style=\"text-align: justify;\"><span style=\"font-weight: 400;\">En el mismo orden, este informe revel\u00f3 que en los Parques Nacionales Naturales se evidenci\u00f3 un aumento del 2%, en este sentido 15.886 hect\u00e1reas de bosque fueron deforestadas.\u00a0<\/span><\/p>\n<p style=\"text-align: justify;\"><span style=\"font-weight: 400;\">Conforme con el informe, una de las principales causas de deforestaci\u00f3n se debe a la ganader\u00eda extensiva y la construcci\u00f3n de v\u00edas clandestinas en la Amazon\u00eda.<\/span><\/p>\n","protected":false},"excerpt":{"rendered":"<p>El panorama ambiental en el pa\u00eds es desalentador, seg\u00fan el \u00faltimo informe presentado por el ministerio de Ambiente y el Instituto de Hidrolog\u00eda, Meteorolog\u00eda y Estudios Ambientales (Ideam). Seg\u00fan las cifras arrojadas en el informe, la deforestaci\u00f3n en el pa\u00eds pas\u00f3 de 158.894 hect\u00e1reas en el 2019 a 171.685 en el 2020, un aumento significativo [&hellip;]<\/p>\n","protected":false},"author":1,"featured_media":39188,"comment_status":"open","ping_status":"open","sticky":false,"template":"","format":"standard","meta":{"footnotes":""},"categories":[94],"tags":[],"class_list":["post-53879","post","type-post","status-publish","format-standard","has-post-thumbnail","hentry","category-nacional-global-2"],"yoast_head":"<!-- This site is optimized with the Yoast SEO plugin v27.1.1 - https:\/\/yoast.com\/product\/yoast-seo-wordpress\/ -->\n<title>Deforestaci\u00f3n en Colombia no para: 171.685 hect\u00e1reas de bosque fueron taladas | P\u00e1gina10<\/title>\n<meta name=\"robots\" content=\"index, follow, max-snippet:-1, max-image-preview:large, max-video-preview:-1\" \/>\n<link rel=\"canonical\" href=\"https:\/\/pagina10.com\/web\/deforestacion-en-colombia-no-para-171-685-hectareas-de-bosque-fueron-taladas\/\" \/>\n<meta property=\"og:locale\" content=\"es_ES\" \/>\n<meta property=\"og:type\" content=\"article\" \/>\n<meta property=\"og:title\" content=\"Deforestaci\u00f3n en Colombia no para: 171.685 hect\u00e1reas de bosque fueron taladas | P\u00e1gina10\" \/>\n<meta property=\"og:description\" content=\"El panorama ambiental en el pa\u00eds es desalentador, seg\u00fan el \u00faltimo informe presentado por el ministerio de Ambiente y el Instituto de Hidrolog\u00eda, Meteorolog\u00eda y Estudios Ambientales (Ideam). Seg\u00fan las cifras arrojadas en el informe, la deforestaci\u00f3n en el pa\u00eds pas\u00f3 de 158.894 hect\u00e1reas en el 2019 a 171.685 en el 2020, un aumento significativo [&hellip;]\" \/>\n<meta property=\"og:url\" content=\"https:\/\/pagina10.com\/web\/deforestacion-en-colombia-no-para-171-685-hectareas-de-bosque-fueron-taladas\/\" \/>\n<meta property=\"og:site_name\" content=\"P\u00e1gina10\" \/>\n<meta property=\"article:publisher\" content=\"https:\/\/www.facebook.com\/pag10com\" \/>\n<meta property=\"article:published_time\" content=\"2021-07-08T18:19:21+00:00\" \/>\n<meta property=\"og:image\" content=\"https:\/\/pagina10.com\/web\/wp-content\/uploads\/2019\/05\/En-Colombia-se-le-pone-freno-a-la-deforestaci\u00f3n-750x445.jpg\" \/>\n\t<meta property=\"og:image:width\" content=\"750\" \/>\n\t<meta property=\"og:image:height\" content=\"445\" \/>\n\t<meta property=\"og:image:type\" content=\"image\/jpeg\" \/>\n<meta name=\"author\" content=\"P\u00e1gina 10\" \/>\n<meta name=\"twitter:card\" content=\"summary_large_image\" \/>\n<meta name=\"twitter:creator\" content=\"@Pag10com\" \/>\n<meta name=\"twitter:site\" content=\"@Pag10com\" \/>\n<meta name=\"twitter:label1\" content=\"Escrito por\" \/>\n\t<meta name=\"twitter:data1\" content=\"P\u00e1gina 10\" \/>\n\t<meta name=\"twitter:label2\" content=\"Tiempo de lectura\" \/>\n\t<meta name=\"twitter:data2\" content=\"1 minuto\" \/>\n<script type=\"application\/ld+json\" class=\"yoast-schema-graph\">{\"@context\":\"https:\/\/schema.org\",\"@graph\":[{\"@type\":\"Article\",\"@id\":\"https:\/\/pagina10.com\/web\/deforestacion-en-colombia-no-para-171-685-hectareas-de-bosque-fueron-taladas\/#article\",\"isPartOf\":{\"@id\":\"https:\/\/pagina10.com\/web\/deforestacion-en-colombia-no-para-171-685-hectareas-de-bosque-fueron-taladas\/\"},\"author\":{\"name\":\"P\u00e1gina 10\",\"@id\":\"https:\/\/pagina10.com\/web\/#\/schema\/person\/2efc4a090d25b667d3bc796798a3a81b\"},\"headline\":\"Deforestaci\u00f3n en Colombia no para: 171.685 hect\u00e1reas de bosque fueron taladas\",\"datePublished\":\"2021-07-08T18:19:21+00:00\",\"mainEntityOfPage\":{\"@id\":\"https:\/\/pagina10.com\/web\/deforestacion-en-colombia-no-para-171-685-hectareas-de-bosque-fueron-taladas\/\"},\"wordCount\":283,\"commentCount\":0,\"publisher\":{\"@id\":\"https:\/\/pagina10.com\/web\/#organization\"},\"image\":{\"@id\":\"https:\/\/pagina10.com\/web\/deforestacion-en-colombia-no-para-171-685-hectareas-de-bosque-fueron-taladas\/#primaryimage\"},\"thumbnailUrl\":\"https:\/\/pagina10.com\/web\/wp-content\/uploads\/2019\/05\/En-Colombia-se-le-pone-freno-a-la-deforestaci\u00f3n-750x445.jpg\",\"articleSection\":[\"Nacional\"],\"inLanguage\":\"es\",\"potentialAction\":[{\"@type\":\"CommentAction\",\"name\":\"Comment\",\"target\":[\"https:\/\/pagina10.com\/web\/deforestacion-en-colombia-no-para-171-685-hectareas-de-bosque-fueron-taladas\/#respond\"]}]},{\"@type\":\"WebPage\",\"@id\":\"https:\/\/pagina10.com\/web\/deforestacion-en-colombia-no-para-171-685-hectareas-de-bosque-fueron-taladas\/\",\"url\":\"https:\/\/pagina10.com\/web\/deforestacion-en-colombia-no-para-171-685-hectareas-de-bosque-fueron-taladas\/\",\"name\":\"Deforestaci\u00f3n en Colombia no para: 171.685 hect\u00e1reas de bosque fueron taladas | P\u00e1gina10\",\"isPartOf\":{\"@id\":\"https:\/\/pagina10.com\/web\/#website\"},\"primaryImageOfPage\":{\"@id\":\"https:\/\/pagina10.com\/web\/deforestacion-en-colombia-no-para-171-685-hectareas-de-bosque-fueron-taladas\/#primaryimage\"},\"image\":{\"@id\":\"https:\/\/pagina10.com\/web\/deforestacion-en-colombia-no-para-171-685-hectareas-de-bosque-fueron-taladas\/#primaryimage\"},\"thumbnailUrl\":\"https:\/\/pagina10.com\/web\/wp-content\/uploads\/2019\/05\/En-Colombia-se-le-pone-freno-a-la-deforestaci\u00f3n-750x445.jpg\",\"datePublished\":\"2021-07-08T18:19:21+00:00\",\"breadcrumb\":{\"@id\":\"https:\/\/pagina10.com\/web\/deforestacion-en-colombia-no-para-171-685-hectareas-de-bosque-fueron-taladas\/#breadcrumb\"},\"inLanguage\":\"es\",\"potentialAction\":[{\"@type\":\"ReadAction\",\"target\":[\"https:\/\/pagina10.com\/web\/deforestacion-en-colombia-no-para-171-685-hectareas-de-bosque-fueron-taladas\/\"]}]},{\"@type\":\"ImageObject\",\"inLanguage\":\"es\",\"@id\":\"https:\/\/pagina10.com\/web\/deforestacion-en-colombia-no-para-171-685-hectareas-de-bosque-fueron-taladas\/#primaryimage\",\"url\":\"https:\/\/pagina10.com\/web\/wp-content\/uploads\/2019\/05\/En-Colombia-se-le-pone-freno-a-la-deforestaci\u00f3n-750x445.jpg\",\"contentUrl\":\"https:\/\/pagina10.com\/web\/wp-content\/uploads\/2019\/05\/En-Colombia-se-le-pone-freno-a-la-deforestaci\u00f3n-750x445.jpg\",\"width\":750,\"height\":445},{\"@type\":\"BreadcrumbList\",\"@id\":\"https:\/\/pagina10.com\/web\/deforestacion-en-colombia-no-para-171-685-hectareas-de-bosque-fueron-taladas\/#breadcrumb\",\"itemListElement\":[{\"@type\":\"ListItem\",\"position\":1,\"name\":\"Portada\",\"item\":\"https:\/\/pagina10.com\/web\/\"},{\"@type\":\"ListItem\",\"position\":2,\"name\":\"Deforestaci\u00f3n en Colombia no para: 171.685 hect\u00e1reas de bosque fueron taladas\"}]},{\"@type\":\"WebSite\",\"@id\":\"https:\/\/pagina10.com\/web\/#website\",\"url\":\"https:\/\/pagina10.com\/web\/\",\"name\":\"P\u00e1gina10\",\"description\":\"Peri\u00f3dico Regional\",\"publisher\":{\"@id\":\"https:\/\/pagina10.com\/web\/#organization\"},\"alternateName\":\"P\u00e1gina10 Peri\u00f3dico Regional\",\"potentialAction\":[{\"@type\":\"SearchAction\",\"target\":{\"@type\":\"EntryPoint\",\"urlTemplate\":\"https:\/\/pagina10.com\/web\/?s={search_term_string}\"},\"query-input\":{\"@type\":\"PropertyValueSpecification\",\"valueRequired\":true,\"valueName\":\"search_term_string\"}}],\"inLanguage\":\"es\"},{\"@type\":\"Organization\",\"@id\":\"https:\/\/pagina10.com\/web\/#organization\",\"name\":\"P\u00e1gina10\",\"alternateName\":\"P\u00e1gina10 Peri\u00f3dico Regional\",\"url\":\"https:\/\/pagina10.com\/web\/\",\"logo\":{\"@type\":\"ImageObject\",\"inLanguage\":\"es\",\"@id\":\"https:\/\/pagina10.com\/web\/#\/schema\/logo\/image\/\",\"url\":\"https:\/\/pagina10.com\/web\/wp-content\/uploads\/2024\/01\/40-pagina-10-periodico-regional-pasto.jpg\",\"contentUrl\":\"https:\/\/pagina10.com\/web\/wp-content\/uploads\/2024\/01\/40-pagina-10-periodico-regional-pasto.jpg\",\"width\":1280,\"height\":720,\"caption\":\"P\u00e1gina10\"},\"image\":{\"@id\":\"https:\/\/pagina10.com\/web\/#\/schema\/logo\/image\/\"},\"sameAs\":[\"https:\/\/www.facebook.com\/pag10com\",\"https:\/\/x.com\/Pag10com\",\"https:\/\/www.instagram.com\/pagina10col\/\",\"https:\/\/youtube.com\/channel\/pag10\",\"https:\/\/www.tiktok.com\/@p10col\"]},{\"@type\":\"Person\",\"@id\":\"https:\/\/pagina10.com\/web\/#\/schema\/person\/2efc4a090d25b667d3bc796798a3a81b\",\"name\":\"P\u00e1gina 10\",\"description\":\"P\u00e1gina 10 es un peri\u00f3dico regional que nace en Colombia, en el departamento de Nari\u00f1o, con un enfoque global, fundamentado en cuatro pilares esenciales: la libertad, el pluralismo, la inclusi\u00f3n y la independencia. P\u00e1gina 10 hace referencia a Nari\u00f1o como el d\u00e9cimo departamento creado en Colombia, despu\u00e9s de un proceso pol\u00edtico liderado por actores y actrices regionales con el fin de obtener la independencia y autonom\u00eda de nuestros territorios. Con la creaci\u00f3n de P\u00e1gina 10 se pretende abrir un escenario para el dialogo, la reflexi\u00f3n y el debate que se extienda a otras geograf\u00edas de Am\u00e9rica Latina y del planeta, en una apuesta por transformar colectivamente los desaf\u00edos de un mundo contempor\u00e1neo, m\u00e1s all\u00e1 de las fronteras impuestas.\",\"url\":\"https:\/\/pagina10.com\/web\/author\/pdiezadmin\/\"}]}<\/script>\n<!-- \/ Yoast SEO plugin. -->","yoast_head_json":{"title":"Deforestaci\u00f3n en Colombia no para: 171.685 hect\u00e1reas de bosque fueron taladas | P\u00e1gina10","robots":{"index":"index","follow":"follow","max-snippet":"max-snippet:-1","max-image-preview":"max-image-preview:large","max-video-preview":"max-video-preview:-1"},"canonical":"https:\/\/pagina10.com\/web\/deforestacion-en-colombia-no-para-171-685-hectareas-de-bosque-fueron-taladas\/","og_locale":"es_ES","og_type":"article","og_title":"Deforestaci\u00f3n en Colombia no para: 171.685 hect\u00e1reas de bosque fueron taladas | P\u00e1gina10","og_description":"El panorama ambiental en el pa\u00eds es desalentador, seg\u00fan el \u00faltimo informe presentado por el ministerio de Ambiente y el Instituto de Hidrolog\u00eda, Meteorolog\u00eda y Estudios Ambientales (Ideam). Seg\u00fan las cifras arrojadas en el informe, la deforestaci\u00f3n en el pa\u00eds pas\u00f3 de 158.894 hect\u00e1reas en el 2019 a 171.685 en el 2020, un aumento significativo [&hellip;]","og_url":"https:\/\/pagina10.com\/web\/deforestacion-en-colombia-no-para-171-685-hectareas-de-bosque-fueron-taladas\/","og_site_name":"P\u00e1gina10","article_publisher":"https:\/\/www.facebook.com\/pag10com","article_published_time":"2021-07-08T18:19:21+00:00","og_image":[{"width":750,"height":445,"url":"https:\/\/pagina10.com\/web\/wp-content\/uploads\/2019\/05\/En-Colombia-se-le-pone-freno-a-la-deforestaci\u00f3n-750x445.jpg","type":"image\/jpeg"}],"author":"P\u00e1gina 10","twitter_card":"summary_large_image","twitter_creator":"@Pag10com","twitter_site":"@Pag10com","twitter_misc":{"Escrito por":"P\u00e1gina 10","Tiempo de lectura":"1 minuto"},"schema":{"@context":"https:\/\/schema.org","@graph":[{"@type":"Article","@id":"https:\/\/pagina10.com\/web\/deforestacion-en-colombia-no-para-171-685-hectareas-de-bosque-fueron-taladas\/#article","isPartOf":{"@id":"https:\/\/pagina10.com\/web\/deforestacion-en-colombia-no-para-171-685-hectareas-de-bosque-fueron-taladas\/"},"author":{"name":"P\u00e1gina 10","@id":"https:\/\/pagina10.com\/web\/#\/schema\/person\/2efc4a090d25b667d3bc796798a3a81b"},"headline":"Deforestaci\u00f3n en Colombia no para: 171.685 hect\u00e1reas de bosque fueron taladas","datePublished":"2021-07-08T18:19:21+00:00","mainEntityOfPage":{"@id":"https:\/\/pagina10.com\/web\/deforestacion-en-colombia-no-para-171-685-hectareas-de-bosque-fueron-taladas\/"},"wordCount":283,"commentCount":0,"publisher":{"@id":"https:\/\/pagina10.com\/web\/#organization"},"image":{"@id":"https:\/\/pagina10.com\/web\/deforestacion-en-colombia-no-para-171-685-hectareas-de-bosque-fueron-taladas\/#primaryimage"},"thumbnailUrl":"https:\/\/pagina10.com\/web\/wp-content\/uploads\/2019\/05\/En-Colombia-se-le-pone-freno-a-la-deforestaci\u00f3n-750x445.jpg","articleSection":["Nacional"],"inLanguage":"es","potentialAction":[{"@type":"CommentAction","name":"Comment","target":["https:\/\/pagina10.com\/web\/deforestacion-en-colombia-no-para-171-685-hectareas-de-bosque-fueron-taladas\/#respond"]}]},{"@type":"WebPage","@id":"https:\/\/pagina10.com\/web\/deforestacion-en-colombia-no-para-171-685-hectareas-de-bosque-fueron-taladas\/","url":"https:\/\/pagina10.com\/web\/deforestacion-en-colombia-no-para-171-685-hectareas-de-bosque-fueron-taladas\/","name":"Deforestaci\u00f3n en Colombia no para: 171.685 hect\u00e1reas de bosque fueron taladas | P\u00e1gina10","isPartOf":{"@id":"https:\/\/pagina10.com\/web\/#website"},"primaryImageOfPage":{"@id":"https:\/\/pagina10.com\/web\/deforestacion-en-colombia-no-para-171-685-hectareas-de-bosque-fueron-taladas\/#primaryimage"},"image":{"@id":"https:\/\/pagina10.com\/web\/deforestacion-en-colombia-no-para-171-685-hectareas-de-bosque-fueron-taladas\/#primaryimage"},"thumbnailUrl":"https:\/\/pagina10.com\/web\/wp-content\/uploads\/2019\/05\/En-Colombia-se-le-pone-freno-a-la-deforestaci\u00f3n-750x445.jpg","datePublished":"2021-07-08T18:19:21+00:00","breadcrumb":{"@id":"https:\/\/pagina10.com\/web\/deforestacion-en-colombia-no-para-171-685-hectareas-de-bosque-fueron-taladas\/#breadcrumb"},"inLanguage":"es","potentialAction":[{"@type":"ReadAction","target":["https:\/\/pagina10.com\/web\/deforestacion-en-colombia-no-para-171-685-hectareas-de-bosque-fueron-taladas\/"]}]},{"@type":"ImageObject","inLanguage":"es","@id":"https:\/\/pagina10.com\/web\/deforestacion-en-colombia-no-para-171-685-hectareas-de-bosque-fueron-taladas\/#primaryimage","url":"https:\/\/pagina10.com\/web\/wp-content\/uploads\/2019\/05\/En-Colombia-se-le-pone-freno-a-la-deforestaci\u00f3n-750x445.jpg","contentUrl":"https:\/\/pagina10.com\/web\/wp-content\/uploads\/2019\/05\/En-Colombia-se-le-pone-freno-a-la-deforestaci\u00f3n-750x445.jpg","width":750,"height":445},{"@type":"BreadcrumbList","@id":"https:\/\/pagina10.com\/web\/deforestacion-en-colombia-no-para-171-685-hectareas-de-bosque-fueron-taladas\/#breadcrumb","itemListElement":[{"@type":"ListItem","position":1,"name":"Portada","item":"https:\/\/pagina10.com\/web\/"},{"@type":"ListItem","position":2,"name":"Deforestaci\u00f3n en Colombia no para: 171.685 hect\u00e1reas de bosque fueron taladas"}]},{"@type":"WebSite","@id":"https:\/\/pagina10.com\/web\/#website","url":"https:\/\/pagina10.com\/web\/","name":"P\u00e1gina10","description":"Peri\u00f3dico Regional","publisher":{"@id":"https:\/\/pagina10.com\/web\/#organization"},"alternateName":"P\u00e1gina10 Peri\u00f3dico Regional","potentialAction":[{"@type":"SearchAction","target":{"@type":"EntryPoint","urlTemplate":"https:\/\/pagina10.com\/web\/?s={search_term_string}"},"query-input":{"@type":"PropertyValueSpecification","valueRequired":true,"valueName":"search_term_string"}}],"inLanguage":"es"},{"@type":"Organization","@id":"https:\/\/pagina10.com\/web\/#organization","name":"P\u00e1gina10","alternateName":"P\u00e1gina10 Peri\u00f3dico Regional","url":"https:\/\/pagina10.com\/web\/","logo":{"@type":"ImageObject","inLanguage":"es","@id":"https:\/\/pagina10.com\/web\/#\/schema\/logo\/image\/","url":"https:\/\/pagina10.com\/web\/wp-content\/uploads\/2024\/01\/40-pagina-10-periodico-regional-pasto.jpg","contentUrl":"https:\/\/pagina10.com\/web\/wp-content\/uploads\/2024\/01\/40-pagina-10-periodico-regional-pasto.jpg","width":1280,"height":720,"caption":"P\u00e1gina10"},"image":{"@id":"https:\/\/pagina10.com\/web\/#\/schema\/logo\/image\/"},"sameAs":["https:\/\/www.facebook.com\/pag10com","https:\/\/x.com\/Pag10com","https:\/\/www.instagram.com\/pagina10col\/","https:\/\/youtube.com\/channel\/pag10","https:\/\/www.tiktok.com\/@p10col"]},{"@type":"Person","@id":"https:\/\/pagina10.com\/web\/#\/schema\/person\/2efc4a090d25b667d3bc796798a3a81b","name":"P\u00e1gina 10","description":"P\u00e1gina 10 es un peri\u00f3dico regional que nace en Colombia, en el departamento de Nari\u00f1o, con un enfoque global, fundamentado en cuatro pilares esenciales: la libertad, el pluralismo, la inclusi\u00f3n y la independencia. P\u00e1gina 10 hace referencia a Nari\u00f1o como el d\u00e9cimo departamento creado en Colombia, despu\u00e9s de un proceso pol\u00edtico liderado por actores y actrices regionales con el fin de obtener la independencia y autonom\u00eda de nuestros territorios. Con la creaci\u00f3n de P\u00e1gina 10 se pretende abrir un escenario para el dialogo, la reflexi\u00f3n y el debate que se extienda a otras geograf\u00edas de Am\u00e9rica Latina y del planeta, en una apuesta por transformar colectivamente los desaf\u00edos de un mundo contempor\u00e1neo, m\u00e1s all\u00e1 de las fronteras impuestas.","url":"https:\/\/pagina10.com\/web\/author\/pdiezadmin\/"}]}},"_links":{"self":[{"href":"https:\/\/pagina10.com\/web\/wp-json\/wp\/v2\/posts\/53879","targetHints":{"allow":["GET"]}}],"collection":[{"href":"https:\/\/pagina10.com\/web\/wp-json\/wp\/v2\/posts"}],"about":[{"href":"https:\/\/pagina10.com\/web\/wp-json\/wp\/v2\/types\/post"}],"author":[{"embeddable":true,"href":"https:\/\/pagina10.com\/web\/wp-json\/wp\/v2\/users\/1"}],"replies":[{"embeddable":true,"href":"https:\/\/pagina10.com\/web\/wp-json\/wp\/v2\/comments?post=53879"}],"version-history":[{"count":1,"href":"https:\/\/pagina10.com\/web\/wp-json\/wp\/v2\/posts\/53879\/revisions"}],"predecessor-version":[{"id":53880,"href":"https:\/\/pagina10.com\/web\/wp-json\/wp\/v2\/posts\/53879\/revisions\/53880"}],"wp:featuredmedia":[{"embeddable":true,"href":"https:\/\/pagina10.com\/web\/wp-json\/wp\/v2\/media\/39188"}],"wp:attachment":[{"href":"https:\/\/pagina10.com\/web\/wp-json\/wp\/v2\/media?parent=53879"}],"wp:term":[{"taxonomy":"category","embeddable":true,"href":"https:\/\/pagina10.com\/web\/wp-json\/wp\/v2\/categories?post=53879"},{"taxonomy":"post_tag","embeddable":true,"href":"https:\/\/pagina10.com\/web\/wp-json\/wp\/v2\/tags?post=53879"}],"curies":[{"name":"wp","href":"https:\/\/api.w.org\/{rel}","templated":true}]}}