{"id":53897,"date":"2021-07-09T12:23:55","date_gmt":"2021-07-09T17:23:55","guid":{"rendered":"https:\/\/pagina10.com\/web\/?p=53897"},"modified":"2021-07-10T11:05:47","modified_gmt":"2021-07-10T16:05:47","slug":"jovenes-de-narino-fortalecen-su-liderazgo-y-empoderamiento","status":"publish","type":"post","link":"https:\/\/pagina10.com\/web\/jovenes-de-narino-fortalecen-su-liderazgo-y-empoderamiento\/","title":{"rendered":"J\u00f3venes de Nari\u00f1o fortalecen su liderazgo y empoderamiento"},"content":{"rendered":"<div class=\"et_pb_module et_pb_text et_pb_text_0 et_pb_text_align_left et_pb_bg_layout_light\">\n<div class=\"et_pb_text_inner\">\n<p style=\"text-align: justify;\">Con la participaci\u00f3n de 19 j\u00f3venes pertenecientes a las 13 subregiones de Nari\u00f1o, se cumpli\u00f3 la primera sesi\u00f3n de la Plataforma Departamental de Juventud 2021, espacio que busca concertar los procesos y posibles proyectos que permitan fortalecer los espacios de liderazgo, emprendimiento, empoderamiento y participaci\u00f3n de este sector poblacional.<\/p>\n<p>&nbsp;<\/p>\n<\/div>\n<\/div>\n<div class=\"et_pb_module et_pb_text et_pb_text_1 et_pb_text_align_left et_pb_bg_layout_light\">\n<div class=\"et_pb_text_inner\">\n<p style=\"text-align: justify;\">Desde la Gobernaci\u00f3n de Nari\u00f1o, a trav\u00e9s de la Secretar\u00eda de Equidad de G\u00e9nero e Inclusi\u00f3n Social -SEGIS, se avanza en el fortalecimiento de la Plataforma Departamental de Juventud, desarrollando la primera sesi\u00f3n de las 2 estipuladas para el a\u00f1o en curso.<\/p>\n<p style=\"text-align: justify;\">\u201cDentro de nuestro rol como Plataforma ha sido importante vincular a todas las subregiones del Departamento, hoy estamos con 13 de ellas. Para nosotros ha sido muy satisfactorio el encuentro, aunque el trabajo contin\u00faa porque hay organizaciones o municipios que no cuentan con plataformas de juventud y esto es complejo ya que en todos los territorios los j\u00f3venes deben tener la oportunidad de participar de estos espacios\u201d, Aid\u00e9 Bastidas, Coordinadora Mujer de la Plataforma Departamental de Juventud.<\/p>\n<p style=\"text-align: justify;\">Durante el encuentro se logr\u00f3 establecer el plan de trabajo para dar continuidad a la formulaci\u00f3n y ejecuci\u00f3n del proyecto de \u2018Diagn\u00f3stico, apertura y fortalecimiento de las plataformas municipales de juventud\u2019; la organizaci\u00f3n de la Semana de la Juventud y la consolidaci\u00f3n de las Escuelas de Liderazgo. As\u00ed mismo, se realiz\u00f3 una capacitaci\u00f3n por parte de Registradur\u00eda Nacional del Estado Civil del municipio de Tumaco a los representantes municipales sobre la din\u00e1mica de las Elecciones de los Consejos Municipales de Juventud a desarrollarse en el mes de noviembre.<\/p>\n<p style=\"text-align: justify;\">\u201cEl compromiso de la Secretar\u00eda de Equidad de G\u00e9nero de la Gobernaci\u00f3n de Nari\u00f1o, siempre ser\u00e1 en apoyo a todos los grupos poblacionales, en especial de los j\u00f3venes que son y ser\u00e1n el presente de nuestro Departamento; y desde estos escenarios est\u00e1n impulsando de manera positiva la voz de los j\u00f3venes en territorio\u201d, manifest\u00f3 la Secretaria de la SEGIS, Ver\u00f3nica Caicedo.<\/p>\n<p style=\"text-align: justify;\">Por una Nari\u00f1o Incluyente, se constituye as\u00ed, la generaci\u00f3n de espacios de di\u00e1logo y escucha, para concertar acciones de real transformaci\u00f3n.<\/p>\n<\/div>\n<\/div>\n","protected":false},"excerpt":{"rendered":"<p>Con la participaci\u00f3n de 19 j\u00f3venes pertenecientes a las 13 subregiones de Nari\u00f1o, se cumpli\u00f3 la primera sesi\u00f3n de la Plataforma Departamental de Juventud 2021, espacio que busca concertar los procesos y posibles proyectos que permitan fortalecer los espacios de liderazgo, emprendimiento, empoderamiento y participaci\u00f3n de este sector poblacional. &nbsp; Desde la Gobernaci\u00f3n de Nari\u00f1o, [&hellip;]<\/p>\n","protected":false},"author":1,"featured_media":53899,"comment_status":"open","ping_status":"open","sticky":false,"template":"","format":"standard","meta":{"footnotes":""},"categories":[53],"tags":[],"class_list":["post-53897","post","type-post","status-publish","format-standard","has-post-thumbnail","hentry","category-regiones"],"yoast_head":"<!-- This site is optimized with the Yoast SEO plugin v27.1.1 - https:\/\/yoast.com\/product\/yoast-seo-wordpress\/ -->\n<title>J\u00f3venes de Nari\u00f1o fortalecen su liderazgo y empoderamiento | P\u00e1gina10<\/title>\n<meta name=\"robots\" content=\"index, follow, max-snippet:-1, max-image-preview:large, max-video-preview:-1\" \/>\n<link rel=\"canonical\" href=\"https:\/\/pagina10.com\/web\/jovenes-de-narino-fortalecen-su-liderazgo-y-empoderamiento\/\" \/>\n<meta property=\"og:locale\" content=\"es_ES\" \/>\n<meta property=\"og:type\" content=\"article\" \/>\n<meta property=\"og:title\" content=\"J\u00f3venes de Nari\u00f1o fortalecen su liderazgo y empoderamiento | P\u00e1gina10\" \/>\n<meta property=\"og:description\" content=\"Con la participaci\u00f3n de 19 j\u00f3venes pertenecientes a las 13 subregiones de Nari\u00f1o, se cumpli\u00f3 la primera sesi\u00f3n de la Plataforma Departamental de Juventud 2021, espacio que busca concertar los procesos y posibles proyectos que permitan fortalecer los espacios de liderazgo, emprendimiento, empoderamiento y participaci\u00f3n de este sector poblacional. &nbsp; Desde la Gobernaci\u00f3n de Nari\u00f1o, [&hellip;]\" \/>\n<meta property=\"og:url\" content=\"https:\/\/pagina10.com\/web\/jovenes-de-narino-fortalecen-su-liderazgo-y-empoderamiento\/\" \/>\n<meta property=\"og:site_name\" content=\"P\u00e1gina10\" \/>\n<meta property=\"article:publisher\" content=\"https:\/\/www.facebook.com\/pag10com\" \/>\n<meta property=\"article:published_time\" content=\"2021-07-09T17:23:55+00:00\" \/>\n<meta property=\"article:modified_time\" content=\"2021-07-10T16:05:47+00:00\" \/>\n<meta property=\"og:image\" content=\"https:\/\/pagina10.com\/web\/wp-content\/uploads\/2021\/07\/Sin-titulo-3-1080x551-1.jpg\" \/>\n\t<meta property=\"og:image:width\" content=\"1080\" \/>\n\t<meta property=\"og:image:height\" content=\"551\" \/>\n\t<meta property=\"og:image:type\" content=\"image\/jpeg\" \/>\n<meta name=\"author\" content=\"P\u00e1gina 10\" \/>\n<meta name=\"twitter:card\" content=\"summary_large_image\" \/>\n<meta name=\"twitter:creator\" content=\"@Pag10com\" \/>\n<meta name=\"twitter:site\" content=\"@Pag10com\" \/>\n<meta name=\"twitter:label1\" content=\"Escrito por\" \/>\n\t<meta name=\"twitter:data1\" content=\"P\u00e1gina 10\" \/>\n\t<meta name=\"twitter:label2\" content=\"Tiempo de lectura\" \/>\n\t<meta name=\"twitter:data2\" content=\"2 minutos\" \/>\n<script type=\"application\/ld+json\" class=\"yoast-schema-graph\">{\"@context\":\"https:\/\/schema.org\",\"@graph\":[{\"@type\":\"Article\",\"@id\":\"https:\/\/pagina10.com\/web\/jovenes-de-narino-fortalecen-su-liderazgo-y-empoderamiento\/#article\",\"isPartOf\":{\"@id\":\"https:\/\/pagina10.com\/web\/jovenes-de-narino-fortalecen-su-liderazgo-y-empoderamiento\/\"},\"author\":{\"name\":\"P\u00e1gina 10\",\"@id\":\"https:\/\/pagina10.com\/web\/#\/schema\/person\/2efc4a090d25b667d3bc796798a3a81b\"},\"headline\":\"J\u00f3venes de Nari\u00f1o fortalecen su liderazgo y empoderamiento\",\"datePublished\":\"2021-07-09T17:23:55+00:00\",\"dateModified\":\"2021-07-10T16:05:47+00:00\",\"mainEntityOfPage\":{\"@id\":\"https:\/\/pagina10.com\/web\/jovenes-de-narino-fortalecen-su-liderazgo-y-empoderamiento\/\"},\"wordCount\":380,\"commentCount\":0,\"publisher\":{\"@id\":\"https:\/\/pagina10.com\/web\/#organization\"},\"image\":{\"@id\":\"https:\/\/pagina10.com\/web\/jovenes-de-narino-fortalecen-su-liderazgo-y-empoderamiento\/#primaryimage\"},\"thumbnailUrl\":\"https:\/\/pagina10.com\/web\/wp-content\/uploads\/2021\/07\/Sin-titulo-3-1080x551-1.jpg\",\"articleSection\":[\"Regiones\"],\"inLanguage\":\"es\",\"potentialAction\":[{\"@type\":\"CommentAction\",\"name\":\"Comment\",\"target\":[\"https:\/\/pagina10.com\/web\/jovenes-de-narino-fortalecen-su-liderazgo-y-empoderamiento\/#respond\"]}]},{\"@type\":\"WebPage\",\"@id\":\"https:\/\/pagina10.com\/web\/jovenes-de-narino-fortalecen-su-liderazgo-y-empoderamiento\/\",\"url\":\"https:\/\/pagina10.com\/web\/jovenes-de-narino-fortalecen-su-liderazgo-y-empoderamiento\/\",\"name\":\"J\u00f3venes de Nari\u00f1o fortalecen su liderazgo y empoderamiento | P\u00e1gina10\",\"isPartOf\":{\"@id\":\"https:\/\/pagina10.com\/web\/#website\"},\"primaryImageOfPage\":{\"@id\":\"https:\/\/pagina10.com\/web\/jovenes-de-narino-fortalecen-su-liderazgo-y-empoderamiento\/#primaryimage\"},\"image\":{\"@id\":\"https:\/\/pagina10.com\/web\/jovenes-de-narino-fortalecen-su-liderazgo-y-empoderamiento\/#primaryimage\"},\"thumbnailUrl\":\"https:\/\/pagina10.com\/web\/wp-content\/uploads\/2021\/07\/Sin-titulo-3-1080x551-1.jpg\",\"datePublished\":\"2021-07-09T17:23:55+00:00\",\"dateModified\":\"2021-07-10T16:05:47+00:00\",\"breadcrumb\":{\"@id\":\"https:\/\/pagina10.com\/web\/jovenes-de-narino-fortalecen-su-liderazgo-y-empoderamiento\/#breadcrumb\"},\"inLanguage\":\"es\",\"potentialAction\":[{\"@type\":\"ReadAction\",\"target\":[\"https:\/\/pagina10.com\/web\/jovenes-de-narino-fortalecen-su-liderazgo-y-empoderamiento\/\"]}]},{\"@type\":\"ImageObject\",\"inLanguage\":\"es\",\"@id\":\"https:\/\/pagina10.com\/web\/jovenes-de-narino-fortalecen-su-liderazgo-y-empoderamiento\/#primaryimage\",\"url\":\"https:\/\/pagina10.com\/web\/wp-content\/uploads\/2021\/07\/Sin-titulo-3-1080x551-1.jpg\",\"contentUrl\":\"https:\/\/pagina10.com\/web\/wp-content\/uploads\/2021\/07\/Sin-titulo-3-1080x551-1.jpg\",\"width\":1080,\"height\":551},{\"@type\":\"BreadcrumbList\",\"@id\":\"https:\/\/pagina10.com\/web\/jovenes-de-narino-fortalecen-su-liderazgo-y-empoderamiento\/#breadcrumb\",\"itemListElement\":[{\"@type\":\"ListItem\",\"position\":1,\"name\":\"Portada\",\"item\":\"https:\/\/pagina10.com\/web\/\"},{\"@type\":\"ListItem\",\"position\":2,\"name\":\"J\u00f3venes de Nari\u00f1o fortalecen su liderazgo y empoderamiento\"}]},{\"@type\":\"WebSite\",\"@id\":\"https:\/\/pagina10.com\/web\/#website\",\"url\":\"https:\/\/pagina10.com\/web\/\",\"name\":\"P\u00e1gina10\",\"description\":\"Peri\u00f3dico Regional\",\"publisher\":{\"@id\":\"https:\/\/pagina10.com\/web\/#organization\"},\"alternateName\":\"P\u00e1gina10 Peri\u00f3dico Regional\",\"potentialAction\":[{\"@type\":\"SearchAction\",\"target\":{\"@type\":\"EntryPoint\",\"urlTemplate\":\"https:\/\/pagina10.com\/web\/?s={search_term_string}\"},\"query-input\":{\"@type\":\"PropertyValueSpecification\",\"valueRequired\":true,\"valueName\":\"search_term_string\"}}],\"inLanguage\":\"es\"},{\"@type\":\"Organization\",\"@id\":\"https:\/\/pagina10.com\/web\/#organization\",\"name\":\"P\u00e1gina10\",\"alternateName\":\"P\u00e1gina10 Peri\u00f3dico Regional\",\"url\":\"https:\/\/pagina10.com\/web\/\",\"logo\":{\"@type\":\"ImageObject\",\"inLanguage\":\"es\",\"@id\":\"https:\/\/pagina10.com\/web\/#\/schema\/logo\/image\/\",\"url\":\"https:\/\/pagina10.com\/web\/wp-content\/uploads\/2024\/01\/40-pagina-10-periodico-regional-pasto.jpg\",\"contentUrl\":\"https:\/\/pagina10.com\/web\/wp-content\/uploads\/2024\/01\/40-pagina-10-periodico-regional-pasto.jpg\",\"width\":1280,\"height\":720,\"caption\":\"P\u00e1gina10\"},\"image\":{\"@id\":\"https:\/\/pagina10.com\/web\/#\/schema\/logo\/image\/\"},\"sameAs\":[\"https:\/\/www.facebook.com\/pag10com\",\"https:\/\/x.com\/Pag10com\",\"https:\/\/www.instagram.com\/pagina10col\/\",\"https:\/\/youtube.com\/channel\/pag10\",\"https:\/\/www.tiktok.com\/@p10col\"]},{\"@type\":\"Person\",\"@id\":\"https:\/\/pagina10.com\/web\/#\/schema\/person\/2efc4a090d25b667d3bc796798a3a81b\",\"name\":\"P\u00e1gina 10\",\"description\":\"P\u00e1gina 10 es un peri\u00f3dico regional que nace en Colombia, en el departamento de Nari\u00f1o, con un enfoque global, fundamentado en cuatro pilares esenciales: la libertad, el pluralismo, la inclusi\u00f3n y la independencia. P\u00e1gina 10 hace referencia a Nari\u00f1o como el d\u00e9cimo departamento creado en Colombia, despu\u00e9s de un proceso pol\u00edtico liderado por actores y actrices regionales con el fin de obtener la independencia y autonom\u00eda de nuestros territorios. Con la creaci\u00f3n de P\u00e1gina 10 se pretende abrir un escenario para el dialogo, la reflexi\u00f3n y el debate que se extienda a otras geograf\u00edas de Am\u00e9rica Latina y del planeta, en una apuesta por transformar colectivamente los desaf\u00edos de un mundo contempor\u00e1neo, m\u00e1s all\u00e1 de las fronteras impuestas.\",\"url\":\"https:\/\/pagina10.com\/web\/author\/pdiezadmin\/\"}]}<\/script>\n<!-- \/ Yoast SEO plugin. -->","yoast_head_json":{"title":"J\u00f3venes de Nari\u00f1o fortalecen su liderazgo y empoderamiento | P\u00e1gina10","robots":{"index":"index","follow":"follow","max-snippet":"max-snippet:-1","max-image-preview":"max-image-preview:large","max-video-preview":"max-video-preview:-1"},"canonical":"https:\/\/pagina10.com\/web\/jovenes-de-narino-fortalecen-su-liderazgo-y-empoderamiento\/","og_locale":"es_ES","og_type":"article","og_title":"J\u00f3venes de Nari\u00f1o fortalecen su liderazgo y empoderamiento | P\u00e1gina10","og_description":"Con la participaci\u00f3n de 19 j\u00f3venes pertenecientes a las 13 subregiones de Nari\u00f1o, se cumpli\u00f3 la primera sesi\u00f3n de la Plataforma Departamental de Juventud 2021, espacio que busca concertar los procesos y posibles proyectos que permitan fortalecer los espacios de liderazgo, emprendimiento, empoderamiento y participaci\u00f3n de este sector poblacional. &nbsp; Desde la Gobernaci\u00f3n de Nari\u00f1o, [&hellip;]","og_url":"https:\/\/pagina10.com\/web\/jovenes-de-narino-fortalecen-su-liderazgo-y-empoderamiento\/","og_site_name":"P\u00e1gina10","article_publisher":"https:\/\/www.facebook.com\/pag10com","article_published_time":"2021-07-09T17:23:55+00:00","article_modified_time":"2021-07-10T16:05:47+00:00","og_image":[{"width":1080,"height":551,"url":"https:\/\/pagina10.com\/web\/wp-content\/uploads\/2021\/07\/Sin-titulo-3-1080x551-1.jpg","type":"image\/jpeg"}],"author":"P\u00e1gina 10","twitter_card":"summary_large_image","twitter_creator":"@Pag10com","twitter_site":"@Pag10com","twitter_misc":{"Escrito por":"P\u00e1gina 10","Tiempo de lectura":"2 minutos"},"schema":{"@context":"https:\/\/schema.org","@graph":[{"@type":"Article","@id":"https:\/\/pagina10.com\/web\/jovenes-de-narino-fortalecen-su-liderazgo-y-empoderamiento\/#article","isPartOf":{"@id":"https:\/\/pagina10.com\/web\/jovenes-de-narino-fortalecen-su-liderazgo-y-empoderamiento\/"},"author":{"name":"P\u00e1gina 10","@id":"https:\/\/pagina10.com\/web\/#\/schema\/person\/2efc4a090d25b667d3bc796798a3a81b"},"headline":"J\u00f3venes de Nari\u00f1o fortalecen su liderazgo y empoderamiento","datePublished":"2021-07-09T17:23:55+00:00","dateModified":"2021-07-10T16:05:47+00:00","mainEntityOfPage":{"@id":"https:\/\/pagina10.com\/web\/jovenes-de-narino-fortalecen-su-liderazgo-y-empoderamiento\/"},"wordCount":380,"commentCount":0,"publisher":{"@id":"https:\/\/pagina10.com\/web\/#organization"},"image":{"@id":"https:\/\/pagina10.com\/web\/jovenes-de-narino-fortalecen-su-liderazgo-y-empoderamiento\/#primaryimage"},"thumbnailUrl":"https:\/\/pagina10.com\/web\/wp-content\/uploads\/2021\/07\/Sin-titulo-3-1080x551-1.jpg","articleSection":["Regiones"],"inLanguage":"es","potentialAction":[{"@type":"CommentAction","name":"Comment","target":["https:\/\/pagina10.com\/web\/jovenes-de-narino-fortalecen-su-liderazgo-y-empoderamiento\/#respond"]}]},{"@type":"WebPage","@id":"https:\/\/pagina10.com\/web\/jovenes-de-narino-fortalecen-su-liderazgo-y-empoderamiento\/","url":"https:\/\/pagina10.com\/web\/jovenes-de-narino-fortalecen-su-liderazgo-y-empoderamiento\/","name":"J\u00f3venes de Nari\u00f1o fortalecen su liderazgo y empoderamiento | P\u00e1gina10","isPartOf":{"@id":"https:\/\/pagina10.com\/web\/#website"},"primaryImageOfPage":{"@id":"https:\/\/pagina10.com\/web\/jovenes-de-narino-fortalecen-su-liderazgo-y-empoderamiento\/#primaryimage"},"image":{"@id":"https:\/\/pagina10.com\/web\/jovenes-de-narino-fortalecen-su-liderazgo-y-empoderamiento\/#primaryimage"},"thumbnailUrl":"https:\/\/pagina10.com\/web\/wp-content\/uploads\/2021\/07\/Sin-titulo-3-1080x551-1.jpg","datePublished":"2021-07-09T17:23:55+00:00","dateModified":"2021-07-10T16:05:47+00:00","breadcrumb":{"@id":"https:\/\/pagina10.com\/web\/jovenes-de-narino-fortalecen-su-liderazgo-y-empoderamiento\/#breadcrumb"},"inLanguage":"es","potentialAction":[{"@type":"ReadAction","target":["https:\/\/pagina10.com\/web\/jovenes-de-narino-fortalecen-su-liderazgo-y-empoderamiento\/"]}]},{"@type":"ImageObject","inLanguage":"es","@id":"https:\/\/pagina10.com\/web\/jovenes-de-narino-fortalecen-su-liderazgo-y-empoderamiento\/#primaryimage","url":"https:\/\/pagina10.com\/web\/wp-content\/uploads\/2021\/07\/Sin-titulo-3-1080x551-1.jpg","contentUrl":"https:\/\/pagina10.com\/web\/wp-content\/uploads\/2021\/07\/Sin-titulo-3-1080x551-1.jpg","width":1080,"height":551},{"@type":"BreadcrumbList","@id":"https:\/\/pagina10.com\/web\/jovenes-de-narino-fortalecen-su-liderazgo-y-empoderamiento\/#breadcrumb","itemListElement":[{"@type":"ListItem","position":1,"name":"Portada","item":"https:\/\/pagina10.com\/web\/"},{"@type":"ListItem","position":2,"name":"J\u00f3venes de Nari\u00f1o fortalecen su liderazgo y empoderamiento"}]},{"@type":"WebSite","@id":"https:\/\/pagina10.com\/web\/#website","url":"https:\/\/pagina10.com\/web\/","name":"P\u00e1gina10","description":"Peri\u00f3dico Regional","publisher":{"@id":"https:\/\/pagina10.com\/web\/#organization"},"alternateName":"P\u00e1gina10 Peri\u00f3dico Regional","potentialAction":[{"@type":"SearchAction","target":{"@type":"EntryPoint","urlTemplate":"https:\/\/pagina10.com\/web\/?s={search_term_string}"},"query-input":{"@type":"PropertyValueSpecification","valueRequired":true,"valueName":"search_term_string"}}],"inLanguage":"es"},{"@type":"Organization","@id":"https:\/\/pagina10.com\/web\/#organization","name":"P\u00e1gina10","alternateName":"P\u00e1gina10 Peri\u00f3dico Regional","url":"https:\/\/pagina10.com\/web\/","logo":{"@type":"ImageObject","inLanguage":"es","@id":"https:\/\/pagina10.com\/web\/#\/schema\/logo\/image\/","url":"https:\/\/pagina10.com\/web\/wp-content\/uploads\/2024\/01\/40-pagina-10-periodico-regional-pasto.jpg","contentUrl":"https:\/\/pagina10.com\/web\/wp-content\/uploads\/2024\/01\/40-pagina-10-periodico-regional-pasto.jpg","width":1280,"height":720,"caption":"P\u00e1gina10"},"image":{"@id":"https:\/\/pagina10.com\/web\/#\/schema\/logo\/image\/"},"sameAs":["https:\/\/www.facebook.com\/pag10com","https:\/\/x.com\/Pag10com","https:\/\/www.instagram.com\/pagina10col\/","https:\/\/youtube.com\/channel\/pag10","https:\/\/www.tiktok.com\/@p10col"]},{"@type":"Person","@id":"https:\/\/pagina10.com\/web\/#\/schema\/person\/2efc4a090d25b667d3bc796798a3a81b","name":"P\u00e1gina 10","description":"P\u00e1gina 10 es un peri\u00f3dico regional que nace en Colombia, en el departamento de Nari\u00f1o, con un enfoque global, fundamentado en cuatro pilares esenciales: la libertad, el pluralismo, la inclusi\u00f3n y la independencia. P\u00e1gina 10 hace referencia a Nari\u00f1o como el d\u00e9cimo departamento creado en Colombia, despu\u00e9s de un proceso pol\u00edtico liderado por actores y actrices regionales con el fin de obtener la independencia y autonom\u00eda de nuestros territorios. Con la creaci\u00f3n de P\u00e1gina 10 se pretende abrir un escenario para el dialogo, la reflexi\u00f3n y el debate que se extienda a otras geograf\u00edas de Am\u00e9rica Latina y del planeta, en una apuesta por transformar colectivamente los desaf\u00edos de un mundo contempor\u00e1neo, m\u00e1s all\u00e1 de las fronteras impuestas.","url":"https:\/\/pagina10.com\/web\/author\/pdiezadmin\/"}]}},"_links":{"self":[{"href":"https:\/\/pagina10.com\/web\/wp-json\/wp\/v2\/posts\/53897","targetHints":{"allow":["GET"]}}],"collection":[{"href":"https:\/\/pagina10.com\/web\/wp-json\/wp\/v2\/posts"}],"about":[{"href":"https:\/\/pagina10.com\/web\/wp-json\/wp\/v2\/types\/post"}],"author":[{"embeddable":true,"href":"https:\/\/pagina10.com\/web\/wp-json\/wp\/v2\/users\/1"}],"replies":[{"embeddable":true,"href":"https:\/\/pagina10.com\/web\/wp-json\/wp\/v2\/comments?post=53897"}],"version-history":[{"count":1,"href":"https:\/\/pagina10.com\/web\/wp-json\/wp\/v2\/posts\/53897\/revisions"}],"predecessor-version":[{"id":53898,"href":"https:\/\/pagina10.com\/web\/wp-json\/wp\/v2\/posts\/53897\/revisions\/53898"}],"wp:featuredmedia":[{"embeddable":true,"href":"https:\/\/pagina10.com\/web\/wp-json\/wp\/v2\/media\/53899"}],"wp:attachment":[{"href":"https:\/\/pagina10.com\/web\/wp-json\/wp\/v2\/media?parent=53897"}],"wp:term":[{"taxonomy":"category","embeddable":true,"href":"https:\/\/pagina10.com\/web\/wp-json\/wp\/v2\/categories?post=53897"},{"taxonomy":"post_tag","embeddable":true,"href":"https:\/\/pagina10.com\/web\/wp-json\/wp\/v2\/tags?post=53897"}],"curies":[{"name":"wp","href":"https:\/\/api.w.org\/{rel}","templated":true}]}}