{"id":53900,"date":"2021-07-09T18:18:25","date_gmt":"2021-07-09T23:18:25","guid":{"rendered":"https:\/\/pagina10.com\/web\/?p=53900"},"modified":"2021-07-09T18:20:38","modified_gmt":"2021-07-09T23:20:38","slug":"los-hogares-rurales-en-narino-han-sido-los-mas-afectados-por-la-pandemia","status":"publish","type":"post","link":"https:\/\/pagina10.com\/web\/los-hogares-rurales-en-narino-han-sido-los-mas-afectados-por-la-pandemia\/","title":{"rendered":"Los hogares rurales en Nari\u00f1o han sido los m\u00e1s afectados por la pandemia"},"content":{"rendered":"<p style=\"text-align: justify;\"><span style=\"font-weight: 400;\">La pandemia ocasionada por el Covid-19, ha tra\u00eddo consigo una crisis sanitaria que puso en alerta a todos los habitantes del planeta, sumado a eso, el confinamiento y el aislamiento social y preventivo ocasionaron\u00a0 que las din\u00e1micas sociales, econ\u00f3micas y alimentarias se transformaran; en algunos aspectos hubo poblaci\u00f3n que se vio mayormente afectada.<\/span><\/p>\n<p style=\"text-align: justify;\"><span style=\"font-weight: 400;\">En Colombia la afectaci\u00f3n fue grave, las cifras de desempleo, de problem\u00e1ticas sociales y\u00a0 d\u00e9ficit alimentario no se hicieron esperar y el crecimiento ha sido mayor.\u00a0<\/span><\/p>\n<p style=\"text-align: justify;\"><span style=\"font-weight: 400;\">En el departamento de Nari\u00f1o esta afectaci\u00f3n no pas\u00f3 desapercibida, seg\u00fan informa un comunicado de Rimisp- Centro para el Desarrollo Rural, donde afirma que los hogares rurales en Nari\u00f1o han sido los m\u00e1s afectados por la pandemia.\u00a0<\/span><\/p>\n<p style=\"text-align: justify;\"><span style=\"font-weight: 400;\">Siendo as\u00ed, Rimisp \u2013 Centro Latinoamericano para el Desarrollo Rural, con el apoyo del Centro Internacional de Investigaciones para el Desarrollo (IDRC) de la cooperaci\u00f3n canadiense, informaron que se adelant\u00f3 una Encuesta sobre Seguridad Alimentaria y Alimentaci\u00f3n en 10 territorios de Am\u00e9rica Latina, entre ellos se encuentra el Departamento de Nari\u00f1o y el Huila.\u00a0<\/span><\/p>\n<p style=\"text-align: justify;\"><span style=\"font-weight: 400;\">Tal como inform\u00f3 Rimisp, la encuesta se realiz\u00f3 para comprender los efectos que la pandemia por el COVID-19 ha generado sobre el acceso y consumo de alimentos en los hogares rurales y urbanos de los departamentos de Huila y Nari\u00f1o.<\/span><\/p>\n<p style=\"text-align: justify;\"><span style=\"font-weight: 400;\">En el departamento de Nari\u00f1o en total fueron 445 hogares los encuentros.\u00a0<\/span><\/p>\n<p style=\"text-align: justify;\"><span style=\"font-weight: 400;\">Entre tanto, los resultados que arroj\u00f3 la encuesta, evidencian que, los hogares rurales son los m\u00e1s afectados, junto con aquellos encabezados por mujeres.\u00a0<\/span><\/p>\n<p style=\"text-align: justify;\"><span style=\"font-weight: 400;\">Seg\u00fan se\u00f1alan los resultados de la encuesta, el 65% de los hogares reportaron tener menos ingresos; en la zona rural el porcentaje es m\u00e1s alto, debido a que el 71% de los encuestados coincidi\u00f3 en que hubo una &#8220;reducci\u00f3n de sus ingresos&#8221;, se lee en el comunicado emitido por Rimisp.\u00a0 \u00a0<\/span><\/p>\n<p style=\"text-align: justify;\"><span style=\"font-weight: 400;\">En este orden, en el comunicado se evidencia\u00a0 que, el 47% de los hogares encuestados manifest\u00f3 presentar inseguridad alimentaria moderada a severa. En este caso, 4 de cada 10 hogares redujo la calidad y cantidad de sus alimentos en Nari\u00f1o.<\/span><\/p>\n<p style=\"text-align: justify;\"><span style=\"font-weight: 400;\">Con un porcentaje alarmante, el 13% de los hogares enfrent\u00f3 inseguridad alimentaria severa, es decir, sufri\u00f3 hambre.<\/span><\/p>\n<p style=\"text-align: justify;\"><span style=\"font-weight: 400;\">Por otra parte, el 51% de los hogares nari\u00f1enses donde la mujer es la cabeza de hogar, redujo la cantidad y calidad de sus alimentos frente a los hogares con jefatura masculina.<\/span><\/p>\n<p style=\"text-align: justify;\"><span style=\"font-weight: 400;\">Un 14,3% del grupo de mujeres estuvo en riesgo de pasar uno o m\u00e1s d\u00edas sin comer, el otro obtuvo un 10%.<\/span><\/p>\n<p style=\"text-align: justify;\"><span style=\"font-weight: 400;\">Para concluir, el 65% de los hogares encuestados en Nari\u00f1o, disminuyeron el consumo de carne o pescado como una estrategia para mitigar la crisis econ\u00f3mica que se present\u00f3 por la pandemia.\u00a0<\/span><\/p>\n<p style=\"text-align: justify;\"><span style=\"font-weight: 400;\">Estas cifras son alarmantes, debido a que este d\u00e9ficit de alimentaci\u00f3n puede afectar en el desarrollo f\u00edsico y cognitivo de los ni\u00f1os, ni\u00f1as y adolescentes.\u00a0<\/span><\/p>\n<p style=\"text-align: justify;\"><span style=\"font-weight: 400;\">Carlos C\u00f3rdoba, director de Rimisp en Colombia manifest\u00f3 que, \u201cLos nari\u00f1enses han comprometido la calidad y variedad de los alimentos, han reducido las <\/span><span style=\"text-transform: initial;\">cantidades o n\u00famero de comidas al d\u00eda e incluso, han llegado a sentir hambriento. Existen distintos factores que contribuyen a que la alimentaci\u00f3n sea una preocupaci\u00f3n en muchos hogares, y por ello la construcci\u00f3n de soluciones debe considerar las condiciones territoriales y tener como eje, el di\u00e1logo entre diversos actores\u201d afirm\u00f3.<\/span><\/p>\n","protected":false},"excerpt":{"rendered":"<p>La pandemia ocasionada por el Covid-19, ha tra\u00eddo consigo una crisis sanitaria que puso en alerta a todos los habitantes del planeta, sumado a eso, el confinamiento y el aislamiento social y preventivo ocasionaron\u00a0 que las din\u00e1micas sociales, econ\u00f3micas y alimentarias se transformaran; en algunos aspectos hubo poblaci\u00f3n que se vio mayormente afectada. En Colombia [&hellip;]<\/p>\n","protected":false},"author":1,"featured_media":37617,"comment_status":"open","ping_status":"open","sticky":false,"template":"","format":"standard","meta":{"footnotes":""},"categories":[53],"tags":[],"class_list":["post-53900","post","type-post","status-publish","format-standard","has-post-thumbnail","hentry","category-regiones"],"yoast_head":"<!-- This site is optimized with the Yoast SEO plugin v27.1.1 - https:\/\/yoast.com\/product\/yoast-seo-wordpress\/ -->\n<title>Los hogares rurales en Nari\u00f1o han sido los m\u00e1s afectados por la pandemia | P\u00e1gina10<\/title>\n<meta name=\"robots\" content=\"index, follow, max-snippet:-1, max-image-preview:large, max-video-preview:-1\" \/>\n<link rel=\"canonical\" href=\"https:\/\/pagina10.com\/web\/los-hogares-rurales-en-narino-han-sido-los-mas-afectados-por-la-pandemia\/\" \/>\n<meta property=\"og:locale\" content=\"es_ES\" \/>\n<meta property=\"og:type\" content=\"article\" \/>\n<meta property=\"og:title\" content=\"Los hogares rurales en Nari\u00f1o han sido los m\u00e1s afectados por la pandemia | P\u00e1gina10\" \/>\n<meta property=\"og:description\" content=\"La pandemia ocasionada por el Covid-19, ha tra\u00eddo consigo una crisis sanitaria que puso en alerta a todos los habitantes del planeta, sumado a eso, el confinamiento y el aislamiento social y preventivo ocasionaron que las din\u00e1micas sociales, econ\u00f3micas y alimentarias se transformaran; en algunos aspectos hubo poblaci\u00f3n que se vio mayormente afectada. En Colombia [&hellip;]\" \/>\n<meta property=\"og:url\" content=\"https:\/\/pagina10.com\/web\/los-hogares-rurales-en-narino-han-sido-los-mas-afectados-por-la-pandemia\/\" \/>\n<meta property=\"og:site_name\" content=\"P\u00e1gina10\" \/>\n<meta property=\"article:publisher\" content=\"https:\/\/www.facebook.com\/pag10com\" \/>\n<meta property=\"article:published_time\" content=\"2021-07-09T23:18:25+00:00\" \/>\n<meta property=\"article:modified_time\" content=\"2021-07-09T23:20:38+00:00\" \/>\n<meta property=\"og:image\" content=\"https:\/\/pagina10.com\/web\/wp-content\/uploads\/2019\/03\/Campo-nari\u00f1ense.jpg\" \/>\n\t<meta property=\"og:image:width\" content=\"750\" \/>\n\t<meta property=\"og:image:height\" content=\"430\" \/>\n\t<meta property=\"og:image:type\" content=\"image\/jpeg\" \/>\n<meta name=\"author\" content=\"P\u00e1gina 10\" \/>\n<meta name=\"twitter:card\" content=\"summary_large_image\" \/>\n<meta name=\"twitter:creator\" content=\"@Pag10com\" \/>\n<meta name=\"twitter:site\" content=\"@Pag10com\" \/>\n<meta name=\"twitter:label1\" content=\"Escrito por\" \/>\n\t<meta name=\"twitter:data1\" content=\"P\u00e1gina 10\" \/>\n\t<meta name=\"twitter:label2\" content=\"Tiempo de lectura\" \/>\n\t<meta name=\"twitter:data2\" content=\"3 minutos\" \/>\n<script type=\"application\/ld+json\" class=\"yoast-schema-graph\">{\"@context\":\"https:\/\/schema.org\",\"@graph\":[{\"@type\":\"Article\",\"@id\":\"https:\/\/pagina10.com\/web\/los-hogares-rurales-en-narino-han-sido-los-mas-afectados-por-la-pandemia\/#article\",\"isPartOf\":{\"@id\":\"https:\/\/pagina10.com\/web\/los-hogares-rurales-en-narino-han-sido-los-mas-afectados-por-la-pandemia\/\"},\"author\":{\"name\":\"P\u00e1gina 10\",\"@id\":\"https:\/\/pagina10.com\/web\/#\/schema\/person\/2efc4a090d25b667d3bc796798a3a81b\"},\"headline\":\"Los hogares rurales en Nari\u00f1o han sido los m\u00e1s afectados por la pandemia\",\"datePublished\":\"2021-07-09T23:18:25+00:00\",\"dateModified\":\"2021-07-09T23:20:38+00:00\",\"mainEntityOfPage\":{\"@id\":\"https:\/\/pagina10.com\/web\/los-hogares-rurales-en-narino-han-sido-los-mas-afectados-por-la-pandemia\/\"},\"wordCount\":580,\"commentCount\":0,\"publisher\":{\"@id\":\"https:\/\/pagina10.com\/web\/#organization\"},\"image\":{\"@id\":\"https:\/\/pagina10.com\/web\/los-hogares-rurales-en-narino-han-sido-los-mas-afectados-por-la-pandemia\/#primaryimage\"},\"thumbnailUrl\":\"https:\/\/pagina10.com\/web\/wp-content\/uploads\/2019\/03\/Campo-nari\u00f1ense.jpg\",\"articleSection\":[\"Regiones\"],\"inLanguage\":\"es\",\"potentialAction\":[{\"@type\":\"CommentAction\",\"name\":\"Comment\",\"target\":[\"https:\/\/pagina10.com\/web\/los-hogares-rurales-en-narino-han-sido-los-mas-afectados-por-la-pandemia\/#respond\"]}]},{\"@type\":\"WebPage\",\"@id\":\"https:\/\/pagina10.com\/web\/los-hogares-rurales-en-narino-han-sido-los-mas-afectados-por-la-pandemia\/\",\"url\":\"https:\/\/pagina10.com\/web\/los-hogares-rurales-en-narino-han-sido-los-mas-afectados-por-la-pandemia\/\",\"name\":\"Los hogares rurales en Nari\u00f1o han sido los m\u00e1s afectados por la pandemia | P\u00e1gina10\",\"isPartOf\":{\"@id\":\"https:\/\/pagina10.com\/web\/#website\"},\"primaryImageOfPage\":{\"@id\":\"https:\/\/pagina10.com\/web\/los-hogares-rurales-en-narino-han-sido-los-mas-afectados-por-la-pandemia\/#primaryimage\"},\"image\":{\"@id\":\"https:\/\/pagina10.com\/web\/los-hogares-rurales-en-narino-han-sido-los-mas-afectados-por-la-pandemia\/#primaryimage\"},\"thumbnailUrl\":\"https:\/\/pagina10.com\/web\/wp-content\/uploads\/2019\/03\/Campo-nari\u00f1ense.jpg\",\"datePublished\":\"2021-07-09T23:18:25+00:00\",\"dateModified\":\"2021-07-09T23:20:38+00:00\",\"breadcrumb\":{\"@id\":\"https:\/\/pagina10.com\/web\/los-hogares-rurales-en-narino-han-sido-los-mas-afectados-por-la-pandemia\/#breadcrumb\"},\"inLanguage\":\"es\",\"potentialAction\":[{\"@type\":\"ReadAction\",\"target\":[\"https:\/\/pagina10.com\/web\/los-hogares-rurales-en-narino-han-sido-los-mas-afectados-por-la-pandemia\/\"]}]},{\"@type\":\"ImageObject\",\"inLanguage\":\"es\",\"@id\":\"https:\/\/pagina10.com\/web\/los-hogares-rurales-en-narino-han-sido-los-mas-afectados-por-la-pandemia\/#primaryimage\",\"url\":\"https:\/\/pagina10.com\/web\/wp-content\/uploads\/2019\/03\/Campo-nari\u00f1ense.jpg\",\"contentUrl\":\"https:\/\/pagina10.com\/web\/wp-content\/uploads\/2019\/03\/Campo-nari\u00f1ense.jpg\",\"width\":750,\"height\":430},{\"@type\":\"BreadcrumbList\",\"@id\":\"https:\/\/pagina10.com\/web\/los-hogares-rurales-en-narino-han-sido-los-mas-afectados-por-la-pandemia\/#breadcrumb\",\"itemListElement\":[{\"@type\":\"ListItem\",\"position\":1,\"name\":\"Portada\",\"item\":\"https:\/\/pagina10.com\/web\/\"},{\"@type\":\"ListItem\",\"position\":2,\"name\":\"Los hogares rurales en Nari\u00f1o han sido los m\u00e1s afectados por la pandemia\"}]},{\"@type\":\"WebSite\",\"@id\":\"https:\/\/pagina10.com\/web\/#website\",\"url\":\"https:\/\/pagina10.com\/web\/\",\"name\":\"P\u00e1gina10\",\"description\":\"Peri\u00f3dico Regional\",\"publisher\":{\"@id\":\"https:\/\/pagina10.com\/web\/#organization\"},\"alternateName\":\"P\u00e1gina10 Peri\u00f3dico Regional\",\"potentialAction\":[{\"@type\":\"SearchAction\",\"target\":{\"@type\":\"EntryPoint\",\"urlTemplate\":\"https:\/\/pagina10.com\/web\/?s={search_term_string}\"},\"query-input\":{\"@type\":\"PropertyValueSpecification\",\"valueRequired\":true,\"valueName\":\"search_term_string\"}}],\"inLanguage\":\"es\"},{\"@type\":\"Organization\",\"@id\":\"https:\/\/pagina10.com\/web\/#organization\",\"name\":\"P\u00e1gina10\",\"alternateName\":\"P\u00e1gina10 Peri\u00f3dico Regional\",\"url\":\"https:\/\/pagina10.com\/web\/\",\"logo\":{\"@type\":\"ImageObject\",\"inLanguage\":\"es\",\"@id\":\"https:\/\/pagina10.com\/web\/#\/schema\/logo\/image\/\",\"url\":\"https:\/\/pagina10.com\/web\/wp-content\/uploads\/2024\/01\/40-pagina-10-periodico-regional-pasto.jpg\",\"contentUrl\":\"https:\/\/pagina10.com\/web\/wp-content\/uploads\/2024\/01\/40-pagina-10-periodico-regional-pasto.jpg\",\"width\":1280,\"height\":720,\"caption\":\"P\u00e1gina10\"},\"image\":{\"@id\":\"https:\/\/pagina10.com\/web\/#\/schema\/logo\/image\/\"},\"sameAs\":[\"https:\/\/www.facebook.com\/pag10com\",\"https:\/\/x.com\/Pag10com\",\"https:\/\/www.instagram.com\/pagina10col\/\",\"https:\/\/youtube.com\/channel\/pag10\",\"https:\/\/www.tiktok.com\/@p10col\"]},{\"@type\":\"Person\",\"@id\":\"https:\/\/pagina10.com\/web\/#\/schema\/person\/2efc4a090d25b667d3bc796798a3a81b\",\"name\":\"P\u00e1gina 10\",\"description\":\"P\u00e1gina 10 es un peri\u00f3dico regional que nace en Colombia, en el departamento de Nari\u00f1o, con un enfoque global, fundamentado en cuatro pilares esenciales: la libertad, el pluralismo, la inclusi\u00f3n y la independencia. P\u00e1gina 10 hace referencia a Nari\u00f1o como el d\u00e9cimo departamento creado en Colombia, despu\u00e9s de un proceso pol\u00edtico liderado por actores y actrices regionales con el fin de obtener la independencia y autonom\u00eda de nuestros territorios. Con la creaci\u00f3n de P\u00e1gina 10 se pretende abrir un escenario para el dialogo, la reflexi\u00f3n y el debate que se extienda a otras geograf\u00edas de Am\u00e9rica Latina y del planeta, en una apuesta por transformar colectivamente los desaf\u00edos de un mundo contempor\u00e1neo, m\u00e1s all\u00e1 de las fronteras impuestas.\",\"url\":\"https:\/\/pagina10.com\/web\/author\/pdiezadmin\/\"}]}<\/script>\n<!-- \/ Yoast SEO plugin. -->","yoast_head_json":{"title":"Los hogares rurales en Nari\u00f1o han sido los m\u00e1s afectados por la pandemia | P\u00e1gina10","robots":{"index":"index","follow":"follow","max-snippet":"max-snippet:-1","max-image-preview":"max-image-preview:large","max-video-preview":"max-video-preview:-1"},"canonical":"https:\/\/pagina10.com\/web\/los-hogares-rurales-en-narino-han-sido-los-mas-afectados-por-la-pandemia\/","og_locale":"es_ES","og_type":"article","og_title":"Los hogares rurales en Nari\u00f1o han sido los m\u00e1s afectados por la pandemia | P\u00e1gina10","og_description":"La pandemia ocasionada por el Covid-19, ha tra\u00eddo consigo una crisis sanitaria que puso en alerta a todos los habitantes del planeta, sumado a eso, el confinamiento y el aislamiento social y preventivo ocasionaron que las din\u00e1micas sociales, econ\u00f3micas y alimentarias se transformaran; en algunos aspectos hubo poblaci\u00f3n que se vio mayormente afectada. En Colombia [&hellip;]","og_url":"https:\/\/pagina10.com\/web\/los-hogares-rurales-en-narino-han-sido-los-mas-afectados-por-la-pandemia\/","og_site_name":"P\u00e1gina10","article_publisher":"https:\/\/www.facebook.com\/pag10com","article_published_time":"2021-07-09T23:18:25+00:00","article_modified_time":"2021-07-09T23:20:38+00:00","og_image":[{"width":750,"height":430,"url":"https:\/\/pagina10.com\/web\/wp-content\/uploads\/2019\/03\/Campo-nari\u00f1ense.jpg","type":"image\/jpeg"}],"author":"P\u00e1gina 10","twitter_card":"summary_large_image","twitter_creator":"@Pag10com","twitter_site":"@Pag10com","twitter_misc":{"Escrito por":"P\u00e1gina 10","Tiempo de lectura":"3 minutos"},"schema":{"@context":"https:\/\/schema.org","@graph":[{"@type":"Article","@id":"https:\/\/pagina10.com\/web\/los-hogares-rurales-en-narino-han-sido-los-mas-afectados-por-la-pandemia\/#article","isPartOf":{"@id":"https:\/\/pagina10.com\/web\/los-hogares-rurales-en-narino-han-sido-los-mas-afectados-por-la-pandemia\/"},"author":{"name":"P\u00e1gina 10","@id":"https:\/\/pagina10.com\/web\/#\/schema\/person\/2efc4a090d25b667d3bc796798a3a81b"},"headline":"Los hogares rurales en Nari\u00f1o han sido los m\u00e1s afectados por la pandemia","datePublished":"2021-07-09T23:18:25+00:00","dateModified":"2021-07-09T23:20:38+00:00","mainEntityOfPage":{"@id":"https:\/\/pagina10.com\/web\/los-hogares-rurales-en-narino-han-sido-los-mas-afectados-por-la-pandemia\/"},"wordCount":580,"commentCount":0,"publisher":{"@id":"https:\/\/pagina10.com\/web\/#organization"},"image":{"@id":"https:\/\/pagina10.com\/web\/los-hogares-rurales-en-narino-han-sido-los-mas-afectados-por-la-pandemia\/#primaryimage"},"thumbnailUrl":"https:\/\/pagina10.com\/web\/wp-content\/uploads\/2019\/03\/Campo-nari\u00f1ense.jpg","articleSection":["Regiones"],"inLanguage":"es","potentialAction":[{"@type":"CommentAction","name":"Comment","target":["https:\/\/pagina10.com\/web\/los-hogares-rurales-en-narino-han-sido-los-mas-afectados-por-la-pandemia\/#respond"]}]},{"@type":"WebPage","@id":"https:\/\/pagina10.com\/web\/los-hogares-rurales-en-narino-han-sido-los-mas-afectados-por-la-pandemia\/","url":"https:\/\/pagina10.com\/web\/los-hogares-rurales-en-narino-han-sido-los-mas-afectados-por-la-pandemia\/","name":"Los hogares rurales en Nari\u00f1o han sido los m\u00e1s afectados por la pandemia | P\u00e1gina10","isPartOf":{"@id":"https:\/\/pagina10.com\/web\/#website"},"primaryImageOfPage":{"@id":"https:\/\/pagina10.com\/web\/los-hogares-rurales-en-narino-han-sido-los-mas-afectados-por-la-pandemia\/#primaryimage"},"image":{"@id":"https:\/\/pagina10.com\/web\/los-hogares-rurales-en-narino-han-sido-los-mas-afectados-por-la-pandemia\/#primaryimage"},"thumbnailUrl":"https:\/\/pagina10.com\/web\/wp-content\/uploads\/2019\/03\/Campo-nari\u00f1ense.jpg","datePublished":"2021-07-09T23:18:25+00:00","dateModified":"2021-07-09T23:20:38+00:00","breadcrumb":{"@id":"https:\/\/pagina10.com\/web\/los-hogares-rurales-en-narino-han-sido-los-mas-afectados-por-la-pandemia\/#breadcrumb"},"inLanguage":"es","potentialAction":[{"@type":"ReadAction","target":["https:\/\/pagina10.com\/web\/los-hogares-rurales-en-narino-han-sido-los-mas-afectados-por-la-pandemia\/"]}]},{"@type":"ImageObject","inLanguage":"es","@id":"https:\/\/pagina10.com\/web\/los-hogares-rurales-en-narino-han-sido-los-mas-afectados-por-la-pandemia\/#primaryimage","url":"https:\/\/pagina10.com\/web\/wp-content\/uploads\/2019\/03\/Campo-nari\u00f1ense.jpg","contentUrl":"https:\/\/pagina10.com\/web\/wp-content\/uploads\/2019\/03\/Campo-nari\u00f1ense.jpg","width":750,"height":430},{"@type":"BreadcrumbList","@id":"https:\/\/pagina10.com\/web\/los-hogares-rurales-en-narino-han-sido-los-mas-afectados-por-la-pandemia\/#breadcrumb","itemListElement":[{"@type":"ListItem","position":1,"name":"Portada","item":"https:\/\/pagina10.com\/web\/"},{"@type":"ListItem","position":2,"name":"Los hogares rurales en Nari\u00f1o han sido los m\u00e1s afectados por la pandemia"}]},{"@type":"WebSite","@id":"https:\/\/pagina10.com\/web\/#website","url":"https:\/\/pagina10.com\/web\/","name":"P\u00e1gina10","description":"Peri\u00f3dico Regional","publisher":{"@id":"https:\/\/pagina10.com\/web\/#organization"},"alternateName":"P\u00e1gina10 Peri\u00f3dico Regional","potentialAction":[{"@type":"SearchAction","target":{"@type":"EntryPoint","urlTemplate":"https:\/\/pagina10.com\/web\/?s={search_term_string}"},"query-input":{"@type":"PropertyValueSpecification","valueRequired":true,"valueName":"search_term_string"}}],"inLanguage":"es"},{"@type":"Organization","@id":"https:\/\/pagina10.com\/web\/#organization","name":"P\u00e1gina10","alternateName":"P\u00e1gina10 Peri\u00f3dico Regional","url":"https:\/\/pagina10.com\/web\/","logo":{"@type":"ImageObject","inLanguage":"es","@id":"https:\/\/pagina10.com\/web\/#\/schema\/logo\/image\/","url":"https:\/\/pagina10.com\/web\/wp-content\/uploads\/2024\/01\/40-pagina-10-periodico-regional-pasto.jpg","contentUrl":"https:\/\/pagina10.com\/web\/wp-content\/uploads\/2024\/01\/40-pagina-10-periodico-regional-pasto.jpg","width":1280,"height":720,"caption":"P\u00e1gina10"},"image":{"@id":"https:\/\/pagina10.com\/web\/#\/schema\/logo\/image\/"},"sameAs":["https:\/\/www.facebook.com\/pag10com","https:\/\/x.com\/Pag10com","https:\/\/www.instagram.com\/pagina10col\/","https:\/\/youtube.com\/channel\/pag10","https:\/\/www.tiktok.com\/@p10col"]},{"@type":"Person","@id":"https:\/\/pagina10.com\/web\/#\/schema\/person\/2efc4a090d25b667d3bc796798a3a81b","name":"P\u00e1gina 10","description":"P\u00e1gina 10 es un peri\u00f3dico regional que nace en Colombia, en el departamento de Nari\u00f1o, con un enfoque global, fundamentado en cuatro pilares esenciales: la libertad, el pluralismo, la inclusi\u00f3n y la independencia. P\u00e1gina 10 hace referencia a Nari\u00f1o como el d\u00e9cimo departamento creado en Colombia, despu\u00e9s de un proceso pol\u00edtico liderado por actores y actrices regionales con el fin de obtener la independencia y autonom\u00eda de nuestros territorios. Con la creaci\u00f3n de P\u00e1gina 10 se pretende abrir un escenario para el dialogo, la reflexi\u00f3n y el debate que se extienda a otras geograf\u00edas de Am\u00e9rica Latina y del planeta, en una apuesta por transformar colectivamente los desaf\u00edos de un mundo contempor\u00e1neo, m\u00e1s all\u00e1 de las fronteras impuestas.","url":"https:\/\/pagina10.com\/web\/author\/pdiezadmin\/"}]}},"_links":{"self":[{"href":"https:\/\/pagina10.com\/web\/wp-json\/wp\/v2\/posts\/53900","targetHints":{"allow":["GET"]}}],"collection":[{"href":"https:\/\/pagina10.com\/web\/wp-json\/wp\/v2\/posts"}],"about":[{"href":"https:\/\/pagina10.com\/web\/wp-json\/wp\/v2\/types\/post"}],"author":[{"embeddable":true,"href":"https:\/\/pagina10.com\/web\/wp-json\/wp\/v2\/users\/1"}],"replies":[{"embeddable":true,"href":"https:\/\/pagina10.com\/web\/wp-json\/wp\/v2\/comments?post=53900"}],"version-history":[{"count":2,"href":"https:\/\/pagina10.com\/web\/wp-json\/wp\/v2\/posts\/53900\/revisions"}],"predecessor-version":[{"id":53902,"href":"https:\/\/pagina10.com\/web\/wp-json\/wp\/v2\/posts\/53900\/revisions\/53902"}],"wp:featuredmedia":[{"embeddable":true,"href":"https:\/\/pagina10.com\/web\/wp-json\/wp\/v2\/media\/37617"}],"wp:attachment":[{"href":"https:\/\/pagina10.com\/web\/wp-json\/wp\/v2\/media?parent=53900"}],"wp:term":[{"taxonomy":"category","embeddable":true,"href":"https:\/\/pagina10.com\/web\/wp-json\/wp\/v2\/categories?post=53900"},{"taxonomy":"post_tag","embeddable":true,"href":"https:\/\/pagina10.com\/web\/wp-json\/wp\/v2\/tags?post=53900"}],"curies":[{"name":"wp","href":"https:\/\/api.w.org\/{rel}","templated":true}]}}