{"id":53914,"date":"2021-07-10T07:43:09","date_gmt":"2021-07-10T12:43:09","guid":{"rendered":"https:\/\/pagina10.com\/web\/?p=53914"},"modified":"2021-07-10T07:43:09","modified_gmt":"2021-07-10T12:43:09","slug":"firman-pacto-para-la-busqueda-de-personas-desaparecidas-en-narino","status":"publish","type":"post","link":"https:\/\/pagina10.com\/web\/firman-pacto-para-la-busqueda-de-personas-desaparecidas-en-narino\/","title":{"rendered":"Firman pacto para la b\u00fasqueda de personas desaparecidas en Nari\u00f1o"},"content":{"rendered":"<p style=\"text-align: justify;\">En el departamento de Nari\u00f1o se realiz\u00f3 la suscripci\u00f3n del \u201cPacto Regional por la B\u00fasqueda de Personas dadas por Desaparecidas en el departamento de Nari\u00f1o\u201d,\u00a0 en un trabajo conjunto de La Unidad de B\u00fasqueda de Personas Dadas por Desaparecidas junto a la Alcald\u00eda de Tumaco y la Gobernaci\u00f3n de Nari\u00f1o, con el apoyo de la Oficina de la Alta Comisionada de las Naciones Unidas para los Derechos Humanos.<\/p>\n<p style=\"text-align: justify;\">La firma del pacto, tiene como fin impulsar la b\u00fasqueda de personas dadas por desaparecidas, as\u00ed lo inform\u00f3 Juliette de Rivero, Representante en Colombia de la Alta Comisionada de las Naciones Unidas para los Derechos Humanos \u201cel Pacto reviste una especial importancia para impulsar la b\u00fasqueda de personas dadas por desaparecidas. La estrategia de suscripci\u00f3n de los Pactos tiene como prop\u00f3sito fundamental la convergencia regional de diversos actores institucionales y sociales para contribuir a la b\u00fasqueda de personas desaparecidas, bajo la observancia de sus competencias legales y experticias, y con ello, contribuir a cesar la incertidumbre sobre el paradero de sus seres queridos desaparecidos, aliviando el sufrimiento y la zozobra de los familiares\u201d, anot\u00f3.<\/p>\n<p style=\"text-align: justify;\">Tambi\u00e9n afirm\u00f3 que, el departamento de Nari\u00f1o ha sido uno de los m\u00e1s afectados por el conflicto armado, raz\u00f3n por la cual se han presentado violaciones y vulneraciones a los derechos humanos, entre estas violaciones se presentan \u201cdesapariciones que generan zozobra y terror en las comunidades\u201d, agreg\u00f3 que, \u201ces esencial y urgente implementar medidas orientadas a dar con el paradero de las personas dadas por desaparecidas, entre las que se encuentra, el trabajo y la articulaci\u00f3n con la UBPD\u201d.<\/p>\n<p style=\"text-align: justify;\">La Unidad de B\u00fasqueda de Personas Desaparecidas, por su parte asever\u00f3 que \u201cLa suscripci\u00f3n de este pacto no solo es un acto de solidaridad, sino tambi\u00e9n de responsabilidad y humanidad para con las v\u00edctimas y sus familias con el prop\u00f3sito de apoyarles en su b\u00fasqueda y as\u00ed contribuir a la reparaci\u00f3n a fin de que puedan elaborar sus duelos postergados\u201d.<\/p>\n<p style=\"text-align: justify;\">Entre tanto, la directora de la Unidad, Luz Marina Monz\u00f3n, expuso que en el departamento la desaparici\u00f3n profundiza en la desaparici\u00f3n trasnfronteriza,\u00a0 \u201cla desaparici\u00f3n en el departamento de Nari\u00f1o incluye una de las formas de desaparici\u00f3n que profundiza los agravantes de este fen\u00f3meno: la desaparici\u00f3n transfronteriza&#8221;, afirm\u00f3.<\/p>\n<p style=\"text-align: justify;\">Teniendo en cuenta este fen\u00f3meno, la firma de este pacto permitir\u00e1 concretar canales de comunicaci\u00f3n eficientes y oportunos con el Ministerio de Relaciones Exteriores, esto con el objetivo de tener apoyo que facilite el di\u00e1logo sobre la b\u00fasqueda humanitaria y extrajudicial entre autoridades nacionales con competencia en la b\u00fasqueda y autoridades y organizaciones extranjeras anot\u00f3.<\/p>\n<p style=\"text-align: justify;\">Es de anotar que Nari\u00f1o ha sido uno de los departamentos m\u00e1s afectados por la desaparici\u00f3n en Colombia, de acuerdo con los registros del Centro Nacional de Memoria Hist\u00f3rica entre los a\u00f1os 1958 y 2016 se registraron 4.724 personas dadas por desaparecidas, de estas 2.325 fueron desaparecidas forzadamente, 653 reclutadas y 1.746 secuestradas, en esta regi\u00f3n del pa\u00eds.<\/p>\n<p>&nbsp;<\/p>\n","protected":false},"excerpt":{"rendered":"<p>En el departamento de Nari\u00f1o se realiz\u00f3 la suscripci\u00f3n del \u201cPacto Regional por la B\u00fasqueda de Personas dadas por Desaparecidas en el departamento de Nari\u00f1o\u201d,\u00a0 en un trabajo conjunto de La Unidad de B\u00fasqueda de Personas Dadas por Desaparecidas junto a la Alcald\u00eda de Tumaco y la Gobernaci\u00f3n de Nari\u00f1o, con el apoyo de la [&hellip;]<\/p>\n","protected":false},"author":1,"featured_media":53915,"comment_status":"open","ping_status":"open","sticky":false,"template":"","format":"standard","meta":{"footnotes":""},"categories":[53],"tags":[],"class_list":["post-53914","post","type-post","status-publish","format-standard","has-post-thumbnail","hentry","category-regiones"],"yoast_head":"<!-- This site is optimized with the Yoast SEO plugin v27.1.1 - https:\/\/yoast.com\/product\/yoast-seo-wordpress\/ -->\n<title>Firman pacto para la b\u00fasqueda de personas desaparecidas en Nari\u00f1o | P\u00e1gina10<\/title>\n<meta name=\"robots\" content=\"index, follow, max-snippet:-1, max-image-preview:large, max-video-preview:-1\" \/>\n<link rel=\"canonical\" href=\"https:\/\/pagina10.com\/web\/firman-pacto-para-la-busqueda-de-personas-desaparecidas-en-narino\/\" \/>\n<meta property=\"og:locale\" content=\"es_ES\" \/>\n<meta property=\"og:type\" content=\"article\" \/>\n<meta property=\"og:title\" content=\"Firman pacto para la b\u00fasqueda de personas desaparecidas en Nari\u00f1o | P\u00e1gina10\" \/>\n<meta property=\"og:description\" content=\"En el departamento de Nari\u00f1o se realiz\u00f3 la suscripci\u00f3n del \u201cPacto Regional por la B\u00fasqueda de Personas dadas por Desaparecidas en el departamento de Nari\u00f1o\u201d, en un trabajo conjunto de La Unidad de B\u00fasqueda de Personas Dadas por Desaparecidas junto a la Alcald\u00eda de Tumaco y la Gobernaci\u00f3n de Nari\u00f1o, con el apoyo de la [&hellip;]\" \/>\n<meta property=\"og:url\" content=\"https:\/\/pagina10.com\/web\/firman-pacto-para-la-busqueda-de-personas-desaparecidas-en-narino\/\" \/>\n<meta property=\"og:site_name\" content=\"P\u00e1gina10\" \/>\n<meta property=\"article:publisher\" content=\"https:\/\/www.facebook.com\/pag10com\" \/>\n<meta property=\"article:published_time\" content=\"2021-07-10T12:43:09+00:00\" \/>\n<meta property=\"og:image\" content=\"https:\/\/pagina10.com\/web\/wp-content\/uploads\/2021\/07\/214389921_4289958697747954_3695266377931104627_n.jpg\" \/>\n\t<meta property=\"og:image:width\" content=\"960\" \/>\n\t<meta property=\"og:image:height\" content=\"540\" \/>\n\t<meta property=\"og:image:type\" content=\"image\/jpeg\" \/>\n<meta name=\"author\" content=\"P\u00e1gina 10\" \/>\n<meta name=\"twitter:card\" content=\"summary_large_image\" \/>\n<meta name=\"twitter:creator\" content=\"@Pag10com\" \/>\n<meta name=\"twitter:site\" content=\"@Pag10com\" \/>\n<meta name=\"twitter:label1\" content=\"Escrito por\" \/>\n\t<meta name=\"twitter:data1\" content=\"P\u00e1gina 10\" \/>\n\t<meta name=\"twitter:label2\" content=\"Tiempo de lectura\" \/>\n\t<meta name=\"twitter:data2\" content=\"3 minutos\" \/>\n<script type=\"application\/ld+json\" class=\"yoast-schema-graph\">{\"@context\":\"https:\/\/schema.org\",\"@graph\":[{\"@type\":\"Article\",\"@id\":\"https:\/\/pagina10.com\/web\/firman-pacto-para-la-busqueda-de-personas-desaparecidas-en-narino\/#article\",\"isPartOf\":{\"@id\":\"https:\/\/pagina10.com\/web\/firman-pacto-para-la-busqueda-de-personas-desaparecidas-en-narino\/\"},\"author\":{\"name\":\"P\u00e1gina 10\",\"@id\":\"https:\/\/pagina10.com\/web\/#\/schema\/person\/2efc4a090d25b667d3bc796798a3a81b\"},\"headline\":\"Firman pacto para la b\u00fasqueda de personas desaparecidas en Nari\u00f1o\",\"datePublished\":\"2021-07-10T12:43:09+00:00\",\"mainEntityOfPage\":{\"@id\":\"https:\/\/pagina10.com\/web\/firman-pacto-para-la-busqueda-de-personas-desaparecidas-en-narino\/\"},\"wordCount\":533,\"commentCount\":0,\"publisher\":{\"@id\":\"https:\/\/pagina10.com\/web\/#organization\"},\"image\":{\"@id\":\"https:\/\/pagina10.com\/web\/firman-pacto-para-la-busqueda-de-personas-desaparecidas-en-narino\/#primaryimage\"},\"thumbnailUrl\":\"https:\/\/pagina10.com\/web\/wp-content\/uploads\/2021\/07\/214389921_4289958697747954_3695266377931104627_n.jpg\",\"articleSection\":[\"Regiones\"],\"inLanguage\":\"es\",\"potentialAction\":[{\"@type\":\"CommentAction\",\"name\":\"Comment\",\"target\":[\"https:\/\/pagina10.com\/web\/firman-pacto-para-la-busqueda-de-personas-desaparecidas-en-narino\/#respond\"]}]},{\"@type\":\"WebPage\",\"@id\":\"https:\/\/pagina10.com\/web\/firman-pacto-para-la-busqueda-de-personas-desaparecidas-en-narino\/\",\"url\":\"https:\/\/pagina10.com\/web\/firman-pacto-para-la-busqueda-de-personas-desaparecidas-en-narino\/\",\"name\":\"Firman pacto para la b\u00fasqueda de personas desaparecidas en Nari\u00f1o | P\u00e1gina10\",\"isPartOf\":{\"@id\":\"https:\/\/pagina10.com\/web\/#website\"},\"primaryImageOfPage\":{\"@id\":\"https:\/\/pagina10.com\/web\/firman-pacto-para-la-busqueda-de-personas-desaparecidas-en-narino\/#primaryimage\"},\"image\":{\"@id\":\"https:\/\/pagina10.com\/web\/firman-pacto-para-la-busqueda-de-personas-desaparecidas-en-narino\/#primaryimage\"},\"thumbnailUrl\":\"https:\/\/pagina10.com\/web\/wp-content\/uploads\/2021\/07\/214389921_4289958697747954_3695266377931104627_n.jpg\",\"datePublished\":\"2021-07-10T12:43:09+00:00\",\"breadcrumb\":{\"@id\":\"https:\/\/pagina10.com\/web\/firman-pacto-para-la-busqueda-de-personas-desaparecidas-en-narino\/#breadcrumb\"},\"inLanguage\":\"es\",\"potentialAction\":[{\"@type\":\"ReadAction\",\"target\":[\"https:\/\/pagina10.com\/web\/firman-pacto-para-la-busqueda-de-personas-desaparecidas-en-narino\/\"]}]},{\"@type\":\"ImageObject\",\"inLanguage\":\"es\",\"@id\":\"https:\/\/pagina10.com\/web\/firman-pacto-para-la-busqueda-de-personas-desaparecidas-en-narino\/#primaryimage\",\"url\":\"https:\/\/pagina10.com\/web\/wp-content\/uploads\/2021\/07\/214389921_4289958697747954_3695266377931104627_n.jpg\",\"contentUrl\":\"https:\/\/pagina10.com\/web\/wp-content\/uploads\/2021\/07\/214389921_4289958697747954_3695266377931104627_n.jpg\",\"width\":960,\"height\":540},{\"@type\":\"BreadcrumbList\",\"@id\":\"https:\/\/pagina10.com\/web\/firman-pacto-para-la-busqueda-de-personas-desaparecidas-en-narino\/#breadcrumb\",\"itemListElement\":[{\"@type\":\"ListItem\",\"position\":1,\"name\":\"Portada\",\"item\":\"https:\/\/pagina10.com\/web\/\"},{\"@type\":\"ListItem\",\"position\":2,\"name\":\"Firman pacto para la b\u00fasqueda de personas desaparecidas en Nari\u00f1o\"}]},{\"@type\":\"WebSite\",\"@id\":\"https:\/\/pagina10.com\/web\/#website\",\"url\":\"https:\/\/pagina10.com\/web\/\",\"name\":\"P\u00e1gina10\",\"description\":\"Peri\u00f3dico Regional\",\"publisher\":{\"@id\":\"https:\/\/pagina10.com\/web\/#organization\"},\"alternateName\":\"P\u00e1gina10 Peri\u00f3dico Regional\",\"potentialAction\":[{\"@type\":\"SearchAction\",\"target\":{\"@type\":\"EntryPoint\",\"urlTemplate\":\"https:\/\/pagina10.com\/web\/?s={search_term_string}\"},\"query-input\":{\"@type\":\"PropertyValueSpecification\",\"valueRequired\":true,\"valueName\":\"search_term_string\"}}],\"inLanguage\":\"es\"},{\"@type\":\"Organization\",\"@id\":\"https:\/\/pagina10.com\/web\/#organization\",\"name\":\"P\u00e1gina10\",\"alternateName\":\"P\u00e1gina10 Peri\u00f3dico Regional\",\"url\":\"https:\/\/pagina10.com\/web\/\",\"logo\":{\"@type\":\"ImageObject\",\"inLanguage\":\"es\",\"@id\":\"https:\/\/pagina10.com\/web\/#\/schema\/logo\/image\/\",\"url\":\"https:\/\/pagina10.com\/web\/wp-content\/uploads\/2024\/01\/40-pagina-10-periodico-regional-pasto.jpg\",\"contentUrl\":\"https:\/\/pagina10.com\/web\/wp-content\/uploads\/2024\/01\/40-pagina-10-periodico-regional-pasto.jpg\",\"width\":1280,\"height\":720,\"caption\":\"P\u00e1gina10\"},\"image\":{\"@id\":\"https:\/\/pagina10.com\/web\/#\/schema\/logo\/image\/\"},\"sameAs\":[\"https:\/\/www.facebook.com\/pag10com\",\"https:\/\/x.com\/Pag10com\",\"https:\/\/www.instagram.com\/pagina10col\/\",\"https:\/\/youtube.com\/channel\/pag10\",\"https:\/\/www.tiktok.com\/@p10col\"]},{\"@type\":\"Person\",\"@id\":\"https:\/\/pagina10.com\/web\/#\/schema\/person\/2efc4a090d25b667d3bc796798a3a81b\",\"name\":\"P\u00e1gina 10\",\"description\":\"P\u00e1gina 10 es un peri\u00f3dico regional que nace en Colombia, en el departamento de Nari\u00f1o, con un enfoque global, fundamentado en cuatro pilares esenciales: la libertad, el pluralismo, la inclusi\u00f3n y la independencia. P\u00e1gina 10 hace referencia a Nari\u00f1o como el d\u00e9cimo departamento creado en Colombia, despu\u00e9s de un proceso pol\u00edtico liderado por actores y actrices regionales con el fin de obtener la independencia y autonom\u00eda de nuestros territorios. Con la creaci\u00f3n de P\u00e1gina 10 se pretende abrir un escenario para el dialogo, la reflexi\u00f3n y el debate que se extienda a otras geograf\u00edas de Am\u00e9rica Latina y del planeta, en una apuesta por transformar colectivamente los desaf\u00edos de un mundo contempor\u00e1neo, m\u00e1s all\u00e1 de las fronteras impuestas.\",\"url\":\"https:\/\/pagina10.com\/web\/author\/pdiezadmin\/\"}]}<\/script>\n<!-- \/ Yoast SEO plugin. -->","yoast_head_json":{"title":"Firman pacto para la b\u00fasqueda de personas desaparecidas en Nari\u00f1o | P\u00e1gina10","robots":{"index":"index","follow":"follow","max-snippet":"max-snippet:-1","max-image-preview":"max-image-preview:large","max-video-preview":"max-video-preview:-1"},"canonical":"https:\/\/pagina10.com\/web\/firman-pacto-para-la-busqueda-de-personas-desaparecidas-en-narino\/","og_locale":"es_ES","og_type":"article","og_title":"Firman pacto para la b\u00fasqueda de personas desaparecidas en Nari\u00f1o | P\u00e1gina10","og_description":"En el departamento de Nari\u00f1o se realiz\u00f3 la suscripci\u00f3n del \u201cPacto Regional por la B\u00fasqueda de Personas dadas por Desaparecidas en el departamento de Nari\u00f1o\u201d, en un trabajo conjunto de La Unidad de B\u00fasqueda de Personas Dadas por Desaparecidas junto a la Alcald\u00eda de Tumaco y la Gobernaci\u00f3n de Nari\u00f1o, con el apoyo de la [&hellip;]","og_url":"https:\/\/pagina10.com\/web\/firman-pacto-para-la-busqueda-de-personas-desaparecidas-en-narino\/","og_site_name":"P\u00e1gina10","article_publisher":"https:\/\/www.facebook.com\/pag10com","article_published_time":"2021-07-10T12:43:09+00:00","og_image":[{"width":960,"height":540,"url":"https:\/\/pagina10.com\/web\/wp-content\/uploads\/2021\/07\/214389921_4289958697747954_3695266377931104627_n.jpg","type":"image\/jpeg"}],"author":"P\u00e1gina 10","twitter_card":"summary_large_image","twitter_creator":"@Pag10com","twitter_site":"@Pag10com","twitter_misc":{"Escrito por":"P\u00e1gina 10","Tiempo de lectura":"3 minutos"},"schema":{"@context":"https:\/\/schema.org","@graph":[{"@type":"Article","@id":"https:\/\/pagina10.com\/web\/firman-pacto-para-la-busqueda-de-personas-desaparecidas-en-narino\/#article","isPartOf":{"@id":"https:\/\/pagina10.com\/web\/firman-pacto-para-la-busqueda-de-personas-desaparecidas-en-narino\/"},"author":{"name":"P\u00e1gina 10","@id":"https:\/\/pagina10.com\/web\/#\/schema\/person\/2efc4a090d25b667d3bc796798a3a81b"},"headline":"Firman pacto para la b\u00fasqueda de personas desaparecidas en Nari\u00f1o","datePublished":"2021-07-10T12:43:09+00:00","mainEntityOfPage":{"@id":"https:\/\/pagina10.com\/web\/firman-pacto-para-la-busqueda-de-personas-desaparecidas-en-narino\/"},"wordCount":533,"commentCount":0,"publisher":{"@id":"https:\/\/pagina10.com\/web\/#organization"},"image":{"@id":"https:\/\/pagina10.com\/web\/firman-pacto-para-la-busqueda-de-personas-desaparecidas-en-narino\/#primaryimage"},"thumbnailUrl":"https:\/\/pagina10.com\/web\/wp-content\/uploads\/2021\/07\/214389921_4289958697747954_3695266377931104627_n.jpg","articleSection":["Regiones"],"inLanguage":"es","potentialAction":[{"@type":"CommentAction","name":"Comment","target":["https:\/\/pagina10.com\/web\/firman-pacto-para-la-busqueda-de-personas-desaparecidas-en-narino\/#respond"]}]},{"@type":"WebPage","@id":"https:\/\/pagina10.com\/web\/firman-pacto-para-la-busqueda-de-personas-desaparecidas-en-narino\/","url":"https:\/\/pagina10.com\/web\/firman-pacto-para-la-busqueda-de-personas-desaparecidas-en-narino\/","name":"Firman pacto para la b\u00fasqueda de personas desaparecidas en Nari\u00f1o | P\u00e1gina10","isPartOf":{"@id":"https:\/\/pagina10.com\/web\/#website"},"primaryImageOfPage":{"@id":"https:\/\/pagina10.com\/web\/firman-pacto-para-la-busqueda-de-personas-desaparecidas-en-narino\/#primaryimage"},"image":{"@id":"https:\/\/pagina10.com\/web\/firman-pacto-para-la-busqueda-de-personas-desaparecidas-en-narino\/#primaryimage"},"thumbnailUrl":"https:\/\/pagina10.com\/web\/wp-content\/uploads\/2021\/07\/214389921_4289958697747954_3695266377931104627_n.jpg","datePublished":"2021-07-10T12:43:09+00:00","breadcrumb":{"@id":"https:\/\/pagina10.com\/web\/firman-pacto-para-la-busqueda-de-personas-desaparecidas-en-narino\/#breadcrumb"},"inLanguage":"es","potentialAction":[{"@type":"ReadAction","target":["https:\/\/pagina10.com\/web\/firman-pacto-para-la-busqueda-de-personas-desaparecidas-en-narino\/"]}]},{"@type":"ImageObject","inLanguage":"es","@id":"https:\/\/pagina10.com\/web\/firman-pacto-para-la-busqueda-de-personas-desaparecidas-en-narino\/#primaryimage","url":"https:\/\/pagina10.com\/web\/wp-content\/uploads\/2021\/07\/214389921_4289958697747954_3695266377931104627_n.jpg","contentUrl":"https:\/\/pagina10.com\/web\/wp-content\/uploads\/2021\/07\/214389921_4289958697747954_3695266377931104627_n.jpg","width":960,"height":540},{"@type":"BreadcrumbList","@id":"https:\/\/pagina10.com\/web\/firman-pacto-para-la-busqueda-de-personas-desaparecidas-en-narino\/#breadcrumb","itemListElement":[{"@type":"ListItem","position":1,"name":"Portada","item":"https:\/\/pagina10.com\/web\/"},{"@type":"ListItem","position":2,"name":"Firman pacto para la b\u00fasqueda de personas desaparecidas en Nari\u00f1o"}]},{"@type":"WebSite","@id":"https:\/\/pagina10.com\/web\/#website","url":"https:\/\/pagina10.com\/web\/","name":"P\u00e1gina10","description":"Peri\u00f3dico Regional","publisher":{"@id":"https:\/\/pagina10.com\/web\/#organization"},"alternateName":"P\u00e1gina10 Peri\u00f3dico Regional","potentialAction":[{"@type":"SearchAction","target":{"@type":"EntryPoint","urlTemplate":"https:\/\/pagina10.com\/web\/?s={search_term_string}"},"query-input":{"@type":"PropertyValueSpecification","valueRequired":true,"valueName":"search_term_string"}}],"inLanguage":"es"},{"@type":"Organization","@id":"https:\/\/pagina10.com\/web\/#organization","name":"P\u00e1gina10","alternateName":"P\u00e1gina10 Peri\u00f3dico Regional","url":"https:\/\/pagina10.com\/web\/","logo":{"@type":"ImageObject","inLanguage":"es","@id":"https:\/\/pagina10.com\/web\/#\/schema\/logo\/image\/","url":"https:\/\/pagina10.com\/web\/wp-content\/uploads\/2024\/01\/40-pagina-10-periodico-regional-pasto.jpg","contentUrl":"https:\/\/pagina10.com\/web\/wp-content\/uploads\/2024\/01\/40-pagina-10-periodico-regional-pasto.jpg","width":1280,"height":720,"caption":"P\u00e1gina10"},"image":{"@id":"https:\/\/pagina10.com\/web\/#\/schema\/logo\/image\/"},"sameAs":["https:\/\/www.facebook.com\/pag10com","https:\/\/x.com\/Pag10com","https:\/\/www.instagram.com\/pagina10col\/","https:\/\/youtube.com\/channel\/pag10","https:\/\/www.tiktok.com\/@p10col"]},{"@type":"Person","@id":"https:\/\/pagina10.com\/web\/#\/schema\/person\/2efc4a090d25b667d3bc796798a3a81b","name":"P\u00e1gina 10","description":"P\u00e1gina 10 es un peri\u00f3dico regional que nace en Colombia, en el departamento de Nari\u00f1o, con un enfoque global, fundamentado en cuatro pilares esenciales: la libertad, el pluralismo, la inclusi\u00f3n y la independencia. P\u00e1gina 10 hace referencia a Nari\u00f1o como el d\u00e9cimo departamento creado en Colombia, despu\u00e9s de un proceso pol\u00edtico liderado por actores y actrices regionales con el fin de obtener la independencia y autonom\u00eda de nuestros territorios. Con la creaci\u00f3n de P\u00e1gina 10 se pretende abrir un escenario para el dialogo, la reflexi\u00f3n y el debate que se extienda a otras geograf\u00edas de Am\u00e9rica Latina y del planeta, en una apuesta por transformar colectivamente los desaf\u00edos de un mundo contempor\u00e1neo, m\u00e1s all\u00e1 de las fronteras impuestas.","url":"https:\/\/pagina10.com\/web\/author\/pdiezadmin\/"}]}},"_links":{"self":[{"href":"https:\/\/pagina10.com\/web\/wp-json\/wp\/v2\/posts\/53914","targetHints":{"allow":["GET"]}}],"collection":[{"href":"https:\/\/pagina10.com\/web\/wp-json\/wp\/v2\/posts"}],"about":[{"href":"https:\/\/pagina10.com\/web\/wp-json\/wp\/v2\/types\/post"}],"author":[{"embeddable":true,"href":"https:\/\/pagina10.com\/web\/wp-json\/wp\/v2\/users\/1"}],"replies":[{"embeddable":true,"href":"https:\/\/pagina10.com\/web\/wp-json\/wp\/v2\/comments?post=53914"}],"version-history":[{"count":1,"href":"https:\/\/pagina10.com\/web\/wp-json\/wp\/v2\/posts\/53914\/revisions"}],"predecessor-version":[{"id":53916,"href":"https:\/\/pagina10.com\/web\/wp-json\/wp\/v2\/posts\/53914\/revisions\/53916"}],"wp:featuredmedia":[{"embeddable":true,"href":"https:\/\/pagina10.com\/web\/wp-json\/wp\/v2\/media\/53915"}],"wp:attachment":[{"href":"https:\/\/pagina10.com\/web\/wp-json\/wp\/v2\/media?parent=53914"}],"wp:term":[{"taxonomy":"category","embeddable":true,"href":"https:\/\/pagina10.com\/web\/wp-json\/wp\/v2\/categories?post=53914"},{"taxonomy":"post_tag","embeddable":true,"href":"https:\/\/pagina10.com\/web\/wp-json\/wp\/v2\/tags?post=53914"}],"curies":[{"name":"wp","href":"https:\/\/api.w.org\/{rel}","templated":true}]}}