{"id":53945,"date":"2021-07-11T13:46:29","date_gmt":"2021-07-11T18:46:29","guid":{"rendered":"https:\/\/pagina10.com\/web\/?p=53945"},"modified":"2021-07-11T13:46:29","modified_gmt":"2021-07-11T18:46:29","slug":"debemos-proteger-la-manifestacion-pacifica-como-lo-obliga-la-constitucion-pero-no-se-permitiran-mas-bloqueos-mindefensa-molano-tras-consejo-de-seguridad-en-ipiales","status":"publish","type":"post","link":"https:\/\/pagina10.com\/web\/debemos-proteger-la-manifestacion-pacifica-como-lo-obliga-la-constitucion-pero-no-se-permitiran-mas-bloqueos-mindefensa-molano-tras-consejo-de-seguridad-en-ipiales\/","title":{"rendered":"\u201cDebemos proteger la manifestaci\u00f3n pac\u00edfica como lo obliga la Constituci\u00f3n, pero no se permitir\u00e1n m\u00e1s bloqueos\u201d, MinDefensa Molano, tras consejo de seguridad en Ipiales"},"content":{"rendered":"<p style=\"text-align: justify;\"><span style=\"font-weight: 400;\">El pasado viernes 9 de julio, se desarroll\u00f3 en el municipio de Ipiales, el Consejo de Seguridad, el cual fue precedido por el Ministro de Defensa Diego Molano <\/span><span style=\"font-weight: 400;\">y el viceministro de Relaciones Pol\u00edticas del Ministerio del Interior, Juan Pablo D\u00edaz Granados, al encuentro tambi\u00e9n asistieron las autoridades departamentales de Nari\u00f1o y autoridades municipales de Pasto e Ipiales.\u00a0<\/span><\/p>\n<p style=\"text-align: justify;\"><span style=\"font-weight: 400;\">Este encuentro tuvo como fin evaluar la situaci\u00f3n de seguridad y trazar un plan de prevenci\u00f3n y acci\u00f3n frente a potenciales hechos de violencia que puedan afectar al departamento en materia econ\u00f3mica y social.\u00a0<\/span><\/p>\n<p style=\"text-align: justify;\"><span style=\"font-weight: 400;\">Tras el Consejo de Seguridad, el jefe ministerial afirm\u00f3 que desde el ministerio de defensa garantizar\u00e1n la seguridad de aquellas personas que no participen en las jornadas de protestas, igualmente dijo que deben proteger la manifestaci\u00f3n pac\u00edfica, pero no permitir\u00e1n que se presenten actos vand\u00e1licos.\u00a0<\/span><\/p>\n<p style=\"text-align: justify;\"><span style=\"font-weight: 400;\">\u201cDebemos proteger la manifestaci\u00f3n pac\u00edfica como dicta la constituci\u00f3n, pero est\u00e1 claro que no podemos permitir actos de vandalismo, violencia, bloqueos que afecten la tranquilidad de los ciudadanos\u201d manifest\u00f3 Molano\u00a0<\/span><\/p>\n<p style=\"text-align: justify;\"><span style=\"font-weight: 400;\">En este orden, Molano dio a conocer que en el encuentro se acordaron 12 puntos con las autoridades departamentales, entre ellos est\u00e1 el di\u00e1logo permanente y\u00a0 el acompa\u00f1amiento permanente de las Fuerzas Militares y la Polic\u00eda Nacional con los dispositivos implementados hasta el momento, espec\u00edficamente en la ciudad de Pasto.\u00a0<\/span><\/p>\n<p style=\"text-align: justify;\"><span style=\"font-weight: 400;\">\u201cSiguen las actuaciones de inteligencia y de colaboraci\u00f3n entre la Polic\u00eda y la Fiscal\u00eda para capturar a todos los culpables de los hechos vand\u00e1licos, m\u00e1s de 25 \u00f3rdenes se han dado sobre los responsables de destrozos de entidades p\u00fablicas, de actuaciones en contra de la ley o de actuaciones delincuenciales que han afectado los bienes privados y en especial, despu\u00e9s del \u00faltimo consejo de seguridad en Chachag\u00fc\u00ed, sobre aquellos que estaban intentando extorsionar a los peque\u00f1os y medianos comerciantes del centro de Pasto\u201d, asegur\u00f3 el ministro Diego Molano.<\/span><\/p>\n<p style=\"text-align: justify;\"><span style=\"font-weight: 400;\">El Ministro de Defensa ratific\u00f3 la recompensa por 50 millones de pesos a quienes suministren informaci\u00f3n que conduzca a la individualizaci\u00f3n y captura de los responsables de los hechos vand\u00e1licos en Pasto, quienes ya fueron identificados y judicializados.<\/span><\/p>\n<p style=\"text-align: justify;\"><span style=\"font-weight: 400;\">Por otra parte, <\/span><span style=\"font-weight: 400;\">el ministro Diego Molano se reuni\u00f3 con su hom\u00f3logo del vecino pa\u00eds Ecuador Fernando Donoso, donde acordaron una estrategia de seguridad binacional para garantizar el control de la frontera en los pasos ilegales que se implementar\u00e1 en los pr\u00f3ximos meses.\u00a0<\/span><\/p>\n","protected":false},"excerpt":{"rendered":"<p>El pasado viernes 9 de julio, se desarroll\u00f3 en el municipio de Ipiales, el Consejo de Seguridad, el cual fue precedido por el Ministro de Defensa Diego Molano y el viceministro de Relaciones Pol\u00edticas del Ministerio del Interior, Juan Pablo D\u00edaz Granados, al encuentro tambi\u00e9n asistieron las autoridades departamentales de Nari\u00f1o y autoridades municipales de [&hellip;]<\/p>\n","protected":false},"author":1,"featured_media":53946,"comment_status":"open","ping_status":"open","sticky":false,"template":"","format":"standard","meta":{"footnotes":""},"categories":[53],"tags":[],"class_list":["post-53945","post","type-post","status-publish","format-standard","has-post-thumbnail","hentry","category-regiones"],"yoast_head":"<!-- This site is optimized with the Yoast SEO plugin v27.1.1 - https:\/\/yoast.com\/product\/yoast-seo-wordpress\/ -->\n<title>\u201cDebemos proteger la manifestaci\u00f3n pac\u00edfica como lo obliga la Constituci\u00f3n, pero no se permitir\u00e1n m\u00e1s bloqueos\u201d, MinDefensa Molano, tras consejo de seguridad en Ipiales | P\u00e1gina10<\/title>\n<meta name=\"robots\" content=\"index, follow, max-snippet:-1, max-image-preview:large, max-video-preview:-1\" \/>\n<link rel=\"canonical\" href=\"https:\/\/pagina10.com\/web\/debemos-proteger-la-manifestacion-pacifica-como-lo-obliga-la-constitucion-pero-no-se-permitiran-mas-bloqueos-mindefensa-molano-tras-consejo-de-seguridad-en-ipiales\/\" \/>\n<meta property=\"og:locale\" content=\"es_ES\" \/>\n<meta property=\"og:type\" content=\"article\" \/>\n<meta property=\"og:title\" content=\"\u201cDebemos proteger la manifestaci\u00f3n pac\u00edfica como lo obliga la Constituci\u00f3n, pero no se permitir\u00e1n m\u00e1s bloqueos\u201d, MinDefensa Molano, tras consejo de seguridad en Ipiales | P\u00e1gina10\" \/>\n<meta property=\"og:description\" content=\"El pasado viernes 9 de julio, se desarroll\u00f3 en el municipio de Ipiales, el Consejo de Seguridad, el cual fue precedido por el Ministro de Defensa Diego Molano y el viceministro de Relaciones Pol\u00edticas del Ministerio del Interior, Juan Pablo D\u00edaz Granados, al encuentro tambi\u00e9n asistieron las autoridades departamentales de Nari\u00f1o y autoridades municipales de [&hellip;]\" \/>\n<meta property=\"og:url\" content=\"https:\/\/pagina10.com\/web\/debemos-proteger-la-manifestacion-pacifica-como-lo-obliga-la-constitucion-pero-no-se-permitiran-mas-bloqueos-mindefensa-molano-tras-consejo-de-seguridad-en-ipiales\/\" \/>\n<meta property=\"og:site_name\" content=\"P\u00e1gina10\" \/>\n<meta property=\"article:publisher\" content=\"https:\/\/www.facebook.com\/pag10com\" \/>\n<meta property=\"article:published_time\" content=\"2021-07-11T18:46:29+00:00\" \/>\n<meta property=\"og:image\" content=\"https:\/\/pagina10.com\/web\/wp-content\/uploads\/2021\/07\/consejo_seguridad_ipiales.jpg\" \/>\n\t<meta property=\"og:image:width\" content=\"845\" \/>\n\t<meta property=\"og:image:height\" content=\"500\" \/>\n\t<meta property=\"og:image:type\" content=\"image\/jpeg\" \/>\n<meta name=\"author\" content=\"P\u00e1gina 10\" \/>\n<meta name=\"twitter:card\" content=\"summary_large_image\" \/>\n<meta name=\"twitter:creator\" content=\"@Pag10com\" \/>\n<meta name=\"twitter:site\" content=\"@Pag10com\" \/>\n<meta name=\"twitter:label1\" content=\"Escrito por\" \/>\n\t<meta name=\"twitter:data1\" content=\"P\u00e1gina 10\" \/>\n\t<meta name=\"twitter:label2\" content=\"Tiempo de lectura\" \/>\n\t<meta name=\"twitter:data2\" content=\"2 minutos\" \/>\n<script type=\"application\/ld+json\" class=\"yoast-schema-graph\">{\"@context\":\"https:\/\/schema.org\",\"@graph\":[{\"@type\":\"Article\",\"@id\":\"https:\/\/pagina10.com\/web\/debemos-proteger-la-manifestacion-pacifica-como-lo-obliga-la-constitucion-pero-no-se-permitiran-mas-bloqueos-mindefensa-molano-tras-consejo-de-seguridad-en-ipiales\/#article\",\"isPartOf\":{\"@id\":\"https:\/\/pagina10.com\/web\/debemos-proteger-la-manifestacion-pacifica-como-lo-obliga-la-constitucion-pero-no-se-permitiran-mas-bloqueos-mindefensa-molano-tras-consejo-de-seguridad-en-ipiales\/\"},\"author\":{\"name\":\"P\u00e1gina 10\",\"@id\":\"https:\/\/pagina10.com\/web\/#\/schema\/person\/2efc4a090d25b667d3bc796798a3a81b\"},\"headline\":\"\u201cDebemos proteger la manifestaci\u00f3n pac\u00edfica como lo obliga la Constituci\u00f3n, pero no se permitir\u00e1n m\u00e1s bloqueos\u201d, MinDefensa Molano, tras consejo de seguridad en Ipiales\",\"datePublished\":\"2021-07-11T18:46:29+00:00\",\"mainEntityOfPage\":{\"@id\":\"https:\/\/pagina10.com\/web\/debemos-proteger-la-manifestacion-pacifica-como-lo-obliga-la-constitucion-pero-no-se-permitiran-mas-bloqueos-mindefensa-molano-tras-consejo-de-seguridad-en-ipiales\/\"},\"wordCount\":445,\"commentCount\":0,\"publisher\":{\"@id\":\"https:\/\/pagina10.com\/web\/#organization\"},\"image\":{\"@id\":\"https:\/\/pagina10.com\/web\/debemos-proteger-la-manifestacion-pacifica-como-lo-obliga-la-constitucion-pero-no-se-permitiran-mas-bloqueos-mindefensa-molano-tras-consejo-de-seguridad-en-ipiales\/#primaryimage\"},\"thumbnailUrl\":\"https:\/\/pagina10.com\/web\/wp-content\/uploads\/2021\/07\/consejo_seguridad_ipiales.jpg\",\"articleSection\":[\"Regiones\"],\"inLanguage\":\"es\",\"potentialAction\":[{\"@type\":\"CommentAction\",\"name\":\"Comment\",\"target\":[\"https:\/\/pagina10.com\/web\/debemos-proteger-la-manifestacion-pacifica-como-lo-obliga-la-constitucion-pero-no-se-permitiran-mas-bloqueos-mindefensa-molano-tras-consejo-de-seguridad-en-ipiales\/#respond\"]}]},{\"@type\":\"WebPage\",\"@id\":\"https:\/\/pagina10.com\/web\/debemos-proteger-la-manifestacion-pacifica-como-lo-obliga-la-constitucion-pero-no-se-permitiran-mas-bloqueos-mindefensa-molano-tras-consejo-de-seguridad-en-ipiales\/\",\"url\":\"https:\/\/pagina10.com\/web\/debemos-proteger-la-manifestacion-pacifica-como-lo-obliga-la-constitucion-pero-no-se-permitiran-mas-bloqueos-mindefensa-molano-tras-consejo-de-seguridad-en-ipiales\/\",\"name\":\"\u201cDebemos proteger la manifestaci\u00f3n pac\u00edfica como lo obliga la Constituci\u00f3n, pero no se permitir\u00e1n m\u00e1s bloqueos\u201d, MinDefensa Molano, tras consejo de seguridad en Ipiales | P\u00e1gina10\",\"isPartOf\":{\"@id\":\"https:\/\/pagina10.com\/web\/#website\"},\"primaryImageOfPage\":{\"@id\":\"https:\/\/pagina10.com\/web\/debemos-proteger-la-manifestacion-pacifica-como-lo-obliga-la-constitucion-pero-no-se-permitiran-mas-bloqueos-mindefensa-molano-tras-consejo-de-seguridad-en-ipiales\/#primaryimage\"},\"image\":{\"@id\":\"https:\/\/pagina10.com\/web\/debemos-proteger-la-manifestacion-pacifica-como-lo-obliga-la-constitucion-pero-no-se-permitiran-mas-bloqueos-mindefensa-molano-tras-consejo-de-seguridad-en-ipiales\/#primaryimage\"},\"thumbnailUrl\":\"https:\/\/pagina10.com\/web\/wp-content\/uploads\/2021\/07\/consejo_seguridad_ipiales.jpg\",\"datePublished\":\"2021-07-11T18:46:29+00:00\",\"breadcrumb\":{\"@id\":\"https:\/\/pagina10.com\/web\/debemos-proteger-la-manifestacion-pacifica-como-lo-obliga-la-constitucion-pero-no-se-permitiran-mas-bloqueos-mindefensa-molano-tras-consejo-de-seguridad-en-ipiales\/#breadcrumb\"},\"inLanguage\":\"es\",\"potentialAction\":[{\"@type\":\"ReadAction\",\"target\":[\"https:\/\/pagina10.com\/web\/debemos-proteger-la-manifestacion-pacifica-como-lo-obliga-la-constitucion-pero-no-se-permitiran-mas-bloqueos-mindefensa-molano-tras-consejo-de-seguridad-en-ipiales\/\"]}]},{\"@type\":\"ImageObject\",\"inLanguage\":\"es\",\"@id\":\"https:\/\/pagina10.com\/web\/debemos-proteger-la-manifestacion-pacifica-como-lo-obliga-la-constitucion-pero-no-se-permitiran-mas-bloqueos-mindefensa-molano-tras-consejo-de-seguridad-en-ipiales\/#primaryimage\",\"url\":\"https:\/\/pagina10.com\/web\/wp-content\/uploads\/2021\/07\/consejo_seguridad_ipiales.jpg\",\"contentUrl\":\"https:\/\/pagina10.com\/web\/wp-content\/uploads\/2021\/07\/consejo_seguridad_ipiales.jpg\",\"width\":845,\"height\":500},{\"@type\":\"BreadcrumbList\",\"@id\":\"https:\/\/pagina10.com\/web\/debemos-proteger-la-manifestacion-pacifica-como-lo-obliga-la-constitucion-pero-no-se-permitiran-mas-bloqueos-mindefensa-molano-tras-consejo-de-seguridad-en-ipiales\/#breadcrumb\",\"itemListElement\":[{\"@type\":\"ListItem\",\"position\":1,\"name\":\"Portada\",\"item\":\"https:\/\/pagina10.com\/web\/\"},{\"@type\":\"ListItem\",\"position\":2,\"name\":\"\u201cDebemos proteger la manifestaci\u00f3n pac\u00edfica como lo obliga la Constituci\u00f3n, pero no se permitir\u00e1n m\u00e1s bloqueos\u201d, MinDefensa Molano, tras consejo de seguridad en Ipiales\"}]},{\"@type\":\"WebSite\",\"@id\":\"https:\/\/pagina10.com\/web\/#website\",\"url\":\"https:\/\/pagina10.com\/web\/\",\"name\":\"P\u00e1gina10\",\"description\":\"Peri\u00f3dico Regional\",\"publisher\":{\"@id\":\"https:\/\/pagina10.com\/web\/#organization\"},\"alternateName\":\"P\u00e1gina10 Peri\u00f3dico Regional\",\"potentialAction\":[{\"@type\":\"SearchAction\",\"target\":{\"@type\":\"EntryPoint\",\"urlTemplate\":\"https:\/\/pagina10.com\/web\/?s={search_term_string}\"},\"query-input\":{\"@type\":\"PropertyValueSpecification\",\"valueRequired\":true,\"valueName\":\"search_term_string\"}}],\"inLanguage\":\"es\"},{\"@type\":\"Organization\",\"@id\":\"https:\/\/pagina10.com\/web\/#organization\",\"name\":\"P\u00e1gina10\",\"alternateName\":\"P\u00e1gina10 Peri\u00f3dico Regional\",\"url\":\"https:\/\/pagina10.com\/web\/\",\"logo\":{\"@type\":\"ImageObject\",\"inLanguage\":\"es\",\"@id\":\"https:\/\/pagina10.com\/web\/#\/schema\/logo\/image\/\",\"url\":\"https:\/\/pagina10.com\/web\/wp-content\/uploads\/2024\/01\/40-pagina-10-periodico-regional-pasto.jpg\",\"contentUrl\":\"https:\/\/pagina10.com\/web\/wp-content\/uploads\/2024\/01\/40-pagina-10-periodico-regional-pasto.jpg\",\"width\":1280,\"height\":720,\"caption\":\"P\u00e1gina10\"},\"image\":{\"@id\":\"https:\/\/pagina10.com\/web\/#\/schema\/logo\/image\/\"},\"sameAs\":[\"https:\/\/www.facebook.com\/pag10com\",\"https:\/\/x.com\/Pag10com\",\"https:\/\/www.instagram.com\/pagina10col\/\",\"https:\/\/youtube.com\/channel\/pag10\",\"https:\/\/www.tiktok.com\/@p10col\"]},{\"@type\":\"Person\",\"@id\":\"https:\/\/pagina10.com\/web\/#\/schema\/person\/2efc4a090d25b667d3bc796798a3a81b\",\"name\":\"P\u00e1gina 10\",\"description\":\"P\u00e1gina 10 es un peri\u00f3dico regional que nace en Colombia, en el departamento de Nari\u00f1o, con un enfoque global, fundamentado en cuatro pilares esenciales: la libertad, el pluralismo, la inclusi\u00f3n y la independencia. P\u00e1gina 10 hace referencia a Nari\u00f1o como el d\u00e9cimo departamento creado en Colombia, despu\u00e9s de un proceso pol\u00edtico liderado por actores y actrices regionales con el fin de obtener la independencia y autonom\u00eda de nuestros territorios. Con la creaci\u00f3n de P\u00e1gina 10 se pretende abrir un escenario para el dialogo, la reflexi\u00f3n y el debate que se extienda a otras geograf\u00edas de Am\u00e9rica Latina y del planeta, en una apuesta por transformar colectivamente los desaf\u00edos de un mundo contempor\u00e1neo, m\u00e1s all\u00e1 de las fronteras impuestas.\",\"url\":\"https:\/\/pagina10.com\/web\/author\/pdiezadmin\/\"}]}<\/script>\n<!-- \/ Yoast SEO plugin. -->","yoast_head_json":{"title":"\u201cDebemos proteger la manifestaci\u00f3n pac\u00edfica como lo obliga la Constituci\u00f3n, pero no se permitir\u00e1n m\u00e1s bloqueos\u201d, MinDefensa Molano, tras consejo de seguridad en Ipiales | P\u00e1gina10","robots":{"index":"index","follow":"follow","max-snippet":"max-snippet:-1","max-image-preview":"max-image-preview:large","max-video-preview":"max-video-preview:-1"},"canonical":"https:\/\/pagina10.com\/web\/debemos-proteger-la-manifestacion-pacifica-como-lo-obliga-la-constitucion-pero-no-se-permitiran-mas-bloqueos-mindefensa-molano-tras-consejo-de-seguridad-en-ipiales\/","og_locale":"es_ES","og_type":"article","og_title":"\u201cDebemos proteger la manifestaci\u00f3n pac\u00edfica como lo obliga la Constituci\u00f3n, pero no se permitir\u00e1n m\u00e1s bloqueos\u201d, MinDefensa Molano, tras consejo de seguridad en Ipiales | P\u00e1gina10","og_description":"El pasado viernes 9 de julio, se desarroll\u00f3 en el municipio de Ipiales, el Consejo de Seguridad, el cual fue precedido por el Ministro de Defensa Diego Molano y el viceministro de Relaciones Pol\u00edticas del Ministerio del Interior, Juan Pablo D\u00edaz Granados, al encuentro tambi\u00e9n asistieron las autoridades departamentales de Nari\u00f1o y autoridades municipales de [&hellip;]","og_url":"https:\/\/pagina10.com\/web\/debemos-proteger-la-manifestacion-pacifica-como-lo-obliga-la-constitucion-pero-no-se-permitiran-mas-bloqueos-mindefensa-molano-tras-consejo-de-seguridad-en-ipiales\/","og_site_name":"P\u00e1gina10","article_publisher":"https:\/\/www.facebook.com\/pag10com","article_published_time":"2021-07-11T18:46:29+00:00","og_image":[{"width":845,"height":500,"url":"https:\/\/pagina10.com\/web\/wp-content\/uploads\/2021\/07\/consejo_seguridad_ipiales.jpg","type":"image\/jpeg"}],"author":"P\u00e1gina 10","twitter_card":"summary_large_image","twitter_creator":"@Pag10com","twitter_site":"@Pag10com","twitter_misc":{"Escrito por":"P\u00e1gina 10","Tiempo de lectura":"2 minutos"},"schema":{"@context":"https:\/\/schema.org","@graph":[{"@type":"Article","@id":"https:\/\/pagina10.com\/web\/debemos-proteger-la-manifestacion-pacifica-como-lo-obliga-la-constitucion-pero-no-se-permitiran-mas-bloqueos-mindefensa-molano-tras-consejo-de-seguridad-en-ipiales\/#article","isPartOf":{"@id":"https:\/\/pagina10.com\/web\/debemos-proteger-la-manifestacion-pacifica-como-lo-obliga-la-constitucion-pero-no-se-permitiran-mas-bloqueos-mindefensa-molano-tras-consejo-de-seguridad-en-ipiales\/"},"author":{"name":"P\u00e1gina 10","@id":"https:\/\/pagina10.com\/web\/#\/schema\/person\/2efc4a090d25b667d3bc796798a3a81b"},"headline":"\u201cDebemos proteger la manifestaci\u00f3n pac\u00edfica como lo obliga la Constituci\u00f3n, pero no se permitir\u00e1n m\u00e1s bloqueos\u201d, MinDefensa Molano, tras consejo de seguridad en Ipiales","datePublished":"2021-07-11T18:46:29+00:00","mainEntityOfPage":{"@id":"https:\/\/pagina10.com\/web\/debemos-proteger-la-manifestacion-pacifica-como-lo-obliga-la-constitucion-pero-no-se-permitiran-mas-bloqueos-mindefensa-molano-tras-consejo-de-seguridad-en-ipiales\/"},"wordCount":445,"commentCount":0,"publisher":{"@id":"https:\/\/pagina10.com\/web\/#organization"},"image":{"@id":"https:\/\/pagina10.com\/web\/debemos-proteger-la-manifestacion-pacifica-como-lo-obliga-la-constitucion-pero-no-se-permitiran-mas-bloqueos-mindefensa-molano-tras-consejo-de-seguridad-en-ipiales\/#primaryimage"},"thumbnailUrl":"https:\/\/pagina10.com\/web\/wp-content\/uploads\/2021\/07\/consejo_seguridad_ipiales.jpg","articleSection":["Regiones"],"inLanguage":"es","potentialAction":[{"@type":"CommentAction","name":"Comment","target":["https:\/\/pagina10.com\/web\/debemos-proteger-la-manifestacion-pacifica-como-lo-obliga-la-constitucion-pero-no-se-permitiran-mas-bloqueos-mindefensa-molano-tras-consejo-de-seguridad-en-ipiales\/#respond"]}]},{"@type":"WebPage","@id":"https:\/\/pagina10.com\/web\/debemos-proteger-la-manifestacion-pacifica-como-lo-obliga-la-constitucion-pero-no-se-permitiran-mas-bloqueos-mindefensa-molano-tras-consejo-de-seguridad-en-ipiales\/","url":"https:\/\/pagina10.com\/web\/debemos-proteger-la-manifestacion-pacifica-como-lo-obliga-la-constitucion-pero-no-se-permitiran-mas-bloqueos-mindefensa-molano-tras-consejo-de-seguridad-en-ipiales\/","name":"\u201cDebemos proteger la manifestaci\u00f3n pac\u00edfica como lo obliga la Constituci\u00f3n, pero no se permitir\u00e1n m\u00e1s bloqueos\u201d, MinDefensa Molano, tras consejo de seguridad en Ipiales | P\u00e1gina10","isPartOf":{"@id":"https:\/\/pagina10.com\/web\/#website"},"primaryImageOfPage":{"@id":"https:\/\/pagina10.com\/web\/debemos-proteger-la-manifestacion-pacifica-como-lo-obliga-la-constitucion-pero-no-se-permitiran-mas-bloqueos-mindefensa-molano-tras-consejo-de-seguridad-en-ipiales\/#primaryimage"},"image":{"@id":"https:\/\/pagina10.com\/web\/debemos-proteger-la-manifestacion-pacifica-como-lo-obliga-la-constitucion-pero-no-se-permitiran-mas-bloqueos-mindefensa-molano-tras-consejo-de-seguridad-en-ipiales\/#primaryimage"},"thumbnailUrl":"https:\/\/pagina10.com\/web\/wp-content\/uploads\/2021\/07\/consejo_seguridad_ipiales.jpg","datePublished":"2021-07-11T18:46:29+00:00","breadcrumb":{"@id":"https:\/\/pagina10.com\/web\/debemos-proteger-la-manifestacion-pacifica-como-lo-obliga-la-constitucion-pero-no-se-permitiran-mas-bloqueos-mindefensa-molano-tras-consejo-de-seguridad-en-ipiales\/#breadcrumb"},"inLanguage":"es","potentialAction":[{"@type":"ReadAction","target":["https:\/\/pagina10.com\/web\/debemos-proteger-la-manifestacion-pacifica-como-lo-obliga-la-constitucion-pero-no-se-permitiran-mas-bloqueos-mindefensa-molano-tras-consejo-de-seguridad-en-ipiales\/"]}]},{"@type":"ImageObject","inLanguage":"es","@id":"https:\/\/pagina10.com\/web\/debemos-proteger-la-manifestacion-pacifica-como-lo-obliga-la-constitucion-pero-no-se-permitiran-mas-bloqueos-mindefensa-molano-tras-consejo-de-seguridad-en-ipiales\/#primaryimage","url":"https:\/\/pagina10.com\/web\/wp-content\/uploads\/2021\/07\/consejo_seguridad_ipiales.jpg","contentUrl":"https:\/\/pagina10.com\/web\/wp-content\/uploads\/2021\/07\/consejo_seguridad_ipiales.jpg","width":845,"height":500},{"@type":"BreadcrumbList","@id":"https:\/\/pagina10.com\/web\/debemos-proteger-la-manifestacion-pacifica-como-lo-obliga-la-constitucion-pero-no-se-permitiran-mas-bloqueos-mindefensa-molano-tras-consejo-de-seguridad-en-ipiales\/#breadcrumb","itemListElement":[{"@type":"ListItem","position":1,"name":"Portada","item":"https:\/\/pagina10.com\/web\/"},{"@type":"ListItem","position":2,"name":"\u201cDebemos proteger la manifestaci\u00f3n pac\u00edfica como lo obliga la Constituci\u00f3n, pero no se permitir\u00e1n m\u00e1s bloqueos\u201d, MinDefensa Molano, tras consejo de seguridad en Ipiales"}]},{"@type":"WebSite","@id":"https:\/\/pagina10.com\/web\/#website","url":"https:\/\/pagina10.com\/web\/","name":"P\u00e1gina10","description":"Peri\u00f3dico Regional","publisher":{"@id":"https:\/\/pagina10.com\/web\/#organization"},"alternateName":"P\u00e1gina10 Peri\u00f3dico Regional","potentialAction":[{"@type":"SearchAction","target":{"@type":"EntryPoint","urlTemplate":"https:\/\/pagina10.com\/web\/?s={search_term_string}"},"query-input":{"@type":"PropertyValueSpecification","valueRequired":true,"valueName":"search_term_string"}}],"inLanguage":"es"},{"@type":"Organization","@id":"https:\/\/pagina10.com\/web\/#organization","name":"P\u00e1gina10","alternateName":"P\u00e1gina10 Peri\u00f3dico Regional","url":"https:\/\/pagina10.com\/web\/","logo":{"@type":"ImageObject","inLanguage":"es","@id":"https:\/\/pagina10.com\/web\/#\/schema\/logo\/image\/","url":"https:\/\/pagina10.com\/web\/wp-content\/uploads\/2024\/01\/40-pagina-10-periodico-regional-pasto.jpg","contentUrl":"https:\/\/pagina10.com\/web\/wp-content\/uploads\/2024\/01\/40-pagina-10-periodico-regional-pasto.jpg","width":1280,"height":720,"caption":"P\u00e1gina10"},"image":{"@id":"https:\/\/pagina10.com\/web\/#\/schema\/logo\/image\/"},"sameAs":["https:\/\/www.facebook.com\/pag10com","https:\/\/x.com\/Pag10com","https:\/\/www.instagram.com\/pagina10col\/","https:\/\/youtube.com\/channel\/pag10","https:\/\/www.tiktok.com\/@p10col"]},{"@type":"Person","@id":"https:\/\/pagina10.com\/web\/#\/schema\/person\/2efc4a090d25b667d3bc796798a3a81b","name":"P\u00e1gina 10","description":"P\u00e1gina 10 es un peri\u00f3dico regional que nace en Colombia, en el departamento de Nari\u00f1o, con un enfoque global, fundamentado en cuatro pilares esenciales: la libertad, el pluralismo, la inclusi\u00f3n y la independencia. P\u00e1gina 10 hace referencia a Nari\u00f1o como el d\u00e9cimo departamento creado en Colombia, despu\u00e9s de un proceso pol\u00edtico liderado por actores y actrices regionales con el fin de obtener la independencia y autonom\u00eda de nuestros territorios. Con la creaci\u00f3n de P\u00e1gina 10 se pretende abrir un escenario para el dialogo, la reflexi\u00f3n y el debate que se extienda a otras geograf\u00edas de Am\u00e9rica Latina y del planeta, en una apuesta por transformar colectivamente los desaf\u00edos de un mundo contempor\u00e1neo, m\u00e1s all\u00e1 de las fronteras impuestas.","url":"https:\/\/pagina10.com\/web\/author\/pdiezadmin\/"}]}},"_links":{"self":[{"href":"https:\/\/pagina10.com\/web\/wp-json\/wp\/v2\/posts\/53945","targetHints":{"allow":["GET"]}}],"collection":[{"href":"https:\/\/pagina10.com\/web\/wp-json\/wp\/v2\/posts"}],"about":[{"href":"https:\/\/pagina10.com\/web\/wp-json\/wp\/v2\/types\/post"}],"author":[{"embeddable":true,"href":"https:\/\/pagina10.com\/web\/wp-json\/wp\/v2\/users\/1"}],"replies":[{"embeddable":true,"href":"https:\/\/pagina10.com\/web\/wp-json\/wp\/v2\/comments?post=53945"}],"version-history":[{"count":1,"href":"https:\/\/pagina10.com\/web\/wp-json\/wp\/v2\/posts\/53945\/revisions"}],"predecessor-version":[{"id":53947,"href":"https:\/\/pagina10.com\/web\/wp-json\/wp\/v2\/posts\/53945\/revisions\/53947"}],"wp:featuredmedia":[{"embeddable":true,"href":"https:\/\/pagina10.com\/web\/wp-json\/wp\/v2\/media\/53946"}],"wp:attachment":[{"href":"https:\/\/pagina10.com\/web\/wp-json\/wp\/v2\/media?parent=53945"}],"wp:term":[{"taxonomy":"category","embeddable":true,"href":"https:\/\/pagina10.com\/web\/wp-json\/wp\/v2\/categories?post=53945"},{"taxonomy":"post_tag","embeddable":true,"href":"https:\/\/pagina10.com\/web\/wp-json\/wp\/v2\/tags?post=53945"}],"curies":[{"name":"wp","href":"https:\/\/api.w.org\/{rel}","templated":true}]}}