{"id":53968,"date":"2021-07-12T11:05:54","date_gmt":"2021-07-12T16:05:54","guid":{"rendered":"https:\/\/pagina10.com\/web\/?p=53968"},"modified":"2021-07-12T11:05:54","modified_gmt":"2021-07-12T16:05:54","slug":"djokovic-es-el-campeon-de-wimbledon-2","status":"publish","type":"post","link":"https:\/\/pagina10.com\/web\/djokovic-es-el-campeon-de-wimbledon-2\/","title":{"rendered":"Djokovic es el campe\u00f3n de Wimbledon"},"content":{"rendered":"<p style=\"text-align: justify;\">El n\u00famero 1 del mundo, Novak Djokovic, se coron\u00f3 campe\u00f3n de Wimbledon tras vencer en la final a Matteo Berrettini en 4 sets. As\u00ed, alcanz\u00f3 los 20 torneos de Grand Slam, igualando a Federer y Nadal.<\/p>\n<p style=\"text-align: justify;\">El tenista serbio era el m\u00e1ximo favorito, y pudo conseguir el t\u00edtulo. En el mundo de las apuestas, hubo una gran cantidad de jugadas a favor de Djokovic. Muchos usuarios aprovecharon c\u00f3digos promocionales, como el caso de\u00a0<a href=\"https:\/\/kelbet.com.co\/codigo-promocional-rushbet\/\">rushbet<\/a>, para obtener beneficios adicionales al momento de jugar.<\/p>\n<p style=\"text-align: justify;\"><strong><em>Djokovic en busca de la gloria m\u00e1xima<\/em><\/strong><\/p>\n<p style=\"text-align: justify;\">Djokovic consigui\u00f3 su t\u00edtulo n\u00famero de 20 de\u00a0<a href=\"https:\/\/www.espn.com.ar\/tenis\/nota\/_\/id\/8219382\/como-quedo-la-lista-de-los-maximos-ganadores-de-grand-slam-federer-nadal-djokovic#:~:text=As%C3%AD%2C%20con%2020%20t%C3%ADtulos%2C%20Djokovic,la%20cima%20de%20este%20r%C3%A9cord.\">Grand Slam<\/a>, alcanzo la\u00a0 marca de Roger Federer y Rafael Nadal. Los tres, conocidos como el \u201cbig 3\u201d, est\u00e1n igualados, pero solo resta tiempo para que el serbio los supere.<\/p>\n<p style=\"text-align: justify;\">Sus 20 coronas se dividen en 9 Australian Open, 2 Roland Garros, 6 Wimbledon y 3 Us Open. A sus t\u00edtulos, hay que sumarle otras 10 finales perdidas y una medalla de bronce en los juegos ol\u00edmpicos.<\/p>\n<p style=\"text-align: justify;\">Tras su nueva conquista en Londres, Novak Djokovic est\u00e1 en carrera por el\u00a0<a href=\"https:\/\/es.wikipedia.org\/wiki\/Golden_Slam#Golden_Slam_en_la_carrera\">Golden Slam<\/a>, y podr\u00eda convertirse en el primer tenista masculino en lograrlo. Este logro consiste en ganar los 4 torneos de Grand Slam junto a la medalla de oro de los juegos ol\u00edmpicos en el mismo a\u00f1o. Hasta el momento, solo Steffi Graff ha conseguido lograrlo, en el a\u00f1o 1988.<\/p>\n<p style=\"text-align: justify;\">Dos tenistas masculinos han conseguido el Golden Slam en la carrera, pero no en el mismo a\u00f1o. Se trata de Andre Agassi, que lo complet\u00f3 en 1999, y Rafael Nadal, que lo hizo en 2010.<\/p>\n<p style=\"text-align: justify;\">El serbio sum\u00f3 la conquista de Wimbledon a las dos coronas logradas en Roland Garros y el Australian Open. Solo le resta la medalla de oro en los juegos ol\u00edmpicos de Tokio, y el torneo del Us Open, en Estados Unidos.<\/p>\n<p style=\"text-align: justify;\">Si consigue este hito, ya no habr\u00e1 ninguna duda de que Djokovic es el mejor tenista de todos los tiempos, incluso todav\u00eda con a\u00f1os de carrera por delante.<\/p>\n<p style=\"text-align: justify;\">Las victorias de Novak Djokovic en su camino hac\u00eda el t\u00edtulo:<\/p>\n<ul>\n<li style=\"text-align: justify;\">1ra ronda a Jack Draper 4-6 6-1 6-2 6-2<\/li>\n<li style=\"text-align: justify;\">2da ronda a Kevin Anderson 6-3 6-3 6-3<\/li>\n<li style=\"text-align: justify;\">3ra ronda a D. Kudla 6-4 6-3 7-6 (9-7)<\/li>\n<li style=\"text-align: justify;\">Octavos de final a Cristian Gar\u00edn6-2 6-4 6-2<\/li>\n<li style=\"text-align: justify;\">Cuartos de final a M. Fucsovics 6-3 6-4 6-4<\/li>\n<li style=\"text-align: justify;\">Semifinales a Denis Shapovalov 7-6 (7-3) 7-5 7-5<\/li>\n<li style=\"text-align: justify;\">Final a Matteo Berrettini 6-7 (4-7) 6-4 6-4 6-3.<\/li>\n<\/ul>\n","protected":false},"excerpt":{"rendered":"<p>El n\u00famero 1 del mundo, Novak Djokovic, se coron\u00f3 campe\u00f3n de Wimbledon tras vencer en la final a Matteo Berrettini en 4 sets. As\u00ed, alcanz\u00f3 los 20 torneos de Grand Slam, igualando a Federer y Nadal. El tenista serbio era el m\u00e1ximo favorito, y pudo conseguir el t\u00edtulo. En el mundo de las apuestas, hubo [&hellip;]<\/p>\n","protected":false},"author":1,"featured_media":53965,"comment_status":"open","ping_status":"open","sticky":false,"template":"","format":"standard","meta":{"footnotes":""},"categories":[86],"tags":[],"class_list":["post-53968","post","type-post","status-publish","format-standard","has-post-thumbnail","hentry","category-deportes-2"],"yoast_head":"<!-- This site is optimized with the Yoast SEO plugin v27.1.1 - https:\/\/yoast.com\/product\/yoast-seo-wordpress\/ -->\n<title>Djokovic es el campe\u00f3n de Wimbledon | P\u00e1gina10<\/title>\n<meta name=\"robots\" content=\"index, follow, max-snippet:-1, max-image-preview:large, max-video-preview:-1\" \/>\n<link rel=\"canonical\" href=\"https:\/\/pagina10.com\/web\/djokovic-es-el-campeon-de-wimbledon-2\/\" \/>\n<meta property=\"og:locale\" content=\"es_ES\" \/>\n<meta property=\"og:type\" content=\"article\" \/>\n<meta property=\"og:title\" content=\"Djokovic es el campe\u00f3n de Wimbledon | P\u00e1gina10\" \/>\n<meta property=\"og:description\" content=\"El n\u00famero 1 del mundo, Novak Djokovic, se coron\u00f3 campe\u00f3n de Wimbledon tras vencer en la final a Matteo Berrettini en 4 sets. As\u00ed, alcanz\u00f3 los 20 torneos de Grand Slam, igualando a Federer y Nadal. El tenista serbio era el m\u00e1ximo favorito, y pudo conseguir el t\u00edtulo. En el mundo de las apuestas, hubo [&hellip;]\" \/>\n<meta property=\"og:url\" content=\"https:\/\/pagina10.com\/web\/djokovic-es-el-campeon-de-wimbledon-2\/\" \/>\n<meta property=\"og:site_name\" content=\"P\u00e1gina10\" \/>\n<meta property=\"article:publisher\" content=\"https:\/\/www.facebook.com\/pag10com\" \/>\n<meta property=\"article:published_time\" content=\"2021-07-12T16:05:54+00:00\" \/>\n<meta property=\"og:image\" content=\"https:\/\/pagina10.com\/web\/wp-content\/uploads\/2021\/07\/Captura-de-Pantalla-2021-07-12-a-las-10.04.57-a.-m..png\" \/>\n\t<meta property=\"og:image:width\" content=\"433\" \/>\n\t<meta property=\"og:image:height\" content=\"389\" \/>\n\t<meta property=\"og:image:type\" content=\"image\/png\" \/>\n<meta name=\"author\" content=\"P\u00e1gina 10\" \/>\n<meta name=\"twitter:card\" content=\"summary_large_image\" \/>\n<meta name=\"twitter:creator\" content=\"@Pag10com\" \/>\n<meta name=\"twitter:site\" content=\"@Pag10com\" \/>\n<meta name=\"twitter:label1\" content=\"Escrito por\" \/>\n\t<meta name=\"twitter:data1\" content=\"P\u00e1gina 10\" \/>\n\t<meta name=\"twitter:label2\" content=\"Tiempo de lectura\" \/>\n\t<meta name=\"twitter:data2\" content=\"2 minutos\" \/>\n<script type=\"application\/ld+json\" class=\"yoast-schema-graph\">{\"@context\":\"https:\/\/schema.org\",\"@graph\":[{\"@type\":\"Article\",\"@id\":\"https:\/\/pagina10.com\/web\/djokovic-es-el-campeon-de-wimbledon-2\/#article\",\"isPartOf\":{\"@id\":\"https:\/\/pagina10.com\/web\/djokovic-es-el-campeon-de-wimbledon-2\/\"},\"author\":{\"name\":\"P\u00e1gina 10\",\"@id\":\"https:\/\/pagina10.com\/web\/#\/schema\/person\/2efc4a090d25b667d3bc796798a3a81b\"},\"headline\":\"Djokovic es el campe\u00f3n de Wimbledon\",\"datePublished\":\"2021-07-12T16:05:54+00:00\",\"mainEntityOfPage\":{\"@id\":\"https:\/\/pagina10.com\/web\/djokovic-es-el-campeon-de-wimbledon-2\/\"},\"wordCount\":417,\"commentCount\":0,\"publisher\":{\"@id\":\"https:\/\/pagina10.com\/web\/#organization\"},\"image\":{\"@id\":\"https:\/\/pagina10.com\/web\/djokovic-es-el-campeon-de-wimbledon-2\/#primaryimage\"},\"thumbnailUrl\":\"https:\/\/pagina10.com\/web\/wp-content\/uploads\/2021\/07\/Captura-de-Pantalla-2021-07-12-a-las-10.04.57-a.-m..png\",\"articleSection\":[\"Deportes\"],\"inLanguage\":\"es\",\"potentialAction\":[{\"@type\":\"CommentAction\",\"name\":\"Comment\",\"target\":[\"https:\/\/pagina10.com\/web\/djokovic-es-el-campeon-de-wimbledon-2\/#respond\"]}]},{\"@type\":\"WebPage\",\"@id\":\"https:\/\/pagina10.com\/web\/djokovic-es-el-campeon-de-wimbledon-2\/\",\"url\":\"https:\/\/pagina10.com\/web\/djokovic-es-el-campeon-de-wimbledon-2\/\",\"name\":\"Djokovic es el campe\u00f3n de Wimbledon | P\u00e1gina10\",\"isPartOf\":{\"@id\":\"https:\/\/pagina10.com\/web\/#website\"},\"primaryImageOfPage\":{\"@id\":\"https:\/\/pagina10.com\/web\/djokovic-es-el-campeon-de-wimbledon-2\/#primaryimage\"},\"image\":{\"@id\":\"https:\/\/pagina10.com\/web\/djokovic-es-el-campeon-de-wimbledon-2\/#primaryimage\"},\"thumbnailUrl\":\"https:\/\/pagina10.com\/web\/wp-content\/uploads\/2021\/07\/Captura-de-Pantalla-2021-07-12-a-las-10.04.57-a.-m..png\",\"datePublished\":\"2021-07-12T16:05:54+00:00\",\"breadcrumb\":{\"@id\":\"https:\/\/pagina10.com\/web\/djokovic-es-el-campeon-de-wimbledon-2\/#breadcrumb\"},\"inLanguage\":\"es\",\"potentialAction\":[{\"@type\":\"ReadAction\",\"target\":[\"https:\/\/pagina10.com\/web\/djokovic-es-el-campeon-de-wimbledon-2\/\"]}]},{\"@type\":\"ImageObject\",\"inLanguage\":\"es\",\"@id\":\"https:\/\/pagina10.com\/web\/djokovic-es-el-campeon-de-wimbledon-2\/#primaryimage\",\"url\":\"https:\/\/pagina10.com\/web\/wp-content\/uploads\/2021\/07\/Captura-de-Pantalla-2021-07-12-a-las-10.04.57-a.-m..png\",\"contentUrl\":\"https:\/\/pagina10.com\/web\/wp-content\/uploads\/2021\/07\/Captura-de-Pantalla-2021-07-12-a-las-10.04.57-a.-m..png\",\"width\":433,\"height\":389},{\"@type\":\"BreadcrumbList\",\"@id\":\"https:\/\/pagina10.com\/web\/djokovic-es-el-campeon-de-wimbledon-2\/#breadcrumb\",\"itemListElement\":[{\"@type\":\"ListItem\",\"position\":1,\"name\":\"Portada\",\"item\":\"https:\/\/pagina10.com\/web\/\"},{\"@type\":\"ListItem\",\"position\":2,\"name\":\"Djokovic es el campe\u00f3n de Wimbledon\"}]},{\"@type\":\"WebSite\",\"@id\":\"https:\/\/pagina10.com\/web\/#website\",\"url\":\"https:\/\/pagina10.com\/web\/\",\"name\":\"P\u00e1gina10\",\"description\":\"Peri\u00f3dico Regional\",\"publisher\":{\"@id\":\"https:\/\/pagina10.com\/web\/#organization\"},\"alternateName\":\"P\u00e1gina10 Peri\u00f3dico Regional\",\"potentialAction\":[{\"@type\":\"SearchAction\",\"target\":{\"@type\":\"EntryPoint\",\"urlTemplate\":\"https:\/\/pagina10.com\/web\/?s={search_term_string}\"},\"query-input\":{\"@type\":\"PropertyValueSpecification\",\"valueRequired\":true,\"valueName\":\"search_term_string\"}}],\"inLanguage\":\"es\"},{\"@type\":\"Organization\",\"@id\":\"https:\/\/pagina10.com\/web\/#organization\",\"name\":\"P\u00e1gina10\",\"alternateName\":\"P\u00e1gina10 Peri\u00f3dico Regional\",\"url\":\"https:\/\/pagina10.com\/web\/\",\"logo\":{\"@type\":\"ImageObject\",\"inLanguage\":\"es\",\"@id\":\"https:\/\/pagina10.com\/web\/#\/schema\/logo\/image\/\",\"url\":\"https:\/\/pagina10.com\/web\/wp-content\/uploads\/2024\/01\/40-pagina-10-periodico-regional-pasto.jpg\",\"contentUrl\":\"https:\/\/pagina10.com\/web\/wp-content\/uploads\/2024\/01\/40-pagina-10-periodico-regional-pasto.jpg\",\"width\":1280,\"height\":720,\"caption\":\"P\u00e1gina10\"},\"image\":{\"@id\":\"https:\/\/pagina10.com\/web\/#\/schema\/logo\/image\/\"},\"sameAs\":[\"https:\/\/www.facebook.com\/pag10com\",\"https:\/\/x.com\/Pag10com\",\"https:\/\/www.instagram.com\/pagina10col\/\",\"https:\/\/youtube.com\/channel\/pag10\",\"https:\/\/www.tiktok.com\/@p10col\"]},{\"@type\":\"Person\",\"@id\":\"https:\/\/pagina10.com\/web\/#\/schema\/person\/2efc4a090d25b667d3bc796798a3a81b\",\"name\":\"P\u00e1gina 10\",\"description\":\"P\u00e1gina 10 es un peri\u00f3dico regional que nace en Colombia, en el departamento de Nari\u00f1o, con un enfoque global, fundamentado en cuatro pilares esenciales: la libertad, el pluralismo, la inclusi\u00f3n y la independencia. P\u00e1gina 10 hace referencia a Nari\u00f1o como el d\u00e9cimo departamento creado en Colombia, despu\u00e9s de un proceso pol\u00edtico liderado por actores y actrices regionales con el fin de obtener la independencia y autonom\u00eda de nuestros territorios. Con la creaci\u00f3n de P\u00e1gina 10 se pretende abrir un escenario para el dialogo, la reflexi\u00f3n y el debate que se extienda a otras geograf\u00edas de Am\u00e9rica Latina y del planeta, en una apuesta por transformar colectivamente los desaf\u00edos de un mundo contempor\u00e1neo, m\u00e1s all\u00e1 de las fronteras impuestas.\",\"url\":\"https:\/\/pagina10.com\/web\/author\/pdiezadmin\/\"}]}<\/script>\n<!-- \/ Yoast SEO plugin. -->","yoast_head_json":{"title":"Djokovic es el campe\u00f3n de Wimbledon | P\u00e1gina10","robots":{"index":"index","follow":"follow","max-snippet":"max-snippet:-1","max-image-preview":"max-image-preview:large","max-video-preview":"max-video-preview:-1"},"canonical":"https:\/\/pagina10.com\/web\/djokovic-es-el-campeon-de-wimbledon-2\/","og_locale":"es_ES","og_type":"article","og_title":"Djokovic es el campe\u00f3n de Wimbledon | P\u00e1gina10","og_description":"El n\u00famero 1 del mundo, Novak Djokovic, se coron\u00f3 campe\u00f3n de Wimbledon tras vencer en la final a Matteo Berrettini en 4 sets. As\u00ed, alcanz\u00f3 los 20 torneos de Grand Slam, igualando a Federer y Nadal. El tenista serbio era el m\u00e1ximo favorito, y pudo conseguir el t\u00edtulo. En el mundo de las apuestas, hubo [&hellip;]","og_url":"https:\/\/pagina10.com\/web\/djokovic-es-el-campeon-de-wimbledon-2\/","og_site_name":"P\u00e1gina10","article_publisher":"https:\/\/www.facebook.com\/pag10com","article_published_time":"2021-07-12T16:05:54+00:00","og_image":[{"width":433,"height":389,"url":"https:\/\/pagina10.com\/web\/wp-content\/uploads\/2021\/07\/Captura-de-Pantalla-2021-07-12-a-las-10.04.57-a.-m..png","type":"image\/png"}],"author":"P\u00e1gina 10","twitter_card":"summary_large_image","twitter_creator":"@Pag10com","twitter_site":"@Pag10com","twitter_misc":{"Escrito por":"P\u00e1gina 10","Tiempo de lectura":"2 minutos"},"schema":{"@context":"https:\/\/schema.org","@graph":[{"@type":"Article","@id":"https:\/\/pagina10.com\/web\/djokovic-es-el-campeon-de-wimbledon-2\/#article","isPartOf":{"@id":"https:\/\/pagina10.com\/web\/djokovic-es-el-campeon-de-wimbledon-2\/"},"author":{"name":"P\u00e1gina 10","@id":"https:\/\/pagina10.com\/web\/#\/schema\/person\/2efc4a090d25b667d3bc796798a3a81b"},"headline":"Djokovic es el campe\u00f3n de Wimbledon","datePublished":"2021-07-12T16:05:54+00:00","mainEntityOfPage":{"@id":"https:\/\/pagina10.com\/web\/djokovic-es-el-campeon-de-wimbledon-2\/"},"wordCount":417,"commentCount":0,"publisher":{"@id":"https:\/\/pagina10.com\/web\/#organization"},"image":{"@id":"https:\/\/pagina10.com\/web\/djokovic-es-el-campeon-de-wimbledon-2\/#primaryimage"},"thumbnailUrl":"https:\/\/pagina10.com\/web\/wp-content\/uploads\/2021\/07\/Captura-de-Pantalla-2021-07-12-a-las-10.04.57-a.-m..png","articleSection":["Deportes"],"inLanguage":"es","potentialAction":[{"@type":"CommentAction","name":"Comment","target":["https:\/\/pagina10.com\/web\/djokovic-es-el-campeon-de-wimbledon-2\/#respond"]}]},{"@type":"WebPage","@id":"https:\/\/pagina10.com\/web\/djokovic-es-el-campeon-de-wimbledon-2\/","url":"https:\/\/pagina10.com\/web\/djokovic-es-el-campeon-de-wimbledon-2\/","name":"Djokovic es el campe\u00f3n de Wimbledon | P\u00e1gina10","isPartOf":{"@id":"https:\/\/pagina10.com\/web\/#website"},"primaryImageOfPage":{"@id":"https:\/\/pagina10.com\/web\/djokovic-es-el-campeon-de-wimbledon-2\/#primaryimage"},"image":{"@id":"https:\/\/pagina10.com\/web\/djokovic-es-el-campeon-de-wimbledon-2\/#primaryimage"},"thumbnailUrl":"https:\/\/pagina10.com\/web\/wp-content\/uploads\/2021\/07\/Captura-de-Pantalla-2021-07-12-a-las-10.04.57-a.-m..png","datePublished":"2021-07-12T16:05:54+00:00","breadcrumb":{"@id":"https:\/\/pagina10.com\/web\/djokovic-es-el-campeon-de-wimbledon-2\/#breadcrumb"},"inLanguage":"es","potentialAction":[{"@type":"ReadAction","target":["https:\/\/pagina10.com\/web\/djokovic-es-el-campeon-de-wimbledon-2\/"]}]},{"@type":"ImageObject","inLanguage":"es","@id":"https:\/\/pagina10.com\/web\/djokovic-es-el-campeon-de-wimbledon-2\/#primaryimage","url":"https:\/\/pagina10.com\/web\/wp-content\/uploads\/2021\/07\/Captura-de-Pantalla-2021-07-12-a-las-10.04.57-a.-m..png","contentUrl":"https:\/\/pagina10.com\/web\/wp-content\/uploads\/2021\/07\/Captura-de-Pantalla-2021-07-12-a-las-10.04.57-a.-m..png","width":433,"height":389},{"@type":"BreadcrumbList","@id":"https:\/\/pagina10.com\/web\/djokovic-es-el-campeon-de-wimbledon-2\/#breadcrumb","itemListElement":[{"@type":"ListItem","position":1,"name":"Portada","item":"https:\/\/pagina10.com\/web\/"},{"@type":"ListItem","position":2,"name":"Djokovic es el campe\u00f3n de Wimbledon"}]},{"@type":"WebSite","@id":"https:\/\/pagina10.com\/web\/#website","url":"https:\/\/pagina10.com\/web\/","name":"P\u00e1gina10","description":"Peri\u00f3dico Regional","publisher":{"@id":"https:\/\/pagina10.com\/web\/#organization"},"alternateName":"P\u00e1gina10 Peri\u00f3dico Regional","potentialAction":[{"@type":"SearchAction","target":{"@type":"EntryPoint","urlTemplate":"https:\/\/pagina10.com\/web\/?s={search_term_string}"},"query-input":{"@type":"PropertyValueSpecification","valueRequired":true,"valueName":"search_term_string"}}],"inLanguage":"es"},{"@type":"Organization","@id":"https:\/\/pagina10.com\/web\/#organization","name":"P\u00e1gina10","alternateName":"P\u00e1gina10 Peri\u00f3dico Regional","url":"https:\/\/pagina10.com\/web\/","logo":{"@type":"ImageObject","inLanguage":"es","@id":"https:\/\/pagina10.com\/web\/#\/schema\/logo\/image\/","url":"https:\/\/pagina10.com\/web\/wp-content\/uploads\/2024\/01\/40-pagina-10-periodico-regional-pasto.jpg","contentUrl":"https:\/\/pagina10.com\/web\/wp-content\/uploads\/2024\/01\/40-pagina-10-periodico-regional-pasto.jpg","width":1280,"height":720,"caption":"P\u00e1gina10"},"image":{"@id":"https:\/\/pagina10.com\/web\/#\/schema\/logo\/image\/"},"sameAs":["https:\/\/www.facebook.com\/pag10com","https:\/\/x.com\/Pag10com","https:\/\/www.instagram.com\/pagina10col\/","https:\/\/youtube.com\/channel\/pag10","https:\/\/www.tiktok.com\/@p10col"]},{"@type":"Person","@id":"https:\/\/pagina10.com\/web\/#\/schema\/person\/2efc4a090d25b667d3bc796798a3a81b","name":"P\u00e1gina 10","description":"P\u00e1gina 10 es un peri\u00f3dico regional que nace en Colombia, en el departamento de Nari\u00f1o, con un enfoque global, fundamentado en cuatro pilares esenciales: la libertad, el pluralismo, la inclusi\u00f3n y la independencia. P\u00e1gina 10 hace referencia a Nari\u00f1o como el d\u00e9cimo departamento creado en Colombia, despu\u00e9s de un proceso pol\u00edtico liderado por actores y actrices regionales con el fin de obtener la independencia y autonom\u00eda de nuestros territorios. Con la creaci\u00f3n de P\u00e1gina 10 se pretende abrir un escenario para el dialogo, la reflexi\u00f3n y el debate que se extienda a otras geograf\u00edas de Am\u00e9rica Latina y del planeta, en una apuesta por transformar colectivamente los desaf\u00edos de un mundo contempor\u00e1neo, m\u00e1s all\u00e1 de las fronteras impuestas.","url":"https:\/\/pagina10.com\/web\/author\/pdiezadmin\/"}]}},"_links":{"self":[{"href":"https:\/\/pagina10.com\/web\/wp-json\/wp\/v2\/posts\/53968","targetHints":{"allow":["GET"]}}],"collection":[{"href":"https:\/\/pagina10.com\/web\/wp-json\/wp\/v2\/posts"}],"about":[{"href":"https:\/\/pagina10.com\/web\/wp-json\/wp\/v2\/types\/post"}],"author":[{"embeddable":true,"href":"https:\/\/pagina10.com\/web\/wp-json\/wp\/v2\/users\/1"}],"replies":[{"embeddable":true,"href":"https:\/\/pagina10.com\/web\/wp-json\/wp\/v2\/comments?post=53968"}],"version-history":[{"count":1,"href":"https:\/\/pagina10.com\/web\/wp-json\/wp\/v2\/posts\/53968\/revisions"}],"predecessor-version":[{"id":53969,"href":"https:\/\/pagina10.com\/web\/wp-json\/wp\/v2\/posts\/53968\/revisions\/53969"}],"wp:featuredmedia":[{"embeddable":true,"href":"https:\/\/pagina10.com\/web\/wp-json\/wp\/v2\/media\/53965"}],"wp:attachment":[{"href":"https:\/\/pagina10.com\/web\/wp-json\/wp\/v2\/media?parent=53968"}],"wp:term":[{"taxonomy":"category","embeddable":true,"href":"https:\/\/pagina10.com\/web\/wp-json\/wp\/v2\/categories?post=53968"},{"taxonomy":"post_tag","embeddable":true,"href":"https:\/\/pagina10.com\/web\/wp-json\/wp\/v2\/tags?post=53968"}],"curies":[{"name":"wp","href":"https:\/\/api.w.org\/{rel}","templated":true}]}}