{"id":53988,"date":"2021-07-12T23:51:48","date_gmt":"2021-07-13T04:51:48","guid":{"rendered":"https:\/\/pagina10.com\/web\/?p=53988"},"modified":"2021-07-12T23:51:48","modified_gmt":"2021-07-13T04:51:48","slug":"jovenes-de-samaniego-buscan-la-paz-a-traves-del-deporte","status":"publish","type":"post","link":"https:\/\/pagina10.com\/web\/jovenes-de-samaniego-buscan-la-paz-a-traves-del-deporte\/","title":{"rendered":"J\u00f3venes de Samaniego buscan la paz a trav\u00e9s del deporte"},"content":{"rendered":"<p style=\"text-align: justify;\"><span style=\"font-weight: 400;\">La historia del municipio de Samaniego en Nari\u00f1o, ha sido trazada por varios hechos de violencia, muchos de ellos ocasionados por el conflicto armado, lo cual ha hecho que la poblaci\u00f3n joven se vea afectada en materia de vulneraci\u00f3n de derechos donde muchos han llegado a perder la vida, c\u00f3mo en la pasada masacre de agosto de 2020.<\/span><\/p>\n<p style=\"text-align: justify;\"><span style=\"font-weight: 400;\">Entre tantos hechos de violencia y vulneraci\u00f3n que se presentan en la zona, la poblaci\u00f3n ha buscado alternativas para contrarrestar est\u00e1s situaciones, una de ellas es el deporte, el cual incentiva a cultivar buenos h\u00e1bitos de convivencia y utilizaci\u00f3n del tiempo libre.\u00a0<\/span><\/p>\n<p style=\"text-align: justify;\"><span style=\"font-weight: 400;\">Tal como lo informa Radio Nacional de Colombia, desde el a\u00f1o 2017 se cultiv\u00f3 el sue\u00f1o del equipo de f\u00fatbol de sal\u00f3n, Samaniego F.S. su entrenador, Dar\u00edo Piarcuzan, manifest\u00f3 &#8220;que esta es una oportunidad para mostrar otra cara de este municipio por medio del deporte&#8221;, se lee en el art\u00edculo.\u00a0<\/span><\/p>\n<p style=\"text-align: justify;\"><span style=\"font-weight: 400;\">Tambi\u00e9n manifiesta que gracias. Apoyo de la Liga de F\u00fatbol de Sal\u00f3n del departamento y la participaci\u00f3n en torneos regionales han logrado construir el sue\u00f1o de participar en torneos federativos a nivel nacional, &#8220;para mostrar a otro Samaniego\u201d; indica el entrenador.<\/span><\/p>\n<p style=\"text-align: justify;\"><span style=\"font-weight: 400;\">Dar\u00edo Piarcuzan manifiesta que el trabajo ha sido largo, que muchas veces la motivaci\u00f3n no est\u00e1 &#8220;por la manera como se maneja el deporte por parte de algunos dirigentes&#8221;, pero han tenido apoyo de otras y que as\u00ed se ha ido conformando el sue\u00f1o deportivo donde est\u00e1n j\u00f3venes desde los 4 hasta los 16 a\u00f1os de edad\u00a0<\/span><\/p>\n<p style=\"text-align: justify;\"><span style=\"font-weight: 400;\">\u201cHemos pensando en estos j\u00f3venes que, debido a la misma situaci\u00f3n del pa\u00eds, no ten\u00edan oportunidades y si las hab\u00edan eran muy costosas, esto tambi\u00e9n nos motiv\u00f3 a conformar este equipo en una tierra donde es apasionada por el microf\u00fatbol como se llama popularmente&#8221; manifest\u00f3 Dar\u00edo\u00a0<\/span><\/p>\n<p style=\"text-align: justify;\"><span style=\"font-weight: 400;\">De acuerdo con el art\u00edculo de Radio Nacional de Colombia, en la zona rural de Samaniego las canchas para microf\u00fatbol son muy comunes, y es una alternativa que tienen los j\u00f3venes en sus tiempos libres, durante los torneos que se realizaban, entre 4 y 5 mil personas se reun\u00edan en el coliseo municipal a disfrutar estos encuentros.<\/span><\/p>\n<p style=\"text-align: justify;\"><span style=\"font-weight: 400;\">En el art\u00edculo se resalta que, este equipo es conformado en un 90% por j\u00f3venes de la zona urbana, rural y monta\u00f1osa se esta poblaci\u00f3n que miran en el deporte una nueva vida y evitar que situaciones como las ocurridas con el homicidio de varios adolescentes dos de ellos jugadores del equipo no se vuelvan a repetir.<\/span><\/p>\n<p style=\"text-align: justify;\"><span style=\"font-weight: 400;\">Seg\u00fan la informaci\u00f3n suministrada, se espera La primera participaci\u00f3n nacional ser\u00e1 en el encuentro de f\u00fatbol sala, a desarrollarse a partir del mes de septiembre, donde participar\u00e1n 24 delegaciones del pa\u00eds.\u00a0<\/span><\/p>\n<p style=\"text-align: justify;\"><span style=\"font-weight: 400;\">Texto de referencia: Radio Nacional de Colombia<\/span><\/p>\n","protected":false},"excerpt":{"rendered":"<p>La historia del municipio de Samaniego en Nari\u00f1o, ha sido trazada por varios hechos de violencia, muchos de ellos ocasionados por el conflicto armado, lo cual ha hecho que la poblaci\u00f3n joven se vea afectada en materia de vulneraci\u00f3n de derechos donde muchos han llegado a perder la vida, c\u00f3mo en la pasada masacre de [&hellip;]<\/p>\n","protected":false},"author":1,"featured_media":53989,"comment_status":"open","ping_status":"open","sticky":false,"template":"","format":"standard","meta":{"footnotes":""},"categories":[86],"tags":[],"class_list":["post-53988","post","type-post","status-publish","format-standard","has-post-thumbnail","hentry","category-deportes-2"],"yoast_head":"<!-- This site is optimized with the Yoast SEO plugin v27.1.1 - https:\/\/yoast.com\/product\/yoast-seo-wordpress\/ -->\n<title>J\u00f3venes de Samaniego buscan la paz a trav\u00e9s del deporte | P\u00e1gina10<\/title>\n<meta name=\"robots\" content=\"index, follow, max-snippet:-1, max-image-preview:large, max-video-preview:-1\" \/>\n<link rel=\"canonical\" href=\"https:\/\/pagina10.com\/web\/jovenes-de-samaniego-buscan-la-paz-a-traves-del-deporte\/\" \/>\n<meta property=\"og:locale\" content=\"es_ES\" \/>\n<meta property=\"og:type\" content=\"article\" \/>\n<meta property=\"og:title\" content=\"J\u00f3venes de Samaniego buscan la paz a trav\u00e9s del deporte | P\u00e1gina10\" \/>\n<meta property=\"og:description\" content=\"La historia del municipio de Samaniego en Nari\u00f1o, ha sido trazada por varios hechos de violencia, muchos de ellos ocasionados por el conflicto armado, lo cual ha hecho que la poblaci\u00f3n joven se vea afectada en materia de vulneraci\u00f3n de derechos donde muchos han llegado a perder la vida, c\u00f3mo en la pasada masacre de [&hellip;]\" \/>\n<meta property=\"og:url\" content=\"https:\/\/pagina10.com\/web\/jovenes-de-samaniego-buscan-la-paz-a-traves-del-deporte\/\" \/>\n<meta property=\"og:site_name\" content=\"P\u00e1gina10\" \/>\n<meta property=\"article:publisher\" content=\"https:\/\/www.facebook.com\/pag10com\" \/>\n<meta property=\"article:published_time\" content=\"2021-07-13T04:51:48+00:00\" \/>\n<meta property=\"og:image\" content=\"https:\/\/pagina10.com\/web\/wp-content\/uploads\/2021\/07\/WhatsApp-Image-2021-07-11-at-12.44.16-PM.jpeg\" \/>\n\t<meta property=\"og:image:width\" content=\"1200\" \/>\n\t<meta property=\"og:image:height\" content=\"900\" \/>\n\t<meta property=\"og:image:type\" content=\"image\/jpeg\" \/>\n<meta name=\"author\" content=\"P\u00e1gina 10\" \/>\n<meta name=\"twitter:card\" content=\"summary_large_image\" \/>\n<meta name=\"twitter:creator\" content=\"@Pag10com\" \/>\n<meta name=\"twitter:site\" content=\"@Pag10com\" \/>\n<meta name=\"twitter:label1\" content=\"Escrito por\" \/>\n\t<meta name=\"twitter:data1\" content=\"P\u00e1gina 10\" \/>\n\t<meta name=\"twitter:label2\" content=\"Tiempo de lectura\" \/>\n\t<meta name=\"twitter:data2\" content=\"2 minutos\" \/>\n<script type=\"application\/ld+json\" class=\"yoast-schema-graph\">{\"@context\":\"https:\/\/schema.org\",\"@graph\":[{\"@type\":\"Article\",\"@id\":\"https:\/\/pagina10.com\/web\/jovenes-de-samaniego-buscan-la-paz-a-traves-del-deporte\/#article\",\"isPartOf\":{\"@id\":\"https:\/\/pagina10.com\/web\/jovenes-de-samaniego-buscan-la-paz-a-traves-del-deporte\/\"},\"author\":{\"name\":\"P\u00e1gina 10\",\"@id\":\"https:\/\/pagina10.com\/web\/#\/schema\/person\/2efc4a090d25b667d3bc796798a3a81b\"},\"headline\":\"J\u00f3venes de Samaniego buscan la paz a trav\u00e9s del deporte\",\"datePublished\":\"2021-07-13T04:51:48+00:00\",\"mainEntityOfPage\":{\"@id\":\"https:\/\/pagina10.com\/web\/jovenes-de-samaniego-buscan-la-paz-a-traves-del-deporte\/\"},\"wordCount\":499,\"commentCount\":0,\"publisher\":{\"@id\":\"https:\/\/pagina10.com\/web\/#organization\"},\"image\":{\"@id\":\"https:\/\/pagina10.com\/web\/jovenes-de-samaniego-buscan-la-paz-a-traves-del-deporte\/#primaryimage\"},\"thumbnailUrl\":\"https:\/\/pagina10.com\/web\/wp-content\/uploads\/2021\/07\/WhatsApp-Image-2021-07-11-at-12.44.16-PM.jpeg\",\"articleSection\":[\"Deportes\"],\"inLanguage\":\"es\",\"potentialAction\":[{\"@type\":\"CommentAction\",\"name\":\"Comment\",\"target\":[\"https:\/\/pagina10.com\/web\/jovenes-de-samaniego-buscan-la-paz-a-traves-del-deporte\/#respond\"]}]},{\"@type\":\"WebPage\",\"@id\":\"https:\/\/pagina10.com\/web\/jovenes-de-samaniego-buscan-la-paz-a-traves-del-deporte\/\",\"url\":\"https:\/\/pagina10.com\/web\/jovenes-de-samaniego-buscan-la-paz-a-traves-del-deporte\/\",\"name\":\"J\u00f3venes de Samaniego buscan la paz a trav\u00e9s del deporte | P\u00e1gina10\",\"isPartOf\":{\"@id\":\"https:\/\/pagina10.com\/web\/#website\"},\"primaryImageOfPage\":{\"@id\":\"https:\/\/pagina10.com\/web\/jovenes-de-samaniego-buscan-la-paz-a-traves-del-deporte\/#primaryimage\"},\"image\":{\"@id\":\"https:\/\/pagina10.com\/web\/jovenes-de-samaniego-buscan-la-paz-a-traves-del-deporte\/#primaryimage\"},\"thumbnailUrl\":\"https:\/\/pagina10.com\/web\/wp-content\/uploads\/2021\/07\/WhatsApp-Image-2021-07-11-at-12.44.16-PM.jpeg\",\"datePublished\":\"2021-07-13T04:51:48+00:00\",\"breadcrumb\":{\"@id\":\"https:\/\/pagina10.com\/web\/jovenes-de-samaniego-buscan-la-paz-a-traves-del-deporte\/#breadcrumb\"},\"inLanguage\":\"es\",\"potentialAction\":[{\"@type\":\"ReadAction\",\"target\":[\"https:\/\/pagina10.com\/web\/jovenes-de-samaniego-buscan-la-paz-a-traves-del-deporte\/\"]}]},{\"@type\":\"ImageObject\",\"inLanguage\":\"es\",\"@id\":\"https:\/\/pagina10.com\/web\/jovenes-de-samaniego-buscan-la-paz-a-traves-del-deporte\/#primaryimage\",\"url\":\"https:\/\/pagina10.com\/web\/wp-content\/uploads\/2021\/07\/WhatsApp-Image-2021-07-11-at-12.44.16-PM.jpeg\",\"contentUrl\":\"https:\/\/pagina10.com\/web\/wp-content\/uploads\/2021\/07\/WhatsApp-Image-2021-07-11-at-12.44.16-PM.jpeg\",\"width\":1200,\"height\":900},{\"@type\":\"BreadcrumbList\",\"@id\":\"https:\/\/pagina10.com\/web\/jovenes-de-samaniego-buscan-la-paz-a-traves-del-deporte\/#breadcrumb\",\"itemListElement\":[{\"@type\":\"ListItem\",\"position\":1,\"name\":\"Portada\",\"item\":\"https:\/\/pagina10.com\/web\/\"},{\"@type\":\"ListItem\",\"position\":2,\"name\":\"J\u00f3venes de Samaniego buscan la paz a trav\u00e9s del deporte\"}]},{\"@type\":\"WebSite\",\"@id\":\"https:\/\/pagina10.com\/web\/#website\",\"url\":\"https:\/\/pagina10.com\/web\/\",\"name\":\"P\u00e1gina10\",\"description\":\"Peri\u00f3dico Regional\",\"publisher\":{\"@id\":\"https:\/\/pagina10.com\/web\/#organization\"},\"alternateName\":\"P\u00e1gina10 Peri\u00f3dico Regional\",\"potentialAction\":[{\"@type\":\"SearchAction\",\"target\":{\"@type\":\"EntryPoint\",\"urlTemplate\":\"https:\/\/pagina10.com\/web\/?s={search_term_string}\"},\"query-input\":{\"@type\":\"PropertyValueSpecification\",\"valueRequired\":true,\"valueName\":\"search_term_string\"}}],\"inLanguage\":\"es\"},{\"@type\":\"Organization\",\"@id\":\"https:\/\/pagina10.com\/web\/#organization\",\"name\":\"P\u00e1gina10\",\"alternateName\":\"P\u00e1gina10 Peri\u00f3dico Regional\",\"url\":\"https:\/\/pagina10.com\/web\/\",\"logo\":{\"@type\":\"ImageObject\",\"inLanguage\":\"es\",\"@id\":\"https:\/\/pagina10.com\/web\/#\/schema\/logo\/image\/\",\"url\":\"https:\/\/pagina10.com\/web\/wp-content\/uploads\/2024\/01\/40-pagina-10-periodico-regional-pasto.jpg\",\"contentUrl\":\"https:\/\/pagina10.com\/web\/wp-content\/uploads\/2024\/01\/40-pagina-10-periodico-regional-pasto.jpg\",\"width\":1280,\"height\":720,\"caption\":\"P\u00e1gina10\"},\"image\":{\"@id\":\"https:\/\/pagina10.com\/web\/#\/schema\/logo\/image\/\"},\"sameAs\":[\"https:\/\/www.facebook.com\/pag10com\",\"https:\/\/x.com\/Pag10com\",\"https:\/\/www.instagram.com\/pagina10col\/\",\"https:\/\/youtube.com\/channel\/pag10\",\"https:\/\/www.tiktok.com\/@p10col\"]},{\"@type\":\"Person\",\"@id\":\"https:\/\/pagina10.com\/web\/#\/schema\/person\/2efc4a090d25b667d3bc796798a3a81b\",\"name\":\"P\u00e1gina 10\",\"description\":\"P\u00e1gina 10 es un peri\u00f3dico regional que nace en Colombia, en el departamento de Nari\u00f1o, con un enfoque global, fundamentado en cuatro pilares esenciales: la libertad, el pluralismo, la inclusi\u00f3n y la independencia. P\u00e1gina 10 hace referencia a Nari\u00f1o como el d\u00e9cimo departamento creado en Colombia, despu\u00e9s de un proceso pol\u00edtico liderado por actores y actrices regionales con el fin de obtener la independencia y autonom\u00eda de nuestros territorios. Con la creaci\u00f3n de P\u00e1gina 10 se pretende abrir un escenario para el dialogo, la reflexi\u00f3n y el debate que se extienda a otras geograf\u00edas de Am\u00e9rica Latina y del planeta, en una apuesta por transformar colectivamente los desaf\u00edos de un mundo contempor\u00e1neo, m\u00e1s all\u00e1 de las fronteras impuestas.\",\"url\":\"https:\/\/pagina10.com\/web\/author\/pdiezadmin\/\"}]}<\/script>\n<!-- \/ Yoast SEO plugin. -->","yoast_head_json":{"title":"J\u00f3venes de Samaniego buscan la paz a trav\u00e9s del deporte | P\u00e1gina10","robots":{"index":"index","follow":"follow","max-snippet":"max-snippet:-1","max-image-preview":"max-image-preview:large","max-video-preview":"max-video-preview:-1"},"canonical":"https:\/\/pagina10.com\/web\/jovenes-de-samaniego-buscan-la-paz-a-traves-del-deporte\/","og_locale":"es_ES","og_type":"article","og_title":"J\u00f3venes de Samaniego buscan la paz a trav\u00e9s del deporte | P\u00e1gina10","og_description":"La historia del municipio de Samaniego en Nari\u00f1o, ha sido trazada por varios hechos de violencia, muchos de ellos ocasionados por el conflicto armado, lo cual ha hecho que la poblaci\u00f3n joven se vea afectada en materia de vulneraci\u00f3n de derechos donde muchos han llegado a perder la vida, c\u00f3mo en la pasada masacre de [&hellip;]","og_url":"https:\/\/pagina10.com\/web\/jovenes-de-samaniego-buscan-la-paz-a-traves-del-deporte\/","og_site_name":"P\u00e1gina10","article_publisher":"https:\/\/www.facebook.com\/pag10com","article_published_time":"2021-07-13T04:51:48+00:00","og_image":[{"width":1200,"height":900,"url":"https:\/\/pagina10.com\/web\/wp-content\/uploads\/2021\/07\/WhatsApp-Image-2021-07-11-at-12.44.16-PM.jpeg","type":"image\/jpeg"}],"author":"P\u00e1gina 10","twitter_card":"summary_large_image","twitter_creator":"@Pag10com","twitter_site":"@Pag10com","twitter_misc":{"Escrito por":"P\u00e1gina 10","Tiempo de lectura":"2 minutos"},"schema":{"@context":"https:\/\/schema.org","@graph":[{"@type":"Article","@id":"https:\/\/pagina10.com\/web\/jovenes-de-samaniego-buscan-la-paz-a-traves-del-deporte\/#article","isPartOf":{"@id":"https:\/\/pagina10.com\/web\/jovenes-de-samaniego-buscan-la-paz-a-traves-del-deporte\/"},"author":{"name":"P\u00e1gina 10","@id":"https:\/\/pagina10.com\/web\/#\/schema\/person\/2efc4a090d25b667d3bc796798a3a81b"},"headline":"J\u00f3venes de Samaniego buscan la paz a trav\u00e9s del deporte","datePublished":"2021-07-13T04:51:48+00:00","mainEntityOfPage":{"@id":"https:\/\/pagina10.com\/web\/jovenes-de-samaniego-buscan-la-paz-a-traves-del-deporte\/"},"wordCount":499,"commentCount":0,"publisher":{"@id":"https:\/\/pagina10.com\/web\/#organization"},"image":{"@id":"https:\/\/pagina10.com\/web\/jovenes-de-samaniego-buscan-la-paz-a-traves-del-deporte\/#primaryimage"},"thumbnailUrl":"https:\/\/pagina10.com\/web\/wp-content\/uploads\/2021\/07\/WhatsApp-Image-2021-07-11-at-12.44.16-PM.jpeg","articleSection":["Deportes"],"inLanguage":"es","potentialAction":[{"@type":"CommentAction","name":"Comment","target":["https:\/\/pagina10.com\/web\/jovenes-de-samaniego-buscan-la-paz-a-traves-del-deporte\/#respond"]}]},{"@type":"WebPage","@id":"https:\/\/pagina10.com\/web\/jovenes-de-samaniego-buscan-la-paz-a-traves-del-deporte\/","url":"https:\/\/pagina10.com\/web\/jovenes-de-samaniego-buscan-la-paz-a-traves-del-deporte\/","name":"J\u00f3venes de Samaniego buscan la paz a trav\u00e9s del deporte | P\u00e1gina10","isPartOf":{"@id":"https:\/\/pagina10.com\/web\/#website"},"primaryImageOfPage":{"@id":"https:\/\/pagina10.com\/web\/jovenes-de-samaniego-buscan-la-paz-a-traves-del-deporte\/#primaryimage"},"image":{"@id":"https:\/\/pagina10.com\/web\/jovenes-de-samaniego-buscan-la-paz-a-traves-del-deporte\/#primaryimage"},"thumbnailUrl":"https:\/\/pagina10.com\/web\/wp-content\/uploads\/2021\/07\/WhatsApp-Image-2021-07-11-at-12.44.16-PM.jpeg","datePublished":"2021-07-13T04:51:48+00:00","breadcrumb":{"@id":"https:\/\/pagina10.com\/web\/jovenes-de-samaniego-buscan-la-paz-a-traves-del-deporte\/#breadcrumb"},"inLanguage":"es","potentialAction":[{"@type":"ReadAction","target":["https:\/\/pagina10.com\/web\/jovenes-de-samaniego-buscan-la-paz-a-traves-del-deporte\/"]}]},{"@type":"ImageObject","inLanguage":"es","@id":"https:\/\/pagina10.com\/web\/jovenes-de-samaniego-buscan-la-paz-a-traves-del-deporte\/#primaryimage","url":"https:\/\/pagina10.com\/web\/wp-content\/uploads\/2021\/07\/WhatsApp-Image-2021-07-11-at-12.44.16-PM.jpeg","contentUrl":"https:\/\/pagina10.com\/web\/wp-content\/uploads\/2021\/07\/WhatsApp-Image-2021-07-11-at-12.44.16-PM.jpeg","width":1200,"height":900},{"@type":"BreadcrumbList","@id":"https:\/\/pagina10.com\/web\/jovenes-de-samaniego-buscan-la-paz-a-traves-del-deporte\/#breadcrumb","itemListElement":[{"@type":"ListItem","position":1,"name":"Portada","item":"https:\/\/pagina10.com\/web\/"},{"@type":"ListItem","position":2,"name":"J\u00f3venes de Samaniego buscan la paz a trav\u00e9s del deporte"}]},{"@type":"WebSite","@id":"https:\/\/pagina10.com\/web\/#website","url":"https:\/\/pagina10.com\/web\/","name":"P\u00e1gina10","description":"Peri\u00f3dico Regional","publisher":{"@id":"https:\/\/pagina10.com\/web\/#organization"},"alternateName":"P\u00e1gina10 Peri\u00f3dico Regional","potentialAction":[{"@type":"SearchAction","target":{"@type":"EntryPoint","urlTemplate":"https:\/\/pagina10.com\/web\/?s={search_term_string}"},"query-input":{"@type":"PropertyValueSpecification","valueRequired":true,"valueName":"search_term_string"}}],"inLanguage":"es"},{"@type":"Organization","@id":"https:\/\/pagina10.com\/web\/#organization","name":"P\u00e1gina10","alternateName":"P\u00e1gina10 Peri\u00f3dico Regional","url":"https:\/\/pagina10.com\/web\/","logo":{"@type":"ImageObject","inLanguage":"es","@id":"https:\/\/pagina10.com\/web\/#\/schema\/logo\/image\/","url":"https:\/\/pagina10.com\/web\/wp-content\/uploads\/2024\/01\/40-pagina-10-periodico-regional-pasto.jpg","contentUrl":"https:\/\/pagina10.com\/web\/wp-content\/uploads\/2024\/01\/40-pagina-10-periodico-regional-pasto.jpg","width":1280,"height":720,"caption":"P\u00e1gina10"},"image":{"@id":"https:\/\/pagina10.com\/web\/#\/schema\/logo\/image\/"},"sameAs":["https:\/\/www.facebook.com\/pag10com","https:\/\/x.com\/Pag10com","https:\/\/www.instagram.com\/pagina10col\/","https:\/\/youtube.com\/channel\/pag10","https:\/\/www.tiktok.com\/@p10col"]},{"@type":"Person","@id":"https:\/\/pagina10.com\/web\/#\/schema\/person\/2efc4a090d25b667d3bc796798a3a81b","name":"P\u00e1gina 10","description":"P\u00e1gina 10 es un peri\u00f3dico regional que nace en Colombia, en el departamento de Nari\u00f1o, con un enfoque global, fundamentado en cuatro pilares esenciales: la libertad, el pluralismo, la inclusi\u00f3n y la independencia. P\u00e1gina 10 hace referencia a Nari\u00f1o como el d\u00e9cimo departamento creado en Colombia, despu\u00e9s de un proceso pol\u00edtico liderado por actores y actrices regionales con el fin de obtener la independencia y autonom\u00eda de nuestros territorios. Con la creaci\u00f3n de P\u00e1gina 10 se pretende abrir un escenario para el dialogo, la reflexi\u00f3n y el debate que se extienda a otras geograf\u00edas de Am\u00e9rica Latina y del planeta, en una apuesta por transformar colectivamente los desaf\u00edos de un mundo contempor\u00e1neo, m\u00e1s all\u00e1 de las fronteras impuestas.","url":"https:\/\/pagina10.com\/web\/author\/pdiezadmin\/"}]}},"_links":{"self":[{"href":"https:\/\/pagina10.com\/web\/wp-json\/wp\/v2\/posts\/53988","targetHints":{"allow":["GET"]}}],"collection":[{"href":"https:\/\/pagina10.com\/web\/wp-json\/wp\/v2\/posts"}],"about":[{"href":"https:\/\/pagina10.com\/web\/wp-json\/wp\/v2\/types\/post"}],"author":[{"embeddable":true,"href":"https:\/\/pagina10.com\/web\/wp-json\/wp\/v2\/users\/1"}],"replies":[{"embeddable":true,"href":"https:\/\/pagina10.com\/web\/wp-json\/wp\/v2\/comments?post=53988"}],"version-history":[{"count":1,"href":"https:\/\/pagina10.com\/web\/wp-json\/wp\/v2\/posts\/53988\/revisions"}],"predecessor-version":[{"id":53990,"href":"https:\/\/pagina10.com\/web\/wp-json\/wp\/v2\/posts\/53988\/revisions\/53990"}],"wp:featuredmedia":[{"embeddable":true,"href":"https:\/\/pagina10.com\/web\/wp-json\/wp\/v2\/media\/53989"}],"wp:attachment":[{"href":"https:\/\/pagina10.com\/web\/wp-json\/wp\/v2\/media?parent=53988"}],"wp:term":[{"taxonomy":"category","embeddable":true,"href":"https:\/\/pagina10.com\/web\/wp-json\/wp\/v2\/categories?post=53988"},{"taxonomy":"post_tag","embeddable":true,"href":"https:\/\/pagina10.com\/web\/wp-json\/wp\/v2\/tags?post=53988"}],"curies":[{"name":"wp","href":"https:\/\/api.w.org\/{rel}","templated":true}]}}