{"id":54014,"date":"2021-07-13T18:49:18","date_gmt":"2021-07-13T23:49:18","guid":{"rendered":"https:\/\/pagina10.com\/web\/?p=54014"},"modified":"2021-07-13T18:50:00","modified_gmt":"2021-07-13T23:50:00","slug":"fernando-latorre-fue-nombrado-como-el-nuevo-secretario-de-planeacion-de-narino","status":"publish","type":"post","link":"https:\/\/pagina10.com\/web\/fernando-latorre-fue-nombrado-como-el-nuevo-secretario-de-planeacion-de-narino\/","title":{"rendered":"Fernando Latorre fue nombrado como el nuevo Secretario de Planeaci\u00f3n de Nari\u00f1o"},"content":{"rendered":"<p style=\"text-align: justify;\">El Gobernador de Nari\u00f1o, Jhon Rojas design\u00f3 como nuevo Secretario de Planeaci\u00f3n del Departamento al Ingeniero Fernando Latorre, quien cumpl\u00eda sus funciones como coordinador de regal\u00edas en la presente administraci\u00f3n. El reto para el nuevo Secretario es continuar el proceso de ejecuci\u00f3n de proyectos del Sistema General de Regal\u00edas para Nari\u00f1o.<\/p>\n<p style=\"text-align: justify;\"><span style=\"font-weight: 400;\">Fernando Latorre es oriundo del Municipio de Taminango, estudi\u00f3 ingenier\u00eda civil, Especialista en Ingenier\u00eda de Carreteras. Su trayectoria profesional se basa en el servicio a la comunidad en entidades p\u00fablicas y privadas; adem\u00e1s, tiene experiencia como docente de la Universidad de Nari\u00f1o y estuvo a cargo del Plan de Aguas de Nari\u00f1o -PDA en 2020.<\/span><\/p>\n<p style=\"text-align: justify;\"><span style=\"font-weight: 400;\">\u201cLa Gobernaci\u00f3n de Nari\u00f1o y la Secretar\u00eda de Planeaci\u00f3n tiene grandes retos entre los m\u00e1s importantes reactivar la econom\u00eda de nuestro Departamento tan golpeado por la Pandemia del COVID-19. Trabajar\u00e9 incansablemente junto con mi equipo para lograr la aprobaci\u00f3n de proyectos en el sector productivo, salud, infraestructura educativa y vial, saneamiento b\u00e1sico y agua potable, para que permitan mejorar las condiciones de vida de todos los nari\u00f1enses\u201d, indic\u00f3 El Secretario de Planeaci\u00f3n de Nari\u00f1o, Fernando Latorre.<\/span><\/p>\n<p style=\"text-align: justify;\"><span style=\"font-weight: 400;\">Adem\u00e1s, el Secretario puso a disposici\u00f3n sus conocimientos, dedicaci\u00f3n y experiencia para trabajar por el bienestar de Nari\u00f1o.<\/span><\/p>\n","protected":false},"excerpt":{"rendered":"<p>El Gobernador de Nari\u00f1o, Jhon Rojas design\u00f3 como nuevo Secretario de Planeaci\u00f3n del Departamento al Ingeniero Fernando Latorre, quien cumpl\u00eda sus funciones como coordinador de regal\u00edas en la presente administraci\u00f3n. El reto para el nuevo Secretario es continuar el proceso de ejecuci\u00f3n de proyectos del Sistema General de Regal\u00edas para Nari\u00f1o. Fernando Latorre es oriundo [&hellip;]<\/p>\n","protected":false},"author":1,"featured_media":54017,"comment_status":"open","ping_status":"open","sticky":false,"template":"","format":"standard","meta":{"footnotes":""},"categories":[53],"tags":[],"class_list":["post-54014","post","type-post","status-publish","format-standard","has-post-thumbnail","hentry","category-regiones"],"yoast_head":"<!-- This site is optimized with the Yoast SEO plugin v27.1.1 - https:\/\/yoast.com\/product\/yoast-seo-wordpress\/ -->\n<title>Fernando Latorre fue nombrado como el nuevo Secretario de Planeaci\u00f3n de Nari\u00f1o | P\u00e1gina10<\/title>\n<meta name=\"robots\" content=\"index, follow, max-snippet:-1, max-image-preview:large, max-video-preview:-1\" \/>\n<link rel=\"canonical\" href=\"https:\/\/pagina10.com\/web\/fernando-latorre-fue-nombrado-como-el-nuevo-secretario-de-planeacion-de-narino\/\" \/>\n<meta property=\"og:locale\" content=\"es_ES\" \/>\n<meta property=\"og:type\" content=\"article\" \/>\n<meta property=\"og:title\" content=\"Fernando Latorre fue nombrado como el nuevo Secretario de Planeaci\u00f3n de Nari\u00f1o | P\u00e1gina10\" \/>\n<meta property=\"og:description\" content=\"El Gobernador de Nari\u00f1o, Jhon Rojas design\u00f3 como nuevo Secretario de Planeaci\u00f3n del Departamento al Ingeniero Fernando Latorre, quien cumpl\u00eda sus funciones como coordinador de regal\u00edas en la presente administraci\u00f3n. El reto para el nuevo Secretario es continuar el proceso de ejecuci\u00f3n de proyectos del Sistema General de Regal\u00edas para Nari\u00f1o. Fernando Latorre es oriundo [&hellip;]\" \/>\n<meta property=\"og:url\" content=\"https:\/\/pagina10.com\/web\/fernando-latorre-fue-nombrado-como-el-nuevo-secretario-de-planeacion-de-narino\/\" \/>\n<meta property=\"og:site_name\" content=\"P\u00e1gina10\" \/>\n<meta property=\"article:publisher\" content=\"https:\/\/www.facebook.com\/pag10com\" \/>\n<meta property=\"article:published_time\" content=\"2021-07-13T23:49:18+00:00\" \/>\n<meta property=\"article:modified_time\" content=\"2021-07-13T23:50:00+00:00\" \/>\n<meta property=\"og:image\" content=\"https:\/\/pagina10.com\/web\/wp-content\/uploads\/2021\/07\/WhatsApp-Image-2021-07-13-at-7.42.06-AM.jpeg\" \/>\n\t<meta property=\"og:image:width\" content=\"247\" \/>\n\t<meta property=\"og:image:height\" content=\"330\" \/>\n\t<meta property=\"og:image:type\" content=\"image\/jpeg\" \/>\n<meta name=\"author\" content=\"P\u00e1gina 10\" \/>\n<meta name=\"twitter:card\" content=\"summary_large_image\" \/>\n<meta name=\"twitter:creator\" content=\"@Pag10com\" \/>\n<meta name=\"twitter:site\" content=\"@Pag10com\" \/>\n<meta name=\"twitter:label1\" content=\"Escrito por\" \/>\n\t<meta name=\"twitter:data1\" content=\"P\u00e1gina 10\" \/>\n\t<meta name=\"twitter:label2\" content=\"Tiempo de lectura\" \/>\n\t<meta name=\"twitter:data2\" content=\"1 minuto\" \/>\n<script type=\"application\/ld+json\" class=\"yoast-schema-graph\">{\"@context\":\"https:\/\/schema.org\",\"@graph\":[{\"@type\":\"Article\",\"@id\":\"https:\/\/pagina10.com\/web\/fernando-latorre-fue-nombrado-como-el-nuevo-secretario-de-planeacion-de-narino\/#article\",\"isPartOf\":{\"@id\":\"https:\/\/pagina10.com\/web\/fernando-latorre-fue-nombrado-como-el-nuevo-secretario-de-planeacion-de-narino\/\"},\"author\":{\"name\":\"P\u00e1gina 10\",\"@id\":\"https:\/\/pagina10.com\/web\/#\/schema\/person\/2efc4a090d25b667d3bc796798a3a81b\"},\"headline\":\"Fernando Latorre fue nombrado como el nuevo Secretario de Planeaci\u00f3n de Nari\u00f1o\",\"datePublished\":\"2021-07-13T23:49:18+00:00\",\"dateModified\":\"2021-07-13T23:50:00+00:00\",\"mainEntityOfPage\":{\"@id\":\"https:\/\/pagina10.com\/web\/fernando-latorre-fue-nombrado-como-el-nuevo-secretario-de-planeacion-de-narino\/\"},\"wordCount\":242,\"commentCount\":0,\"publisher\":{\"@id\":\"https:\/\/pagina10.com\/web\/#organization\"},\"image\":{\"@id\":\"https:\/\/pagina10.com\/web\/fernando-latorre-fue-nombrado-como-el-nuevo-secretario-de-planeacion-de-narino\/#primaryimage\"},\"thumbnailUrl\":\"https:\/\/pagina10.com\/web\/wp-content\/uploads\/2021\/07\/WhatsApp-Image-2021-07-13-at-7.42.06-AM.jpeg\",\"articleSection\":[\"Regiones\"],\"inLanguage\":\"es\",\"potentialAction\":[{\"@type\":\"CommentAction\",\"name\":\"Comment\",\"target\":[\"https:\/\/pagina10.com\/web\/fernando-latorre-fue-nombrado-como-el-nuevo-secretario-de-planeacion-de-narino\/#respond\"]}]},{\"@type\":\"WebPage\",\"@id\":\"https:\/\/pagina10.com\/web\/fernando-latorre-fue-nombrado-como-el-nuevo-secretario-de-planeacion-de-narino\/\",\"url\":\"https:\/\/pagina10.com\/web\/fernando-latorre-fue-nombrado-como-el-nuevo-secretario-de-planeacion-de-narino\/\",\"name\":\"Fernando Latorre fue nombrado como el nuevo Secretario de Planeaci\u00f3n de Nari\u00f1o | P\u00e1gina10\",\"isPartOf\":{\"@id\":\"https:\/\/pagina10.com\/web\/#website\"},\"primaryImageOfPage\":{\"@id\":\"https:\/\/pagina10.com\/web\/fernando-latorre-fue-nombrado-como-el-nuevo-secretario-de-planeacion-de-narino\/#primaryimage\"},\"image\":{\"@id\":\"https:\/\/pagina10.com\/web\/fernando-latorre-fue-nombrado-como-el-nuevo-secretario-de-planeacion-de-narino\/#primaryimage\"},\"thumbnailUrl\":\"https:\/\/pagina10.com\/web\/wp-content\/uploads\/2021\/07\/WhatsApp-Image-2021-07-13-at-7.42.06-AM.jpeg\",\"datePublished\":\"2021-07-13T23:49:18+00:00\",\"dateModified\":\"2021-07-13T23:50:00+00:00\",\"breadcrumb\":{\"@id\":\"https:\/\/pagina10.com\/web\/fernando-latorre-fue-nombrado-como-el-nuevo-secretario-de-planeacion-de-narino\/#breadcrumb\"},\"inLanguage\":\"es\",\"potentialAction\":[{\"@type\":\"ReadAction\",\"target\":[\"https:\/\/pagina10.com\/web\/fernando-latorre-fue-nombrado-como-el-nuevo-secretario-de-planeacion-de-narino\/\"]}]},{\"@type\":\"ImageObject\",\"inLanguage\":\"es\",\"@id\":\"https:\/\/pagina10.com\/web\/fernando-latorre-fue-nombrado-como-el-nuevo-secretario-de-planeacion-de-narino\/#primaryimage\",\"url\":\"https:\/\/pagina10.com\/web\/wp-content\/uploads\/2021\/07\/WhatsApp-Image-2021-07-13-at-7.42.06-AM.jpeg\",\"contentUrl\":\"https:\/\/pagina10.com\/web\/wp-content\/uploads\/2021\/07\/WhatsApp-Image-2021-07-13-at-7.42.06-AM.jpeg\",\"width\":247,\"height\":330},{\"@type\":\"BreadcrumbList\",\"@id\":\"https:\/\/pagina10.com\/web\/fernando-latorre-fue-nombrado-como-el-nuevo-secretario-de-planeacion-de-narino\/#breadcrumb\",\"itemListElement\":[{\"@type\":\"ListItem\",\"position\":1,\"name\":\"Portada\",\"item\":\"https:\/\/pagina10.com\/web\/\"},{\"@type\":\"ListItem\",\"position\":2,\"name\":\"Fernando Latorre fue nombrado como el nuevo Secretario de Planeaci\u00f3n de Nari\u00f1o\"}]},{\"@type\":\"WebSite\",\"@id\":\"https:\/\/pagina10.com\/web\/#website\",\"url\":\"https:\/\/pagina10.com\/web\/\",\"name\":\"P\u00e1gina10\",\"description\":\"Peri\u00f3dico Regional\",\"publisher\":{\"@id\":\"https:\/\/pagina10.com\/web\/#organization\"},\"alternateName\":\"P\u00e1gina10 Peri\u00f3dico Regional\",\"potentialAction\":[{\"@type\":\"SearchAction\",\"target\":{\"@type\":\"EntryPoint\",\"urlTemplate\":\"https:\/\/pagina10.com\/web\/?s={search_term_string}\"},\"query-input\":{\"@type\":\"PropertyValueSpecification\",\"valueRequired\":true,\"valueName\":\"search_term_string\"}}],\"inLanguage\":\"es\"},{\"@type\":\"Organization\",\"@id\":\"https:\/\/pagina10.com\/web\/#organization\",\"name\":\"P\u00e1gina10\",\"alternateName\":\"P\u00e1gina10 Peri\u00f3dico Regional\",\"url\":\"https:\/\/pagina10.com\/web\/\",\"logo\":{\"@type\":\"ImageObject\",\"inLanguage\":\"es\",\"@id\":\"https:\/\/pagina10.com\/web\/#\/schema\/logo\/image\/\",\"url\":\"https:\/\/pagina10.com\/web\/wp-content\/uploads\/2024\/01\/40-pagina-10-periodico-regional-pasto.jpg\",\"contentUrl\":\"https:\/\/pagina10.com\/web\/wp-content\/uploads\/2024\/01\/40-pagina-10-periodico-regional-pasto.jpg\",\"width\":1280,\"height\":720,\"caption\":\"P\u00e1gina10\"},\"image\":{\"@id\":\"https:\/\/pagina10.com\/web\/#\/schema\/logo\/image\/\"},\"sameAs\":[\"https:\/\/www.facebook.com\/pag10com\",\"https:\/\/x.com\/Pag10com\",\"https:\/\/www.instagram.com\/pagina10col\/\",\"https:\/\/youtube.com\/channel\/pag10\",\"https:\/\/www.tiktok.com\/@p10col\"]},{\"@type\":\"Person\",\"@id\":\"https:\/\/pagina10.com\/web\/#\/schema\/person\/2efc4a090d25b667d3bc796798a3a81b\",\"name\":\"P\u00e1gina 10\",\"description\":\"P\u00e1gina 10 es un peri\u00f3dico regional que nace en Colombia, en el departamento de Nari\u00f1o, con un enfoque global, fundamentado en cuatro pilares esenciales: la libertad, el pluralismo, la inclusi\u00f3n y la independencia. P\u00e1gina 10 hace referencia a Nari\u00f1o como el d\u00e9cimo departamento creado en Colombia, despu\u00e9s de un proceso pol\u00edtico liderado por actores y actrices regionales con el fin de obtener la independencia y autonom\u00eda de nuestros territorios. Con la creaci\u00f3n de P\u00e1gina 10 se pretende abrir un escenario para el dialogo, la reflexi\u00f3n y el debate que se extienda a otras geograf\u00edas de Am\u00e9rica Latina y del planeta, en una apuesta por transformar colectivamente los desaf\u00edos de un mundo contempor\u00e1neo, m\u00e1s all\u00e1 de las fronteras impuestas.\",\"url\":\"https:\/\/pagina10.com\/web\/author\/pdiezadmin\/\"}]}<\/script>\n<!-- \/ Yoast SEO plugin. -->","yoast_head_json":{"title":"Fernando Latorre fue nombrado como el nuevo Secretario de Planeaci\u00f3n de Nari\u00f1o | P\u00e1gina10","robots":{"index":"index","follow":"follow","max-snippet":"max-snippet:-1","max-image-preview":"max-image-preview:large","max-video-preview":"max-video-preview:-1"},"canonical":"https:\/\/pagina10.com\/web\/fernando-latorre-fue-nombrado-como-el-nuevo-secretario-de-planeacion-de-narino\/","og_locale":"es_ES","og_type":"article","og_title":"Fernando Latorre fue nombrado como el nuevo Secretario de Planeaci\u00f3n de Nari\u00f1o | P\u00e1gina10","og_description":"El Gobernador de Nari\u00f1o, Jhon Rojas design\u00f3 como nuevo Secretario de Planeaci\u00f3n del Departamento al Ingeniero Fernando Latorre, quien cumpl\u00eda sus funciones como coordinador de regal\u00edas en la presente administraci\u00f3n. El reto para el nuevo Secretario es continuar el proceso de ejecuci\u00f3n de proyectos del Sistema General de Regal\u00edas para Nari\u00f1o. Fernando Latorre es oriundo [&hellip;]","og_url":"https:\/\/pagina10.com\/web\/fernando-latorre-fue-nombrado-como-el-nuevo-secretario-de-planeacion-de-narino\/","og_site_name":"P\u00e1gina10","article_publisher":"https:\/\/www.facebook.com\/pag10com","article_published_time":"2021-07-13T23:49:18+00:00","article_modified_time":"2021-07-13T23:50:00+00:00","og_image":[{"width":247,"height":330,"url":"https:\/\/pagina10.com\/web\/wp-content\/uploads\/2021\/07\/WhatsApp-Image-2021-07-13-at-7.42.06-AM.jpeg","type":"image\/jpeg"}],"author":"P\u00e1gina 10","twitter_card":"summary_large_image","twitter_creator":"@Pag10com","twitter_site":"@Pag10com","twitter_misc":{"Escrito por":"P\u00e1gina 10","Tiempo de lectura":"1 minuto"},"schema":{"@context":"https:\/\/schema.org","@graph":[{"@type":"Article","@id":"https:\/\/pagina10.com\/web\/fernando-latorre-fue-nombrado-como-el-nuevo-secretario-de-planeacion-de-narino\/#article","isPartOf":{"@id":"https:\/\/pagina10.com\/web\/fernando-latorre-fue-nombrado-como-el-nuevo-secretario-de-planeacion-de-narino\/"},"author":{"name":"P\u00e1gina 10","@id":"https:\/\/pagina10.com\/web\/#\/schema\/person\/2efc4a090d25b667d3bc796798a3a81b"},"headline":"Fernando Latorre fue nombrado como el nuevo Secretario de Planeaci\u00f3n de Nari\u00f1o","datePublished":"2021-07-13T23:49:18+00:00","dateModified":"2021-07-13T23:50:00+00:00","mainEntityOfPage":{"@id":"https:\/\/pagina10.com\/web\/fernando-latorre-fue-nombrado-como-el-nuevo-secretario-de-planeacion-de-narino\/"},"wordCount":242,"commentCount":0,"publisher":{"@id":"https:\/\/pagina10.com\/web\/#organization"},"image":{"@id":"https:\/\/pagina10.com\/web\/fernando-latorre-fue-nombrado-como-el-nuevo-secretario-de-planeacion-de-narino\/#primaryimage"},"thumbnailUrl":"https:\/\/pagina10.com\/web\/wp-content\/uploads\/2021\/07\/WhatsApp-Image-2021-07-13-at-7.42.06-AM.jpeg","articleSection":["Regiones"],"inLanguage":"es","potentialAction":[{"@type":"CommentAction","name":"Comment","target":["https:\/\/pagina10.com\/web\/fernando-latorre-fue-nombrado-como-el-nuevo-secretario-de-planeacion-de-narino\/#respond"]}]},{"@type":"WebPage","@id":"https:\/\/pagina10.com\/web\/fernando-latorre-fue-nombrado-como-el-nuevo-secretario-de-planeacion-de-narino\/","url":"https:\/\/pagina10.com\/web\/fernando-latorre-fue-nombrado-como-el-nuevo-secretario-de-planeacion-de-narino\/","name":"Fernando Latorre fue nombrado como el nuevo Secretario de Planeaci\u00f3n de Nari\u00f1o | P\u00e1gina10","isPartOf":{"@id":"https:\/\/pagina10.com\/web\/#website"},"primaryImageOfPage":{"@id":"https:\/\/pagina10.com\/web\/fernando-latorre-fue-nombrado-como-el-nuevo-secretario-de-planeacion-de-narino\/#primaryimage"},"image":{"@id":"https:\/\/pagina10.com\/web\/fernando-latorre-fue-nombrado-como-el-nuevo-secretario-de-planeacion-de-narino\/#primaryimage"},"thumbnailUrl":"https:\/\/pagina10.com\/web\/wp-content\/uploads\/2021\/07\/WhatsApp-Image-2021-07-13-at-7.42.06-AM.jpeg","datePublished":"2021-07-13T23:49:18+00:00","dateModified":"2021-07-13T23:50:00+00:00","breadcrumb":{"@id":"https:\/\/pagina10.com\/web\/fernando-latorre-fue-nombrado-como-el-nuevo-secretario-de-planeacion-de-narino\/#breadcrumb"},"inLanguage":"es","potentialAction":[{"@type":"ReadAction","target":["https:\/\/pagina10.com\/web\/fernando-latorre-fue-nombrado-como-el-nuevo-secretario-de-planeacion-de-narino\/"]}]},{"@type":"ImageObject","inLanguage":"es","@id":"https:\/\/pagina10.com\/web\/fernando-latorre-fue-nombrado-como-el-nuevo-secretario-de-planeacion-de-narino\/#primaryimage","url":"https:\/\/pagina10.com\/web\/wp-content\/uploads\/2021\/07\/WhatsApp-Image-2021-07-13-at-7.42.06-AM.jpeg","contentUrl":"https:\/\/pagina10.com\/web\/wp-content\/uploads\/2021\/07\/WhatsApp-Image-2021-07-13-at-7.42.06-AM.jpeg","width":247,"height":330},{"@type":"BreadcrumbList","@id":"https:\/\/pagina10.com\/web\/fernando-latorre-fue-nombrado-como-el-nuevo-secretario-de-planeacion-de-narino\/#breadcrumb","itemListElement":[{"@type":"ListItem","position":1,"name":"Portada","item":"https:\/\/pagina10.com\/web\/"},{"@type":"ListItem","position":2,"name":"Fernando Latorre fue nombrado como el nuevo Secretario de Planeaci\u00f3n de Nari\u00f1o"}]},{"@type":"WebSite","@id":"https:\/\/pagina10.com\/web\/#website","url":"https:\/\/pagina10.com\/web\/","name":"P\u00e1gina10","description":"Peri\u00f3dico Regional","publisher":{"@id":"https:\/\/pagina10.com\/web\/#organization"},"alternateName":"P\u00e1gina10 Peri\u00f3dico Regional","potentialAction":[{"@type":"SearchAction","target":{"@type":"EntryPoint","urlTemplate":"https:\/\/pagina10.com\/web\/?s={search_term_string}"},"query-input":{"@type":"PropertyValueSpecification","valueRequired":true,"valueName":"search_term_string"}}],"inLanguage":"es"},{"@type":"Organization","@id":"https:\/\/pagina10.com\/web\/#organization","name":"P\u00e1gina10","alternateName":"P\u00e1gina10 Peri\u00f3dico Regional","url":"https:\/\/pagina10.com\/web\/","logo":{"@type":"ImageObject","inLanguage":"es","@id":"https:\/\/pagina10.com\/web\/#\/schema\/logo\/image\/","url":"https:\/\/pagina10.com\/web\/wp-content\/uploads\/2024\/01\/40-pagina-10-periodico-regional-pasto.jpg","contentUrl":"https:\/\/pagina10.com\/web\/wp-content\/uploads\/2024\/01\/40-pagina-10-periodico-regional-pasto.jpg","width":1280,"height":720,"caption":"P\u00e1gina10"},"image":{"@id":"https:\/\/pagina10.com\/web\/#\/schema\/logo\/image\/"},"sameAs":["https:\/\/www.facebook.com\/pag10com","https:\/\/x.com\/Pag10com","https:\/\/www.instagram.com\/pagina10col\/","https:\/\/youtube.com\/channel\/pag10","https:\/\/www.tiktok.com\/@p10col"]},{"@type":"Person","@id":"https:\/\/pagina10.com\/web\/#\/schema\/person\/2efc4a090d25b667d3bc796798a3a81b","name":"P\u00e1gina 10","description":"P\u00e1gina 10 es un peri\u00f3dico regional que nace en Colombia, en el departamento de Nari\u00f1o, con un enfoque global, fundamentado en cuatro pilares esenciales: la libertad, el pluralismo, la inclusi\u00f3n y la independencia. P\u00e1gina 10 hace referencia a Nari\u00f1o como el d\u00e9cimo departamento creado en Colombia, despu\u00e9s de un proceso pol\u00edtico liderado por actores y actrices regionales con el fin de obtener la independencia y autonom\u00eda de nuestros territorios. Con la creaci\u00f3n de P\u00e1gina 10 se pretende abrir un escenario para el dialogo, la reflexi\u00f3n y el debate que se extienda a otras geograf\u00edas de Am\u00e9rica Latina y del planeta, en una apuesta por transformar colectivamente los desaf\u00edos de un mundo contempor\u00e1neo, m\u00e1s all\u00e1 de las fronteras impuestas.","url":"https:\/\/pagina10.com\/web\/author\/pdiezadmin\/"}]}},"_links":{"self":[{"href":"https:\/\/pagina10.com\/web\/wp-json\/wp\/v2\/posts\/54014","targetHints":{"allow":["GET"]}}],"collection":[{"href":"https:\/\/pagina10.com\/web\/wp-json\/wp\/v2\/posts"}],"about":[{"href":"https:\/\/pagina10.com\/web\/wp-json\/wp\/v2\/types\/post"}],"author":[{"embeddable":true,"href":"https:\/\/pagina10.com\/web\/wp-json\/wp\/v2\/users\/1"}],"replies":[{"embeddable":true,"href":"https:\/\/pagina10.com\/web\/wp-json\/wp\/v2\/comments?post=54014"}],"version-history":[{"count":2,"href":"https:\/\/pagina10.com\/web\/wp-json\/wp\/v2\/posts\/54014\/revisions"}],"predecessor-version":[{"id":54019,"href":"https:\/\/pagina10.com\/web\/wp-json\/wp\/v2\/posts\/54014\/revisions\/54019"}],"wp:featuredmedia":[{"embeddable":true,"href":"https:\/\/pagina10.com\/web\/wp-json\/wp\/v2\/media\/54017"}],"wp:attachment":[{"href":"https:\/\/pagina10.com\/web\/wp-json\/wp\/v2\/media?parent=54014"}],"wp:term":[{"taxonomy":"category","embeddable":true,"href":"https:\/\/pagina10.com\/web\/wp-json\/wp\/v2\/categories?post=54014"},{"taxonomy":"post_tag","embeddable":true,"href":"https:\/\/pagina10.com\/web\/wp-json\/wp\/v2\/tags?post=54014"}],"curies":[{"name":"wp","href":"https:\/\/api.w.org\/{rel}","templated":true}]}}