{"id":54030,"date":"2021-07-14T15:55:05","date_gmt":"2021-07-14T20:55:05","guid":{"rendered":"https:\/\/pagina10.com\/web\/?p=54030"},"modified":"2021-07-14T15:55:05","modified_gmt":"2021-07-14T20:55:05","slug":"mas-de-3-057-millones-de-pesos-para-implementar-tecnologia-en-fincas-cafeteras-del-departamento-narino","status":"publish","type":"post","link":"https:\/\/pagina10.com\/web\/mas-de-3-057-millones-de-pesos-para-implementar-tecnologia-en-fincas-cafeteras-del-departamento-narino\/","title":{"rendered":"M\u00e1s de 3.057. millones de pesos para implementar tecnolog\u00eda en fincas cafeteras del departamento Nari\u00f1o."},"content":{"rendered":"<p style=\"text-align: justify;\">1.500 productores de caf\u00e9 especial y sus familias se beneficiar\u00e1n con la ejecuci\u00f3n de esta iniciativa.<\/p>\n<p style=\"text-align: justify;\">\n<p style=\"text-align: justify;\">El proyecto Implementaci\u00f3n de Agricultura Espec\u00edfica como herramienta de innovaci\u00f3n y transferencia tecnol\u00f3gica para atender las necesidades econ\u00f3micas ocasionadas por el COVID-19 en regiones productoras de caf\u00e9s especiales en el departamento de Nari\u00f1o presentado por la Universidad Cooperativa de Colombia campus Pasto, la Regi\u00f3n Administrativa y de Planificaci\u00f3n del Pacifico \u2013 Rap Pac\u00edfico, ASTEAGRO y PETI Soluciones Productivas SAS fue aprobado por el OCAD en la Convocatoria del fondo CTeI del SGR para el fortalecimiento de capacidades de investigaci\u00f3n y desarrollo regionales e iniciativas de CTeI y transferencia de tecnolog\u00eda y conocimiento orientadas a atender problem\u00e1ticas derivadas del COVID-19.<\/p>\n<p style=\"text-align: justify;\">\n<p style=\"text-align: justify;\">\n<p style=\"text-align: justify;\">El proyecto que tiene un valor de $3.057. 894.391 y se ejecutar\u00e1 en los municipios de Tabl\u00f3n de G\u00f3mez y Buesaco y tendr\u00e1 como objetivo aumentar el nivel de implementaci\u00f3n de tecnolog\u00edas innovadoras aplicadas a procesos de producci\u00f3n de caf\u00e9s especiales en el departamento de Nari\u00f1o; asimismo, busca generar informaci\u00f3n que integre par\u00e1metros socioecon\u00f3micos, culturales, geogr\u00e1ficas, agron\u00f3micas y edafoclim\u00e1ticas y de las caracter\u00edsticas f\u00edsico-qu\u00edmicas de los predios; Incrementar la apropiaci\u00f3n de conocimiento en las familias y actores de la cadena productiva; Mejorar las capacidades de productores en negociaci\u00f3n y generaci\u00f3n de ingresos y su tiempo de ejecuci\u00f3n ser\u00e1 de 2 a\u00f1os.<\/p>\n<p style=\"text-align: justify;\">\n<p style=\"text-align: justify;\">Dentro de la estrategia se Identificar\u00e1n las zonas agroecol\u00f3gicas potenciales \u2013 AEPS: oferta de suelo, clima, relieve, vulnerabilidad de all\u00ed se aplicar\u00e1n estrategias para la generaci\u00f3n de capacidades de los productores de caf\u00e9 y al final tener como resultado la sostenibilidad del perfil de taza seg\u00fan preferencias del mercado.<\/p>\n<p style=\"text-align: justify;\">\n<p style=\"text-align: justify;\">Cabe anotar que el Caf\u00e9 es un producto destacado en los departamentos que conforman la regi\u00f3n pac\u00edfica y de esta actividad dependen econ\u00f3micamente miles de familias (Se estiman cerca de 39.000 caficultores distribuidos en 37 municipios solo en Nari\u00f1o) que en su gran mayor\u00eda realizan su actividad productiva sin apoyo de tecnolog\u00edas que les permitan mejorar su producci\u00f3n en cantidad y calidad. \u00a0Ahora bien, en medio de esta dificultad, el caf\u00e9 de Nari\u00f1o y de la regi\u00f3n ha ganado un reconocimiento importante por su calidad y si estos procesos se apoyan con tecnolog\u00eda se podr\u00e1 contribuir al mejoramiento del producto y por ende al incremento de los ingresos de los caficultores por cuenta de la calidad del caf\u00e9.<\/p>\n<p style=\"text-align: justify;\">\n<p style=\"text-align: justify;\">Impacto del Covid: Al cierre del 2020 las exportaciones de caf\u00e9 de Colombia cayeron 8 por ciento.<\/p>\n<p style=\"text-align: justify;\">La llegada del COVID-19, han generado una acentuaci\u00f3n de las dificultades para los agricultores que abarcan diferentes dimensiones. Una de las m\u00e1s representativas es la baja productividad causada en algunos casos por la ubicaci\u00f3n de cultivos en zonas no aptas a nivel agron\u00f3mico y ambiental, lo que se traduce en un bajo rendimiento productivo por hect\u00e1rea y la calidad de taza.<\/p>\n<p style=\"text-align: justify;\">\n<p style=\"text-align: justify;\">El distanciamiento social y las cuarentenas obligatorias derivadas de la Emergencia Econ\u00f3mica, Social y Ecol\u00f3gica causada por el COVID-19, han llevado tambi\u00e9n a dificultades para los caficultores que hab\u00edan avanzado en emprendimientos de comercializar su caf\u00e9 especial tostado y\/o molido en los canales de venta tradicionales a nivel nacional.<\/p>\n<p style=\"text-align: justify;\">\n<p style=\"text-align: justify;\">Si bien se han desarrollado nuevos canales de venta digital, el acceso a estos no es posible para todos los agricultores, pues hace falta desarrollar la alfabetizaci\u00f3n digital y el desarrollo de plataformas de comercializaci\u00f3n por internet que puedan ser utilizadas por su ente territorial y las asociaciones. Sin contar con la falta de cobertura del servicio de internet en algunas zonas rurales.<\/p>\n<p style=\"text-align: justify;\">\n<p style=\"text-align: justify;\">M\u00f3nica Juez<\/p>\n<p style=\"text-align: justify;\">Coordinadora de Comunicaciones campus Pasto<\/p>\n<p style=\"text-align: justify;\">Cel 3155822816<\/p>\n","protected":false},"excerpt":{"rendered":"<p>1.500 productores de caf\u00e9 especial y sus familias se beneficiar\u00e1n con la ejecuci\u00f3n de esta iniciativa. El proyecto Implementaci\u00f3n de Agricultura Espec\u00edfica como herramienta de innovaci\u00f3n y transferencia tecnol\u00f3gica para atender las necesidades econ\u00f3micas ocasionadas por el COVID-19 en regiones productoras de caf\u00e9s especiales en el departamento de Nari\u00f1o presentado por la Universidad Cooperativa de [&hellip;]<\/p>\n","protected":false},"author":1,"featured_media":54031,"comment_status":"open","ping_status":"open","sticky":false,"template":"","format":"standard","meta":{"footnotes":""},"categories":[53],"tags":[],"class_list":["post-54030","post","type-post","status-publish","format-standard","has-post-thumbnail","hentry","category-regiones"],"yoast_head":"<!-- This site is optimized with the Yoast SEO plugin v27.1.1 - https:\/\/yoast.com\/product\/yoast-seo-wordpress\/ -->\n<title>M\u00e1s de 3.057. millones de pesos para implementar tecnolog\u00eda en fincas cafeteras del departamento Nari\u00f1o. | P\u00e1gina10<\/title>\n<meta name=\"robots\" content=\"index, follow, max-snippet:-1, max-image-preview:large, max-video-preview:-1\" \/>\n<link rel=\"canonical\" href=\"https:\/\/pagina10.com\/web\/mas-de-3-057-millones-de-pesos-para-implementar-tecnologia-en-fincas-cafeteras-del-departamento-narino\/\" \/>\n<meta property=\"og:locale\" content=\"es_ES\" \/>\n<meta property=\"og:type\" content=\"article\" \/>\n<meta property=\"og:title\" content=\"M\u00e1s de 3.057. millones de pesos para implementar tecnolog\u00eda en fincas cafeteras del departamento Nari\u00f1o. | P\u00e1gina10\" \/>\n<meta property=\"og:description\" content=\"1.500 productores de caf\u00e9 especial y sus familias se beneficiar\u00e1n con la ejecuci\u00f3n de esta iniciativa. El proyecto Implementaci\u00f3n de Agricultura Espec\u00edfica como herramienta de innovaci\u00f3n y transferencia tecnol\u00f3gica para atender las necesidades econ\u00f3micas ocasionadas por el COVID-19 en regiones productoras de caf\u00e9s especiales en el departamento de Nari\u00f1o presentado por la Universidad Cooperativa de [&hellip;]\" \/>\n<meta property=\"og:url\" content=\"https:\/\/pagina10.com\/web\/mas-de-3-057-millones-de-pesos-para-implementar-tecnologia-en-fincas-cafeteras-del-departamento-narino\/\" \/>\n<meta property=\"og:site_name\" content=\"P\u00e1gina10\" \/>\n<meta property=\"article:publisher\" content=\"https:\/\/www.facebook.com\/pag10com\" \/>\n<meta property=\"article:published_time\" content=\"2021-07-14T20:55:05+00:00\" \/>\n<meta property=\"og:image\" content=\"https:\/\/pagina10.com\/web\/wp-content\/uploads\/2021\/07\/Captura-de-Pantalla-2021-07-14-a-las-3.53.27-p.-m..png\" \/>\n\t<meta property=\"og:image:width\" content=\"593\" \/>\n\t<meta property=\"og:image:height\" content=\"396\" \/>\n\t<meta property=\"og:image:type\" content=\"image\/png\" \/>\n<meta name=\"author\" content=\"P\u00e1gina 10\" \/>\n<meta name=\"twitter:card\" content=\"summary_large_image\" \/>\n<meta name=\"twitter:creator\" content=\"@Pag10com\" \/>\n<meta name=\"twitter:site\" content=\"@Pag10com\" \/>\n<meta name=\"twitter:label1\" content=\"Escrito por\" \/>\n\t<meta name=\"twitter:data1\" content=\"P\u00e1gina 10\" \/>\n\t<meta name=\"twitter:label2\" content=\"Tiempo de lectura\" \/>\n\t<meta name=\"twitter:data2\" content=\"3 minutos\" \/>\n<script type=\"application\/ld+json\" class=\"yoast-schema-graph\">{\"@context\":\"https:\/\/schema.org\",\"@graph\":[{\"@type\":\"Article\",\"@id\":\"https:\/\/pagina10.com\/web\/mas-de-3-057-millones-de-pesos-para-implementar-tecnologia-en-fincas-cafeteras-del-departamento-narino\/#article\",\"isPartOf\":{\"@id\":\"https:\/\/pagina10.com\/web\/mas-de-3-057-millones-de-pesos-para-implementar-tecnologia-en-fincas-cafeteras-del-departamento-narino\/\"},\"author\":{\"name\":\"P\u00e1gina 10\",\"@id\":\"https:\/\/pagina10.com\/web\/#\/schema\/person\/2efc4a090d25b667d3bc796798a3a81b\"},\"headline\":\"M\u00e1s de 3.057. millones de pesos para implementar tecnolog\u00eda en fincas cafeteras del departamento Nari\u00f1o.\",\"datePublished\":\"2021-07-14T20:55:05+00:00\",\"mainEntityOfPage\":{\"@id\":\"https:\/\/pagina10.com\/web\/mas-de-3-057-millones-de-pesos-para-implementar-tecnologia-en-fincas-cafeteras-del-departamento-narino\/\"},\"wordCount\":652,\"commentCount\":0,\"publisher\":{\"@id\":\"https:\/\/pagina10.com\/web\/#organization\"},\"image\":{\"@id\":\"https:\/\/pagina10.com\/web\/mas-de-3-057-millones-de-pesos-para-implementar-tecnologia-en-fincas-cafeteras-del-departamento-narino\/#primaryimage\"},\"thumbnailUrl\":\"https:\/\/pagina10.com\/web\/wp-content\/uploads\/2021\/07\/Captura-de-Pantalla-2021-07-14-a-las-3.53.27-p.-m..png\",\"articleSection\":[\"Regiones\"],\"inLanguage\":\"es\",\"potentialAction\":[{\"@type\":\"CommentAction\",\"name\":\"Comment\",\"target\":[\"https:\/\/pagina10.com\/web\/mas-de-3-057-millones-de-pesos-para-implementar-tecnologia-en-fincas-cafeteras-del-departamento-narino\/#respond\"]}]},{\"@type\":\"WebPage\",\"@id\":\"https:\/\/pagina10.com\/web\/mas-de-3-057-millones-de-pesos-para-implementar-tecnologia-en-fincas-cafeteras-del-departamento-narino\/\",\"url\":\"https:\/\/pagina10.com\/web\/mas-de-3-057-millones-de-pesos-para-implementar-tecnologia-en-fincas-cafeteras-del-departamento-narino\/\",\"name\":\"M\u00e1s de 3.057. millones de pesos para implementar tecnolog\u00eda en fincas cafeteras del departamento Nari\u00f1o. | P\u00e1gina10\",\"isPartOf\":{\"@id\":\"https:\/\/pagina10.com\/web\/#website\"},\"primaryImageOfPage\":{\"@id\":\"https:\/\/pagina10.com\/web\/mas-de-3-057-millones-de-pesos-para-implementar-tecnologia-en-fincas-cafeteras-del-departamento-narino\/#primaryimage\"},\"image\":{\"@id\":\"https:\/\/pagina10.com\/web\/mas-de-3-057-millones-de-pesos-para-implementar-tecnologia-en-fincas-cafeteras-del-departamento-narino\/#primaryimage\"},\"thumbnailUrl\":\"https:\/\/pagina10.com\/web\/wp-content\/uploads\/2021\/07\/Captura-de-Pantalla-2021-07-14-a-las-3.53.27-p.-m..png\",\"datePublished\":\"2021-07-14T20:55:05+00:00\",\"breadcrumb\":{\"@id\":\"https:\/\/pagina10.com\/web\/mas-de-3-057-millones-de-pesos-para-implementar-tecnologia-en-fincas-cafeteras-del-departamento-narino\/#breadcrumb\"},\"inLanguage\":\"es\",\"potentialAction\":[{\"@type\":\"ReadAction\",\"target\":[\"https:\/\/pagina10.com\/web\/mas-de-3-057-millones-de-pesos-para-implementar-tecnologia-en-fincas-cafeteras-del-departamento-narino\/\"]}]},{\"@type\":\"ImageObject\",\"inLanguage\":\"es\",\"@id\":\"https:\/\/pagina10.com\/web\/mas-de-3-057-millones-de-pesos-para-implementar-tecnologia-en-fincas-cafeteras-del-departamento-narino\/#primaryimage\",\"url\":\"https:\/\/pagina10.com\/web\/wp-content\/uploads\/2021\/07\/Captura-de-Pantalla-2021-07-14-a-las-3.53.27-p.-m..png\",\"contentUrl\":\"https:\/\/pagina10.com\/web\/wp-content\/uploads\/2021\/07\/Captura-de-Pantalla-2021-07-14-a-las-3.53.27-p.-m..png\",\"width\":593,\"height\":396},{\"@type\":\"BreadcrumbList\",\"@id\":\"https:\/\/pagina10.com\/web\/mas-de-3-057-millones-de-pesos-para-implementar-tecnologia-en-fincas-cafeteras-del-departamento-narino\/#breadcrumb\",\"itemListElement\":[{\"@type\":\"ListItem\",\"position\":1,\"name\":\"Portada\",\"item\":\"https:\/\/pagina10.com\/web\/\"},{\"@type\":\"ListItem\",\"position\":2,\"name\":\"M\u00e1s de 3.057. millones de pesos para implementar tecnolog\u00eda en fincas cafeteras del departamento Nari\u00f1o.\"}]},{\"@type\":\"WebSite\",\"@id\":\"https:\/\/pagina10.com\/web\/#website\",\"url\":\"https:\/\/pagina10.com\/web\/\",\"name\":\"P\u00e1gina10\",\"description\":\"Peri\u00f3dico Regional\",\"publisher\":{\"@id\":\"https:\/\/pagina10.com\/web\/#organization\"},\"alternateName\":\"P\u00e1gina10 Peri\u00f3dico Regional\",\"potentialAction\":[{\"@type\":\"SearchAction\",\"target\":{\"@type\":\"EntryPoint\",\"urlTemplate\":\"https:\/\/pagina10.com\/web\/?s={search_term_string}\"},\"query-input\":{\"@type\":\"PropertyValueSpecification\",\"valueRequired\":true,\"valueName\":\"search_term_string\"}}],\"inLanguage\":\"es\"},{\"@type\":\"Organization\",\"@id\":\"https:\/\/pagina10.com\/web\/#organization\",\"name\":\"P\u00e1gina10\",\"alternateName\":\"P\u00e1gina10 Peri\u00f3dico Regional\",\"url\":\"https:\/\/pagina10.com\/web\/\",\"logo\":{\"@type\":\"ImageObject\",\"inLanguage\":\"es\",\"@id\":\"https:\/\/pagina10.com\/web\/#\/schema\/logo\/image\/\",\"url\":\"https:\/\/pagina10.com\/web\/wp-content\/uploads\/2024\/01\/40-pagina-10-periodico-regional-pasto.jpg\",\"contentUrl\":\"https:\/\/pagina10.com\/web\/wp-content\/uploads\/2024\/01\/40-pagina-10-periodico-regional-pasto.jpg\",\"width\":1280,\"height\":720,\"caption\":\"P\u00e1gina10\"},\"image\":{\"@id\":\"https:\/\/pagina10.com\/web\/#\/schema\/logo\/image\/\"},\"sameAs\":[\"https:\/\/www.facebook.com\/pag10com\",\"https:\/\/x.com\/Pag10com\",\"https:\/\/www.instagram.com\/pagina10col\/\",\"https:\/\/youtube.com\/channel\/pag10\",\"https:\/\/www.tiktok.com\/@p10col\"]},{\"@type\":\"Person\",\"@id\":\"https:\/\/pagina10.com\/web\/#\/schema\/person\/2efc4a090d25b667d3bc796798a3a81b\",\"name\":\"P\u00e1gina 10\",\"description\":\"P\u00e1gina 10 es un peri\u00f3dico regional que nace en Colombia, en el departamento de Nari\u00f1o, con un enfoque global, fundamentado en cuatro pilares esenciales: la libertad, el pluralismo, la inclusi\u00f3n y la independencia. P\u00e1gina 10 hace referencia a Nari\u00f1o como el d\u00e9cimo departamento creado en Colombia, despu\u00e9s de un proceso pol\u00edtico liderado por actores y actrices regionales con el fin de obtener la independencia y autonom\u00eda de nuestros territorios. Con la creaci\u00f3n de P\u00e1gina 10 se pretende abrir un escenario para el dialogo, la reflexi\u00f3n y el debate que se extienda a otras geograf\u00edas de Am\u00e9rica Latina y del planeta, en una apuesta por transformar colectivamente los desaf\u00edos de un mundo contempor\u00e1neo, m\u00e1s all\u00e1 de las fronteras impuestas.\",\"url\":\"https:\/\/pagina10.com\/web\/author\/pdiezadmin\/\"}]}<\/script>\n<!-- \/ Yoast SEO plugin. -->","yoast_head_json":{"title":"M\u00e1s de 3.057. millones de pesos para implementar tecnolog\u00eda en fincas cafeteras del departamento Nari\u00f1o. | P\u00e1gina10","robots":{"index":"index","follow":"follow","max-snippet":"max-snippet:-1","max-image-preview":"max-image-preview:large","max-video-preview":"max-video-preview:-1"},"canonical":"https:\/\/pagina10.com\/web\/mas-de-3-057-millones-de-pesos-para-implementar-tecnologia-en-fincas-cafeteras-del-departamento-narino\/","og_locale":"es_ES","og_type":"article","og_title":"M\u00e1s de 3.057. millones de pesos para implementar tecnolog\u00eda en fincas cafeteras del departamento Nari\u00f1o. | P\u00e1gina10","og_description":"1.500 productores de caf\u00e9 especial y sus familias se beneficiar\u00e1n con la ejecuci\u00f3n de esta iniciativa. El proyecto Implementaci\u00f3n de Agricultura Espec\u00edfica como herramienta de innovaci\u00f3n y transferencia tecnol\u00f3gica para atender las necesidades econ\u00f3micas ocasionadas por el COVID-19 en regiones productoras de caf\u00e9s especiales en el departamento de Nari\u00f1o presentado por la Universidad Cooperativa de [&hellip;]","og_url":"https:\/\/pagina10.com\/web\/mas-de-3-057-millones-de-pesos-para-implementar-tecnologia-en-fincas-cafeteras-del-departamento-narino\/","og_site_name":"P\u00e1gina10","article_publisher":"https:\/\/www.facebook.com\/pag10com","article_published_time":"2021-07-14T20:55:05+00:00","og_image":[{"width":593,"height":396,"url":"https:\/\/pagina10.com\/web\/wp-content\/uploads\/2021\/07\/Captura-de-Pantalla-2021-07-14-a-las-3.53.27-p.-m..png","type":"image\/png"}],"author":"P\u00e1gina 10","twitter_card":"summary_large_image","twitter_creator":"@Pag10com","twitter_site":"@Pag10com","twitter_misc":{"Escrito por":"P\u00e1gina 10","Tiempo de lectura":"3 minutos"},"schema":{"@context":"https:\/\/schema.org","@graph":[{"@type":"Article","@id":"https:\/\/pagina10.com\/web\/mas-de-3-057-millones-de-pesos-para-implementar-tecnologia-en-fincas-cafeteras-del-departamento-narino\/#article","isPartOf":{"@id":"https:\/\/pagina10.com\/web\/mas-de-3-057-millones-de-pesos-para-implementar-tecnologia-en-fincas-cafeteras-del-departamento-narino\/"},"author":{"name":"P\u00e1gina 10","@id":"https:\/\/pagina10.com\/web\/#\/schema\/person\/2efc4a090d25b667d3bc796798a3a81b"},"headline":"M\u00e1s de 3.057. millones de pesos para implementar tecnolog\u00eda en fincas cafeteras del departamento Nari\u00f1o.","datePublished":"2021-07-14T20:55:05+00:00","mainEntityOfPage":{"@id":"https:\/\/pagina10.com\/web\/mas-de-3-057-millones-de-pesos-para-implementar-tecnologia-en-fincas-cafeteras-del-departamento-narino\/"},"wordCount":652,"commentCount":0,"publisher":{"@id":"https:\/\/pagina10.com\/web\/#organization"},"image":{"@id":"https:\/\/pagina10.com\/web\/mas-de-3-057-millones-de-pesos-para-implementar-tecnologia-en-fincas-cafeteras-del-departamento-narino\/#primaryimage"},"thumbnailUrl":"https:\/\/pagina10.com\/web\/wp-content\/uploads\/2021\/07\/Captura-de-Pantalla-2021-07-14-a-las-3.53.27-p.-m..png","articleSection":["Regiones"],"inLanguage":"es","potentialAction":[{"@type":"CommentAction","name":"Comment","target":["https:\/\/pagina10.com\/web\/mas-de-3-057-millones-de-pesos-para-implementar-tecnologia-en-fincas-cafeteras-del-departamento-narino\/#respond"]}]},{"@type":"WebPage","@id":"https:\/\/pagina10.com\/web\/mas-de-3-057-millones-de-pesos-para-implementar-tecnologia-en-fincas-cafeteras-del-departamento-narino\/","url":"https:\/\/pagina10.com\/web\/mas-de-3-057-millones-de-pesos-para-implementar-tecnologia-en-fincas-cafeteras-del-departamento-narino\/","name":"M\u00e1s de 3.057. millones de pesos para implementar tecnolog\u00eda en fincas cafeteras del departamento Nari\u00f1o. | P\u00e1gina10","isPartOf":{"@id":"https:\/\/pagina10.com\/web\/#website"},"primaryImageOfPage":{"@id":"https:\/\/pagina10.com\/web\/mas-de-3-057-millones-de-pesos-para-implementar-tecnologia-en-fincas-cafeteras-del-departamento-narino\/#primaryimage"},"image":{"@id":"https:\/\/pagina10.com\/web\/mas-de-3-057-millones-de-pesos-para-implementar-tecnologia-en-fincas-cafeteras-del-departamento-narino\/#primaryimage"},"thumbnailUrl":"https:\/\/pagina10.com\/web\/wp-content\/uploads\/2021\/07\/Captura-de-Pantalla-2021-07-14-a-las-3.53.27-p.-m..png","datePublished":"2021-07-14T20:55:05+00:00","breadcrumb":{"@id":"https:\/\/pagina10.com\/web\/mas-de-3-057-millones-de-pesos-para-implementar-tecnologia-en-fincas-cafeteras-del-departamento-narino\/#breadcrumb"},"inLanguage":"es","potentialAction":[{"@type":"ReadAction","target":["https:\/\/pagina10.com\/web\/mas-de-3-057-millones-de-pesos-para-implementar-tecnologia-en-fincas-cafeteras-del-departamento-narino\/"]}]},{"@type":"ImageObject","inLanguage":"es","@id":"https:\/\/pagina10.com\/web\/mas-de-3-057-millones-de-pesos-para-implementar-tecnologia-en-fincas-cafeteras-del-departamento-narino\/#primaryimage","url":"https:\/\/pagina10.com\/web\/wp-content\/uploads\/2021\/07\/Captura-de-Pantalla-2021-07-14-a-las-3.53.27-p.-m..png","contentUrl":"https:\/\/pagina10.com\/web\/wp-content\/uploads\/2021\/07\/Captura-de-Pantalla-2021-07-14-a-las-3.53.27-p.-m..png","width":593,"height":396},{"@type":"BreadcrumbList","@id":"https:\/\/pagina10.com\/web\/mas-de-3-057-millones-de-pesos-para-implementar-tecnologia-en-fincas-cafeteras-del-departamento-narino\/#breadcrumb","itemListElement":[{"@type":"ListItem","position":1,"name":"Portada","item":"https:\/\/pagina10.com\/web\/"},{"@type":"ListItem","position":2,"name":"M\u00e1s de 3.057. millones de pesos para implementar tecnolog\u00eda en fincas cafeteras del departamento Nari\u00f1o."}]},{"@type":"WebSite","@id":"https:\/\/pagina10.com\/web\/#website","url":"https:\/\/pagina10.com\/web\/","name":"P\u00e1gina10","description":"Peri\u00f3dico Regional","publisher":{"@id":"https:\/\/pagina10.com\/web\/#organization"},"alternateName":"P\u00e1gina10 Peri\u00f3dico Regional","potentialAction":[{"@type":"SearchAction","target":{"@type":"EntryPoint","urlTemplate":"https:\/\/pagina10.com\/web\/?s={search_term_string}"},"query-input":{"@type":"PropertyValueSpecification","valueRequired":true,"valueName":"search_term_string"}}],"inLanguage":"es"},{"@type":"Organization","@id":"https:\/\/pagina10.com\/web\/#organization","name":"P\u00e1gina10","alternateName":"P\u00e1gina10 Peri\u00f3dico Regional","url":"https:\/\/pagina10.com\/web\/","logo":{"@type":"ImageObject","inLanguage":"es","@id":"https:\/\/pagina10.com\/web\/#\/schema\/logo\/image\/","url":"https:\/\/pagina10.com\/web\/wp-content\/uploads\/2024\/01\/40-pagina-10-periodico-regional-pasto.jpg","contentUrl":"https:\/\/pagina10.com\/web\/wp-content\/uploads\/2024\/01\/40-pagina-10-periodico-regional-pasto.jpg","width":1280,"height":720,"caption":"P\u00e1gina10"},"image":{"@id":"https:\/\/pagina10.com\/web\/#\/schema\/logo\/image\/"},"sameAs":["https:\/\/www.facebook.com\/pag10com","https:\/\/x.com\/Pag10com","https:\/\/www.instagram.com\/pagina10col\/","https:\/\/youtube.com\/channel\/pag10","https:\/\/www.tiktok.com\/@p10col"]},{"@type":"Person","@id":"https:\/\/pagina10.com\/web\/#\/schema\/person\/2efc4a090d25b667d3bc796798a3a81b","name":"P\u00e1gina 10","description":"P\u00e1gina 10 es un peri\u00f3dico regional que nace en Colombia, en el departamento de Nari\u00f1o, con un enfoque global, fundamentado en cuatro pilares esenciales: la libertad, el pluralismo, la inclusi\u00f3n y la independencia. P\u00e1gina 10 hace referencia a Nari\u00f1o como el d\u00e9cimo departamento creado en Colombia, despu\u00e9s de un proceso pol\u00edtico liderado por actores y actrices regionales con el fin de obtener la independencia y autonom\u00eda de nuestros territorios. Con la creaci\u00f3n de P\u00e1gina 10 se pretende abrir un escenario para el dialogo, la reflexi\u00f3n y el debate que se extienda a otras geograf\u00edas de Am\u00e9rica Latina y del planeta, en una apuesta por transformar colectivamente los desaf\u00edos de un mundo contempor\u00e1neo, m\u00e1s all\u00e1 de las fronteras impuestas.","url":"https:\/\/pagina10.com\/web\/author\/pdiezadmin\/"}]}},"_links":{"self":[{"href":"https:\/\/pagina10.com\/web\/wp-json\/wp\/v2\/posts\/54030","targetHints":{"allow":["GET"]}}],"collection":[{"href":"https:\/\/pagina10.com\/web\/wp-json\/wp\/v2\/posts"}],"about":[{"href":"https:\/\/pagina10.com\/web\/wp-json\/wp\/v2\/types\/post"}],"author":[{"embeddable":true,"href":"https:\/\/pagina10.com\/web\/wp-json\/wp\/v2\/users\/1"}],"replies":[{"embeddable":true,"href":"https:\/\/pagina10.com\/web\/wp-json\/wp\/v2\/comments?post=54030"}],"version-history":[{"count":1,"href":"https:\/\/pagina10.com\/web\/wp-json\/wp\/v2\/posts\/54030\/revisions"}],"predecessor-version":[{"id":54032,"href":"https:\/\/pagina10.com\/web\/wp-json\/wp\/v2\/posts\/54030\/revisions\/54032"}],"wp:featuredmedia":[{"embeddable":true,"href":"https:\/\/pagina10.com\/web\/wp-json\/wp\/v2\/media\/54031"}],"wp:attachment":[{"href":"https:\/\/pagina10.com\/web\/wp-json\/wp\/v2\/media?parent=54030"}],"wp:term":[{"taxonomy":"category","embeddable":true,"href":"https:\/\/pagina10.com\/web\/wp-json\/wp\/v2\/categories?post=54030"},{"taxonomy":"post_tag","embeddable":true,"href":"https:\/\/pagina10.com\/web\/wp-json\/wp\/v2\/tags?post=54030"}],"curies":[{"name":"wp","href":"https:\/\/api.w.org\/{rel}","templated":true}]}}