{"id":54034,"date":"2021-07-14T18:00:33","date_gmt":"2021-07-14T23:00:33","guid":{"rendered":"https:\/\/pagina10.com\/web\/?p=54034"},"modified":"2021-07-14T18:00:33","modified_gmt":"2021-07-14T23:00:33","slug":"convocatoria-para-creacion-del-afiche-oficial-de-la-semana-de-la-juventud-2021","status":"publish","type":"post","link":"https:\/\/pagina10.com\/web\/convocatoria-para-creacion-del-afiche-oficial-de-la-semana-de-la-juventud-2021\/","title":{"rendered":"Convocatoria para creaci\u00f3n del afiche oficial de la Semana de la Juventud 2021"},"content":{"rendered":"<p style=\"text-align: justify;\">Bajo el lema \u2018La Re-Evoluci\u00f3n de ser J\u00f3venes\u2019, inician las actividades programadas para la Semana de la Juventud a realizarse entre el 30 de agosto y el 3 de septiembre de 2021.<\/p>\n<p style=\"text-align: justify;\"><span style=\"font-weight: 400;\">La Gobernaci\u00f3n de Nari\u00f1o, a trav\u00e9s de la Secretar\u00eda de Equidad de G\u00e9nero e Inclusi\u00f3n Social, abre la convocatoria para que los j\u00f3venes entre los 18 y 28 a\u00f1os de edad, creen y env\u00eden sus propuestas para el afiche oficial de la Semana de la Juventud.<\/span><\/p>\n<p style=\"text-align: justify;\"><span style=\"font-weight: 400;\">\u201cComo consigna de inclusi\u00f3n y para dar a conocer el talento de los chicos y chicas del Departamento, iniciamos con la convocatoria para la realizaci\u00f3n del afiche oficial de la Semana de la Juventud, insumo que ser\u00e1 la imagen de toda la programaci\u00f3n que efectuaremos y que fue concertada con la plataforma departamental de j\u00f3venes en Nari\u00f1o\u201d, indic\u00f3 la Secretaria de Equidad de G\u00e9nero e Inclusi\u00f3n Social de la Gobernaci\u00f3n de Nari\u00f1o, Yised Ver\u00f3nica Caicedo.<\/span><\/p>\n<p style=\"text-align: justify;\"><span style=\"font-weight: 400;\">Invitamos a toda la comunidad joven de los 64 municipios de Nari\u00f1o a conocer las bases del concurso para que los interesados participen con su talento y creatividad.<\/span><\/p>\n<p style=\"text-align: justify;\"><span style=\"font-weight: 400;\">Bases de la convocatoria:<\/span><\/p>\n<ul style=\"text-align: justify;\">\n<li><span style=\"font-weight: 400;\"> Podr\u00e1n participar \u00fanicamente j\u00f3venes entre los 18 a 28 a\u00f1os de edad, (Rango de edad para poblaci\u00f3n joven seg\u00fan ley 1885 del 2018), nacidos y residentes en el Departamento de Nari\u00f1o.<\/span><\/li>\n<li><span style=\"font-weight: 400;\"> El dise\u00f1o del afiche deber\u00e1 responder al slogan: \u2018La Re-Evoluci\u00f3n de ser J\u00f3venes\u2019.<\/span><\/li>\n<li><span style=\"font-weight: 400;\"> La l\u00ednea gr\u00e1fica de la propuesta es libre, es decir, fotograf\u00eda, vectores, collage, ilustraci\u00f3n. (original del participante)<\/span><\/li>\n<li><span style=\"font-weight: 400;\"> La propuesta deber\u00e1 ser enviada \u00fanicamente en formato JPG.<\/span><\/li>\n<li><span style=\"font-weight: 400;\"> El tama\u00f1o de la propuesta deber\u00e1 ser 50 x 35 cms. (Horizontal o vertical).<\/span><\/li>\n<li><span style=\"font-weight: 400;\"> Se aceptar\u00e1 una \u00fanica propuesta por participante.<\/span><\/li>\n<li><span style=\"font-weight: 400;\"> El participante deber\u00e1 diligenciar y enviar la autorizaci\u00f3n de uso de imagen con todos los datos requeridos.<\/span><\/li>\n<li><span style=\"font-weight: 400;\"> link de descarga del formato: <\/span><a href=\"https:\/\/drive.google.com\/file\/d\/1CM1JqOG9mCGQMMcZGMuJGTww6iFcTZUY\/view?usp=sharing\"><span style=\"font-weight: 400;\">https:\/\/drive.google.com\/file\/d\/1CM1JqOG9mCGQMMcZGMuJGTww6iFcTZUY\/view?usp=sharing<\/span><\/a><\/li>\n<li><span style=\"font-weight: 400;\"> Tanto la propuesta de afiche como la autorizaci\u00f3n de uso de imagen, deber\u00e1 ser enviado en un solo mensaje al correo electr\u00f3nico <\/span><span style=\"font-weight: 400;\">jovenessegis@narino.gov.co<\/span><span style=\"font-weight: 400;\"> en el mismo, se debe ubicar nombre completo, n\u00famero de identificaci\u00f3n, municipio donde reside y correo electr\u00f3nico. El Asunto del mensaje debe ser PropuestaAficheSemanaJuventud_NombreDelParticipante<\/span><\/li>\n<li><span style=\"font-weight: 400;\"> La recepci\u00f3n de las propuestas ser\u00e1 desde el 16 hasta el 30 de julio hasta las 2:00 P.M. (Los dise\u00f1os que lleguen despu\u00e9s de la fecha establecida y las personas que NO adjunten y diligencien correctamente la \u2018Autorizaci\u00f3n de uso de imagen\u2019, NO ser\u00e1n aceptados).<\/span><\/li>\n<\/ul>\n<p style=\"text-align: justify;\"><span style=\"font-weight: 400;\">Din\u00e1mica del concurso:<\/span><\/p>\n<ul style=\"text-align: justify;\">\n<li><span style=\"font-weight: 400;\"> Las propuestas de afiche que cumplan con los requerimientos, ser\u00e1n publicadas en la Fan Page de la Secretar\u00eda de Equidad de G\u00e9nero e Inclusi\u00f3n Social el d\u00eda 31 de julio. (Se aclara que no tendr\u00e1 ninguna incidencia en la elecci\u00f3n del ganador, los like o comentarios que se publiquen sobre las propuestas)\u00a0\u00a0<\/span><\/li>\n<li><span style=\"font-weight: 400;\"> El concurso contar\u00e1 con el apoyo de 3 jurados conocedores y profesionales en el tema de dise\u00f1o y trabajo con j\u00f3venes, ser\u00e1n ellos quienes a trav\u00e9s de una tabla de puntuaci\u00f3n establecer\u00e1n el o la ganadora de la convocatoria.<\/span><\/li>\n<\/ul>\n<p style=\"text-align: justify;\"><span style=\"font-weight: 400;\">Premiaci\u00f3n:<\/span><\/p>\n<ul style=\"text-align: justify;\">\n<li><span style=\"font-weight: 400;\"> La propuesta ganadora se dar\u00e1 a conocer a trav\u00e9s de un Facebook Live el d\u00eda 5 de agosto de 2021.<\/span><\/li>\n<li><span style=\"font-weight: 400;\"> El premio para el\/la dise\u00f1ador\/a del afiche ganador ser\u00e1 una tableta digitalizadora gr\u00e1fica 10\u00d76,25 pulgadas, l\u00e1piz recargable y un disco duro externo de 1 tera.<\/span><\/li>\n<\/ul>\n<p style=\"text-align: justify;\"><span style=\"font-weight: 400;\">De esta manera iniciamos nuestra programaci\u00f3n de la Semana de la Juventud ratificando que el Gobierno Departamental busca la inclusi\u00f3n de todos los grupos poblaciones y que est\u00e1 comprometido con el apoyo a las iniciativas de las juventudes nari\u00f1enses.<\/span><\/p>\n","protected":false},"excerpt":{"rendered":"<p>Bajo el lema \u2018La Re-Evoluci\u00f3n de ser J\u00f3venes\u2019, inician las actividades programadas para la Semana de la Juventud a realizarse entre el 30 de agosto y el 3 de septiembre de 2021. La Gobernaci\u00f3n de Nari\u00f1o, a trav\u00e9s de la Secretar\u00eda de Equidad de G\u00e9nero e Inclusi\u00f3n Social, abre la convocatoria para que los j\u00f3venes [&hellip;]<\/p>\n","protected":false},"author":1,"featured_media":54035,"comment_status":"open","ping_status":"open","sticky":false,"template":"","format":"standard","meta":{"footnotes":""},"categories":[53],"tags":[],"class_list":["post-54034","post","type-post","status-publish","format-standard","has-post-thumbnail","hentry","category-regiones"],"yoast_head":"<!-- This site is optimized with the Yoast SEO plugin v27.1.1 - https:\/\/yoast.com\/product\/yoast-seo-wordpress\/ -->\n<title>Convocatoria para creaci\u00f3n del afiche oficial de la Semana de la Juventud 2021 | P\u00e1gina10<\/title>\n<meta name=\"robots\" content=\"index, follow, max-snippet:-1, max-image-preview:large, max-video-preview:-1\" \/>\n<link rel=\"canonical\" href=\"https:\/\/pagina10.com\/web\/convocatoria-para-creacion-del-afiche-oficial-de-la-semana-de-la-juventud-2021\/\" \/>\n<meta property=\"og:locale\" content=\"es_ES\" \/>\n<meta property=\"og:type\" content=\"article\" \/>\n<meta property=\"og:title\" content=\"Convocatoria para creaci\u00f3n del afiche oficial de la Semana de la Juventud 2021 | P\u00e1gina10\" \/>\n<meta property=\"og:description\" content=\"Bajo el lema \u2018La Re-Evoluci\u00f3n de ser J\u00f3venes\u2019, inician las actividades programadas para la Semana de la Juventud a realizarse entre el 30 de agosto y el 3 de septiembre de 2021. La Gobernaci\u00f3n de Nari\u00f1o, a trav\u00e9s de la Secretar\u00eda de Equidad de G\u00e9nero e Inclusi\u00f3n Social, abre la convocatoria para que los j\u00f3venes [&hellip;]\" \/>\n<meta property=\"og:url\" content=\"https:\/\/pagina10.com\/web\/convocatoria-para-creacion-del-afiche-oficial-de-la-semana-de-la-juventud-2021\/\" \/>\n<meta property=\"og:site_name\" content=\"P\u00e1gina10\" \/>\n<meta property=\"article:publisher\" content=\"https:\/\/www.facebook.com\/pag10com\" \/>\n<meta property=\"article:published_time\" content=\"2021-07-14T23:00:33+00:00\" \/>\n<meta property=\"og:image\" content=\"https:\/\/pagina10.com\/web\/wp-content\/uploads\/2021\/07\/WhatsApp-Image-2021-07-14-at-3.21.05-PM-1080x675-1.jpeg\" \/>\n\t<meta property=\"og:image:width\" content=\"1080\" \/>\n\t<meta property=\"og:image:height\" content=\"675\" \/>\n\t<meta property=\"og:image:type\" content=\"image\/jpeg\" \/>\n<meta name=\"author\" content=\"P\u00e1gina 10\" \/>\n<meta name=\"twitter:card\" content=\"summary_large_image\" \/>\n<meta name=\"twitter:creator\" content=\"@Pag10com\" \/>\n<meta name=\"twitter:site\" content=\"@Pag10com\" \/>\n<meta name=\"twitter:label1\" content=\"Escrito por\" \/>\n\t<meta name=\"twitter:data1\" content=\"P\u00e1gina 10\" \/>\n\t<meta name=\"twitter:label2\" content=\"Tiempo de lectura\" \/>\n\t<meta name=\"twitter:data2\" content=\"3 minutos\" \/>\n<script type=\"application\/ld+json\" class=\"yoast-schema-graph\">{\"@context\":\"https:\/\/schema.org\",\"@graph\":[{\"@type\":\"Article\",\"@id\":\"https:\/\/pagina10.com\/web\/convocatoria-para-creacion-del-afiche-oficial-de-la-semana-de-la-juventud-2021\/#article\",\"isPartOf\":{\"@id\":\"https:\/\/pagina10.com\/web\/convocatoria-para-creacion-del-afiche-oficial-de-la-semana-de-la-juventud-2021\/\"},\"author\":{\"name\":\"P\u00e1gina 10\",\"@id\":\"https:\/\/pagina10.com\/web\/#\/schema\/person\/2efc4a090d25b667d3bc796798a3a81b\"},\"headline\":\"Convocatoria para creaci\u00f3n del afiche oficial de la Semana de la Juventud 2021\",\"datePublished\":\"2021-07-14T23:00:33+00:00\",\"mainEntityOfPage\":{\"@id\":\"https:\/\/pagina10.com\/web\/convocatoria-para-creacion-del-afiche-oficial-de-la-semana-de-la-juventud-2021\/\"},\"wordCount\":650,\"commentCount\":0,\"publisher\":{\"@id\":\"https:\/\/pagina10.com\/web\/#organization\"},\"image\":{\"@id\":\"https:\/\/pagina10.com\/web\/convocatoria-para-creacion-del-afiche-oficial-de-la-semana-de-la-juventud-2021\/#primaryimage\"},\"thumbnailUrl\":\"https:\/\/pagina10.com\/web\/wp-content\/uploads\/2021\/07\/WhatsApp-Image-2021-07-14-at-3.21.05-PM-1080x675-1.jpeg\",\"articleSection\":[\"Regiones\"],\"inLanguage\":\"es\",\"potentialAction\":[{\"@type\":\"CommentAction\",\"name\":\"Comment\",\"target\":[\"https:\/\/pagina10.com\/web\/convocatoria-para-creacion-del-afiche-oficial-de-la-semana-de-la-juventud-2021\/#respond\"]}]},{\"@type\":\"WebPage\",\"@id\":\"https:\/\/pagina10.com\/web\/convocatoria-para-creacion-del-afiche-oficial-de-la-semana-de-la-juventud-2021\/\",\"url\":\"https:\/\/pagina10.com\/web\/convocatoria-para-creacion-del-afiche-oficial-de-la-semana-de-la-juventud-2021\/\",\"name\":\"Convocatoria para creaci\u00f3n del afiche oficial de la Semana de la Juventud 2021 | P\u00e1gina10\",\"isPartOf\":{\"@id\":\"https:\/\/pagina10.com\/web\/#website\"},\"primaryImageOfPage\":{\"@id\":\"https:\/\/pagina10.com\/web\/convocatoria-para-creacion-del-afiche-oficial-de-la-semana-de-la-juventud-2021\/#primaryimage\"},\"image\":{\"@id\":\"https:\/\/pagina10.com\/web\/convocatoria-para-creacion-del-afiche-oficial-de-la-semana-de-la-juventud-2021\/#primaryimage\"},\"thumbnailUrl\":\"https:\/\/pagina10.com\/web\/wp-content\/uploads\/2021\/07\/WhatsApp-Image-2021-07-14-at-3.21.05-PM-1080x675-1.jpeg\",\"datePublished\":\"2021-07-14T23:00:33+00:00\",\"breadcrumb\":{\"@id\":\"https:\/\/pagina10.com\/web\/convocatoria-para-creacion-del-afiche-oficial-de-la-semana-de-la-juventud-2021\/#breadcrumb\"},\"inLanguage\":\"es\",\"potentialAction\":[{\"@type\":\"ReadAction\",\"target\":[\"https:\/\/pagina10.com\/web\/convocatoria-para-creacion-del-afiche-oficial-de-la-semana-de-la-juventud-2021\/\"]}]},{\"@type\":\"ImageObject\",\"inLanguage\":\"es\",\"@id\":\"https:\/\/pagina10.com\/web\/convocatoria-para-creacion-del-afiche-oficial-de-la-semana-de-la-juventud-2021\/#primaryimage\",\"url\":\"https:\/\/pagina10.com\/web\/wp-content\/uploads\/2021\/07\/WhatsApp-Image-2021-07-14-at-3.21.05-PM-1080x675-1.jpeg\",\"contentUrl\":\"https:\/\/pagina10.com\/web\/wp-content\/uploads\/2021\/07\/WhatsApp-Image-2021-07-14-at-3.21.05-PM-1080x675-1.jpeg\",\"width\":1080,\"height\":675},{\"@type\":\"BreadcrumbList\",\"@id\":\"https:\/\/pagina10.com\/web\/convocatoria-para-creacion-del-afiche-oficial-de-la-semana-de-la-juventud-2021\/#breadcrumb\",\"itemListElement\":[{\"@type\":\"ListItem\",\"position\":1,\"name\":\"Portada\",\"item\":\"https:\/\/pagina10.com\/web\/\"},{\"@type\":\"ListItem\",\"position\":2,\"name\":\"Convocatoria para creaci\u00f3n del afiche oficial de la Semana de la Juventud 2021\"}]},{\"@type\":\"WebSite\",\"@id\":\"https:\/\/pagina10.com\/web\/#website\",\"url\":\"https:\/\/pagina10.com\/web\/\",\"name\":\"P\u00e1gina10\",\"description\":\"Peri\u00f3dico Regional\",\"publisher\":{\"@id\":\"https:\/\/pagina10.com\/web\/#organization\"},\"alternateName\":\"P\u00e1gina10 Peri\u00f3dico Regional\",\"potentialAction\":[{\"@type\":\"SearchAction\",\"target\":{\"@type\":\"EntryPoint\",\"urlTemplate\":\"https:\/\/pagina10.com\/web\/?s={search_term_string}\"},\"query-input\":{\"@type\":\"PropertyValueSpecification\",\"valueRequired\":true,\"valueName\":\"search_term_string\"}}],\"inLanguage\":\"es\"},{\"@type\":\"Organization\",\"@id\":\"https:\/\/pagina10.com\/web\/#organization\",\"name\":\"P\u00e1gina10\",\"alternateName\":\"P\u00e1gina10 Peri\u00f3dico Regional\",\"url\":\"https:\/\/pagina10.com\/web\/\",\"logo\":{\"@type\":\"ImageObject\",\"inLanguage\":\"es\",\"@id\":\"https:\/\/pagina10.com\/web\/#\/schema\/logo\/image\/\",\"url\":\"https:\/\/pagina10.com\/web\/wp-content\/uploads\/2024\/01\/40-pagina-10-periodico-regional-pasto.jpg\",\"contentUrl\":\"https:\/\/pagina10.com\/web\/wp-content\/uploads\/2024\/01\/40-pagina-10-periodico-regional-pasto.jpg\",\"width\":1280,\"height\":720,\"caption\":\"P\u00e1gina10\"},\"image\":{\"@id\":\"https:\/\/pagina10.com\/web\/#\/schema\/logo\/image\/\"},\"sameAs\":[\"https:\/\/www.facebook.com\/pag10com\",\"https:\/\/x.com\/Pag10com\",\"https:\/\/www.instagram.com\/pagina10col\/\",\"https:\/\/youtube.com\/channel\/pag10\",\"https:\/\/www.tiktok.com\/@p10col\"]},{\"@type\":\"Person\",\"@id\":\"https:\/\/pagina10.com\/web\/#\/schema\/person\/2efc4a090d25b667d3bc796798a3a81b\",\"name\":\"P\u00e1gina 10\",\"description\":\"P\u00e1gina 10 es un peri\u00f3dico regional que nace en Colombia, en el departamento de Nari\u00f1o, con un enfoque global, fundamentado en cuatro pilares esenciales: la libertad, el pluralismo, la inclusi\u00f3n y la independencia. P\u00e1gina 10 hace referencia a Nari\u00f1o como el d\u00e9cimo departamento creado en Colombia, despu\u00e9s de un proceso pol\u00edtico liderado por actores y actrices regionales con el fin de obtener la independencia y autonom\u00eda de nuestros territorios. Con la creaci\u00f3n de P\u00e1gina 10 se pretende abrir un escenario para el dialogo, la reflexi\u00f3n y el debate que se extienda a otras geograf\u00edas de Am\u00e9rica Latina y del planeta, en una apuesta por transformar colectivamente los desaf\u00edos de un mundo contempor\u00e1neo, m\u00e1s all\u00e1 de las fronteras impuestas.\",\"url\":\"https:\/\/pagina10.com\/web\/author\/pdiezadmin\/\"}]}<\/script>\n<!-- \/ Yoast SEO plugin. -->","yoast_head_json":{"title":"Convocatoria para creaci\u00f3n del afiche oficial de la Semana de la Juventud 2021 | P\u00e1gina10","robots":{"index":"index","follow":"follow","max-snippet":"max-snippet:-1","max-image-preview":"max-image-preview:large","max-video-preview":"max-video-preview:-1"},"canonical":"https:\/\/pagina10.com\/web\/convocatoria-para-creacion-del-afiche-oficial-de-la-semana-de-la-juventud-2021\/","og_locale":"es_ES","og_type":"article","og_title":"Convocatoria para creaci\u00f3n del afiche oficial de la Semana de la Juventud 2021 | P\u00e1gina10","og_description":"Bajo el lema \u2018La Re-Evoluci\u00f3n de ser J\u00f3venes\u2019, inician las actividades programadas para la Semana de la Juventud a realizarse entre el 30 de agosto y el 3 de septiembre de 2021. La Gobernaci\u00f3n de Nari\u00f1o, a trav\u00e9s de la Secretar\u00eda de Equidad de G\u00e9nero e Inclusi\u00f3n Social, abre la convocatoria para que los j\u00f3venes [&hellip;]","og_url":"https:\/\/pagina10.com\/web\/convocatoria-para-creacion-del-afiche-oficial-de-la-semana-de-la-juventud-2021\/","og_site_name":"P\u00e1gina10","article_publisher":"https:\/\/www.facebook.com\/pag10com","article_published_time":"2021-07-14T23:00:33+00:00","og_image":[{"width":1080,"height":675,"url":"https:\/\/pagina10.com\/web\/wp-content\/uploads\/2021\/07\/WhatsApp-Image-2021-07-14-at-3.21.05-PM-1080x675-1.jpeg","type":"image\/jpeg"}],"author":"P\u00e1gina 10","twitter_card":"summary_large_image","twitter_creator":"@Pag10com","twitter_site":"@Pag10com","twitter_misc":{"Escrito por":"P\u00e1gina 10","Tiempo de lectura":"3 minutos"},"schema":{"@context":"https:\/\/schema.org","@graph":[{"@type":"Article","@id":"https:\/\/pagina10.com\/web\/convocatoria-para-creacion-del-afiche-oficial-de-la-semana-de-la-juventud-2021\/#article","isPartOf":{"@id":"https:\/\/pagina10.com\/web\/convocatoria-para-creacion-del-afiche-oficial-de-la-semana-de-la-juventud-2021\/"},"author":{"name":"P\u00e1gina 10","@id":"https:\/\/pagina10.com\/web\/#\/schema\/person\/2efc4a090d25b667d3bc796798a3a81b"},"headline":"Convocatoria para creaci\u00f3n del afiche oficial de la Semana de la Juventud 2021","datePublished":"2021-07-14T23:00:33+00:00","mainEntityOfPage":{"@id":"https:\/\/pagina10.com\/web\/convocatoria-para-creacion-del-afiche-oficial-de-la-semana-de-la-juventud-2021\/"},"wordCount":650,"commentCount":0,"publisher":{"@id":"https:\/\/pagina10.com\/web\/#organization"},"image":{"@id":"https:\/\/pagina10.com\/web\/convocatoria-para-creacion-del-afiche-oficial-de-la-semana-de-la-juventud-2021\/#primaryimage"},"thumbnailUrl":"https:\/\/pagina10.com\/web\/wp-content\/uploads\/2021\/07\/WhatsApp-Image-2021-07-14-at-3.21.05-PM-1080x675-1.jpeg","articleSection":["Regiones"],"inLanguage":"es","potentialAction":[{"@type":"CommentAction","name":"Comment","target":["https:\/\/pagina10.com\/web\/convocatoria-para-creacion-del-afiche-oficial-de-la-semana-de-la-juventud-2021\/#respond"]}]},{"@type":"WebPage","@id":"https:\/\/pagina10.com\/web\/convocatoria-para-creacion-del-afiche-oficial-de-la-semana-de-la-juventud-2021\/","url":"https:\/\/pagina10.com\/web\/convocatoria-para-creacion-del-afiche-oficial-de-la-semana-de-la-juventud-2021\/","name":"Convocatoria para creaci\u00f3n del afiche oficial de la Semana de la Juventud 2021 | P\u00e1gina10","isPartOf":{"@id":"https:\/\/pagina10.com\/web\/#website"},"primaryImageOfPage":{"@id":"https:\/\/pagina10.com\/web\/convocatoria-para-creacion-del-afiche-oficial-de-la-semana-de-la-juventud-2021\/#primaryimage"},"image":{"@id":"https:\/\/pagina10.com\/web\/convocatoria-para-creacion-del-afiche-oficial-de-la-semana-de-la-juventud-2021\/#primaryimage"},"thumbnailUrl":"https:\/\/pagina10.com\/web\/wp-content\/uploads\/2021\/07\/WhatsApp-Image-2021-07-14-at-3.21.05-PM-1080x675-1.jpeg","datePublished":"2021-07-14T23:00:33+00:00","breadcrumb":{"@id":"https:\/\/pagina10.com\/web\/convocatoria-para-creacion-del-afiche-oficial-de-la-semana-de-la-juventud-2021\/#breadcrumb"},"inLanguage":"es","potentialAction":[{"@type":"ReadAction","target":["https:\/\/pagina10.com\/web\/convocatoria-para-creacion-del-afiche-oficial-de-la-semana-de-la-juventud-2021\/"]}]},{"@type":"ImageObject","inLanguage":"es","@id":"https:\/\/pagina10.com\/web\/convocatoria-para-creacion-del-afiche-oficial-de-la-semana-de-la-juventud-2021\/#primaryimage","url":"https:\/\/pagina10.com\/web\/wp-content\/uploads\/2021\/07\/WhatsApp-Image-2021-07-14-at-3.21.05-PM-1080x675-1.jpeg","contentUrl":"https:\/\/pagina10.com\/web\/wp-content\/uploads\/2021\/07\/WhatsApp-Image-2021-07-14-at-3.21.05-PM-1080x675-1.jpeg","width":1080,"height":675},{"@type":"BreadcrumbList","@id":"https:\/\/pagina10.com\/web\/convocatoria-para-creacion-del-afiche-oficial-de-la-semana-de-la-juventud-2021\/#breadcrumb","itemListElement":[{"@type":"ListItem","position":1,"name":"Portada","item":"https:\/\/pagina10.com\/web\/"},{"@type":"ListItem","position":2,"name":"Convocatoria para creaci\u00f3n del afiche oficial de la Semana de la Juventud 2021"}]},{"@type":"WebSite","@id":"https:\/\/pagina10.com\/web\/#website","url":"https:\/\/pagina10.com\/web\/","name":"P\u00e1gina10","description":"Peri\u00f3dico Regional","publisher":{"@id":"https:\/\/pagina10.com\/web\/#organization"},"alternateName":"P\u00e1gina10 Peri\u00f3dico Regional","potentialAction":[{"@type":"SearchAction","target":{"@type":"EntryPoint","urlTemplate":"https:\/\/pagina10.com\/web\/?s={search_term_string}"},"query-input":{"@type":"PropertyValueSpecification","valueRequired":true,"valueName":"search_term_string"}}],"inLanguage":"es"},{"@type":"Organization","@id":"https:\/\/pagina10.com\/web\/#organization","name":"P\u00e1gina10","alternateName":"P\u00e1gina10 Peri\u00f3dico Regional","url":"https:\/\/pagina10.com\/web\/","logo":{"@type":"ImageObject","inLanguage":"es","@id":"https:\/\/pagina10.com\/web\/#\/schema\/logo\/image\/","url":"https:\/\/pagina10.com\/web\/wp-content\/uploads\/2024\/01\/40-pagina-10-periodico-regional-pasto.jpg","contentUrl":"https:\/\/pagina10.com\/web\/wp-content\/uploads\/2024\/01\/40-pagina-10-periodico-regional-pasto.jpg","width":1280,"height":720,"caption":"P\u00e1gina10"},"image":{"@id":"https:\/\/pagina10.com\/web\/#\/schema\/logo\/image\/"},"sameAs":["https:\/\/www.facebook.com\/pag10com","https:\/\/x.com\/Pag10com","https:\/\/www.instagram.com\/pagina10col\/","https:\/\/youtube.com\/channel\/pag10","https:\/\/www.tiktok.com\/@p10col"]},{"@type":"Person","@id":"https:\/\/pagina10.com\/web\/#\/schema\/person\/2efc4a090d25b667d3bc796798a3a81b","name":"P\u00e1gina 10","description":"P\u00e1gina 10 es un peri\u00f3dico regional que nace en Colombia, en el departamento de Nari\u00f1o, con un enfoque global, fundamentado en cuatro pilares esenciales: la libertad, el pluralismo, la inclusi\u00f3n y la independencia. P\u00e1gina 10 hace referencia a Nari\u00f1o como el d\u00e9cimo departamento creado en Colombia, despu\u00e9s de un proceso pol\u00edtico liderado por actores y actrices regionales con el fin de obtener la independencia y autonom\u00eda de nuestros territorios. Con la creaci\u00f3n de P\u00e1gina 10 se pretende abrir un escenario para el dialogo, la reflexi\u00f3n y el debate que se extienda a otras geograf\u00edas de Am\u00e9rica Latina y del planeta, en una apuesta por transformar colectivamente los desaf\u00edos de un mundo contempor\u00e1neo, m\u00e1s all\u00e1 de las fronteras impuestas.","url":"https:\/\/pagina10.com\/web\/author\/pdiezadmin\/"}]}},"_links":{"self":[{"href":"https:\/\/pagina10.com\/web\/wp-json\/wp\/v2\/posts\/54034","targetHints":{"allow":["GET"]}}],"collection":[{"href":"https:\/\/pagina10.com\/web\/wp-json\/wp\/v2\/posts"}],"about":[{"href":"https:\/\/pagina10.com\/web\/wp-json\/wp\/v2\/types\/post"}],"author":[{"embeddable":true,"href":"https:\/\/pagina10.com\/web\/wp-json\/wp\/v2\/users\/1"}],"replies":[{"embeddable":true,"href":"https:\/\/pagina10.com\/web\/wp-json\/wp\/v2\/comments?post=54034"}],"version-history":[{"count":1,"href":"https:\/\/pagina10.com\/web\/wp-json\/wp\/v2\/posts\/54034\/revisions"}],"predecessor-version":[{"id":54036,"href":"https:\/\/pagina10.com\/web\/wp-json\/wp\/v2\/posts\/54034\/revisions\/54036"}],"wp:featuredmedia":[{"embeddable":true,"href":"https:\/\/pagina10.com\/web\/wp-json\/wp\/v2\/media\/54035"}],"wp:attachment":[{"href":"https:\/\/pagina10.com\/web\/wp-json\/wp\/v2\/media?parent=54034"}],"wp:term":[{"taxonomy":"category","embeddable":true,"href":"https:\/\/pagina10.com\/web\/wp-json\/wp\/v2\/categories?post=54034"},{"taxonomy":"post_tag","embeddable":true,"href":"https:\/\/pagina10.com\/web\/wp-json\/wp\/v2\/tags?post=54034"}],"curies":[{"name":"wp","href":"https:\/\/api.w.org\/{rel}","templated":true}]}}