{"id":54037,"date":"2021-07-14T18:25:53","date_gmt":"2021-07-14T23:25:53","guid":{"rendered":"https:\/\/pagina10.com\/web\/?p=54037"},"modified":"2021-07-14T18:25:53","modified_gmt":"2021-07-14T23:25:53","slug":"superintendencia-de-servicios-publicos-atendio-sugerencias-de-comunidad-en-el-pacifico-narinense","status":"publish","type":"post","link":"https:\/\/pagina10.com\/web\/superintendencia-de-servicios-publicos-atendio-sugerencias-de-comunidad-en-el-pacifico-narinense\/","title":{"rendered":"Superintendencia de Servicios P\u00fablicos atendi\u00f3 sugerencias de comunidad en el pacifico nari\u00f1ense"},"content":{"rendered":"<p style=\"text-align: justify;\"><span style=\"font-weight: 400;\">En el marco de la Mesa Permanente de Concertaci\u00f3n con las Comunidades Afro, la Gobernaci\u00f3n de Nari\u00f1o y la Superintendencia de Servicios P\u00fablicos Domiciliarios, desarrollaron jornadas de revisi\u00f3n de tarifas y prestaci\u00f3n de servicios de energ\u00eda y gas GLP, en los municipios de Barbacoas y Tumaco. Estas jornadas hacen parte de los compromisos adquiridos en la mesa de di\u00e1logo con las comunidades y consejos comunitarios afro de Nari\u00f1o.<\/span><\/p>\n<p style=\"text-align: justify;\"><span style=\"font-weight: 400;\">Para la atenci\u00f3n de este compromiso el Gobierno Departamental convoc\u00f3 al Director Territorial de la Superintendencia de Servicios P\u00fablicos Domiciliarios, de la Direcci\u00f3n Territorial Suroccidente, David Alonso Andrade. Por parte de la Empresa Cedenar asisti\u00f3 el Gerente de la Zona Pacifico, David Monta\u00f1o y por la Gobernaci\u00f3n de Nari\u00f1o la Subsecretaria de Minas del departamento de Nari\u00f1o, Johanna Morillo.<\/span><\/p>\n<p style=\"text-align: justify;\"><span style=\"font-weight: 400;\">\u201cEn la jornada desarrollada en el Municipio de Barbacoas, se acord\u00f3 que por parte de la empresa de energ\u00eda Cedenar se instalen puntos de atenci\u00f3n al usuario que presten una atenci\u00f3n oportuna a las reclamaciones, dichas oficinas tambi\u00e9n se instalar\u00e1n en Mag\u00fc\u00ed Pay\u00e1n y Roberto Pay\u00e1n y deber\u00e1n contar con personal id\u00f3neo para atender las quejas, reclamos e inquietudes de la comunidad de estos municipios del Tri\u00e1ngulo del Telemb\u00ed\u201d, explic\u00f3 la Subsecretaria de Minas del departamento de Nari\u00f1o, Johanna Morillo.<\/span><\/p>\n<p style=\"text-align: justify;\"><span style=\"font-weight: 400;\">La funcionaria inform\u00f3, que el pr\u00f3ximo 5 y 6 de agosto, se visitar\u00e1 el municipio de Tumaco conjuntamente con la Superintendencia de Servicios P\u00fablicos Domiciliarios, para tratar todo lo relacionado con la prestaci\u00f3n del servicio de gas GLP.<\/span><\/p>\n<p style=\"text-align: justify;\"><span style=\"font-weight: 400;\">Adem\u00e1s, buscamos la conformaci\u00f3n del comit\u00e9 social, integrado por los usuarios de los servicios p\u00fablicos, quienes escoger\u00e1n a un vocal de control que ser\u00e1 el enlace entre la Superintendencia, las autoridades y los usuarios, en procura de mejorar la calidad del servicio y control social.<\/span><\/p>\n","protected":false},"excerpt":{"rendered":"<p>En el marco de la Mesa Permanente de Concertaci\u00f3n con las Comunidades Afro, la Gobernaci\u00f3n de Nari\u00f1o y la Superintendencia de Servicios P\u00fablicos Domiciliarios, desarrollaron jornadas de revisi\u00f3n de tarifas y prestaci\u00f3n de servicios de energ\u00eda y gas GLP, en los municipios de Barbacoas y Tumaco. Estas jornadas hacen parte de los compromisos adquiridos en [&hellip;]<\/p>\n","protected":false},"author":1,"featured_media":54039,"comment_status":"open","ping_status":"open","sticky":false,"template":"","format":"standard","meta":{"footnotes":""},"categories":[53],"tags":[],"class_list":["post-54037","post","type-post","status-publish","format-standard","has-post-thumbnail","hentry","category-regiones"],"yoast_head":"<!-- This site is optimized with the Yoast SEO plugin v27.1.1 - https:\/\/yoast.com\/product\/yoast-seo-wordpress\/ -->\n<title>Superintendencia de Servicios P\u00fablicos atendi\u00f3 sugerencias de comunidad en el pacifico nari\u00f1ense | P\u00e1gina10<\/title>\n<meta name=\"robots\" content=\"index, follow, max-snippet:-1, max-image-preview:large, max-video-preview:-1\" \/>\n<link rel=\"canonical\" href=\"https:\/\/pagina10.com\/web\/superintendencia-de-servicios-publicos-atendio-sugerencias-de-comunidad-en-el-pacifico-narinense\/\" \/>\n<meta property=\"og:locale\" content=\"es_ES\" \/>\n<meta property=\"og:type\" content=\"article\" \/>\n<meta property=\"og:title\" content=\"Superintendencia de Servicios P\u00fablicos atendi\u00f3 sugerencias de comunidad en el pacifico nari\u00f1ense | P\u00e1gina10\" \/>\n<meta property=\"og:description\" content=\"En el marco de la Mesa Permanente de Concertaci\u00f3n con las Comunidades Afro, la Gobernaci\u00f3n de Nari\u00f1o y la Superintendencia de Servicios P\u00fablicos Domiciliarios, desarrollaron jornadas de revisi\u00f3n de tarifas y prestaci\u00f3n de servicios de energ\u00eda y gas GLP, en los municipios de Barbacoas y Tumaco. Estas jornadas hacen parte de los compromisos adquiridos en [&hellip;]\" \/>\n<meta property=\"og:url\" content=\"https:\/\/pagina10.com\/web\/superintendencia-de-servicios-publicos-atendio-sugerencias-de-comunidad-en-el-pacifico-narinense\/\" \/>\n<meta property=\"og:site_name\" content=\"P\u00e1gina10\" \/>\n<meta property=\"article:publisher\" content=\"https:\/\/www.facebook.com\/pag10com\" \/>\n<meta property=\"article:published_time\" content=\"2021-07-14T23:25:53+00:00\" \/>\n<meta property=\"og:image\" content=\"https:\/\/pagina10.com\/web\/wp-content\/uploads\/2021\/07\/sssss.jpg\" \/>\n\t<meta property=\"og:image:width\" content=\"931\" \/>\n\t<meta property=\"og:image:height\" content=\"625\" \/>\n\t<meta property=\"og:image:type\" content=\"image\/jpeg\" \/>\n<meta name=\"author\" content=\"P\u00e1gina 10\" \/>\n<meta name=\"twitter:card\" content=\"summary_large_image\" \/>\n<meta name=\"twitter:creator\" content=\"@Pag10com\" \/>\n<meta name=\"twitter:site\" content=\"@Pag10com\" \/>\n<meta name=\"twitter:label1\" content=\"Escrito por\" \/>\n\t<meta name=\"twitter:data1\" content=\"P\u00e1gina 10\" \/>\n\t<meta name=\"twitter:label2\" content=\"Tiempo de lectura\" \/>\n\t<meta name=\"twitter:data2\" content=\"2 minutos\" \/>\n<script type=\"application\/ld+json\" class=\"yoast-schema-graph\">{\"@context\":\"https:\/\/schema.org\",\"@graph\":[{\"@type\":\"Article\",\"@id\":\"https:\/\/pagina10.com\/web\/superintendencia-de-servicios-publicos-atendio-sugerencias-de-comunidad-en-el-pacifico-narinense\/#article\",\"isPartOf\":{\"@id\":\"https:\/\/pagina10.com\/web\/superintendencia-de-servicios-publicos-atendio-sugerencias-de-comunidad-en-el-pacifico-narinense\/\"},\"author\":{\"name\":\"P\u00e1gina 10\",\"@id\":\"https:\/\/pagina10.com\/web\/#\/schema\/person\/2efc4a090d25b667d3bc796798a3a81b\"},\"headline\":\"Superintendencia de Servicios P\u00fablicos atendi\u00f3 sugerencias de comunidad en el pacifico nari\u00f1ense\",\"datePublished\":\"2021-07-14T23:25:53+00:00\",\"mainEntityOfPage\":{\"@id\":\"https:\/\/pagina10.com\/web\/superintendencia-de-servicios-publicos-atendio-sugerencias-de-comunidad-en-el-pacifico-narinense\/\"},\"wordCount\":336,\"commentCount\":0,\"publisher\":{\"@id\":\"https:\/\/pagina10.com\/web\/#organization\"},\"image\":{\"@id\":\"https:\/\/pagina10.com\/web\/superintendencia-de-servicios-publicos-atendio-sugerencias-de-comunidad-en-el-pacifico-narinense\/#primaryimage\"},\"thumbnailUrl\":\"https:\/\/pagina10.com\/web\/wp-content\/uploads\/2021\/07\/sssss.jpg\",\"articleSection\":[\"Regiones\"],\"inLanguage\":\"es\",\"potentialAction\":[{\"@type\":\"CommentAction\",\"name\":\"Comment\",\"target\":[\"https:\/\/pagina10.com\/web\/superintendencia-de-servicios-publicos-atendio-sugerencias-de-comunidad-en-el-pacifico-narinense\/#respond\"]}]},{\"@type\":\"WebPage\",\"@id\":\"https:\/\/pagina10.com\/web\/superintendencia-de-servicios-publicos-atendio-sugerencias-de-comunidad-en-el-pacifico-narinense\/\",\"url\":\"https:\/\/pagina10.com\/web\/superintendencia-de-servicios-publicos-atendio-sugerencias-de-comunidad-en-el-pacifico-narinense\/\",\"name\":\"Superintendencia de Servicios P\u00fablicos atendi\u00f3 sugerencias de comunidad en el pacifico nari\u00f1ense | P\u00e1gina10\",\"isPartOf\":{\"@id\":\"https:\/\/pagina10.com\/web\/#website\"},\"primaryImageOfPage\":{\"@id\":\"https:\/\/pagina10.com\/web\/superintendencia-de-servicios-publicos-atendio-sugerencias-de-comunidad-en-el-pacifico-narinense\/#primaryimage\"},\"image\":{\"@id\":\"https:\/\/pagina10.com\/web\/superintendencia-de-servicios-publicos-atendio-sugerencias-de-comunidad-en-el-pacifico-narinense\/#primaryimage\"},\"thumbnailUrl\":\"https:\/\/pagina10.com\/web\/wp-content\/uploads\/2021\/07\/sssss.jpg\",\"datePublished\":\"2021-07-14T23:25:53+00:00\",\"breadcrumb\":{\"@id\":\"https:\/\/pagina10.com\/web\/superintendencia-de-servicios-publicos-atendio-sugerencias-de-comunidad-en-el-pacifico-narinense\/#breadcrumb\"},\"inLanguage\":\"es\",\"potentialAction\":[{\"@type\":\"ReadAction\",\"target\":[\"https:\/\/pagina10.com\/web\/superintendencia-de-servicios-publicos-atendio-sugerencias-de-comunidad-en-el-pacifico-narinense\/\"]}]},{\"@type\":\"ImageObject\",\"inLanguage\":\"es\",\"@id\":\"https:\/\/pagina10.com\/web\/superintendencia-de-servicios-publicos-atendio-sugerencias-de-comunidad-en-el-pacifico-narinense\/#primaryimage\",\"url\":\"https:\/\/pagina10.com\/web\/wp-content\/uploads\/2021\/07\/sssss.jpg\",\"contentUrl\":\"https:\/\/pagina10.com\/web\/wp-content\/uploads\/2021\/07\/sssss.jpg\",\"width\":931,\"height\":625},{\"@type\":\"BreadcrumbList\",\"@id\":\"https:\/\/pagina10.com\/web\/superintendencia-de-servicios-publicos-atendio-sugerencias-de-comunidad-en-el-pacifico-narinense\/#breadcrumb\",\"itemListElement\":[{\"@type\":\"ListItem\",\"position\":1,\"name\":\"Portada\",\"item\":\"https:\/\/pagina10.com\/web\/\"},{\"@type\":\"ListItem\",\"position\":2,\"name\":\"Superintendencia de Servicios P\u00fablicos atendi\u00f3 sugerencias de comunidad en el pacifico nari\u00f1ense\"}]},{\"@type\":\"WebSite\",\"@id\":\"https:\/\/pagina10.com\/web\/#website\",\"url\":\"https:\/\/pagina10.com\/web\/\",\"name\":\"P\u00e1gina10\",\"description\":\"Peri\u00f3dico Regional\",\"publisher\":{\"@id\":\"https:\/\/pagina10.com\/web\/#organization\"},\"alternateName\":\"P\u00e1gina10 Peri\u00f3dico Regional\",\"potentialAction\":[{\"@type\":\"SearchAction\",\"target\":{\"@type\":\"EntryPoint\",\"urlTemplate\":\"https:\/\/pagina10.com\/web\/?s={search_term_string}\"},\"query-input\":{\"@type\":\"PropertyValueSpecification\",\"valueRequired\":true,\"valueName\":\"search_term_string\"}}],\"inLanguage\":\"es\"},{\"@type\":\"Organization\",\"@id\":\"https:\/\/pagina10.com\/web\/#organization\",\"name\":\"P\u00e1gina10\",\"alternateName\":\"P\u00e1gina10 Peri\u00f3dico Regional\",\"url\":\"https:\/\/pagina10.com\/web\/\",\"logo\":{\"@type\":\"ImageObject\",\"inLanguage\":\"es\",\"@id\":\"https:\/\/pagina10.com\/web\/#\/schema\/logo\/image\/\",\"url\":\"https:\/\/pagina10.com\/web\/wp-content\/uploads\/2024\/01\/40-pagina-10-periodico-regional-pasto.jpg\",\"contentUrl\":\"https:\/\/pagina10.com\/web\/wp-content\/uploads\/2024\/01\/40-pagina-10-periodico-regional-pasto.jpg\",\"width\":1280,\"height\":720,\"caption\":\"P\u00e1gina10\"},\"image\":{\"@id\":\"https:\/\/pagina10.com\/web\/#\/schema\/logo\/image\/\"},\"sameAs\":[\"https:\/\/www.facebook.com\/pag10com\",\"https:\/\/x.com\/Pag10com\",\"https:\/\/www.instagram.com\/pagina10col\/\",\"https:\/\/youtube.com\/channel\/pag10\",\"https:\/\/www.tiktok.com\/@p10col\"]},{\"@type\":\"Person\",\"@id\":\"https:\/\/pagina10.com\/web\/#\/schema\/person\/2efc4a090d25b667d3bc796798a3a81b\",\"name\":\"P\u00e1gina 10\",\"description\":\"P\u00e1gina 10 es un peri\u00f3dico regional que nace en Colombia, en el departamento de Nari\u00f1o, con un enfoque global, fundamentado en cuatro pilares esenciales: la libertad, el pluralismo, la inclusi\u00f3n y la independencia. P\u00e1gina 10 hace referencia a Nari\u00f1o como el d\u00e9cimo departamento creado en Colombia, despu\u00e9s de un proceso pol\u00edtico liderado por actores y actrices regionales con el fin de obtener la independencia y autonom\u00eda de nuestros territorios. Con la creaci\u00f3n de P\u00e1gina 10 se pretende abrir un escenario para el dialogo, la reflexi\u00f3n y el debate que se extienda a otras geograf\u00edas de Am\u00e9rica Latina y del planeta, en una apuesta por transformar colectivamente los desaf\u00edos de un mundo contempor\u00e1neo, m\u00e1s all\u00e1 de las fronteras impuestas.\",\"url\":\"https:\/\/pagina10.com\/web\/author\/pdiezadmin\/\"}]}<\/script>\n<!-- \/ Yoast SEO plugin. -->","yoast_head_json":{"title":"Superintendencia de Servicios P\u00fablicos atendi\u00f3 sugerencias de comunidad en el pacifico nari\u00f1ense | P\u00e1gina10","robots":{"index":"index","follow":"follow","max-snippet":"max-snippet:-1","max-image-preview":"max-image-preview:large","max-video-preview":"max-video-preview:-1"},"canonical":"https:\/\/pagina10.com\/web\/superintendencia-de-servicios-publicos-atendio-sugerencias-de-comunidad-en-el-pacifico-narinense\/","og_locale":"es_ES","og_type":"article","og_title":"Superintendencia de Servicios P\u00fablicos atendi\u00f3 sugerencias de comunidad en el pacifico nari\u00f1ense | P\u00e1gina10","og_description":"En el marco de la Mesa Permanente de Concertaci\u00f3n con las Comunidades Afro, la Gobernaci\u00f3n de Nari\u00f1o y la Superintendencia de Servicios P\u00fablicos Domiciliarios, desarrollaron jornadas de revisi\u00f3n de tarifas y prestaci\u00f3n de servicios de energ\u00eda y gas GLP, en los municipios de Barbacoas y Tumaco. Estas jornadas hacen parte de los compromisos adquiridos en [&hellip;]","og_url":"https:\/\/pagina10.com\/web\/superintendencia-de-servicios-publicos-atendio-sugerencias-de-comunidad-en-el-pacifico-narinense\/","og_site_name":"P\u00e1gina10","article_publisher":"https:\/\/www.facebook.com\/pag10com","article_published_time":"2021-07-14T23:25:53+00:00","og_image":[{"width":931,"height":625,"url":"https:\/\/pagina10.com\/web\/wp-content\/uploads\/2021\/07\/sssss.jpg","type":"image\/jpeg"}],"author":"P\u00e1gina 10","twitter_card":"summary_large_image","twitter_creator":"@Pag10com","twitter_site":"@Pag10com","twitter_misc":{"Escrito por":"P\u00e1gina 10","Tiempo de lectura":"2 minutos"},"schema":{"@context":"https:\/\/schema.org","@graph":[{"@type":"Article","@id":"https:\/\/pagina10.com\/web\/superintendencia-de-servicios-publicos-atendio-sugerencias-de-comunidad-en-el-pacifico-narinense\/#article","isPartOf":{"@id":"https:\/\/pagina10.com\/web\/superintendencia-de-servicios-publicos-atendio-sugerencias-de-comunidad-en-el-pacifico-narinense\/"},"author":{"name":"P\u00e1gina 10","@id":"https:\/\/pagina10.com\/web\/#\/schema\/person\/2efc4a090d25b667d3bc796798a3a81b"},"headline":"Superintendencia de Servicios P\u00fablicos atendi\u00f3 sugerencias de comunidad en el pacifico nari\u00f1ense","datePublished":"2021-07-14T23:25:53+00:00","mainEntityOfPage":{"@id":"https:\/\/pagina10.com\/web\/superintendencia-de-servicios-publicos-atendio-sugerencias-de-comunidad-en-el-pacifico-narinense\/"},"wordCount":336,"commentCount":0,"publisher":{"@id":"https:\/\/pagina10.com\/web\/#organization"},"image":{"@id":"https:\/\/pagina10.com\/web\/superintendencia-de-servicios-publicos-atendio-sugerencias-de-comunidad-en-el-pacifico-narinense\/#primaryimage"},"thumbnailUrl":"https:\/\/pagina10.com\/web\/wp-content\/uploads\/2021\/07\/sssss.jpg","articleSection":["Regiones"],"inLanguage":"es","potentialAction":[{"@type":"CommentAction","name":"Comment","target":["https:\/\/pagina10.com\/web\/superintendencia-de-servicios-publicos-atendio-sugerencias-de-comunidad-en-el-pacifico-narinense\/#respond"]}]},{"@type":"WebPage","@id":"https:\/\/pagina10.com\/web\/superintendencia-de-servicios-publicos-atendio-sugerencias-de-comunidad-en-el-pacifico-narinense\/","url":"https:\/\/pagina10.com\/web\/superintendencia-de-servicios-publicos-atendio-sugerencias-de-comunidad-en-el-pacifico-narinense\/","name":"Superintendencia de Servicios P\u00fablicos atendi\u00f3 sugerencias de comunidad en el pacifico nari\u00f1ense | P\u00e1gina10","isPartOf":{"@id":"https:\/\/pagina10.com\/web\/#website"},"primaryImageOfPage":{"@id":"https:\/\/pagina10.com\/web\/superintendencia-de-servicios-publicos-atendio-sugerencias-de-comunidad-en-el-pacifico-narinense\/#primaryimage"},"image":{"@id":"https:\/\/pagina10.com\/web\/superintendencia-de-servicios-publicos-atendio-sugerencias-de-comunidad-en-el-pacifico-narinense\/#primaryimage"},"thumbnailUrl":"https:\/\/pagina10.com\/web\/wp-content\/uploads\/2021\/07\/sssss.jpg","datePublished":"2021-07-14T23:25:53+00:00","breadcrumb":{"@id":"https:\/\/pagina10.com\/web\/superintendencia-de-servicios-publicos-atendio-sugerencias-de-comunidad-en-el-pacifico-narinense\/#breadcrumb"},"inLanguage":"es","potentialAction":[{"@type":"ReadAction","target":["https:\/\/pagina10.com\/web\/superintendencia-de-servicios-publicos-atendio-sugerencias-de-comunidad-en-el-pacifico-narinense\/"]}]},{"@type":"ImageObject","inLanguage":"es","@id":"https:\/\/pagina10.com\/web\/superintendencia-de-servicios-publicos-atendio-sugerencias-de-comunidad-en-el-pacifico-narinense\/#primaryimage","url":"https:\/\/pagina10.com\/web\/wp-content\/uploads\/2021\/07\/sssss.jpg","contentUrl":"https:\/\/pagina10.com\/web\/wp-content\/uploads\/2021\/07\/sssss.jpg","width":931,"height":625},{"@type":"BreadcrumbList","@id":"https:\/\/pagina10.com\/web\/superintendencia-de-servicios-publicos-atendio-sugerencias-de-comunidad-en-el-pacifico-narinense\/#breadcrumb","itemListElement":[{"@type":"ListItem","position":1,"name":"Portada","item":"https:\/\/pagina10.com\/web\/"},{"@type":"ListItem","position":2,"name":"Superintendencia de Servicios P\u00fablicos atendi\u00f3 sugerencias de comunidad en el pacifico nari\u00f1ense"}]},{"@type":"WebSite","@id":"https:\/\/pagina10.com\/web\/#website","url":"https:\/\/pagina10.com\/web\/","name":"P\u00e1gina10","description":"Peri\u00f3dico Regional","publisher":{"@id":"https:\/\/pagina10.com\/web\/#organization"},"alternateName":"P\u00e1gina10 Peri\u00f3dico Regional","potentialAction":[{"@type":"SearchAction","target":{"@type":"EntryPoint","urlTemplate":"https:\/\/pagina10.com\/web\/?s={search_term_string}"},"query-input":{"@type":"PropertyValueSpecification","valueRequired":true,"valueName":"search_term_string"}}],"inLanguage":"es"},{"@type":"Organization","@id":"https:\/\/pagina10.com\/web\/#organization","name":"P\u00e1gina10","alternateName":"P\u00e1gina10 Peri\u00f3dico Regional","url":"https:\/\/pagina10.com\/web\/","logo":{"@type":"ImageObject","inLanguage":"es","@id":"https:\/\/pagina10.com\/web\/#\/schema\/logo\/image\/","url":"https:\/\/pagina10.com\/web\/wp-content\/uploads\/2024\/01\/40-pagina-10-periodico-regional-pasto.jpg","contentUrl":"https:\/\/pagina10.com\/web\/wp-content\/uploads\/2024\/01\/40-pagina-10-periodico-regional-pasto.jpg","width":1280,"height":720,"caption":"P\u00e1gina10"},"image":{"@id":"https:\/\/pagina10.com\/web\/#\/schema\/logo\/image\/"},"sameAs":["https:\/\/www.facebook.com\/pag10com","https:\/\/x.com\/Pag10com","https:\/\/www.instagram.com\/pagina10col\/","https:\/\/youtube.com\/channel\/pag10","https:\/\/www.tiktok.com\/@p10col"]},{"@type":"Person","@id":"https:\/\/pagina10.com\/web\/#\/schema\/person\/2efc4a090d25b667d3bc796798a3a81b","name":"P\u00e1gina 10","description":"P\u00e1gina 10 es un peri\u00f3dico regional que nace en Colombia, en el departamento de Nari\u00f1o, con un enfoque global, fundamentado en cuatro pilares esenciales: la libertad, el pluralismo, la inclusi\u00f3n y la independencia. P\u00e1gina 10 hace referencia a Nari\u00f1o como el d\u00e9cimo departamento creado en Colombia, despu\u00e9s de un proceso pol\u00edtico liderado por actores y actrices regionales con el fin de obtener la independencia y autonom\u00eda de nuestros territorios. Con la creaci\u00f3n de P\u00e1gina 10 se pretende abrir un escenario para el dialogo, la reflexi\u00f3n y el debate que se extienda a otras geograf\u00edas de Am\u00e9rica Latina y del planeta, en una apuesta por transformar colectivamente los desaf\u00edos de un mundo contempor\u00e1neo, m\u00e1s all\u00e1 de las fronteras impuestas.","url":"https:\/\/pagina10.com\/web\/author\/pdiezadmin\/"}]}},"_links":{"self":[{"href":"https:\/\/pagina10.com\/web\/wp-json\/wp\/v2\/posts\/54037","targetHints":{"allow":["GET"]}}],"collection":[{"href":"https:\/\/pagina10.com\/web\/wp-json\/wp\/v2\/posts"}],"about":[{"href":"https:\/\/pagina10.com\/web\/wp-json\/wp\/v2\/types\/post"}],"author":[{"embeddable":true,"href":"https:\/\/pagina10.com\/web\/wp-json\/wp\/v2\/users\/1"}],"replies":[{"embeddable":true,"href":"https:\/\/pagina10.com\/web\/wp-json\/wp\/v2\/comments?post=54037"}],"version-history":[{"count":1,"href":"https:\/\/pagina10.com\/web\/wp-json\/wp\/v2\/posts\/54037\/revisions"}],"predecessor-version":[{"id":54040,"href":"https:\/\/pagina10.com\/web\/wp-json\/wp\/v2\/posts\/54037\/revisions\/54040"}],"wp:featuredmedia":[{"embeddable":true,"href":"https:\/\/pagina10.com\/web\/wp-json\/wp\/v2\/media\/54039"}],"wp:attachment":[{"href":"https:\/\/pagina10.com\/web\/wp-json\/wp\/v2\/media?parent=54037"}],"wp:term":[{"taxonomy":"category","embeddable":true,"href":"https:\/\/pagina10.com\/web\/wp-json\/wp\/v2\/categories?post=54037"},{"taxonomy":"post_tag","embeddable":true,"href":"https:\/\/pagina10.com\/web\/wp-json\/wp\/v2\/tags?post=54037"}],"curies":[{"name":"wp","href":"https:\/\/api.w.org\/{rel}","templated":true}]}}