{"id":54086,"date":"2021-07-15T18:19:39","date_gmt":"2021-07-15T23:19:39","guid":{"rendered":"https:\/\/pagina10.com\/web\/?p=54086"},"modified":"2021-07-15T18:26:15","modified_gmt":"2021-07-15T23:26:15","slug":"periodismo-colombiano-de-luto-fallecio-el-cronista-german-castro-caycedo","status":"publish","type":"post","link":"https:\/\/pagina10.com\/web\/periodismo-colombiano-de-luto-fallecio-el-cronista-german-castro-caycedo\/","title":{"rendered":"Periodismo colombiano de luto: falleci\u00f3 el cronista Germ\u00e1n Castro Caycedo"},"content":{"rendered":"<p style=\"text-align: justify;\">El periodismo colombiano est\u00e1 de luto, este jueves, la familia del escritor y periodista colombiano Germ\u00e1n Castro Caycedo confirm\u00f3 su fallecimiento.<\/p>\n<p style=\"text-align: justify;\">Tras luchar contra un c\u00e1ncer de p\u00e1ncreas, el reconocido periodista muri\u00f3 en la ciudad de Bogot\u00e1 a sus 81 a\u00f1os.<\/p>\n<p style=\"text-align: justify;\">Germ\u00e1n Castro Caycedo es recordado por obras como &#8216;Colombia Amarga&#8217;, &#8216;Mi alma se la dejo al diablo&#8217;, &#8216;El Karina&#8217;, &#8216;La Bruja&#8217;, &#8216;Sin Tregua&#8217;, &#8216;M\u00e1s all\u00e1 de la noche&#8217; y &#8216;Operaci\u00f3n Pablo Escobar&#8217;.<\/p>\n<p style=\"text-align: justify;\">Tambi\u00e9n fue reconocido por sus 10 a\u00f1os de trayectoria como cronista en el diario El Tiempo y por haber dirigido el programa de televisi\u00f3n Enviado Especial durante dos d\u00e9cadas.<\/p>\n<p style=\"text-align: justify;\">De acuerdo con el diario La Rep\u00fablica, en su obra period\u00edstica los temas destacados fueron pol\u00edtica, medio ambiente, conflicto y paz.<\/p>\n<p style=\"text-align: justify;\">Castro Caycedo recibi\u00f3 durante su carrera varios reconocimientos, entre otros galardones, el Premio Am\u00e9rica Latina SIP Mergenthaler en 1974, el Premio Nacional de Periodismo Sim\u00f3n Bol\u00edvar en 1976 y el Premio Rodolfo Walsh en la categor\u00eda &#8216;Mejor libro de No Ficci\u00f3n del a\u00f1o publicado en Espa\u00f1a&#8217; en 1999 por su obra &#8216;El Karina&#8217;.<\/p>\n<p style=\"text-align: justify;\">Tambi\u00e9n gan\u00f3 11 premios nacionales de periodismo y ocho internacionales.<\/p>\n<p style=\"text-align: justify;\">Su \u00faltimo libro fue &#8220;Huellas&#8221;, publicado en el 2019.<\/p>\n<p>&nbsp;<\/p>\n","protected":false},"excerpt":{"rendered":"<p>El periodismo colombiano est\u00e1 de luto, este jueves, la familia del escritor y periodista colombiano Germ\u00e1n Castro Caycedo confirm\u00f3 su fallecimiento. Tras luchar contra un c\u00e1ncer de p\u00e1ncreas, el reconocido periodista muri\u00f3 en la ciudad de Bogot\u00e1 a sus 81 a\u00f1os. Germ\u00e1n Castro Caycedo es recordado por obras como &#8216;Colombia Amarga&#8217;, &#8216;Mi alma se la [&hellip;]<\/p>\n","protected":false},"author":1,"featured_media":54083,"comment_status":"open","ping_status":"open","sticky":false,"template":"","format":"standard","meta":{"footnotes":""},"categories":[94],"tags":[],"class_list":["post-54086","post","type-post","status-publish","format-standard","has-post-thumbnail","hentry","category-nacional-global-2"],"yoast_head":"<!-- This site is optimized with the Yoast SEO plugin v27.1.1 - https:\/\/yoast.com\/product\/yoast-seo-wordpress\/ -->\n<title>Periodismo colombiano de luto: falleci\u00f3 el cronista Germ\u00e1n Castro Caycedo | P\u00e1gina10<\/title>\n<meta name=\"robots\" content=\"index, follow, max-snippet:-1, max-image-preview:large, max-video-preview:-1\" \/>\n<link rel=\"canonical\" href=\"https:\/\/pagina10.com\/web\/periodismo-colombiano-de-luto-fallecio-el-cronista-german-castro-caycedo\/\" \/>\n<meta property=\"og:locale\" content=\"es_ES\" \/>\n<meta property=\"og:type\" content=\"article\" \/>\n<meta property=\"og:title\" content=\"Periodismo colombiano de luto: falleci\u00f3 el cronista Germ\u00e1n Castro Caycedo | P\u00e1gina10\" \/>\n<meta property=\"og:description\" content=\"El periodismo colombiano est\u00e1 de luto, este jueves, la familia del escritor y periodista colombiano Germ\u00e1n Castro Caycedo confirm\u00f3 su fallecimiento. Tras luchar contra un c\u00e1ncer de p\u00e1ncreas, el reconocido periodista muri\u00f3 en la ciudad de Bogot\u00e1 a sus 81 a\u00f1os. Germ\u00e1n Castro Caycedo es recordado por obras como &#8216;Colombia Amarga&#8217;, &#8216;Mi alma se la [&hellip;]\" \/>\n<meta property=\"og:url\" content=\"https:\/\/pagina10.com\/web\/periodismo-colombiano-de-luto-fallecio-el-cronista-german-castro-caycedo\/\" \/>\n<meta property=\"og:site_name\" content=\"P\u00e1gina10\" \/>\n<meta property=\"article:publisher\" content=\"https:\/\/www.facebook.com\/pag10com\" \/>\n<meta property=\"article:published_time\" content=\"2021-07-15T23:19:39+00:00\" \/>\n<meta property=\"article:modified_time\" content=\"2021-07-15T23:26:15+00:00\" \/>\n<meta property=\"og:image\" content=\"https:\/\/pagina10.com\/web\/wp-content\/uploads\/2021\/07\/maxresdefault.jpg\" \/>\n\t<meta property=\"og:image:width\" content=\"1280\" \/>\n\t<meta property=\"og:image:height\" content=\"720\" \/>\n\t<meta property=\"og:image:type\" content=\"image\/jpeg\" \/>\n<meta name=\"author\" content=\"P\u00e1gina 10\" \/>\n<meta name=\"twitter:card\" content=\"summary_large_image\" \/>\n<meta name=\"twitter:creator\" content=\"@Pag10com\" \/>\n<meta name=\"twitter:site\" content=\"@Pag10com\" \/>\n<meta name=\"twitter:label1\" content=\"Escrito por\" \/>\n\t<meta name=\"twitter:data1\" content=\"P\u00e1gina 10\" \/>\n\t<meta name=\"twitter:label2\" content=\"Tiempo de lectura\" \/>\n\t<meta name=\"twitter:data2\" content=\"1 minuto\" \/>\n<script type=\"application\/ld+json\" class=\"yoast-schema-graph\">{\"@context\":\"https:\/\/schema.org\",\"@graph\":[{\"@type\":\"Article\",\"@id\":\"https:\/\/pagina10.com\/web\/periodismo-colombiano-de-luto-fallecio-el-cronista-german-castro-caycedo\/#article\",\"isPartOf\":{\"@id\":\"https:\/\/pagina10.com\/web\/periodismo-colombiano-de-luto-fallecio-el-cronista-german-castro-caycedo\/\"},\"author\":{\"name\":\"P\u00e1gina 10\",\"@id\":\"https:\/\/pagina10.com\/web\/#\/schema\/person\/2efc4a090d25b667d3bc796798a3a81b\"},\"headline\":\"Periodismo colombiano de luto: falleci\u00f3 el cronista Germ\u00e1n Castro Caycedo\",\"datePublished\":\"2021-07-15T23:19:39+00:00\",\"dateModified\":\"2021-07-15T23:26:15+00:00\",\"mainEntityOfPage\":{\"@id\":\"https:\/\/pagina10.com\/web\/periodismo-colombiano-de-luto-fallecio-el-cronista-german-castro-caycedo\/\"},\"wordCount\":222,\"commentCount\":0,\"publisher\":{\"@id\":\"https:\/\/pagina10.com\/web\/#organization\"},\"image\":{\"@id\":\"https:\/\/pagina10.com\/web\/periodismo-colombiano-de-luto-fallecio-el-cronista-german-castro-caycedo\/#primaryimage\"},\"thumbnailUrl\":\"https:\/\/pagina10.com\/web\/wp-content\/uploads\/2021\/07\/maxresdefault.jpg\",\"articleSection\":[\"Nacional\"],\"inLanguage\":\"es\",\"potentialAction\":[{\"@type\":\"CommentAction\",\"name\":\"Comment\",\"target\":[\"https:\/\/pagina10.com\/web\/periodismo-colombiano-de-luto-fallecio-el-cronista-german-castro-caycedo\/#respond\"]}]},{\"@type\":\"WebPage\",\"@id\":\"https:\/\/pagina10.com\/web\/periodismo-colombiano-de-luto-fallecio-el-cronista-german-castro-caycedo\/\",\"url\":\"https:\/\/pagina10.com\/web\/periodismo-colombiano-de-luto-fallecio-el-cronista-german-castro-caycedo\/\",\"name\":\"Periodismo colombiano de luto: falleci\u00f3 el cronista Germ\u00e1n Castro Caycedo | P\u00e1gina10\",\"isPartOf\":{\"@id\":\"https:\/\/pagina10.com\/web\/#website\"},\"primaryImageOfPage\":{\"@id\":\"https:\/\/pagina10.com\/web\/periodismo-colombiano-de-luto-fallecio-el-cronista-german-castro-caycedo\/#primaryimage\"},\"image\":{\"@id\":\"https:\/\/pagina10.com\/web\/periodismo-colombiano-de-luto-fallecio-el-cronista-german-castro-caycedo\/#primaryimage\"},\"thumbnailUrl\":\"https:\/\/pagina10.com\/web\/wp-content\/uploads\/2021\/07\/maxresdefault.jpg\",\"datePublished\":\"2021-07-15T23:19:39+00:00\",\"dateModified\":\"2021-07-15T23:26:15+00:00\",\"breadcrumb\":{\"@id\":\"https:\/\/pagina10.com\/web\/periodismo-colombiano-de-luto-fallecio-el-cronista-german-castro-caycedo\/#breadcrumb\"},\"inLanguage\":\"es\",\"potentialAction\":[{\"@type\":\"ReadAction\",\"target\":[\"https:\/\/pagina10.com\/web\/periodismo-colombiano-de-luto-fallecio-el-cronista-german-castro-caycedo\/\"]}]},{\"@type\":\"ImageObject\",\"inLanguage\":\"es\",\"@id\":\"https:\/\/pagina10.com\/web\/periodismo-colombiano-de-luto-fallecio-el-cronista-german-castro-caycedo\/#primaryimage\",\"url\":\"https:\/\/pagina10.com\/web\/wp-content\/uploads\/2021\/07\/maxresdefault.jpg\",\"contentUrl\":\"https:\/\/pagina10.com\/web\/wp-content\/uploads\/2021\/07\/maxresdefault.jpg\",\"width\":1280,\"height\":720,\"caption\":\"Tomada de: Germ\u00e1nCastroCaycedo.com\"},{\"@type\":\"BreadcrumbList\",\"@id\":\"https:\/\/pagina10.com\/web\/periodismo-colombiano-de-luto-fallecio-el-cronista-german-castro-caycedo\/#breadcrumb\",\"itemListElement\":[{\"@type\":\"ListItem\",\"position\":1,\"name\":\"Portada\",\"item\":\"https:\/\/pagina10.com\/web\/\"},{\"@type\":\"ListItem\",\"position\":2,\"name\":\"Periodismo colombiano de luto: falleci\u00f3 el cronista Germ\u00e1n Castro Caycedo\"}]},{\"@type\":\"WebSite\",\"@id\":\"https:\/\/pagina10.com\/web\/#website\",\"url\":\"https:\/\/pagina10.com\/web\/\",\"name\":\"P\u00e1gina10\",\"description\":\"Peri\u00f3dico Regional\",\"publisher\":{\"@id\":\"https:\/\/pagina10.com\/web\/#organization\"},\"alternateName\":\"P\u00e1gina10 Peri\u00f3dico Regional\",\"potentialAction\":[{\"@type\":\"SearchAction\",\"target\":{\"@type\":\"EntryPoint\",\"urlTemplate\":\"https:\/\/pagina10.com\/web\/?s={search_term_string}\"},\"query-input\":{\"@type\":\"PropertyValueSpecification\",\"valueRequired\":true,\"valueName\":\"search_term_string\"}}],\"inLanguage\":\"es\"},{\"@type\":\"Organization\",\"@id\":\"https:\/\/pagina10.com\/web\/#organization\",\"name\":\"P\u00e1gina10\",\"alternateName\":\"P\u00e1gina10 Peri\u00f3dico Regional\",\"url\":\"https:\/\/pagina10.com\/web\/\",\"logo\":{\"@type\":\"ImageObject\",\"inLanguage\":\"es\",\"@id\":\"https:\/\/pagina10.com\/web\/#\/schema\/logo\/image\/\",\"url\":\"https:\/\/pagina10.com\/web\/wp-content\/uploads\/2024\/01\/40-pagina-10-periodico-regional-pasto.jpg\",\"contentUrl\":\"https:\/\/pagina10.com\/web\/wp-content\/uploads\/2024\/01\/40-pagina-10-periodico-regional-pasto.jpg\",\"width\":1280,\"height\":720,\"caption\":\"P\u00e1gina10\"},\"image\":{\"@id\":\"https:\/\/pagina10.com\/web\/#\/schema\/logo\/image\/\"},\"sameAs\":[\"https:\/\/www.facebook.com\/pag10com\",\"https:\/\/x.com\/Pag10com\",\"https:\/\/www.instagram.com\/pagina10col\/\",\"https:\/\/youtube.com\/channel\/pag10\",\"https:\/\/www.tiktok.com\/@p10col\"]},{\"@type\":\"Person\",\"@id\":\"https:\/\/pagina10.com\/web\/#\/schema\/person\/2efc4a090d25b667d3bc796798a3a81b\",\"name\":\"P\u00e1gina 10\",\"description\":\"P\u00e1gina 10 es un peri\u00f3dico regional que nace en Colombia, en el departamento de Nari\u00f1o, con un enfoque global, fundamentado en cuatro pilares esenciales: la libertad, el pluralismo, la inclusi\u00f3n y la independencia. P\u00e1gina 10 hace referencia a Nari\u00f1o como el d\u00e9cimo departamento creado en Colombia, despu\u00e9s de un proceso pol\u00edtico liderado por actores y actrices regionales con el fin de obtener la independencia y autonom\u00eda de nuestros territorios. Con la creaci\u00f3n de P\u00e1gina 10 se pretende abrir un escenario para el dialogo, la reflexi\u00f3n y el debate que se extienda a otras geograf\u00edas de Am\u00e9rica Latina y del planeta, en una apuesta por transformar colectivamente los desaf\u00edos de un mundo contempor\u00e1neo, m\u00e1s all\u00e1 de las fronteras impuestas.\",\"url\":\"https:\/\/pagina10.com\/web\/author\/pdiezadmin\/\"}]}<\/script>\n<!-- \/ Yoast SEO plugin. -->","yoast_head_json":{"title":"Periodismo colombiano de luto: falleci\u00f3 el cronista Germ\u00e1n Castro Caycedo | P\u00e1gina10","robots":{"index":"index","follow":"follow","max-snippet":"max-snippet:-1","max-image-preview":"max-image-preview:large","max-video-preview":"max-video-preview:-1"},"canonical":"https:\/\/pagina10.com\/web\/periodismo-colombiano-de-luto-fallecio-el-cronista-german-castro-caycedo\/","og_locale":"es_ES","og_type":"article","og_title":"Periodismo colombiano de luto: falleci\u00f3 el cronista Germ\u00e1n Castro Caycedo | P\u00e1gina10","og_description":"El periodismo colombiano est\u00e1 de luto, este jueves, la familia del escritor y periodista colombiano Germ\u00e1n Castro Caycedo confirm\u00f3 su fallecimiento. Tras luchar contra un c\u00e1ncer de p\u00e1ncreas, el reconocido periodista muri\u00f3 en la ciudad de Bogot\u00e1 a sus 81 a\u00f1os. Germ\u00e1n Castro Caycedo es recordado por obras como &#8216;Colombia Amarga&#8217;, &#8216;Mi alma se la [&hellip;]","og_url":"https:\/\/pagina10.com\/web\/periodismo-colombiano-de-luto-fallecio-el-cronista-german-castro-caycedo\/","og_site_name":"P\u00e1gina10","article_publisher":"https:\/\/www.facebook.com\/pag10com","article_published_time":"2021-07-15T23:19:39+00:00","article_modified_time":"2021-07-15T23:26:15+00:00","og_image":[{"width":1280,"height":720,"url":"https:\/\/pagina10.com\/web\/wp-content\/uploads\/2021\/07\/maxresdefault.jpg","type":"image\/jpeg"}],"author":"P\u00e1gina 10","twitter_card":"summary_large_image","twitter_creator":"@Pag10com","twitter_site":"@Pag10com","twitter_misc":{"Escrito por":"P\u00e1gina 10","Tiempo de lectura":"1 minuto"},"schema":{"@context":"https:\/\/schema.org","@graph":[{"@type":"Article","@id":"https:\/\/pagina10.com\/web\/periodismo-colombiano-de-luto-fallecio-el-cronista-german-castro-caycedo\/#article","isPartOf":{"@id":"https:\/\/pagina10.com\/web\/periodismo-colombiano-de-luto-fallecio-el-cronista-german-castro-caycedo\/"},"author":{"name":"P\u00e1gina 10","@id":"https:\/\/pagina10.com\/web\/#\/schema\/person\/2efc4a090d25b667d3bc796798a3a81b"},"headline":"Periodismo colombiano de luto: falleci\u00f3 el cronista Germ\u00e1n Castro Caycedo","datePublished":"2021-07-15T23:19:39+00:00","dateModified":"2021-07-15T23:26:15+00:00","mainEntityOfPage":{"@id":"https:\/\/pagina10.com\/web\/periodismo-colombiano-de-luto-fallecio-el-cronista-german-castro-caycedo\/"},"wordCount":222,"commentCount":0,"publisher":{"@id":"https:\/\/pagina10.com\/web\/#organization"},"image":{"@id":"https:\/\/pagina10.com\/web\/periodismo-colombiano-de-luto-fallecio-el-cronista-german-castro-caycedo\/#primaryimage"},"thumbnailUrl":"https:\/\/pagina10.com\/web\/wp-content\/uploads\/2021\/07\/maxresdefault.jpg","articleSection":["Nacional"],"inLanguage":"es","potentialAction":[{"@type":"CommentAction","name":"Comment","target":["https:\/\/pagina10.com\/web\/periodismo-colombiano-de-luto-fallecio-el-cronista-german-castro-caycedo\/#respond"]}]},{"@type":"WebPage","@id":"https:\/\/pagina10.com\/web\/periodismo-colombiano-de-luto-fallecio-el-cronista-german-castro-caycedo\/","url":"https:\/\/pagina10.com\/web\/periodismo-colombiano-de-luto-fallecio-el-cronista-german-castro-caycedo\/","name":"Periodismo colombiano de luto: falleci\u00f3 el cronista Germ\u00e1n Castro Caycedo | P\u00e1gina10","isPartOf":{"@id":"https:\/\/pagina10.com\/web\/#website"},"primaryImageOfPage":{"@id":"https:\/\/pagina10.com\/web\/periodismo-colombiano-de-luto-fallecio-el-cronista-german-castro-caycedo\/#primaryimage"},"image":{"@id":"https:\/\/pagina10.com\/web\/periodismo-colombiano-de-luto-fallecio-el-cronista-german-castro-caycedo\/#primaryimage"},"thumbnailUrl":"https:\/\/pagina10.com\/web\/wp-content\/uploads\/2021\/07\/maxresdefault.jpg","datePublished":"2021-07-15T23:19:39+00:00","dateModified":"2021-07-15T23:26:15+00:00","breadcrumb":{"@id":"https:\/\/pagina10.com\/web\/periodismo-colombiano-de-luto-fallecio-el-cronista-german-castro-caycedo\/#breadcrumb"},"inLanguage":"es","potentialAction":[{"@type":"ReadAction","target":["https:\/\/pagina10.com\/web\/periodismo-colombiano-de-luto-fallecio-el-cronista-german-castro-caycedo\/"]}]},{"@type":"ImageObject","inLanguage":"es","@id":"https:\/\/pagina10.com\/web\/periodismo-colombiano-de-luto-fallecio-el-cronista-german-castro-caycedo\/#primaryimage","url":"https:\/\/pagina10.com\/web\/wp-content\/uploads\/2021\/07\/maxresdefault.jpg","contentUrl":"https:\/\/pagina10.com\/web\/wp-content\/uploads\/2021\/07\/maxresdefault.jpg","width":1280,"height":720,"caption":"Tomada de: Germ\u00e1nCastroCaycedo.com"},{"@type":"BreadcrumbList","@id":"https:\/\/pagina10.com\/web\/periodismo-colombiano-de-luto-fallecio-el-cronista-german-castro-caycedo\/#breadcrumb","itemListElement":[{"@type":"ListItem","position":1,"name":"Portada","item":"https:\/\/pagina10.com\/web\/"},{"@type":"ListItem","position":2,"name":"Periodismo colombiano de luto: falleci\u00f3 el cronista Germ\u00e1n Castro Caycedo"}]},{"@type":"WebSite","@id":"https:\/\/pagina10.com\/web\/#website","url":"https:\/\/pagina10.com\/web\/","name":"P\u00e1gina10","description":"Peri\u00f3dico Regional","publisher":{"@id":"https:\/\/pagina10.com\/web\/#organization"},"alternateName":"P\u00e1gina10 Peri\u00f3dico Regional","potentialAction":[{"@type":"SearchAction","target":{"@type":"EntryPoint","urlTemplate":"https:\/\/pagina10.com\/web\/?s={search_term_string}"},"query-input":{"@type":"PropertyValueSpecification","valueRequired":true,"valueName":"search_term_string"}}],"inLanguage":"es"},{"@type":"Organization","@id":"https:\/\/pagina10.com\/web\/#organization","name":"P\u00e1gina10","alternateName":"P\u00e1gina10 Peri\u00f3dico Regional","url":"https:\/\/pagina10.com\/web\/","logo":{"@type":"ImageObject","inLanguage":"es","@id":"https:\/\/pagina10.com\/web\/#\/schema\/logo\/image\/","url":"https:\/\/pagina10.com\/web\/wp-content\/uploads\/2024\/01\/40-pagina-10-periodico-regional-pasto.jpg","contentUrl":"https:\/\/pagina10.com\/web\/wp-content\/uploads\/2024\/01\/40-pagina-10-periodico-regional-pasto.jpg","width":1280,"height":720,"caption":"P\u00e1gina10"},"image":{"@id":"https:\/\/pagina10.com\/web\/#\/schema\/logo\/image\/"},"sameAs":["https:\/\/www.facebook.com\/pag10com","https:\/\/x.com\/Pag10com","https:\/\/www.instagram.com\/pagina10col\/","https:\/\/youtube.com\/channel\/pag10","https:\/\/www.tiktok.com\/@p10col"]},{"@type":"Person","@id":"https:\/\/pagina10.com\/web\/#\/schema\/person\/2efc4a090d25b667d3bc796798a3a81b","name":"P\u00e1gina 10","description":"P\u00e1gina 10 es un peri\u00f3dico regional que nace en Colombia, en el departamento de Nari\u00f1o, con un enfoque global, fundamentado en cuatro pilares esenciales: la libertad, el pluralismo, la inclusi\u00f3n y la independencia. P\u00e1gina 10 hace referencia a Nari\u00f1o como el d\u00e9cimo departamento creado en Colombia, despu\u00e9s de un proceso pol\u00edtico liderado por actores y actrices regionales con el fin de obtener la independencia y autonom\u00eda de nuestros territorios. Con la creaci\u00f3n de P\u00e1gina 10 se pretende abrir un escenario para el dialogo, la reflexi\u00f3n y el debate que se extienda a otras geograf\u00edas de Am\u00e9rica Latina y del planeta, en una apuesta por transformar colectivamente los desaf\u00edos de un mundo contempor\u00e1neo, m\u00e1s all\u00e1 de las fronteras impuestas.","url":"https:\/\/pagina10.com\/web\/author\/pdiezadmin\/"}]}},"_links":{"self":[{"href":"https:\/\/pagina10.com\/web\/wp-json\/wp\/v2\/posts\/54086","targetHints":{"allow":["GET"]}}],"collection":[{"href":"https:\/\/pagina10.com\/web\/wp-json\/wp\/v2\/posts"}],"about":[{"href":"https:\/\/pagina10.com\/web\/wp-json\/wp\/v2\/types\/post"}],"author":[{"embeddable":true,"href":"https:\/\/pagina10.com\/web\/wp-json\/wp\/v2\/users\/1"}],"replies":[{"embeddable":true,"href":"https:\/\/pagina10.com\/web\/wp-json\/wp\/v2\/comments?post=54086"}],"version-history":[{"count":3,"href":"https:\/\/pagina10.com\/web\/wp-json\/wp\/v2\/posts\/54086\/revisions"}],"predecessor-version":[{"id":54089,"href":"https:\/\/pagina10.com\/web\/wp-json\/wp\/v2\/posts\/54086\/revisions\/54089"}],"wp:featuredmedia":[{"embeddable":true,"href":"https:\/\/pagina10.com\/web\/wp-json\/wp\/v2\/media\/54083"}],"wp:attachment":[{"href":"https:\/\/pagina10.com\/web\/wp-json\/wp\/v2\/media?parent=54086"}],"wp:term":[{"taxonomy":"category","embeddable":true,"href":"https:\/\/pagina10.com\/web\/wp-json\/wp\/v2\/categories?post=54086"},{"taxonomy":"post_tag","embeddable":true,"href":"https:\/\/pagina10.com\/web\/wp-json\/wp\/v2\/tags?post=54086"}],"curies":[{"name":"wp","href":"https:\/\/api.w.org\/{rel}","templated":true}]}}