{"id":54121,"date":"2021-07-17T10:34:27","date_gmt":"2021-07-17T15:34:27","guid":{"rendered":"https:\/\/pagina10.com\/web\/?p=54121"},"modified":"2021-07-17T10:34:27","modified_gmt":"2021-07-17T15:34:27","slug":"esta-es-la-ley-que-promueve-el-uso-del-tapabocas-inclusivo","status":"publish","type":"post","link":"https:\/\/pagina10.com\/web\/esta-es-la-ley-que-promueve-el-uso-del-tapabocas-inclusivo\/","title":{"rendered":"Esta es la ley que promueve el uso del tapabocas inclusivo"},"content":{"rendered":"<p style=\"text-align: justify;\"><span style=\"font-weight: 400;\">Fue aprobada la ley n\u00famero 2096 del 2 de julio del 2021,la cual promueve el uso del tapabocas inclusivo y\/o elementos transparentes con el fin de permitir y garantizar la comunicaci\u00f3n de personas con discapacidad fue aprobada.\u00a0<\/span><\/p>\n<p style=\"text-align: justify;\"><span style=\"font-weight: 400;\">Esta ley tiene como fin regular la barrera comunicacional que generan los tapabocas convencionales en las personas con discapacidad auditiva.<\/span><\/p>\n<p style=\"text-align: justify;\"><span style=\"font-weight: 400;\">De acuerdo con la informaci\u00f3n suministrada, la ley aplica para sectores de car\u00e1cter p\u00fablico y privado que presten servicios de atenci\u00f3n al p\u00fablico.<\/span><\/p>\n<p style=\"text-align: justify;\"><span style=\"font-weight: 400;\">Tal como lo establece la ley\u00a0 las instituciones y entidades deber\u00e1n fijar un aviso donde informe que cuenta con tapabocas inclusivos el cuenta con visor transparente para la lectura de labios.<\/span><\/p>\n<p style=\"text-align: justify;\"><span style=\"font-weight: 400;\">Ante este acontecimiento, el Instituto Nacional para Sordos confirm\u00f3 y celebr\u00f3 la aprobaci\u00f3n de la ley, manifestando que beneficiar\u00e1 a m\u00e1s de 500 mil personas.\u00a0<\/span><\/p>\n<p style=\"text-align: justify;\"><span style=\"font-weight: 400;\">\u201cEsta Ley beneficia a m\u00e1s de 500 mil personas sordas en Colombia, pues reconoce que la visualizaci\u00f3n del rostro, las expresiones faciales y la vocalizaci\u00f3n, son elementos fundamentales para su comunicaci\u00f3n efectiva y cotidiana. Permite que sigamos apost\u00e1ndole a un pa\u00eds m\u00e1s inclusivo, a\u00fan en contexto de pandemia\u201d, se\u00f1al\u00f3 Natalia Mart\u00ednez Pardo, directora del INSOR.\u00a0<\/span><\/p>\n<p style=\"text-align: justify;\"><span style=\"font-weight: 400;\">Es de mencionar que los lineamientos de estos tapabocas, ser\u00e1n reglamentados por el Ministerio de Salud y Protecci\u00f3n Social, y la oferta deber\u00e1 coordinarse con los programas para impulso a las Mipymes a cargo del Ministerio de Comercio, Industria y Turismo.<\/span><\/p>\n<p style=\"text-align: justify;\"><span style=\"font-weight: 400;\">Cabe resaltar que los pa\u00edses de la regi\u00f3n que implementan esta norma del uso del tapabocas inclusivo son Uruguay y Argentina.<\/span><\/p>\n","protected":false},"excerpt":{"rendered":"<p>Fue aprobada la ley n\u00famero 2096 del 2 de julio del 2021,la cual promueve el uso del tapabocas inclusivo y\/o elementos transparentes con el fin de permitir y garantizar la comunicaci\u00f3n de personas con discapacidad fue aprobada.\u00a0 Esta ley tiene como fin regular la barrera comunicacional que generan los tapabocas convencionales en las personas con [&hellip;]<\/p>\n","protected":false},"author":1,"featured_media":54122,"comment_status":"open","ping_status":"open","sticky":false,"template":"","format":"standard","meta":{"footnotes":""},"categories":[94],"tags":[],"class_list":["post-54121","post","type-post","status-publish","format-standard","has-post-thumbnail","hentry","category-nacional-global-2"],"yoast_head":"<!-- This site is optimized with the Yoast SEO plugin v27.1.1 - https:\/\/yoast.com\/product\/yoast-seo-wordpress\/ -->\n<title>Esta es la ley que promueve el uso del tapabocas inclusivo | P\u00e1gina10<\/title>\n<meta name=\"robots\" content=\"index, follow, max-snippet:-1, max-image-preview:large, max-video-preview:-1\" \/>\n<link rel=\"canonical\" href=\"https:\/\/pagina10.com\/web\/esta-es-la-ley-que-promueve-el-uso-del-tapabocas-inclusivo\/\" \/>\n<meta property=\"og:locale\" content=\"es_ES\" \/>\n<meta property=\"og:type\" content=\"article\" \/>\n<meta property=\"og:title\" content=\"Esta es la ley que promueve el uso del tapabocas inclusivo | P\u00e1gina10\" \/>\n<meta property=\"og:description\" content=\"Fue aprobada la ley n\u00famero 2096 del 2 de julio del 2021,la cual promueve el uso del tapabocas inclusivo y\/o elementos transparentes con el fin de permitir y garantizar la comunicaci\u00f3n de personas con discapacidad fue aprobada. Esta ley tiene como fin regular la barrera comunicacional que generan los tapabocas convencionales en las personas con [&hellip;]\" \/>\n<meta property=\"og:url\" content=\"https:\/\/pagina10.com\/web\/esta-es-la-ley-que-promueve-el-uso-del-tapabocas-inclusivo\/\" \/>\n<meta property=\"og:site_name\" content=\"P\u00e1gina10\" \/>\n<meta property=\"article:publisher\" content=\"https:\/\/www.facebook.com\/pag10com\" \/>\n<meta property=\"article:published_time\" content=\"2021-07-17T15:34:27+00:00\" \/>\n<meta property=\"og:image\" content=\"https:\/\/pagina10.com\/web\/wp-content\/uploads\/2021\/07\/tapaboca-inclusivo.jpeg\" \/>\n\t<meta property=\"og:image:width\" content=\"1033\" \/>\n\t<meta property=\"og:image:height\" content=\"688\" \/>\n\t<meta property=\"og:image:type\" content=\"image\/jpeg\" \/>\n<meta name=\"author\" content=\"P\u00e1gina 10\" \/>\n<meta name=\"twitter:card\" content=\"summary_large_image\" \/>\n<meta name=\"twitter:creator\" content=\"@Pag10com\" \/>\n<meta name=\"twitter:site\" content=\"@Pag10com\" \/>\n<meta name=\"twitter:label1\" content=\"Escrito por\" \/>\n\t<meta name=\"twitter:data1\" content=\"P\u00e1gina 10\" \/>\n\t<meta name=\"twitter:label2\" content=\"Tiempo de lectura\" \/>\n\t<meta name=\"twitter:data2\" content=\"1 minuto\" \/>\n<script type=\"application\/ld+json\" class=\"yoast-schema-graph\">{\"@context\":\"https:\/\/schema.org\",\"@graph\":[{\"@type\":\"Article\",\"@id\":\"https:\/\/pagina10.com\/web\/esta-es-la-ley-que-promueve-el-uso-del-tapabocas-inclusivo\/#article\",\"isPartOf\":{\"@id\":\"https:\/\/pagina10.com\/web\/esta-es-la-ley-que-promueve-el-uso-del-tapabocas-inclusivo\/\"},\"author\":{\"name\":\"P\u00e1gina 10\",\"@id\":\"https:\/\/pagina10.com\/web\/#\/schema\/person\/2efc4a090d25b667d3bc796798a3a81b\"},\"headline\":\"Esta es la ley que promueve el uso del tapabocas inclusivo\",\"datePublished\":\"2021-07-17T15:34:27+00:00\",\"mainEntityOfPage\":{\"@id\":\"https:\/\/pagina10.com\/web\/esta-es-la-ley-que-promueve-el-uso-del-tapabocas-inclusivo\/\"},\"wordCount\":285,\"commentCount\":0,\"publisher\":{\"@id\":\"https:\/\/pagina10.com\/web\/#organization\"},\"image\":{\"@id\":\"https:\/\/pagina10.com\/web\/esta-es-la-ley-que-promueve-el-uso-del-tapabocas-inclusivo\/#primaryimage\"},\"thumbnailUrl\":\"https:\/\/pagina10.com\/web\/wp-content\/uploads\/2021\/07\/tapaboca-inclusivo.jpeg\",\"articleSection\":[\"Nacional\"],\"inLanguage\":\"es\",\"potentialAction\":[{\"@type\":\"CommentAction\",\"name\":\"Comment\",\"target\":[\"https:\/\/pagina10.com\/web\/esta-es-la-ley-que-promueve-el-uso-del-tapabocas-inclusivo\/#respond\"]}]},{\"@type\":\"WebPage\",\"@id\":\"https:\/\/pagina10.com\/web\/esta-es-la-ley-que-promueve-el-uso-del-tapabocas-inclusivo\/\",\"url\":\"https:\/\/pagina10.com\/web\/esta-es-la-ley-que-promueve-el-uso-del-tapabocas-inclusivo\/\",\"name\":\"Esta es la ley que promueve el uso del tapabocas inclusivo | P\u00e1gina10\",\"isPartOf\":{\"@id\":\"https:\/\/pagina10.com\/web\/#website\"},\"primaryImageOfPage\":{\"@id\":\"https:\/\/pagina10.com\/web\/esta-es-la-ley-que-promueve-el-uso-del-tapabocas-inclusivo\/#primaryimage\"},\"image\":{\"@id\":\"https:\/\/pagina10.com\/web\/esta-es-la-ley-que-promueve-el-uso-del-tapabocas-inclusivo\/#primaryimage\"},\"thumbnailUrl\":\"https:\/\/pagina10.com\/web\/wp-content\/uploads\/2021\/07\/tapaboca-inclusivo.jpeg\",\"datePublished\":\"2021-07-17T15:34:27+00:00\",\"breadcrumb\":{\"@id\":\"https:\/\/pagina10.com\/web\/esta-es-la-ley-que-promueve-el-uso-del-tapabocas-inclusivo\/#breadcrumb\"},\"inLanguage\":\"es\",\"potentialAction\":[{\"@type\":\"ReadAction\",\"target\":[\"https:\/\/pagina10.com\/web\/esta-es-la-ley-que-promueve-el-uso-del-tapabocas-inclusivo\/\"]}]},{\"@type\":\"ImageObject\",\"inLanguage\":\"es\",\"@id\":\"https:\/\/pagina10.com\/web\/esta-es-la-ley-que-promueve-el-uso-del-tapabocas-inclusivo\/#primaryimage\",\"url\":\"https:\/\/pagina10.com\/web\/wp-content\/uploads\/2021\/07\/tapaboca-inclusivo.jpeg\",\"contentUrl\":\"https:\/\/pagina10.com\/web\/wp-content\/uploads\/2021\/07\/tapaboca-inclusivo.jpeg\",\"width\":1033,\"height\":688,\"caption\":\"Tomada de: Hora724\"},{\"@type\":\"BreadcrumbList\",\"@id\":\"https:\/\/pagina10.com\/web\/esta-es-la-ley-que-promueve-el-uso-del-tapabocas-inclusivo\/#breadcrumb\",\"itemListElement\":[{\"@type\":\"ListItem\",\"position\":1,\"name\":\"Portada\",\"item\":\"https:\/\/pagina10.com\/web\/\"},{\"@type\":\"ListItem\",\"position\":2,\"name\":\"Esta es la ley que promueve el uso del tapabocas inclusivo\"}]},{\"@type\":\"WebSite\",\"@id\":\"https:\/\/pagina10.com\/web\/#website\",\"url\":\"https:\/\/pagina10.com\/web\/\",\"name\":\"P\u00e1gina10\",\"description\":\"Peri\u00f3dico Regional\",\"publisher\":{\"@id\":\"https:\/\/pagina10.com\/web\/#organization\"},\"alternateName\":\"P\u00e1gina10 Peri\u00f3dico Regional\",\"potentialAction\":[{\"@type\":\"SearchAction\",\"target\":{\"@type\":\"EntryPoint\",\"urlTemplate\":\"https:\/\/pagina10.com\/web\/?s={search_term_string}\"},\"query-input\":{\"@type\":\"PropertyValueSpecification\",\"valueRequired\":true,\"valueName\":\"search_term_string\"}}],\"inLanguage\":\"es\"},{\"@type\":\"Organization\",\"@id\":\"https:\/\/pagina10.com\/web\/#organization\",\"name\":\"P\u00e1gina10\",\"alternateName\":\"P\u00e1gina10 Peri\u00f3dico Regional\",\"url\":\"https:\/\/pagina10.com\/web\/\",\"logo\":{\"@type\":\"ImageObject\",\"inLanguage\":\"es\",\"@id\":\"https:\/\/pagina10.com\/web\/#\/schema\/logo\/image\/\",\"url\":\"https:\/\/pagina10.com\/web\/wp-content\/uploads\/2024\/01\/40-pagina-10-periodico-regional-pasto.jpg\",\"contentUrl\":\"https:\/\/pagina10.com\/web\/wp-content\/uploads\/2024\/01\/40-pagina-10-periodico-regional-pasto.jpg\",\"width\":1280,\"height\":720,\"caption\":\"P\u00e1gina10\"},\"image\":{\"@id\":\"https:\/\/pagina10.com\/web\/#\/schema\/logo\/image\/\"},\"sameAs\":[\"https:\/\/www.facebook.com\/pag10com\",\"https:\/\/x.com\/Pag10com\",\"https:\/\/www.instagram.com\/pagina10col\/\",\"https:\/\/youtube.com\/channel\/pag10\",\"https:\/\/www.tiktok.com\/@p10col\"]},{\"@type\":\"Person\",\"@id\":\"https:\/\/pagina10.com\/web\/#\/schema\/person\/2efc4a090d25b667d3bc796798a3a81b\",\"name\":\"P\u00e1gina 10\",\"description\":\"P\u00e1gina 10 es un peri\u00f3dico regional que nace en Colombia, en el departamento de Nari\u00f1o, con un enfoque global, fundamentado en cuatro pilares esenciales: la libertad, el pluralismo, la inclusi\u00f3n y la independencia. P\u00e1gina 10 hace referencia a Nari\u00f1o como el d\u00e9cimo departamento creado en Colombia, despu\u00e9s de un proceso pol\u00edtico liderado por actores y actrices regionales con el fin de obtener la independencia y autonom\u00eda de nuestros territorios. Con la creaci\u00f3n de P\u00e1gina 10 se pretende abrir un escenario para el dialogo, la reflexi\u00f3n y el debate que se extienda a otras geograf\u00edas de Am\u00e9rica Latina y del planeta, en una apuesta por transformar colectivamente los desaf\u00edos de un mundo contempor\u00e1neo, m\u00e1s all\u00e1 de las fronteras impuestas.\",\"url\":\"https:\/\/pagina10.com\/web\/author\/pdiezadmin\/\"}]}<\/script>\n<!-- \/ Yoast SEO plugin. -->","yoast_head_json":{"title":"Esta es la ley que promueve el uso del tapabocas inclusivo | P\u00e1gina10","robots":{"index":"index","follow":"follow","max-snippet":"max-snippet:-1","max-image-preview":"max-image-preview:large","max-video-preview":"max-video-preview:-1"},"canonical":"https:\/\/pagina10.com\/web\/esta-es-la-ley-que-promueve-el-uso-del-tapabocas-inclusivo\/","og_locale":"es_ES","og_type":"article","og_title":"Esta es la ley que promueve el uso del tapabocas inclusivo | P\u00e1gina10","og_description":"Fue aprobada la ley n\u00famero 2096 del 2 de julio del 2021,la cual promueve el uso del tapabocas inclusivo y\/o elementos transparentes con el fin de permitir y garantizar la comunicaci\u00f3n de personas con discapacidad fue aprobada. Esta ley tiene como fin regular la barrera comunicacional que generan los tapabocas convencionales en las personas con [&hellip;]","og_url":"https:\/\/pagina10.com\/web\/esta-es-la-ley-que-promueve-el-uso-del-tapabocas-inclusivo\/","og_site_name":"P\u00e1gina10","article_publisher":"https:\/\/www.facebook.com\/pag10com","article_published_time":"2021-07-17T15:34:27+00:00","og_image":[{"width":1033,"height":688,"url":"https:\/\/pagina10.com\/web\/wp-content\/uploads\/2021\/07\/tapaboca-inclusivo.jpeg","type":"image\/jpeg"}],"author":"P\u00e1gina 10","twitter_card":"summary_large_image","twitter_creator":"@Pag10com","twitter_site":"@Pag10com","twitter_misc":{"Escrito por":"P\u00e1gina 10","Tiempo de lectura":"1 minuto"},"schema":{"@context":"https:\/\/schema.org","@graph":[{"@type":"Article","@id":"https:\/\/pagina10.com\/web\/esta-es-la-ley-que-promueve-el-uso-del-tapabocas-inclusivo\/#article","isPartOf":{"@id":"https:\/\/pagina10.com\/web\/esta-es-la-ley-que-promueve-el-uso-del-tapabocas-inclusivo\/"},"author":{"name":"P\u00e1gina 10","@id":"https:\/\/pagina10.com\/web\/#\/schema\/person\/2efc4a090d25b667d3bc796798a3a81b"},"headline":"Esta es la ley que promueve el uso del tapabocas inclusivo","datePublished":"2021-07-17T15:34:27+00:00","mainEntityOfPage":{"@id":"https:\/\/pagina10.com\/web\/esta-es-la-ley-que-promueve-el-uso-del-tapabocas-inclusivo\/"},"wordCount":285,"commentCount":0,"publisher":{"@id":"https:\/\/pagina10.com\/web\/#organization"},"image":{"@id":"https:\/\/pagina10.com\/web\/esta-es-la-ley-que-promueve-el-uso-del-tapabocas-inclusivo\/#primaryimage"},"thumbnailUrl":"https:\/\/pagina10.com\/web\/wp-content\/uploads\/2021\/07\/tapaboca-inclusivo.jpeg","articleSection":["Nacional"],"inLanguage":"es","potentialAction":[{"@type":"CommentAction","name":"Comment","target":["https:\/\/pagina10.com\/web\/esta-es-la-ley-que-promueve-el-uso-del-tapabocas-inclusivo\/#respond"]}]},{"@type":"WebPage","@id":"https:\/\/pagina10.com\/web\/esta-es-la-ley-que-promueve-el-uso-del-tapabocas-inclusivo\/","url":"https:\/\/pagina10.com\/web\/esta-es-la-ley-que-promueve-el-uso-del-tapabocas-inclusivo\/","name":"Esta es la ley que promueve el uso del tapabocas inclusivo | P\u00e1gina10","isPartOf":{"@id":"https:\/\/pagina10.com\/web\/#website"},"primaryImageOfPage":{"@id":"https:\/\/pagina10.com\/web\/esta-es-la-ley-que-promueve-el-uso-del-tapabocas-inclusivo\/#primaryimage"},"image":{"@id":"https:\/\/pagina10.com\/web\/esta-es-la-ley-que-promueve-el-uso-del-tapabocas-inclusivo\/#primaryimage"},"thumbnailUrl":"https:\/\/pagina10.com\/web\/wp-content\/uploads\/2021\/07\/tapaboca-inclusivo.jpeg","datePublished":"2021-07-17T15:34:27+00:00","breadcrumb":{"@id":"https:\/\/pagina10.com\/web\/esta-es-la-ley-que-promueve-el-uso-del-tapabocas-inclusivo\/#breadcrumb"},"inLanguage":"es","potentialAction":[{"@type":"ReadAction","target":["https:\/\/pagina10.com\/web\/esta-es-la-ley-que-promueve-el-uso-del-tapabocas-inclusivo\/"]}]},{"@type":"ImageObject","inLanguage":"es","@id":"https:\/\/pagina10.com\/web\/esta-es-la-ley-que-promueve-el-uso-del-tapabocas-inclusivo\/#primaryimage","url":"https:\/\/pagina10.com\/web\/wp-content\/uploads\/2021\/07\/tapaboca-inclusivo.jpeg","contentUrl":"https:\/\/pagina10.com\/web\/wp-content\/uploads\/2021\/07\/tapaboca-inclusivo.jpeg","width":1033,"height":688,"caption":"Tomada de: Hora724"},{"@type":"BreadcrumbList","@id":"https:\/\/pagina10.com\/web\/esta-es-la-ley-que-promueve-el-uso-del-tapabocas-inclusivo\/#breadcrumb","itemListElement":[{"@type":"ListItem","position":1,"name":"Portada","item":"https:\/\/pagina10.com\/web\/"},{"@type":"ListItem","position":2,"name":"Esta es la ley que promueve el uso del tapabocas inclusivo"}]},{"@type":"WebSite","@id":"https:\/\/pagina10.com\/web\/#website","url":"https:\/\/pagina10.com\/web\/","name":"P\u00e1gina10","description":"Peri\u00f3dico Regional","publisher":{"@id":"https:\/\/pagina10.com\/web\/#organization"},"alternateName":"P\u00e1gina10 Peri\u00f3dico Regional","potentialAction":[{"@type":"SearchAction","target":{"@type":"EntryPoint","urlTemplate":"https:\/\/pagina10.com\/web\/?s={search_term_string}"},"query-input":{"@type":"PropertyValueSpecification","valueRequired":true,"valueName":"search_term_string"}}],"inLanguage":"es"},{"@type":"Organization","@id":"https:\/\/pagina10.com\/web\/#organization","name":"P\u00e1gina10","alternateName":"P\u00e1gina10 Peri\u00f3dico Regional","url":"https:\/\/pagina10.com\/web\/","logo":{"@type":"ImageObject","inLanguage":"es","@id":"https:\/\/pagina10.com\/web\/#\/schema\/logo\/image\/","url":"https:\/\/pagina10.com\/web\/wp-content\/uploads\/2024\/01\/40-pagina-10-periodico-regional-pasto.jpg","contentUrl":"https:\/\/pagina10.com\/web\/wp-content\/uploads\/2024\/01\/40-pagina-10-periodico-regional-pasto.jpg","width":1280,"height":720,"caption":"P\u00e1gina10"},"image":{"@id":"https:\/\/pagina10.com\/web\/#\/schema\/logo\/image\/"},"sameAs":["https:\/\/www.facebook.com\/pag10com","https:\/\/x.com\/Pag10com","https:\/\/www.instagram.com\/pagina10col\/","https:\/\/youtube.com\/channel\/pag10","https:\/\/www.tiktok.com\/@p10col"]},{"@type":"Person","@id":"https:\/\/pagina10.com\/web\/#\/schema\/person\/2efc4a090d25b667d3bc796798a3a81b","name":"P\u00e1gina 10","description":"P\u00e1gina 10 es un peri\u00f3dico regional que nace en Colombia, en el departamento de Nari\u00f1o, con un enfoque global, fundamentado en cuatro pilares esenciales: la libertad, el pluralismo, la inclusi\u00f3n y la independencia. P\u00e1gina 10 hace referencia a Nari\u00f1o como el d\u00e9cimo departamento creado en Colombia, despu\u00e9s de un proceso pol\u00edtico liderado por actores y actrices regionales con el fin de obtener la independencia y autonom\u00eda de nuestros territorios. Con la creaci\u00f3n de P\u00e1gina 10 se pretende abrir un escenario para el dialogo, la reflexi\u00f3n y el debate que se extienda a otras geograf\u00edas de Am\u00e9rica Latina y del planeta, en una apuesta por transformar colectivamente los desaf\u00edos de un mundo contempor\u00e1neo, m\u00e1s all\u00e1 de las fronteras impuestas.","url":"https:\/\/pagina10.com\/web\/author\/pdiezadmin\/"}]}},"_links":{"self":[{"href":"https:\/\/pagina10.com\/web\/wp-json\/wp\/v2\/posts\/54121","targetHints":{"allow":["GET"]}}],"collection":[{"href":"https:\/\/pagina10.com\/web\/wp-json\/wp\/v2\/posts"}],"about":[{"href":"https:\/\/pagina10.com\/web\/wp-json\/wp\/v2\/types\/post"}],"author":[{"embeddable":true,"href":"https:\/\/pagina10.com\/web\/wp-json\/wp\/v2\/users\/1"}],"replies":[{"embeddable":true,"href":"https:\/\/pagina10.com\/web\/wp-json\/wp\/v2\/comments?post=54121"}],"version-history":[{"count":1,"href":"https:\/\/pagina10.com\/web\/wp-json\/wp\/v2\/posts\/54121\/revisions"}],"predecessor-version":[{"id":54123,"href":"https:\/\/pagina10.com\/web\/wp-json\/wp\/v2\/posts\/54121\/revisions\/54123"}],"wp:featuredmedia":[{"embeddable":true,"href":"https:\/\/pagina10.com\/web\/wp-json\/wp\/v2\/media\/54122"}],"wp:attachment":[{"href":"https:\/\/pagina10.com\/web\/wp-json\/wp\/v2\/media?parent=54121"}],"wp:term":[{"taxonomy":"category","embeddable":true,"href":"https:\/\/pagina10.com\/web\/wp-json\/wp\/v2\/categories?post=54121"},{"taxonomy":"post_tag","embeddable":true,"href":"https:\/\/pagina10.com\/web\/wp-json\/wp\/v2\/tags?post=54121"}],"curies":[{"name":"wp","href":"https:\/\/api.w.org\/{rel}","templated":true}]}}