{"id":54138,"date":"2021-07-18T12:21:27","date_gmt":"2021-07-18T17:21:27","guid":{"rendered":"https:\/\/pagina10.com\/web\/?p=54138"},"modified":"2021-07-18T12:21:39","modified_gmt":"2021-07-18T17:21:39","slug":"con-la-bendicion-de-dios-pude-superar-los-momentos-mas-criticos-de-la-enfermedad-euler-martinez","status":"publish","type":"post","link":"https:\/\/pagina10.com\/web\/con-la-bendicion-de-dios-pude-superar-los-momentos-mas-criticos-de-la-enfermedad-euler-martinez\/","title":{"rendered":"&#8220;Con la bendici\u00f3n de Dios pude superar los momentos m\u00e1s cr\u00edticos de la enfermedad&#8221; Euler Mart\u00ednez"},"content":{"rendered":"<p style=\"text-align: justify;\">Carta abierta de agradecimiento p\u00fablico<\/p>\n<p style=\"text-align: justify;\">Honro hoy, la vida y las familias de quienes han perdido la batalla frente al covid-19. Esta dif\u00edcil enfermedad deja en evidencia la vulnerabilidad humana y nuestra temporalidad.<\/p>\n<p style=\"text-align: justify;\">En el proceso de enfrentar una crisis causada por covid-19,\u00a0 tengo la oportunidad de agradecer a quienes se unieron en lazos de oraci\u00f3n por mi salud, a los m\u00e9dicos que han hecho un gran esfuerzo por mi recuperaci\u00f3n, a mi familia por sus cuidados, amor y dedicaci\u00f3n y, a todos mis amigos, quienes en la cercan\u00eda y en la distancia creen en mi y son mi apoyo.<\/p>\n<p style=\"text-align: justify;\">Con la bendici\u00f3n de Dios pude\u00a0 superar los momentos m\u00e1s cr\u00edticos de la enfermedad y en los pr\u00f3ximos meses continuar en un proceso de recuperaci\u00f3n f\u00edsica y respiratoria para poder estar en plenitud y seguir trabajando por mi Departamento.<\/p>\n<p style=\"text-align: justify;\">Expreso mi agradecimiento de manera directa a mi amigo, Gobernador Doctor Jhon Rojas Cabrera, por comprender la situaci\u00f3n y aceptar mi renuncia al cargo, decisi\u00f3n que me fue dif\u00edcil tomar. Juntos recorrimos el departamento, unimos visiones y trabajamos de manera incansable para que hoy su liderazgo demarque el camino del Nari\u00f1o del futuro. Un Nari\u00f1o resiliente que con fortaleza\u00a0 enfrentar\u00e1\u00a0 los retos venideros.<\/p>\n<p style=\"text-align: justify;\">Asume como secretario de planeaci\u00f3n el Ingeniero, Fernando Latorre, quien ha venido acompa\u00f1ando mi gesti\u00f3n como coordinador de Regal\u00edas y con quien hemos alcanzado significativas mejoras y logros para el departamento.<\/p>\n<p style=\"text-align: justify;\">Quiero expresar mi m\u00e1s sincera gratitud a cada uno de los secretarios, subsecretarios, directores, funcionarios y contratistas de la Gobernaci\u00f3n y en especial al equipo de la secretar\u00eda de planeaci\u00f3n,\u00a0\u00a0 \u00a0agradezco su confianza y empe\u00f1o; reconozco que la dedicaci\u00f3n de cada uno de ustedes ha permitido demostrar al pa\u00eds que con decisi\u00f3n y trabajo disciplinado\u00a0 podemos tener excelentes resultados por nuestro Departamento.<\/p>\n<p style=\"text-align: justify;\">Construimos uno de los planes de desarrollo m\u00e1s participativos en la historia del departamento, en donde cada municipio nos acogi\u00f3 y comparti\u00f3 sus necesidades y objetivos; proceso que tambi\u00e9n ha sido reconocido como uno de los mejores del pa\u00eds por su estrategia de participaci\u00f3n de ni\u00f1os, ni\u00f1as y adolescentes. En este plan, definimos apuestas estrat\u00e9gicas y los prop\u00f3sitos para cimentar las bases de un territorio prospero, capaz de construir desde su identidad y diversidad.<\/p>\n<p style=\"text-align: justify;\">Logramos ser el departamento con mayor n\u00famero de proyectos y recursos aprobados en el sistema general de regal\u00edas y, ser catalogados como uno de los diez departamentos con mejor distribuci\u00f3n de la inversi\u00f3n p\u00fablica. Con determinaci\u00f3n, hemos\u00a0 alcanzado el segundo lugar en la gesti\u00f3n \u00a0de proyectos, pasando de una calificaci\u00f3n de 56 a 76 puntos. De igual manera, fuimos el departamento con mayor mejor\u00eda en los indicadores de desempe\u00f1o institucional. Estos resultados demuestran que la confianza en las personas, el trabajo en equipo, la entrega y compromiso por los resultados son fundamentales para hacer del servicio p\u00fablico un instrumento eficaz para el beneficio de los territorios.<\/p>\n<p style=\"text-align: justify;\">Conf\u00edo en que Dios gu\u00ede nuestros pasos y nos permita cumplir el prop\u00f3sito que ha definido para nuestras vidas. Gracias por Creer en Nari\u00f1o.<\/p>\n<p style=\"text-align: justify;\">Atentamente, Euler Mart\u00ednez Rodr\u00edguez<\/p>\n","protected":false},"excerpt":{"rendered":"<p>Carta abierta de agradecimiento p\u00fablico Honro hoy, la vida y las familias de quienes han perdido la batalla frente al covid-19. Esta dif\u00edcil enfermedad deja en evidencia la vulnerabilidad humana y nuestra temporalidad. En el proceso de enfrentar una crisis causada por covid-19,\u00a0 tengo la oportunidad de agradecer a quienes se unieron en lazos de [&hellip;]<\/p>\n","protected":false},"author":1,"featured_media":38220,"comment_status":"open","ping_status":"open","sticky":false,"template":"","format":"standard","meta":{"footnotes":""},"categories":[53],"tags":[],"class_list":["post-54138","post","type-post","status-publish","format-standard","has-post-thumbnail","hentry","category-regiones"],"yoast_head":"<!-- This site is optimized with the Yoast SEO plugin v27.1.1 - https:\/\/yoast.com\/product\/yoast-seo-wordpress\/ -->\n<title>&quot;Con la bendici\u00f3n de Dios pude superar los momentos m\u00e1s cr\u00edticos de la enfermedad&quot; Euler Mart\u00ednez | P\u00e1gina10<\/title>\n<meta name=\"robots\" content=\"index, follow, max-snippet:-1, max-image-preview:large, max-video-preview:-1\" \/>\n<link rel=\"canonical\" href=\"https:\/\/pagina10.com\/web\/con-la-bendicion-de-dios-pude-superar-los-momentos-mas-criticos-de-la-enfermedad-euler-martinez\/\" \/>\n<meta property=\"og:locale\" content=\"es_ES\" \/>\n<meta property=\"og:type\" content=\"article\" \/>\n<meta property=\"og:title\" content=\"&quot;Con la bendici\u00f3n de Dios pude superar los momentos m\u00e1s cr\u00edticos de la enfermedad&quot; Euler Mart\u00ednez | P\u00e1gina10\" \/>\n<meta property=\"og:description\" content=\"Carta abierta de agradecimiento p\u00fablico Honro hoy, la vida y las familias de quienes han perdido la batalla frente al covid-19. Esta dif\u00edcil enfermedad deja en evidencia la vulnerabilidad humana y nuestra temporalidad. En el proceso de enfrentar una crisis causada por covid-19, tengo la oportunidad de agradecer a quienes se unieron en lazos de [&hellip;]\" \/>\n<meta property=\"og:url\" content=\"https:\/\/pagina10.com\/web\/con-la-bendicion-de-dios-pude-superar-los-momentos-mas-criticos-de-la-enfermedad-euler-martinez\/\" \/>\n<meta property=\"og:site_name\" content=\"P\u00e1gina10\" \/>\n<meta property=\"article:publisher\" content=\"https:\/\/www.facebook.com\/pag10com\" \/>\n<meta property=\"article:published_time\" content=\"2021-07-18T17:21:27+00:00\" \/>\n<meta property=\"article:modified_time\" content=\"2021-07-18T17:21:39+00:00\" \/>\n<meta property=\"og:image\" content=\"https:\/\/pagina10.com\/web\/wp-content\/uploads\/2019\/03\/eulerpe.jpg\" \/>\n\t<meta property=\"og:image:width\" content=\"777\" \/>\n\t<meta property=\"og:image:height\" content=\"419\" \/>\n\t<meta property=\"og:image:type\" content=\"image\/jpeg\" \/>\n<meta name=\"author\" content=\"P\u00e1gina 10\" \/>\n<meta name=\"twitter:card\" content=\"summary_large_image\" \/>\n<meta name=\"twitter:creator\" content=\"@Pag10com\" \/>\n<meta name=\"twitter:site\" content=\"@Pag10com\" \/>\n<meta name=\"twitter:label1\" content=\"Escrito por\" \/>\n\t<meta name=\"twitter:data1\" content=\"P\u00e1gina 10\" \/>\n\t<meta name=\"twitter:label2\" content=\"Tiempo de lectura\" \/>\n\t<meta name=\"twitter:data2\" content=\"3 minutos\" \/>\n<script type=\"application\/ld+json\" class=\"yoast-schema-graph\">{\"@context\":\"https:\/\/schema.org\",\"@graph\":[{\"@type\":\"Article\",\"@id\":\"https:\/\/pagina10.com\/web\/con-la-bendicion-de-dios-pude-superar-los-momentos-mas-criticos-de-la-enfermedad-euler-martinez\/#article\",\"isPartOf\":{\"@id\":\"https:\/\/pagina10.com\/web\/con-la-bendicion-de-dios-pude-superar-los-momentos-mas-criticos-de-la-enfermedad-euler-martinez\/\"},\"author\":{\"name\":\"P\u00e1gina 10\",\"@id\":\"https:\/\/pagina10.com\/web\/#\/schema\/person\/2efc4a090d25b667d3bc796798a3a81b\"},\"headline\":\"&#8220;Con la bendici\u00f3n de Dios pude superar los momentos m\u00e1s cr\u00edticos de la enfermedad&#8221; Euler Mart\u00ednez\",\"datePublished\":\"2021-07-18T17:21:27+00:00\",\"dateModified\":\"2021-07-18T17:21:39+00:00\",\"mainEntityOfPage\":{\"@id\":\"https:\/\/pagina10.com\/web\/con-la-bendicion-de-dios-pude-superar-los-momentos-mas-criticos-de-la-enfermedad-euler-martinez\/\"},\"wordCount\":576,\"commentCount\":0,\"publisher\":{\"@id\":\"https:\/\/pagina10.com\/web\/#organization\"},\"image\":{\"@id\":\"https:\/\/pagina10.com\/web\/con-la-bendicion-de-dios-pude-superar-los-momentos-mas-criticos-de-la-enfermedad-euler-martinez\/#primaryimage\"},\"thumbnailUrl\":\"https:\/\/pagina10.com\/web\/wp-content\/uploads\/2019\/03\/eulerpe.jpg\",\"articleSection\":[\"Regiones\"],\"inLanguage\":\"es\",\"potentialAction\":[{\"@type\":\"CommentAction\",\"name\":\"Comment\",\"target\":[\"https:\/\/pagina10.com\/web\/con-la-bendicion-de-dios-pude-superar-los-momentos-mas-criticos-de-la-enfermedad-euler-martinez\/#respond\"]}]},{\"@type\":\"WebPage\",\"@id\":\"https:\/\/pagina10.com\/web\/con-la-bendicion-de-dios-pude-superar-los-momentos-mas-criticos-de-la-enfermedad-euler-martinez\/\",\"url\":\"https:\/\/pagina10.com\/web\/con-la-bendicion-de-dios-pude-superar-los-momentos-mas-criticos-de-la-enfermedad-euler-martinez\/\",\"name\":\"\\\"Con la bendici\u00f3n de Dios pude superar los momentos m\u00e1s cr\u00edticos de la enfermedad\\\" Euler Mart\u00ednez | P\u00e1gina10\",\"isPartOf\":{\"@id\":\"https:\/\/pagina10.com\/web\/#website\"},\"primaryImageOfPage\":{\"@id\":\"https:\/\/pagina10.com\/web\/con-la-bendicion-de-dios-pude-superar-los-momentos-mas-criticos-de-la-enfermedad-euler-martinez\/#primaryimage\"},\"image\":{\"@id\":\"https:\/\/pagina10.com\/web\/con-la-bendicion-de-dios-pude-superar-los-momentos-mas-criticos-de-la-enfermedad-euler-martinez\/#primaryimage\"},\"thumbnailUrl\":\"https:\/\/pagina10.com\/web\/wp-content\/uploads\/2019\/03\/eulerpe.jpg\",\"datePublished\":\"2021-07-18T17:21:27+00:00\",\"dateModified\":\"2021-07-18T17:21:39+00:00\",\"breadcrumb\":{\"@id\":\"https:\/\/pagina10.com\/web\/con-la-bendicion-de-dios-pude-superar-los-momentos-mas-criticos-de-la-enfermedad-euler-martinez\/#breadcrumb\"},\"inLanguage\":\"es\",\"potentialAction\":[{\"@type\":\"ReadAction\",\"target\":[\"https:\/\/pagina10.com\/web\/con-la-bendicion-de-dios-pude-superar-los-momentos-mas-criticos-de-la-enfermedad-euler-martinez\/\"]}]},{\"@type\":\"ImageObject\",\"inLanguage\":\"es\",\"@id\":\"https:\/\/pagina10.com\/web\/con-la-bendicion-de-dios-pude-superar-los-momentos-mas-criticos-de-la-enfermedad-euler-martinez\/#primaryimage\",\"url\":\"https:\/\/pagina10.com\/web\/wp-content\/uploads\/2019\/03\/eulerpe.jpg\",\"contentUrl\":\"https:\/\/pagina10.com\/web\/wp-content\/uploads\/2019\/03\/eulerpe.jpg\",\"width\":777,\"height\":419},{\"@type\":\"BreadcrumbList\",\"@id\":\"https:\/\/pagina10.com\/web\/con-la-bendicion-de-dios-pude-superar-los-momentos-mas-criticos-de-la-enfermedad-euler-martinez\/#breadcrumb\",\"itemListElement\":[{\"@type\":\"ListItem\",\"position\":1,\"name\":\"Portada\",\"item\":\"https:\/\/pagina10.com\/web\/\"},{\"@type\":\"ListItem\",\"position\":2,\"name\":\"&#8220;Con la bendici\u00f3n de Dios pude superar los momentos m\u00e1s cr\u00edticos de la enfermedad&#8221; Euler Mart\u00ednez\"}]},{\"@type\":\"WebSite\",\"@id\":\"https:\/\/pagina10.com\/web\/#website\",\"url\":\"https:\/\/pagina10.com\/web\/\",\"name\":\"P\u00e1gina10\",\"description\":\"Peri\u00f3dico Regional\",\"publisher\":{\"@id\":\"https:\/\/pagina10.com\/web\/#organization\"},\"alternateName\":\"P\u00e1gina10 Peri\u00f3dico Regional\",\"potentialAction\":[{\"@type\":\"SearchAction\",\"target\":{\"@type\":\"EntryPoint\",\"urlTemplate\":\"https:\/\/pagina10.com\/web\/?s={search_term_string}\"},\"query-input\":{\"@type\":\"PropertyValueSpecification\",\"valueRequired\":true,\"valueName\":\"search_term_string\"}}],\"inLanguage\":\"es\"},{\"@type\":\"Organization\",\"@id\":\"https:\/\/pagina10.com\/web\/#organization\",\"name\":\"P\u00e1gina10\",\"alternateName\":\"P\u00e1gina10 Peri\u00f3dico Regional\",\"url\":\"https:\/\/pagina10.com\/web\/\",\"logo\":{\"@type\":\"ImageObject\",\"inLanguage\":\"es\",\"@id\":\"https:\/\/pagina10.com\/web\/#\/schema\/logo\/image\/\",\"url\":\"https:\/\/pagina10.com\/web\/wp-content\/uploads\/2024\/01\/40-pagina-10-periodico-regional-pasto.jpg\",\"contentUrl\":\"https:\/\/pagina10.com\/web\/wp-content\/uploads\/2024\/01\/40-pagina-10-periodico-regional-pasto.jpg\",\"width\":1280,\"height\":720,\"caption\":\"P\u00e1gina10\"},\"image\":{\"@id\":\"https:\/\/pagina10.com\/web\/#\/schema\/logo\/image\/\"},\"sameAs\":[\"https:\/\/www.facebook.com\/pag10com\",\"https:\/\/x.com\/Pag10com\",\"https:\/\/www.instagram.com\/pagina10col\/\",\"https:\/\/youtube.com\/channel\/pag10\",\"https:\/\/www.tiktok.com\/@p10col\"]},{\"@type\":\"Person\",\"@id\":\"https:\/\/pagina10.com\/web\/#\/schema\/person\/2efc4a090d25b667d3bc796798a3a81b\",\"name\":\"P\u00e1gina 10\",\"description\":\"P\u00e1gina 10 es un peri\u00f3dico regional que nace en Colombia, en el departamento de Nari\u00f1o, con un enfoque global, fundamentado en cuatro pilares esenciales: la libertad, el pluralismo, la inclusi\u00f3n y la independencia. P\u00e1gina 10 hace referencia a Nari\u00f1o como el d\u00e9cimo departamento creado en Colombia, despu\u00e9s de un proceso pol\u00edtico liderado por actores y actrices regionales con el fin de obtener la independencia y autonom\u00eda de nuestros territorios. Con la creaci\u00f3n de P\u00e1gina 10 se pretende abrir un escenario para el dialogo, la reflexi\u00f3n y el debate que se extienda a otras geograf\u00edas de Am\u00e9rica Latina y del planeta, en una apuesta por transformar colectivamente los desaf\u00edos de un mundo contempor\u00e1neo, m\u00e1s all\u00e1 de las fronteras impuestas.\",\"url\":\"https:\/\/pagina10.com\/web\/author\/pdiezadmin\/\"}]}<\/script>\n<!-- \/ Yoast SEO plugin. -->","yoast_head_json":{"title":"\"Con la bendici\u00f3n de Dios pude superar los momentos m\u00e1s cr\u00edticos de la enfermedad\" Euler Mart\u00ednez | P\u00e1gina10","robots":{"index":"index","follow":"follow","max-snippet":"max-snippet:-1","max-image-preview":"max-image-preview:large","max-video-preview":"max-video-preview:-1"},"canonical":"https:\/\/pagina10.com\/web\/con-la-bendicion-de-dios-pude-superar-los-momentos-mas-criticos-de-la-enfermedad-euler-martinez\/","og_locale":"es_ES","og_type":"article","og_title":"\"Con la bendici\u00f3n de Dios pude superar los momentos m\u00e1s cr\u00edticos de la enfermedad\" Euler Mart\u00ednez | P\u00e1gina10","og_description":"Carta abierta de agradecimiento p\u00fablico Honro hoy, la vida y las familias de quienes han perdido la batalla frente al covid-19. Esta dif\u00edcil enfermedad deja en evidencia la vulnerabilidad humana y nuestra temporalidad. En el proceso de enfrentar una crisis causada por covid-19, tengo la oportunidad de agradecer a quienes se unieron en lazos de [&hellip;]","og_url":"https:\/\/pagina10.com\/web\/con-la-bendicion-de-dios-pude-superar-los-momentos-mas-criticos-de-la-enfermedad-euler-martinez\/","og_site_name":"P\u00e1gina10","article_publisher":"https:\/\/www.facebook.com\/pag10com","article_published_time":"2021-07-18T17:21:27+00:00","article_modified_time":"2021-07-18T17:21:39+00:00","og_image":[{"width":777,"height":419,"url":"https:\/\/pagina10.com\/web\/wp-content\/uploads\/2019\/03\/eulerpe.jpg","type":"image\/jpeg"}],"author":"P\u00e1gina 10","twitter_card":"summary_large_image","twitter_creator":"@Pag10com","twitter_site":"@Pag10com","twitter_misc":{"Escrito por":"P\u00e1gina 10","Tiempo de lectura":"3 minutos"},"schema":{"@context":"https:\/\/schema.org","@graph":[{"@type":"Article","@id":"https:\/\/pagina10.com\/web\/con-la-bendicion-de-dios-pude-superar-los-momentos-mas-criticos-de-la-enfermedad-euler-martinez\/#article","isPartOf":{"@id":"https:\/\/pagina10.com\/web\/con-la-bendicion-de-dios-pude-superar-los-momentos-mas-criticos-de-la-enfermedad-euler-martinez\/"},"author":{"name":"P\u00e1gina 10","@id":"https:\/\/pagina10.com\/web\/#\/schema\/person\/2efc4a090d25b667d3bc796798a3a81b"},"headline":"&#8220;Con la bendici\u00f3n de Dios pude superar los momentos m\u00e1s cr\u00edticos de la enfermedad&#8221; Euler Mart\u00ednez","datePublished":"2021-07-18T17:21:27+00:00","dateModified":"2021-07-18T17:21:39+00:00","mainEntityOfPage":{"@id":"https:\/\/pagina10.com\/web\/con-la-bendicion-de-dios-pude-superar-los-momentos-mas-criticos-de-la-enfermedad-euler-martinez\/"},"wordCount":576,"commentCount":0,"publisher":{"@id":"https:\/\/pagina10.com\/web\/#organization"},"image":{"@id":"https:\/\/pagina10.com\/web\/con-la-bendicion-de-dios-pude-superar-los-momentos-mas-criticos-de-la-enfermedad-euler-martinez\/#primaryimage"},"thumbnailUrl":"https:\/\/pagina10.com\/web\/wp-content\/uploads\/2019\/03\/eulerpe.jpg","articleSection":["Regiones"],"inLanguage":"es","potentialAction":[{"@type":"CommentAction","name":"Comment","target":["https:\/\/pagina10.com\/web\/con-la-bendicion-de-dios-pude-superar-los-momentos-mas-criticos-de-la-enfermedad-euler-martinez\/#respond"]}]},{"@type":"WebPage","@id":"https:\/\/pagina10.com\/web\/con-la-bendicion-de-dios-pude-superar-los-momentos-mas-criticos-de-la-enfermedad-euler-martinez\/","url":"https:\/\/pagina10.com\/web\/con-la-bendicion-de-dios-pude-superar-los-momentos-mas-criticos-de-la-enfermedad-euler-martinez\/","name":"\"Con la bendici\u00f3n de Dios pude superar los momentos m\u00e1s cr\u00edticos de la enfermedad\" Euler Mart\u00ednez | P\u00e1gina10","isPartOf":{"@id":"https:\/\/pagina10.com\/web\/#website"},"primaryImageOfPage":{"@id":"https:\/\/pagina10.com\/web\/con-la-bendicion-de-dios-pude-superar-los-momentos-mas-criticos-de-la-enfermedad-euler-martinez\/#primaryimage"},"image":{"@id":"https:\/\/pagina10.com\/web\/con-la-bendicion-de-dios-pude-superar-los-momentos-mas-criticos-de-la-enfermedad-euler-martinez\/#primaryimage"},"thumbnailUrl":"https:\/\/pagina10.com\/web\/wp-content\/uploads\/2019\/03\/eulerpe.jpg","datePublished":"2021-07-18T17:21:27+00:00","dateModified":"2021-07-18T17:21:39+00:00","breadcrumb":{"@id":"https:\/\/pagina10.com\/web\/con-la-bendicion-de-dios-pude-superar-los-momentos-mas-criticos-de-la-enfermedad-euler-martinez\/#breadcrumb"},"inLanguage":"es","potentialAction":[{"@type":"ReadAction","target":["https:\/\/pagina10.com\/web\/con-la-bendicion-de-dios-pude-superar-los-momentos-mas-criticos-de-la-enfermedad-euler-martinez\/"]}]},{"@type":"ImageObject","inLanguage":"es","@id":"https:\/\/pagina10.com\/web\/con-la-bendicion-de-dios-pude-superar-los-momentos-mas-criticos-de-la-enfermedad-euler-martinez\/#primaryimage","url":"https:\/\/pagina10.com\/web\/wp-content\/uploads\/2019\/03\/eulerpe.jpg","contentUrl":"https:\/\/pagina10.com\/web\/wp-content\/uploads\/2019\/03\/eulerpe.jpg","width":777,"height":419},{"@type":"BreadcrumbList","@id":"https:\/\/pagina10.com\/web\/con-la-bendicion-de-dios-pude-superar-los-momentos-mas-criticos-de-la-enfermedad-euler-martinez\/#breadcrumb","itemListElement":[{"@type":"ListItem","position":1,"name":"Portada","item":"https:\/\/pagina10.com\/web\/"},{"@type":"ListItem","position":2,"name":"&#8220;Con la bendici\u00f3n de Dios pude superar los momentos m\u00e1s cr\u00edticos de la enfermedad&#8221; Euler Mart\u00ednez"}]},{"@type":"WebSite","@id":"https:\/\/pagina10.com\/web\/#website","url":"https:\/\/pagina10.com\/web\/","name":"P\u00e1gina10","description":"Peri\u00f3dico Regional","publisher":{"@id":"https:\/\/pagina10.com\/web\/#organization"},"alternateName":"P\u00e1gina10 Peri\u00f3dico Regional","potentialAction":[{"@type":"SearchAction","target":{"@type":"EntryPoint","urlTemplate":"https:\/\/pagina10.com\/web\/?s={search_term_string}"},"query-input":{"@type":"PropertyValueSpecification","valueRequired":true,"valueName":"search_term_string"}}],"inLanguage":"es"},{"@type":"Organization","@id":"https:\/\/pagina10.com\/web\/#organization","name":"P\u00e1gina10","alternateName":"P\u00e1gina10 Peri\u00f3dico Regional","url":"https:\/\/pagina10.com\/web\/","logo":{"@type":"ImageObject","inLanguage":"es","@id":"https:\/\/pagina10.com\/web\/#\/schema\/logo\/image\/","url":"https:\/\/pagina10.com\/web\/wp-content\/uploads\/2024\/01\/40-pagina-10-periodico-regional-pasto.jpg","contentUrl":"https:\/\/pagina10.com\/web\/wp-content\/uploads\/2024\/01\/40-pagina-10-periodico-regional-pasto.jpg","width":1280,"height":720,"caption":"P\u00e1gina10"},"image":{"@id":"https:\/\/pagina10.com\/web\/#\/schema\/logo\/image\/"},"sameAs":["https:\/\/www.facebook.com\/pag10com","https:\/\/x.com\/Pag10com","https:\/\/www.instagram.com\/pagina10col\/","https:\/\/youtube.com\/channel\/pag10","https:\/\/www.tiktok.com\/@p10col"]},{"@type":"Person","@id":"https:\/\/pagina10.com\/web\/#\/schema\/person\/2efc4a090d25b667d3bc796798a3a81b","name":"P\u00e1gina 10","description":"P\u00e1gina 10 es un peri\u00f3dico regional que nace en Colombia, en el departamento de Nari\u00f1o, con un enfoque global, fundamentado en cuatro pilares esenciales: la libertad, el pluralismo, la inclusi\u00f3n y la independencia. P\u00e1gina 10 hace referencia a Nari\u00f1o como el d\u00e9cimo departamento creado en Colombia, despu\u00e9s de un proceso pol\u00edtico liderado por actores y actrices regionales con el fin de obtener la independencia y autonom\u00eda de nuestros territorios. Con la creaci\u00f3n de P\u00e1gina 10 se pretende abrir un escenario para el dialogo, la reflexi\u00f3n y el debate que se extienda a otras geograf\u00edas de Am\u00e9rica Latina y del planeta, en una apuesta por transformar colectivamente los desaf\u00edos de un mundo contempor\u00e1neo, m\u00e1s all\u00e1 de las fronteras impuestas.","url":"https:\/\/pagina10.com\/web\/author\/pdiezadmin\/"}]}},"_links":{"self":[{"href":"https:\/\/pagina10.com\/web\/wp-json\/wp\/v2\/posts\/54138","targetHints":{"allow":["GET"]}}],"collection":[{"href":"https:\/\/pagina10.com\/web\/wp-json\/wp\/v2\/posts"}],"about":[{"href":"https:\/\/pagina10.com\/web\/wp-json\/wp\/v2\/types\/post"}],"author":[{"embeddable":true,"href":"https:\/\/pagina10.com\/web\/wp-json\/wp\/v2\/users\/1"}],"replies":[{"embeddable":true,"href":"https:\/\/pagina10.com\/web\/wp-json\/wp\/v2\/comments?post=54138"}],"version-history":[{"count":2,"href":"https:\/\/pagina10.com\/web\/wp-json\/wp\/v2\/posts\/54138\/revisions"}],"predecessor-version":[{"id":54140,"href":"https:\/\/pagina10.com\/web\/wp-json\/wp\/v2\/posts\/54138\/revisions\/54140"}],"wp:featuredmedia":[{"embeddable":true,"href":"https:\/\/pagina10.com\/web\/wp-json\/wp\/v2\/media\/38220"}],"wp:attachment":[{"href":"https:\/\/pagina10.com\/web\/wp-json\/wp\/v2\/media?parent=54138"}],"wp:term":[{"taxonomy":"category","embeddable":true,"href":"https:\/\/pagina10.com\/web\/wp-json\/wp\/v2\/categories?post=54138"},{"taxonomy":"post_tag","embeddable":true,"href":"https:\/\/pagina10.com\/web\/wp-json\/wp\/v2\/tags?post=54138"}],"curies":[{"name":"wp","href":"https:\/\/api.w.org\/{rel}","templated":true}]}}