{"id":54141,"date":"2021-07-18T12:29:57","date_gmt":"2021-07-18T17:29:57","guid":{"rendered":"https:\/\/pagina10.com\/web\/?p=54141"},"modified":"2021-07-18T12:30:42","modified_gmt":"2021-07-18T17:30:42","slug":"empresario-narinense-francisco-esteban-sepulveda-es-el-personaje-10","status":"publish","type":"post","link":"https:\/\/pagina10.com\/web\/empresario-narinense-francisco-esteban-sepulveda-es-el-personaje-10\/","title":{"rendered":"Empresario nari\u00f1ense, Francisco Esteban Sep\u00falveda, es El Personaje 10."},"content":{"rendered":"<p style=\"text-align: justify;\">Xzae una empresa que teje moda y ancestralidad desde el sur de Colombia.<\/p>\n<p style=\"text-align: justify;\">Seg\u00fan su creador, Francisco Esteban Sep\u00falveda, esta empresa conjuga en su nombre las palabras: extravagante, extra\u00f1o, abstracto y experimental, y a la vez resulta en un anagrama que tiene que ver con la palabra capricho o whim en ingl\u00e9s<\/p>\n<p style=\"text-align: justify;\">\u00a0La creatividad ha sido desde siempre la gran aliada de Francisco Esteban Sep\u00falveda Noguera, el orgulloso dise\u00f1ador de moda y pilar fundamental de Xzae design, una empresa de dise\u00f1o textil enfocada en la creaci\u00f3n de vestuario en tejido de punto con dise\u00f1o contempor\u00e1neo en Pasto, Nari\u00f1o.<\/p>\n<p style=\"text-align: justify;\">Pero Xzae no es una empresa textil cualquiera, a Francisco le inspira su tierra, sus ra\u00edces, sus viajes y todo aquello que hace mover su imaginaci\u00f3n, ideas que luego traduce en prendas a trav\u00e9s del hilo y el color.\u00a0&#8220;Han sido 17 a\u00f1os, todo un proceso en el cual hemos jugado con infinitas t\u00e9cnicas, formas y materiales que nos han permitido entender c\u00f3mo podemos inventar a partir de nuestra creatividad&#8221;.<\/p>\n<p style=\"text-align: justify;\">Xzae naci\u00f3 gracias al Fondo Emprender del SENA en Nari\u00f1o desde hace aproximadamente 8 a\u00f1os.\u00a0&#8220;Conoc\u00ed la Entidad cuando estaba terminando mi carrera de finanzas, a partir de ah\u00ed empec\u00e9 a revisar c\u00f3mo podr\u00eda crear mi empresa de una forma mucho m\u00e1s fuerte desde la parte financiera, desde la parte empresarial y as\u00ed poderla posicionar&#8221;.<\/p>\n<p style=\"text-align: justify;\">Francisco se postul\u00f3 en dos oportunidades para recibir beneficio del Fondo Emprender, fue as\u00ed c\u00f3mo finalmente en el a\u00f1o 2013 recibi\u00f3 un capital superior a los 100 millones de pesos y con el cual formaliz\u00f3 su empresa. Asegura que desde entonces el acompa\u00f1amiento del SENA ha sido total,\u00a0&#8220;No del cien por ciento, yo creo que del mil por ciento\u2026Empezando por nuestra asesora, gracias a ella conocemos como sortear todas las dificultades que tiene un emprendimiento en la vida real y lograr el lugar que hoy tenemos, representando a nuestra regi\u00f3n a trav\u00e9s del arte en Colombia y en el Mundo&#8221;.<\/p>\n<p style=\"text-align: justify;\">Como fruto de todos sus esfuerzos, Xzae Desing ha logrado reconocimientos en la regi\u00f3n y a nivel nacional y ha participado en pasarelas de Colombia y el extranjero c\u00f3mo: Bogot\u00e1 Fashion Week en 2018, Africa Fashion Week en 2019 y Montecarlo Fashion Week Online Version, 2020.<\/p>\n<p style=\"text-align: justify;\">Por todas estas razones, durante su visita a Pasto, Carlos Gamba, Coordinador Nacional de Emprendimiento y Fondo Emprender reconoci\u00f3 a Xzae Desingn, como un emprendimiento l\u00edder en Colombia.\u00a0&#8220;Este es un ejercicio interesante en el que Francisco trae todo este saber ancestral, el de nuestras artesanas nari\u00f1enses para convertirlo en un elemento de gran calidad al mundo de la moda. Un ejemplo que hay que aplaudir&#8221;.<\/p>\n<p style=\"text-align: justify;\">Hoy en d\u00eda Francisco dirige su negocio a nuevos modelos de mercadeo y de confecci\u00f3n usando la tecnolog\u00eda como herramienta principal, pero sin dejar de lado ese sello que marca su esencia y que es el tejido a mano.\u00a0&#8220;Hoy le hacemos apliques a nuestras prendas para que tengan esa identidad de ser piezas \u00fanicas, que no se pueden encontrar en el mercado f\u00e1cilmente&#8221;.<\/p>\n<p style=\"text-align: justify;\">En 2020 fue ganador del reconocimiento SENA Emprender 2020 en la categor\u00eda Econom\u00eda Naranja y est\u00e1 postulado para representar a la entidad en Expo Dubai del 18 al 24 de diciembre de este a\u00f1o en la categor\u00eda de emprendimiento.<\/p>\n<p style=\"text-align: justify;\">Encuentre m\u00e1s informaci\u00f3n en https:\/\/xzae.store\/ess.<\/p>\n","protected":false},"excerpt":{"rendered":"<p>Xzae una empresa que teje moda y ancestralidad desde el sur de Colombia. Seg\u00fan su creador, Francisco Esteban Sep\u00falveda, esta empresa conjuga en su nombre las palabras: extravagante, extra\u00f1o, abstracto y experimental, y a la vez resulta en un anagrama que tiene que ver con la palabra capricho o whim en ingl\u00e9s \u00a0La creatividad ha [&hellip;]<\/p>\n","protected":false},"author":1,"featured_media":54142,"comment_status":"open","ping_status":"open","sticky":false,"template":"","format":"standard","meta":{"footnotes":""},"categories":[13,1528],"tags":[],"class_list":["post-54141","post","type-post","status-publish","format-standard","has-post-thumbnail","hentry","category-economia","category-titulares"],"yoast_head":"<!-- This site is optimized with the Yoast SEO plugin v27.1.1 - https:\/\/yoast.com\/product\/yoast-seo-wordpress\/ -->\n<title>Empresario nari\u00f1ense, Francisco Esteban Sep\u00falveda, es El Personaje 10. | P\u00e1gina10<\/title>\n<meta name=\"robots\" content=\"index, follow, max-snippet:-1, max-image-preview:large, max-video-preview:-1\" \/>\n<link rel=\"canonical\" href=\"https:\/\/pagina10.com\/web\/empresario-narinense-francisco-esteban-sepulveda-es-el-personaje-10\/\" \/>\n<meta property=\"og:locale\" content=\"es_ES\" \/>\n<meta property=\"og:type\" content=\"article\" \/>\n<meta property=\"og:title\" content=\"Empresario nari\u00f1ense, Francisco Esteban Sep\u00falveda, es El Personaje 10. | P\u00e1gina10\" \/>\n<meta property=\"og:description\" content=\"Xzae una empresa que teje moda y ancestralidad desde el sur de Colombia. Seg\u00fan su creador, Francisco Esteban Sep\u00falveda, esta empresa conjuga en su nombre las palabras: extravagante, extra\u00f1o, abstracto y experimental, y a la vez resulta en un anagrama que tiene que ver con la palabra capricho o whim en ingl\u00e9s La creatividad ha [&hellip;]\" \/>\n<meta property=\"og:url\" content=\"https:\/\/pagina10.com\/web\/empresario-narinense-francisco-esteban-sepulveda-es-el-personaje-10\/\" \/>\n<meta property=\"og:site_name\" content=\"P\u00e1gina10\" \/>\n<meta property=\"article:publisher\" content=\"https:\/\/www.facebook.com\/pag10com\" \/>\n<meta property=\"article:published_time\" content=\"2021-07-18T17:29:57+00:00\" \/>\n<meta property=\"article:modified_time\" content=\"2021-07-18T17:30:42+00:00\" \/>\n<meta property=\"og:image\" content=\"https:\/\/pagina10.com\/web\/wp-content\/uploads\/2021\/07\/Captura-de-Pantalla-2021-07-18-a-las-12.29.04-p.-m..png\" \/>\n\t<meta property=\"og:image:width\" content=\"596\" \/>\n\t<meta property=\"og:image:height\" content=\"347\" \/>\n\t<meta property=\"og:image:type\" content=\"image\/png\" \/>\n<meta name=\"author\" content=\"P\u00e1gina 10\" \/>\n<meta name=\"twitter:card\" content=\"summary_large_image\" \/>\n<meta name=\"twitter:creator\" content=\"@Pag10com\" \/>\n<meta name=\"twitter:site\" content=\"@Pag10com\" \/>\n<meta name=\"twitter:label1\" content=\"Escrito por\" \/>\n\t<meta name=\"twitter:data1\" content=\"P\u00e1gina 10\" \/>\n\t<meta name=\"twitter:label2\" content=\"Tiempo de lectura\" \/>\n\t<meta name=\"twitter:data2\" content=\"3 minutos\" \/>\n<script type=\"application\/ld+json\" class=\"yoast-schema-graph\">{\"@context\":\"https:\/\/schema.org\",\"@graph\":[{\"@type\":\"Article\",\"@id\":\"https:\/\/pagina10.com\/web\/empresario-narinense-francisco-esteban-sepulveda-es-el-personaje-10\/#article\",\"isPartOf\":{\"@id\":\"https:\/\/pagina10.com\/web\/empresario-narinense-francisco-esteban-sepulveda-es-el-personaje-10\/\"},\"author\":{\"name\":\"P\u00e1gina 10\",\"@id\":\"https:\/\/pagina10.com\/web\/#\/schema\/person\/2efc4a090d25b667d3bc796798a3a81b\"},\"headline\":\"Empresario nari\u00f1ense, Francisco Esteban Sep\u00falveda, es El Personaje 10.\",\"datePublished\":\"2021-07-18T17:29:57+00:00\",\"dateModified\":\"2021-07-18T17:30:42+00:00\",\"mainEntityOfPage\":{\"@id\":\"https:\/\/pagina10.com\/web\/empresario-narinense-francisco-esteban-sepulveda-es-el-personaje-10\/\"},\"wordCount\":588,\"commentCount\":0,\"publisher\":{\"@id\":\"https:\/\/pagina10.com\/web\/#organization\"},\"image\":{\"@id\":\"https:\/\/pagina10.com\/web\/empresario-narinense-francisco-esteban-sepulveda-es-el-personaje-10\/#primaryimage\"},\"thumbnailUrl\":\"https:\/\/pagina10.com\/web\/wp-content\/uploads\/2021\/07\/Captura-de-Pantalla-2021-07-18-a-las-12.29.04-p.-m..png\",\"articleSection\":[\"Econom\u00eda\",\"Titulares\"],\"inLanguage\":\"es\",\"potentialAction\":[{\"@type\":\"CommentAction\",\"name\":\"Comment\",\"target\":[\"https:\/\/pagina10.com\/web\/empresario-narinense-francisco-esteban-sepulveda-es-el-personaje-10\/#respond\"]}]},{\"@type\":\"WebPage\",\"@id\":\"https:\/\/pagina10.com\/web\/empresario-narinense-francisco-esteban-sepulveda-es-el-personaje-10\/\",\"url\":\"https:\/\/pagina10.com\/web\/empresario-narinense-francisco-esteban-sepulveda-es-el-personaje-10\/\",\"name\":\"Empresario nari\u00f1ense, Francisco Esteban Sep\u00falveda, es El Personaje 10. | P\u00e1gina10\",\"isPartOf\":{\"@id\":\"https:\/\/pagina10.com\/web\/#website\"},\"primaryImageOfPage\":{\"@id\":\"https:\/\/pagina10.com\/web\/empresario-narinense-francisco-esteban-sepulveda-es-el-personaje-10\/#primaryimage\"},\"image\":{\"@id\":\"https:\/\/pagina10.com\/web\/empresario-narinense-francisco-esteban-sepulveda-es-el-personaje-10\/#primaryimage\"},\"thumbnailUrl\":\"https:\/\/pagina10.com\/web\/wp-content\/uploads\/2021\/07\/Captura-de-Pantalla-2021-07-18-a-las-12.29.04-p.-m..png\",\"datePublished\":\"2021-07-18T17:29:57+00:00\",\"dateModified\":\"2021-07-18T17:30:42+00:00\",\"breadcrumb\":{\"@id\":\"https:\/\/pagina10.com\/web\/empresario-narinense-francisco-esteban-sepulveda-es-el-personaje-10\/#breadcrumb\"},\"inLanguage\":\"es\",\"potentialAction\":[{\"@type\":\"ReadAction\",\"target\":[\"https:\/\/pagina10.com\/web\/empresario-narinense-francisco-esteban-sepulveda-es-el-personaje-10\/\"]}]},{\"@type\":\"ImageObject\",\"inLanguage\":\"es\",\"@id\":\"https:\/\/pagina10.com\/web\/empresario-narinense-francisco-esteban-sepulveda-es-el-personaje-10\/#primaryimage\",\"url\":\"https:\/\/pagina10.com\/web\/wp-content\/uploads\/2021\/07\/Captura-de-Pantalla-2021-07-18-a-las-12.29.04-p.-m..png\",\"contentUrl\":\"https:\/\/pagina10.com\/web\/wp-content\/uploads\/2021\/07\/Captura-de-Pantalla-2021-07-18-a-las-12.29.04-p.-m..png\",\"width\":596,\"height\":347,\"caption\":\"Esta empresa trabaja de la mano con artesanos de Nari\u00f1o en la Recuperaci\u00f3n de algunas t\u00e9cnicas artesanales como Barniz de Pasto, tejido en Guanga con la comunidad de los Pastos en Cumbal, Bordado y Tejido a mano con un concepto diferente.\"},{\"@type\":\"BreadcrumbList\",\"@id\":\"https:\/\/pagina10.com\/web\/empresario-narinense-francisco-esteban-sepulveda-es-el-personaje-10\/#breadcrumb\",\"itemListElement\":[{\"@type\":\"ListItem\",\"position\":1,\"name\":\"Portada\",\"item\":\"https:\/\/pagina10.com\/web\/\"},{\"@type\":\"ListItem\",\"position\":2,\"name\":\"Empresario nari\u00f1ense, Francisco Esteban Sep\u00falveda, es El Personaje 10.\"}]},{\"@type\":\"WebSite\",\"@id\":\"https:\/\/pagina10.com\/web\/#website\",\"url\":\"https:\/\/pagina10.com\/web\/\",\"name\":\"P\u00e1gina10\",\"description\":\"Peri\u00f3dico Regional\",\"publisher\":{\"@id\":\"https:\/\/pagina10.com\/web\/#organization\"},\"alternateName\":\"P\u00e1gina10 Peri\u00f3dico Regional\",\"potentialAction\":[{\"@type\":\"SearchAction\",\"target\":{\"@type\":\"EntryPoint\",\"urlTemplate\":\"https:\/\/pagina10.com\/web\/?s={search_term_string}\"},\"query-input\":{\"@type\":\"PropertyValueSpecification\",\"valueRequired\":true,\"valueName\":\"search_term_string\"}}],\"inLanguage\":\"es\"},{\"@type\":\"Organization\",\"@id\":\"https:\/\/pagina10.com\/web\/#organization\",\"name\":\"P\u00e1gina10\",\"alternateName\":\"P\u00e1gina10 Peri\u00f3dico Regional\",\"url\":\"https:\/\/pagina10.com\/web\/\",\"logo\":{\"@type\":\"ImageObject\",\"inLanguage\":\"es\",\"@id\":\"https:\/\/pagina10.com\/web\/#\/schema\/logo\/image\/\",\"url\":\"https:\/\/pagina10.com\/web\/wp-content\/uploads\/2024\/01\/40-pagina-10-periodico-regional-pasto.jpg\",\"contentUrl\":\"https:\/\/pagina10.com\/web\/wp-content\/uploads\/2024\/01\/40-pagina-10-periodico-regional-pasto.jpg\",\"width\":1280,\"height\":720,\"caption\":\"P\u00e1gina10\"},\"image\":{\"@id\":\"https:\/\/pagina10.com\/web\/#\/schema\/logo\/image\/\"},\"sameAs\":[\"https:\/\/www.facebook.com\/pag10com\",\"https:\/\/x.com\/Pag10com\",\"https:\/\/www.instagram.com\/pagina10col\/\",\"https:\/\/youtube.com\/channel\/pag10\",\"https:\/\/www.tiktok.com\/@p10col\"]},{\"@type\":\"Person\",\"@id\":\"https:\/\/pagina10.com\/web\/#\/schema\/person\/2efc4a090d25b667d3bc796798a3a81b\",\"name\":\"P\u00e1gina 10\",\"description\":\"P\u00e1gina 10 es un peri\u00f3dico regional que nace en Colombia, en el departamento de Nari\u00f1o, con un enfoque global, fundamentado en cuatro pilares esenciales: la libertad, el pluralismo, la inclusi\u00f3n y la independencia. P\u00e1gina 10 hace referencia a Nari\u00f1o como el d\u00e9cimo departamento creado en Colombia, despu\u00e9s de un proceso pol\u00edtico liderado por actores y actrices regionales con el fin de obtener la independencia y autonom\u00eda de nuestros territorios. Con la creaci\u00f3n de P\u00e1gina 10 se pretende abrir un escenario para el dialogo, la reflexi\u00f3n y el debate que se extienda a otras geograf\u00edas de Am\u00e9rica Latina y del planeta, en una apuesta por transformar colectivamente los desaf\u00edos de un mundo contempor\u00e1neo, m\u00e1s all\u00e1 de las fronteras impuestas.\",\"url\":\"https:\/\/pagina10.com\/web\/author\/pdiezadmin\/\"}]}<\/script>\n<!-- \/ Yoast SEO plugin. -->","yoast_head_json":{"title":"Empresario nari\u00f1ense, Francisco Esteban Sep\u00falveda, es El Personaje 10. | P\u00e1gina10","robots":{"index":"index","follow":"follow","max-snippet":"max-snippet:-1","max-image-preview":"max-image-preview:large","max-video-preview":"max-video-preview:-1"},"canonical":"https:\/\/pagina10.com\/web\/empresario-narinense-francisco-esteban-sepulveda-es-el-personaje-10\/","og_locale":"es_ES","og_type":"article","og_title":"Empresario nari\u00f1ense, Francisco Esteban Sep\u00falveda, es El Personaje 10. | P\u00e1gina10","og_description":"Xzae una empresa que teje moda y ancestralidad desde el sur de Colombia. Seg\u00fan su creador, Francisco Esteban Sep\u00falveda, esta empresa conjuga en su nombre las palabras: extravagante, extra\u00f1o, abstracto y experimental, y a la vez resulta en un anagrama que tiene que ver con la palabra capricho o whim en ingl\u00e9s La creatividad ha [&hellip;]","og_url":"https:\/\/pagina10.com\/web\/empresario-narinense-francisco-esteban-sepulveda-es-el-personaje-10\/","og_site_name":"P\u00e1gina10","article_publisher":"https:\/\/www.facebook.com\/pag10com","article_published_time":"2021-07-18T17:29:57+00:00","article_modified_time":"2021-07-18T17:30:42+00:00","og_image":[{"width":596,"height":347,"url":"https:\/\/pagina10.com\/web\/wp-content\/uploads\/2021\/07\/Captura-de-Pantalla-2021-07-18-a-las-12.29.04-p.-m..png","type":"image\/png"}],"author":"P\u00e1gina 10","twitter_card":"summary_large_image","twitter_creator":"@Pag10com","twitter_site":"@Pag10com","twitter_misc":{"Escrito por":"P\u00e1gina 10","Tiempo de lectura":"3 minutos"},"schema":{"@context":"https:\/\/schema.org","@graph":[{"@type":"Article","@id":"https:\/\/pagina10.com\/web\/empresario-narinense-francisco-esteban-sepulveda-es-el-personaje-10\/#article","isPartOf":{"@id":"https:\/\/pagina10.com\/web\/empresario-narinense-francisco-esteban-sepulveda-es-el-personaje-10\/"},"author":{"name":"P\u00e1gina 10","@id":"https:\/\/pagina10.com\/web\/#\/schema\/person\/2efc4a090d25b667d3bc796798a3a81b"},"headline":"Empresario nari\u00f1ense, Francisco Esteban Sep\u00falveda, es El Personaje 10.","datePublished":"2021-07-18T17:29:57+00:00","dateModified":"2021-07-18T17:30:42+00:00","mainEntityOfPage":{"@id":"https:\/\/pagina10.com\/web\/empresario-narinense-francisco-esteban-sepulveda-es-el-personaje-10\/"},"wordCount":588,"commentCount":0,"publisher":{"@id":"https:\/\/pagina10.com\/web\/#organization"},"image":{"@id":"https:\/\/pagina10.com\/web\/empresario-narinense-francisco-esteban-sepulveda-es-el-personaje-10\/#primaryimage"},"thumbnailUrl":"https:\/\/pagina10.com\/web\/wp-content\/uploads\/2021\/07\/Captura-de-Pantalla-2021-07-18-a-las-12.29.04-p.-m..png","articleSection":["Econom\u00eda","Titulares"],"inLanguage":"es","potentialAction":[{"@type":"CommentAction","name":"Comment","target":["https:\/\/pagina10.com\/web\/empresario-narinense-francisco-esteban-sepulveda-es-el-personaje-10\/#respond"]}]},{"@type":"WebPage","@id":"https:\/\/pagina10.com\/web\/empresario-narinense-francisco-esteban-sepulveda-es-el-personaje-10\/","url":"https:\/\/pagina10.com\/web\/empresario-narinense-francisco-esteban-sepulveda-es-el-personaje-10\/","name":"Empresario nari\u00f1ense, Francisco Esteban Sep\u00falveda, es El Personaje 10. | P\u00e1gina10","isPartOf":{"@id":"https:\/\/pagina10.com\/web\/#website"},"primaryImageOfPage":{"@id":"https:\/\/pagina10.com\/web\/empresario-narinense-francisco-esteban-sepulveda-es-el-personaje-10\/#primaryimage"},"image":{"@id":"https:\/\/pagina10.com\/web\/empresario-narinense-francisco-esteban-sepulveda-es-el-personaje-10\/#primaryimage"},"thumbnailUrl":"https:\/\/pagina10.com\/web\/wp-content\/uploads\/2021\/07\/Captura-de-Pantalla-2021-07-18-a-las-12.29.04-p.-m..png","datePublished":"2021-07-18T17:29:57+00:00","dateModified":"2021-07-18T17:30:42+00:00","breadcrumb":{"@id":"https:\/\/pagina10.com\/web\/empresario-narinense-francisco-esteban-sepulveda-es-el-personaje-10\/#breadcrumb"},"inLanguage":"es","potentialAction":[{"@type":"ReadAction","target":["https:\/\/pagina10.com\/web\/empresario-narinense-francisco-esteban-sepulveda-es-el-personaje-10\/"]}]},{"@type":"ImageObject","inLanguage":"es","@id":"https:\/\/pagina10.com\/web\/empresario-narinense-francisco-esteban-sepulveda-es-el-personaje-10\/#primaryimage","url":"https:\/\/pagina10.com\/web\/wp-content\/uploads\/2021\/07\/Captura-de-Pantalla-2021-07-18-a-las-12.29.04-p.-m..png","contentUrl":"https:\/\/pagina10.com\/web\/wp-content\/uploads\/2021\/07\/Captura-de-Pantalla-2021-07-18-a-las-12.29.04-p.-m..png","width":596,"height":347,"caption":"Esta empresa trabaja de la mano con artesanos de Nari\u00f1o en la Recuperaci\u00f3n de algunas t\u00e9cnicas artesanales como Barniz de Pasto, tejido en Guanga con la comunidad de los Pastos en Cumbal, Bordado y Tejido a mano con un concepto diferente."},{"@type":"BreadcrumbList","@id":"https:\/\/pagina10.com\/web\/empresario-narinense-francisco-esteban-sepulveda-es-el-personaje-10\/#breadcrumb","itemListElement":[{"@type":"ListItem","position":1,"name":"Portada","item":"https:\/\/pagina10.com\/web\/"},{"@type":"ListItem","position":2,"name":"Empresario nari\u00f1ense, Francisco Esteban Sep\u00falveda, es El Personaje 10."}]},{"@type":"WebSite","@id":"https:\/\/pagina10.com\/web\/#website","url":"https:\/\/pagina10.com\/web\/","name":"P\u00e1gina10","description":"Peri\u00f3dico Regional","publisher":{"@id":"https:\/\/pagina10.com\/web\/#organization"},"alternateName":"P\u00e1gina10 Peri\u00f3dico Regional","potentialAction":[{"@type":"SearchAction","target":{"@type":"EntryPoint","urlTemplate":"https:\/\/pagina10.com\/web\/?s={search_term_string}"},"query-input":{"@type":"PropertyValueSpecification","valueRequired":true,"valueName":"search_term_string"}}],"inLanguage":"es"},{"@type":"Organization","@id":"https:\/\/pagina10.com\/web\/#organization","name":"P\u00e1gina10","alternateName":"P\u00e1gina10 Peri\u00f3dico Regional","url":"https:\/\/pagina10.com\/web\/","logo":{"@type":"ImageObject","inLanguage":"es","@id":"https:\/\/pagina10.com\/web\/#\/schema\/logo\/image\/","url":"https:\/\/pagina10.com\/web\/wp-content\/uploads\/2024\/01\/40-pagina-10-periodico-regional-pasto.jpg","contentUrl":"https:\/\/pagina10.com\/web\/wp-content\/uploads\/2024\/01\/40-pagina-10-periodico-regional-pasto.jpg","width":1280,"height":720,"caption":"P\u00e1gina10"},"image":{"@id":"https:\/\/pagina10.com\/web\/#\/schema\/logo\/image\/"},"sameAs":["https:\/\/www.facebook.com\/pag10com","https:\/\/x.com\/Pag10com","https:\/\/www.instagram.com\/pagina10col\/","https:\/\/youtube.com\/channel\/pag10","https:\/\/www.tiktok.com\/@p10col"]},{"@type":"Person","@id":"https:\/\/pagina10.com\/web\/#\/schema\/person\/2efc4a090d25b667d3bc796798a3a81b","name":"P\u00e1gina 10","description":"P\u00e1gina 10 es un peri\u00f3dico regional que nace en Colombia, en el departamento de Nari\u00f1o, con un enfoque global, fundamentado en cuatro pilares esenciales: la libertad, el pluralismo, la inclusi\u00f3n y la independencia. P\u00e1gina 10 hace referencia a Nari\u00f1o como el d\u00e9cimo departamento creado en Colombia, despu\u00e9s de un proceso pol\u00edtico liderado por actores y actrices regionales con el fin de obtener la independencia y autonom\u00eda de nuestros territorios. Con la creaci\u00f3n de P\u00e1gina 10 se pretende abrir un escenario para el dialogo, la reflexi\u00f3n y el debate que se extienda a otras geograf\u00edas de Am\u00e9rica Latina y del planeta, en una apuesta por transformar colectivamente los desaf\u00edos de un mundo contempor\u00e1neo, m\u00e1s all\u00e1 de las fronteras impuestas.","url":"https:\/\/pagina10.com\/web\/author\/pdiezadmin\/"}]}},"_links":{"self":[{"href":"https:\/\/pagina10.com\/web\/wp-json\/wp\/v2\/posts\/54141","targetHints":{"allow":["GET"]}}],"collection":[{"href":"https:\/\/pagina10.com\/web\/wp-json\/wp\/v2\/posts"}],"about":[{"href":"https:\/\/pagina10.com\/web\/wp-json\/wp\/v2\/types\/post"}],"author":[{"embeddable":true,"href":"https:\/\/pagina10.com\/web\/wp-json\/wp\/v2\/users\/1"}],"replies":[{"embeddable":true,"href":"https:\/\/pagina10.com\/web\/wp-json\/wp\/v2\/comments?post=54141"}],"version-history":[{"count":1,"href":"https:\/\/pagina10.com\/web\/wp-json\/wp\/v2\/posts\/54141\/revisions"}],"predecessor-version":[{"id":54143,"href":"https:\/\/pagina10.com\/web\/wp-json\/wp\/v2\/posts\/54141\/revisions\/54143"}],"wp:featuredmedia":[{"embeddable":true,"href":"https:\/\/pagina10.com\/web\/wp-json\/wp\/v2\/media\/54142"}],"wp:attachment":[{"href":"https:\/\/pagina10.com\/web\/wp-json\/wp\/v2\/media?parent=54141"}],"wp:term":[{"taxonomy":"category","embeddable":true,"href":"https:\/\/pagina10.com\/web\/wp-json\/wp\/v2\/categories?post=54141"},{"taxonomy":"post_tag","embeddable":true,"href":"https:\/\/pagina10.com\/web\/wp-json\/wp\/v2\/tags?post=54141"}],"curies":[{"name":"wp","href":"https:\/\/api.w.org\/{rel}","templated":true}]}}