{"id":54171,"date":"2021-07-19T20:08:33","date_gmt":"2021-07-20T01:08:33","guid":{"rendered":"https:\/\/pagina10.com\/web\/?p=54171"},"modified":"2021-07-19T20:08:33","modified_gmt":"2021-07-20T01:08:33","slug":"nueva-jornada-de-manifestaciones-para-este-20-de-julio","status":"publish","type":"post","link":"https:\/\/pagina10.com\/web\/nueva-jornada-de-manifestaciones-para-este-20-de-julio\/","title":{"rendered":"Nueva jornada de manifestaciones para este 20 de julio"},"content":{"rendered":"<p style=\"text-align: justify;\"><span style=\"font-weight: 400;\">Este 20 de julio se espera una nueva jornada de manifestaci\u00f3n en el pa\u00eds; luego de aproximadamente tres meses del inicio del paro nacional, ma\u00f1ana martes habr\u00e1 un nuevo encuentro ciudadano en las calles de diferentes capitales del pa\u00eds.\u00a0<\/span><\/p>\n<p style=\"text-align: justify;\"><span style=\"font-weight: 400;\">Varios sectores sociales de la ciudad de Pasto convocan a la ciudadan\u00eda a sumarse a esta nueva jornada de protestas pac\u00edficas.\u00a0<\/span><\/p>\n<p style=\"text-align: justify;\"><span style=\"font-weight: 400;\">De acuerdo con la informaci\u00f3n un punto de concentraci\u00f3n ser\u00e1 la Avenida Santander a partir de las 8:00 a.m.<\/span><\/p>\n<p style=\"text-align: justify;\"><span style=\"font-weight: 400;\">Tambi\u00e9n se conoci\u00f3 por parte del presidente de la Central Unitaria de Trabajadores y vocero del Comit\u00e9 Nacional del Paro, Francisco Malt\u00e9s, que durante la jornada, radicar\u00e1n diez proyectos de ley en el Congreso de la Rep\u00fablica el pr\u00f3ximo 20 de julio.\u00a0<\/span><\/p>\n<p style=\"text-align: justify;\"><span style=\"font-weight: 400;\">Entre ellos est\u00e1n: La renta b\u00e1sica de un salario m\u00ednimo; matr\u00edcula cero para los j\u00f3venes de las universidades p\u00fablicas; Pago a los salarios a trabajadores de peque\u00f1as y medianas empresas; temas del pliego de emergencia que se hab\u00eda presentado en 2020 (salud, renta b\u00e1sica, subsidios a la n\u00f3mina, entre otros).\u00a0<\/span><\/p>\n","protected":false},"excerpt":{"rendered":"<p>Este 20 de julio se espera una nueva jornada de manifestaci\u00f3n en el pa\u00eds; luego de aproximadamente tres meses del inicio del paro nacional, ma\u00f1ana martes habr\u00e1 un nuevo encuentro ciudadano en las calles de diferentes capitales del pa\u00eds.\u00a0 Varios sectores sociales de la ciudad de Pasto convocan a la ciudadan\u00eda a sumarse a esta [&hellip;]<\/p>\n","protected":false},"author":1,"featured_media":52889,"comment_status":"open","ping_status":"open","sticky":false,"template":"","format":"standard","meta":{"footnotes":""},"categories":[94],"tags":[],"class_list":["post-54171","post","type-post","status-publish","format-standard","has-post-thumbnail","hentry","category-nacional-global-2"],"yoast_head":"<!-- This site is optimized with the Yoast SEO plugin v27.1.1 - https:\/\/yoast.com\/product\/yoast-seo-wordpress\/ -->\n<title>Nueva jornada de manifestaciones para este 20 de julio | P\u00e1gina10<\/title>\n<meta name=\"robots\" content=\"index, follow, max-snippet:-1, max-image-preview:large, max-video-preview:-1\" \/>\n<link rel=\"canonical\" href=\"https:\/\/pagina10.com\/web\/nueva-jornada-de-manifestaciones-para-este-20-de-julio\/\" \/>\n<meta property=\"og:locale\" content=\"es_ES\" \/>\n<meta property=\"og:type\" content=\"article\" \/>\n<meta property=\"og:title\" content=\"Nueva jornada de manifestaciones para este 20 de julio | P\u00e1gina10\" \/>\n<meta property=\"og:description\" content=\"Este 20 de julio se espera una nueva jornada de manifestaci\u00f3n en el pa\u00eds; luego de aproximadamente tres meses del inicio del paro nacional, ma\u00f1ana martes habr\u00e1 un nuevo encuentro ciudadano en las calles de diferentes capitales del pa\u00eds. Varios sectores sociales de la ciudad de Pasto convocan a la ciudadan\u00eda a sumarse a esta [&hellip;]\" \/>\n<meta property=\"og:url\" content=\"https:\/\/pagina10.com\/web\/nueva-jornada-de-manifestaciones-para-este-20-de-julio\/\" \/>\n<meta property=\"og:site_name\" content=\"P\u00e1gina10\" \/>\n<meta property=\"article:publisher\" content=\"https:\/\/www.facebook.com\/pag10com\" \/>\n<meta property=\"article:published_time\" content=\"2021-07-20T01:08:33+00:00\" \/>\n<meta property=\"og:image\" content=\"https:\/\/pagina10.com\/web\/wp-content\/uploads\/2021\/06\/183045334_4053900881344094_8455896257195063599_n.jpg\" \/>\n\t<meta property=\"og:image:width\" content=\"828\" \/>\n\t<meta property=\"og:image:height\" content=\"552\" \/>\n\t<meta property=\"og:image:type\" content=\"image\/jpeg\" \/>\n<meta name=\"author\" content=\"P\u00e1gina 10\" \/>\n<meta name=\"twitter:card\" content=\"summary_large_image\" \/>\n<meta name=\"twitter:creator\" content=\"@Pag10com\" \/>\n<meta name=\"twitter:site\" content=\"@Pag10com\" \/>\n<meta name=\"twitter:label1\" content=\"Escrito por\" \/>\n\t<meta name=\"twitter:data1\" content=\"P\u00e1gina 10\" \/>\n\t<meta name=\"twitter:label2\" content=\"Tiempo de lectura\" \/>\n\t<meta name=\"twitter:data2\" content=\"1 minuto\" \/>\n<script type=\"application\/ld+json\" class=\"yoast-schema-graph\">{\"@context\":\"https:\/\/schema.org\",\"@graph\":[{\"@type\":\"Article\",\"@id\":\"https:\/\/pagina10.com\/web\/nueva-jornada-de-manifestaciones-para-este-20-de-julio\/#article\",\"isPartOf\":{\"@id\":\"https:\/\/pagina10.com\/web\/nueva-jornada-de-manifestaciones-para-este-20-de-julio\/\"},\"author\":{\"name\":\"P\u00e1gina 10\",\"@id\":\"https:\/\/pagina10.com\/web\/#\/schema\/person\/2efc4a090d25b667d3bc796798a3a81b\"},\"headline\":\"Nueva jornada de manifestaciones para este 20 de julio\",\"datePublished\":\"2021-07-20T01:08:33+00:00\",\"mainEntityOfPage\":{\"@id\":\"https:\/\/pagina10.com\/web\/nueva-jornada-de-manifestaciones-para-este-20-de-julio\/\"},\"wordCount\":199,\"commentCount\":0,\"publisher\":{\"@id\":\"https:\/\/pagina10.com\/web\/#organization\"},\"image\":{\"@id\":\"https:\/\/pagina10.com\/web\/nueva-jornada-de-manifestaciones-para-este-20-de-julio\/#primaryimage\"},\"thumbnailUrl\":\"https:\/\/pagina10.com\/web\/wp-content\/uploads\/2021\/06\/183045334_4053900881344094_8455896257195063599_n.jpg\",\"articleSection\":[\"Nacional\"],\"inLanguage\":\"es\",\"potentialAction\":[{\"@type\":\"CommentAction\",\"name\":\"Comment\",\"target\":[\"https:\/\/pagina10.com\/web\/nueva-jornada-de-manifestaciones-para-este-20-de-julio\/#respond\"]}]},{\"@type\":\"WebPage\",\"@id\":\"https:\/\/pagina10.com\/web\/nueva-jornada-de-manifestaciones-para-este-20-de-julio\/\",\"url\":\"https:\/\/pagina10.com\/web\/nueva-jornada-de-manifestaciones-para-este-20-de-julio\/\",\"name\":\"Nueva jornada de manifestaciones para este 20 de julio | P\u00e1gina10\",\"isPartOf\":{\"@id\":\"https:\/\/pagina10.com\/web\/#website\"},\"primaryImageOfPage\":{\"@id\":\"https:\/\/pagina10.com\/web\/nueva-jornada-de-manifestaciones-para-este-20-de-julio\/#primaryimage\"},\"image\":{\"@id\":\"https:\/\/pagina10.com\/web\/nueva-jornada-de-manifestaciones-para-este-20-de-julio\/#primaryimage\"},\"thumbnailUrl\":\"https:\/\/pagina10.com\/web\/wp-content\/uploads\/2021\/06\/183045334_4053900881344094_8455896257195063599_n.jpg\",\"datePublished\":\"2021-07-20T01:08:33+00:00\",\"breadcrumb\":{\"@id\":\"https:\/\/pagina10.com\/web\/nueva-jornada-de-manifestaciones-para-este-20-de-julio\/#breadcrumb\"},\"inLanguage\":\"es\",\"potentialAction\":[{\"@type\":\"ReadAction\",\"target\":[\"https:\/\/pagina10.com\/web\/nueva-jornada-de-manifestaciones-para-este-20-de-julio\/\"]}]},{\"@type\":\"ImageObject\",\"inLanguage\":\"es\",\"@id\":\"https:\/\/pagina10.com\/web\/nueva-jornada-de-manifestaciones-para-este-20-de-julio\/#primaryimage\",\"url\":\"https:\/\/pagina10.com\/web\/wp-content\/uploads\/2021\/06\/183045334_4053900881344094_8455896257195063599_n.jpg\",\"contentUrl\":\"https:\/\/pagina10.com\/web\/wp-content\/uploads\/2021\/06\/183045334_4053900881344094_8455896257195063599_n.jpg\",\"width\":828,\"height\":552},{\"@type\":\"BreadcrumbList\",\"@id\":\"https:\/\/pagina10.com\/web\/nueva-jornada-de-manifestaciones-para-este-20-de-julio\/#breadcrumb\",\"itemListElement\":[{\"@type\":\"ListItem\",\"position\":1,\"name\":\"Portada\",\"item\":\"https:\/\/pagina10.com\/web\/\"},{\"@type\":\"ListItem\",\"position\":2,\"name\":\"Nueva jornada de manifestaciones para este 20 de julio\"}]},{\"@type\":\"WebSite\",\"@id\":\"https:\/\/pagina10.com\/web\/#website\",\"url\":\"https:\/\/pagina10.com\/web\/\",\"name\":\"P\u00e1gina10\",\"description\":\"Peri\u00f3dico Regional\",\"publisher\":{\"@id\":\"https:\/\/pagina10.com\/web\/#organization\"},\"alternateName\":\"P\u00e1gina10 Peri\u00f3dico Regional\",\"potentialAction\":[{\"@type\":\"SearchAction\",\"target\":{\"@type\":\"EntryPoint\",\"urlTemplate\":\"https:\/\/pagina10.com\/web\/?s={search_term_string}\"},\"query-input\":{\"@type\":\"PropertyValueSpecification\",\"valueRequired\":true,\"valueName\":\"search_term_string\"}}],\"inLanguage\":\"es\"},{\"@type\":\"Organization\",\"@id\":\"https:\/\/pagina10.com\/web\/#organization\",\"name\":\"P\u00e1gina10\",\"alternateName\":\"P\u00e1gina10 Peri\u00f3dico Regional\",\"url\":\"https:\/\/pagina10.com\/web\/\",\"logo\":{\"@type\":\"ImageObject\",\"inLanguage\":\"es\",\"@id\":\"https:\/\/pagina10.com\/web\/#\/schema\/logo\/image\/\",\"url\":\"https:\/\/pagina10.com\/web\/wp-content\/uploads\/2024\/01\/40-pagina-10-periodico-regional-pasto.jpg\",\"contentUrl\":\"https:\/\/pagina10.com\/web\/wp-content\/uploads\/2024\/01\/40-pagina-10-periodico-regional-pasto.jpg\",\"width\":1280,\"height\":720,\"caption\":\"P\u00e1gina10\"},\"image\":{\"@id\":\"https:\/\/pagina10.com\/web\/#\/schema\/logo\/image\/\"},\"sameAs\":[\"https:\/\/www.facebook.com\/pag10com\",\"https:\/\/x.com\/Pag10com\",\"https:\/\/www.instagram.com\/pagina10col\/\",\"https:\/\/youtube.com\/channel\/pag10\",\"https:\/\/www.tiktok.com\/@p10col\"]},{\"@type\":\"Person\",\"@id\":\"https:\/\/pagina10.com\/web\/#\/schema\/person\/2efc4a090d25b667d3bc796798a3a81b\",\"name\":\"P\u00e1gina 10\",\"description\":\"P\u00e1gina 10 es un peri\u00f3dico regional que nace en Colombia, en el departamento de Nari\u00f1o, con un enfoque global, fundamentado en cuatro pilares esenciales: la libertad, el pluralismo, la inclusi\u00f3n y la independencia. P\u00e1gina 10 hace referencia a Nari\u00f1o como el d\u00e9cimo departamento creado en Colombia, despu\u00e9s de un proceso pol\u00edtico liderado por actores y actrices regionales con el fin de obtener la independencia y autonom\u00eda de nuestros territorios. Con la creaci\u00f3n de P\u00e1gina 10 se pretende abrir un escenario para el dialogo, la reflexi\u00f3n y el debate que se extienda a otras geograf\u00edas de Am\u00e9rica Latina y del planeta, en una apuesta por transformar colectivamente los desaf\u00edos de un mundo contempor\u00e1neo, m\u00e1s all\u00e1 de las fronteras impuestas.\",\"url\":\"https:\/\/pagina10.com\/web\/author\/pdiezadmin\/\"}]}<\/script>\n<!-- \/ Yoast SEO plugin. -->","yoast_head_json":{"title":"Nueva jornada de manifestaciones para este 20 de julio | P\u00e1gina10","robots":{"index":"index","follow":"follow","max-snippet":"max-snippet:-1","max-image-preview":"max-image-preview:large","max-video-preview":"max-video-preview:-1"},"canonical":"https:\/\/pagina10.com\/web\/nueva-jornada-de-manifestaciones-para-este-20-de-julio\/","og_locale":"es_ES","og_type":"article","og_title":"Nueva jornada de manifestaciones para este 20 de julio | P\u00e1gina10","og_description":"Este 20 de julio se espera una nueva jornada de manifestaci\u00f3n en el pa\u00eds; luego de aproximadamente tres meses del inicio del paro nacional, ma\u00f1ana martes habr\u00e1 un nuevo encuentro ciudadano en las calles de diferentes capitales del pa\u00eds. Varios sectores sociales de la ciudad de Pasto convocan a la ciudadan\u00eda a sumarse a esta [&hellip;]","og_url":"https:\/\/pagina10.com\/web\/nueva-jornada-de-manifestaciones-para-este-20-de-julio\/","og_site_name":"P\u00e1gina10","article_publisher":"https:\/\/www.facebook.com\/pag10com","article_published_time":"2021-07-20T01:08:33+00:00","og_image":[{"width":828,"height":552,"url":"https:\/\/pagina10.com\/web\/wp-content\/uploads\/2021\/06\/183045334_4053900881344094_8455896257195063599_n.jpg","type":"image\/jpeg"}],"author":"P\u00e1gina 10","twitter_card":"summary_large_image","twitter_creator":"@Pag10com","twitter_site":"@Pag10com","twitter_misc":{"Escrito por":"P\u00e1gina 10","Tiempo de lectura":"1 minuto"},"schema":{"@context":"https:\/\/schema.org","@graph":[{"@type":"Article","@id":"https:\/\/pagina10.com\/web\/nueva-jornada-de-manifestaciones-para-este-20-de-julio\/#article","isPartOf":{"@id":"https:\/\/pagina10.com\/web\/nueva-jornada-de-manifestaciones-para-este-20-de-julio\/"},"author":{"name":"P\u00e1gina 10","@id":"https:\/\/pagina10.com\/web\/#\/schema\/person\/2efc4a090d25b667d3bc796798a3a81b"},"headline":"Nueva jornada de manifestaciones para este 20 de julio","datePublished":"2021-07-20T01:08:33+00:00","mainEntityOfPage":{"@id":"https:\/\/pagina10.com\/web\/nueva-jornada-de-manifestaciones-para-este-20-de-julio\/"},"wordCount":199,"commentCount":0,"publisher":{"@id":"https:\/\/pagina10.com\/web\/#organization"},"image":{"@id":"https:\/\/pagina10.com\/web\/nueva-jornada-de-manifestaciones-para-este-20-de-julio\/#primaryimage"},"thumbnailUrl":"https:\/\/pagina10.com\/web\/wp-content\/uploads\/2021\/06\/183045334_4053900881344094_8455896257195063599_n.jpg","articleSection":["Nacional"],"inLanguage":"es","potentialAction":[{"@type":"CommentAction","name":"Comment","target":["https:\/\/pagina10.com\/web\/nueva-jornada-de-manifestaciones-para-este-20-de-julio\/#respond"]}]},{"@type":"WebPage","@id":"https:\/\/pagina10.com\/web\/nueva-jornada-de-manifestaciones-para-este-20-de-julio\/","url":"https:\/\/pagina10.com\/web\/nueva-jornada-de-manifestaciones-para-este-20-de-julio\/","name":"Nueva jornada de manifestaciones para este 20 de julio | P\u00e1gina10","isPartOf":{"@id":"https:\/\/pagina10.com\/web\/#website"},"primaryImageOfPage":{"@id":"https:\/\/pagina10.com\/web\/nueva-jornada-de-manifestaciones-para-este-20-de-julio\/#primaryimage"},"image":{"@id":"https:\/\/pagina10.com\/web\/nueva-jornada-de-manifestaciones-para-este-20-de-julio\/#primaryimage"},"thumbnailUrl":"https:\/\/pagina10.com\/web\/wp-content\/uploads\/2021\/06\/183045334_4053900881344094_8455896257195063599_n.jpg","datePublished":"2021-07-20T01:08:33+00:00","breadcrumb":{"@id":"https:\/\/pagina10.com\/web\/nueva-jornada-de-manifestaciones-para-este-20-de-julio\/#breadcrumb"},"inLanguage":"es","potentialAction":[{"@type":"ReadAction","target":["https:\/\/pagina10.com\/web\/nueva-jornada-de-manifestaciones-para-este-20-de-julio\/"]}]},{"@type":"ImageObject","inLanguage":"es","@id":"https:\/\/pagina10.com\/web\/nueva-jornada-de-manifestaciones-para-este-20-de-julio\/#primaryimage","url":"https:\/\/pagina10.com\/web\/wp-content\/uploads\/2021\/06\/183045334_4053900881344094_8455896257195063599_n.jpg","contentUrl":"https:\/\/pagina10.com\/web\/wp-content\/uploads\/2021\/06\/183045334_4053900881344094_8455896257195063599_n.jpg","width":828,"height":552},{"@type":"BreadcrumbList","@id":"https:\/\/pagina10.com\/web\/nueva-jornada-de-manifestaciones-para-este-20-de-julio\/#breadcrumb","itemListElement":[{"@type":"ListItem","position":1,"name":"Portada","item":"https:\/\/pagina10.com\/web\/"},{"@type":"ListItem","position":2,"name":"Nueva jornada de manifestaciones para este 20 de julio"}]},{"@type":"WebSite","@id":"https:\/\/pagina10.com\/web\/#website","url":"https:\/\/pagina10.com\/web\/","name":"P\u00e1gina10","description":"Peri\u00f3dico Regional","publisher":{"@id":"https:\/\/pagina10.com\/web\/#organization"},"alternateName":"P\u00e1gina10 Peri\u00f3dico Regional","potentialAction":[{"@type":"SearchAction","target":{"@type":"EntryPoint","urlTemplate":"https:\/\/pagina10.com\/web\/?s={search_term_string}"},"query-input":{"@type":"PropertyValueSpecification","valueRequired":true,"valueName":"search_term_string"}}],"inLanguage":"es"},{"@type":"Organization","@id":"https:\/\/pagina10.com\/web\/#organization","name":"P\u00e1gina10","alternateName":"P\u00e1gina10 Peri\u00f3dico Regional","url":"https:\/\/pagina10.com\/web\/","logo":{"@type":"ImageObject","inLanguage":"es","@id":"https:\/\/pagina10.com\/web\/#\/schema\/logo\/image\/","url":"https:\/\/pagina10.com\/web\/wp-content\/uploads\/2024\/01\/40-pagina-10-periodico-regional-pasto.jpg","contentUrl":"https:\/\/pagina10.com\/web\/wp-content\/uploads\/2024\/01\/40-pagina-10-periodico-regional-pasto.jpg","width":1280,"height":720,"caption":"P\u00e1gina10"},"image":{"@id":"https:\/\/pagina10.com\/web\/#\/schema\/logo\/image\/"},"sameAs":["https:\/\/www.facebook.com\/pag10com","https:\/\/x.com\/Pag10com","https:\/\/www.instagram.com\/pagina10col\/","https:\/\/youtube.com\/channel\/pag10","https:\/\/www.tiktok.com\/@p10col"]},{"@type":"Person","@id":"https:\/\/pagina10.com\/web\/#\/schema\/person\/2efc4a090d25b667d3bc796798a3a81b","name":"P\u00e1gina 10","description":"P\u00e1gina 10 es un peri\u00f3dico regional que nace en Colombia, en el departamento de Nari\u00f1o, con un enfoque global, fundamentado en cuatro pilares esenciales: la libertad, el pluralismo, la inclusi\u00f3n y la independencia. P\u00e1gina 10 hace referencia a Nari\u00f1o como el d\u00e9cimo departamento creado en Colombia, despu\u00e9s de un proceso pol\u00edtico liderado por actores y actrices regionales con el fin de obtener la independencia y autonom\u00eda de nuestros territorios. Con la creaci\u00f3n de P\u00e1gina 10 se pretende abrir un escenario para el dialogo, la reflexi\u00f3n y el debate que se extienda a otras geograf\u00edas de Am\u00e9rica Latina y del planeta, en una apuesta por transformar colectivamente los desaf\u00edos de un mundo contempor\u00e1neo, m\u00e1s all\u00e1 de las fronteras impuestas.","url":"https:\/\/pagina10.com\/web\/author\/pdiezadmin\/"}]}},"_links":{"self":[{"href":"https:\/\/pagina10.com\/web\/wp-json\/wp\/v2\/posts\/54171","targetHints":{"allow":["GET"]}}],"collection":[{"href":"https:\/\/pagina10.com\/web\/wp-json\/wp\/v2\/posts"}],"about":[{"href":"https:\/\/pagina10.com\/web\/wp-json\/wp\/v2\/types\/post"}],"author":[{"embeddable":true,"href":"https:\/\/pagina10.com\/web\/wp-json\/wp\/v2\/users\/1"}],"replies":[{"embeddable":true,"href":"https:\/\/pagina10.com\/web\/wp-json\/wp\/v2\/comments?post=54171"}],"version-history":[{"count":1,"href":"https:\/\/pagina10.com\/web\/wp-json\/wp\/v2\/posts\/54171\/revisions"}],"predecessor-version":[{"id":54172,"href":"https:\/\/pagina10.com\/web\/wp-json\/wp\/v2\/posts\/54171\/revisions\/54172"}],"wp:featuredmedia":[{"embeddable":true,"href":"https:\/\/pagina10.com\/web\/wp-json\/wp\/v2\/media\/52889"}],"wp:attachment":[{"href":"https:\/\/pagina10.com\/web\/wp-json\/wp\/v2\/media?parent=54171"}],"wp:term":[{"taxonomy":"category","embeddable":true,"href":"https:\/\/pagina10.com\/web\/wp-json\/wp\/v2\/categories?post=54171"},{"taxonomy":"post_tag","embeddable":true,"href":"https:\/\/pagina10.com\/web\/wp-json\/wp\/v2\/tags?post=54171"}],"curies":[{"name":"wp","href":"https:\/\/api.w.org\/{rel}","templated":true}]}}