{"id":54175,"date":"2021-07-19T20:13:47","date_gmt":"2021-07-20T01:13:47","guid":{"rendered":"https:\/\/pagina10.com\/web\/?p=54175"},"modified":"2021-07-19T20:23:18","modified_gmt":"2021-07-20T01:23:18","slug":"mi-invitacion-hoy-es-a-que-el-20-de-julio-salgamos-con-casco-gustavo-bolivar","status":"publish","type":"post","link":"https:\/\/pagina10.com\/web\/mi-invitacion-hoy-es-a-que-el-20-de-julio-salgamos-con-casco-gustavo-bolivar\/","title":{"rendered":"&#8220;Mi invitaci\u00f3n hoy es a que el 20 de julio salgamos con casco&#8221;, Gustavo Bol\u00edvar"},"content":{"rendered":"<p style=\"text-align: justify;\"><span style=\"font-weight: 400;\">El senador Gustavo Bol\u00edvar, a trav\u00e9s de su cuenta de Twitter, manifest\u00f3 su rechazo a la campa\u00f1a de estigmatizaci\u00f3n que se ha hecho contra de los manifestantes del pa\u00eds, haciendo \u00e9nfasis a quienes hacen parte de la denominada &#8216;primera l\u00ednea&#8217;.<\/span><\/p>\n<p style=\"text-align: justify;\"><span style=\"font-weight: 400;\">Esto debido a que el general Eli\u00e9cer Camacho, quien recientemente fue nombrado como director de la Polic\u00eda Metropolitana de Bogot\u00e1, afirm\u00f3\u00a0 que elementos de protecci\u00f3n como gafas, cascos y escudos ser\u00e1n incautados durante las protestas, porque seg\u00fan sus declaraciones &#8220;son elementos que lo que buscan son las confrontaciones&#8221;.\u00a0<\/span><\/p>\n<p style=\"text-align: justify;\"><span style=\"font-weight: 400;\">Ante el hecho, el parlamentario hizo un llamado para que en las jornadas de movilizaci\u00f3n que se llevar\u00e1n a cabo este\u00a0 20 de julio los ciudadanos salgan a las manifestaciones portando un casco y gafas como elementos de seguridad.<\/span><\/p>\n<p style=\"text-align: justify;\"><span style=\"font-weight: 400;\">\u201cMi invitaci\u00f3n hoy es a que el 20 de julio salgamos con casco. Primero, porque no es ilegal. El casco no es un elemento terrorista, como lo est\u00e1n haciendo ver las autoridades. Segundo, porque realmente tenemos que protegernos. Hasta que la Polic\u00eda y el Esmad no se comprometan a cumplir los protocolos del Derecho Internacional Humanitario (esto es a no disparar a la cara y a los ojos de los manifestantes), con gusto dejamos de usar cascos y gafas\u201d, expuso.<\/span><\/p>\n<p style=\"text-align: justify;\"><span style=\"font-weight: 400;\">Adem\u00e1s enfatiz\u00f3 que las protestas deben realizarse de manera pac\u00edfica.\u00a0<\/span><\/p>\n","protected":false},"excerpt":{"rendered":"<p>El senador Gustavo Bol\u00edvar, a trav\u00e9s de su cuenta de Twitter, manifest\u00f3 su rechazo a la campa\u00f1a de estigmatizaci\u00f3n que se ha hecho contra de los manifestantes del pa\u00eds, haciendo \u00e9nfasis a quienes hacen parte de la denominada &#8216;primera l\u00ednea&#8217;. Esto debido a que el general Eli\u00e9cer Camacho, quien recientemente fue nombrado como director de [&hellip;]<\/p>\n","protected":false},"author":1,"featured_media":54178,"comment_status":"open","ping_status":"open","sticky":false,"template":"","format":"standard","meta":{"footnotes":""},"categories":[94],"tags":[],"class_list":["post-54175","post","type-post","status-publish","format-standard","has-post-thumbnail","hentry","category-nacional-global-2"],"yoast_head":"<!-- This site is optimized with the Yoast SEO plugin v27.1.1 - https:\/\/yoast.com\/product\/yoast-seo-wordpress\/ -->\n<title>&quot;Mi invitaci\u00f3n hoy es a que el 20 de julio salgamos con casco&quot;, Gustavo Bol\u00edvar | P\u00e1gina10<\/title>\n<meta name=\"robots\" content=\"index, follow, max-snippet:-1, max-image-preview:large, max-video-preview:-1\" \/>\n<link rel=\"canonical\" href=\"https:\/\/pagina10.com\/web\/mi-invitacion-hoy-es-a-que-el-20-de-julio-salgamos-con-casco-gustavo-bolivar\/\" \/>\n<meta property=\"og:locale\" content=\"es_ES\" \/>\n<meta property=\"og:type\" content=\"article\" \/>\n<meta property=\"og:title\" content=\"&quot;Mi invitaci\u00f3n hoy es a que el 20 de julio salgamos con casco&quot;, Gustavo Bol\u00edvar | P\u00e1gina10\" \/>\n<meta property=\"og:description\" content=\"El senador Gustavo Bol\u00edvar, a trav\u00e9s de su cuenta de Twitter, manifest\u00f3 su rechazo a la campa\u00f1a de estigmatizaci\u00f3n que se ha hecho contra de los manifestantes del pa\u00eds, haciendo \u00e9nfasis a quienes hacen parte de la denominada &#8216;primera l\u00ednea&#8217;. Esto debido a que el general Eli\u00e9cer Camacho, quien recientemente fue nombrado como director de [&hellip;]\" \/>\n<meta property=\"og:url\" content=\"https:\/\/pagina10.com\/web\/mi-invitacion-hoy-es-a-que-el-20-de-julio-salgamos-con-casco-gustavo-bolivar\/\" \/>\n<meta property=\"og:site_name\" content=\"P\u00e1gina10\" \/>\n<meta property=\"article:publisher\" content=\"https:\/\/www.facebook.com\/pag10com\" \/>\n<meta property=\"article:published_time\" content=\"2021-07-20T01:13:47+00:00\" \/>\n<meta property=\"article:modified_time\" content=\"2021-07-20T01:23:18+00:00\" \/>\n<meta property=\"og:image\" content=\"https:\/\/pagina10.com\/web\/wp-content\/uploads\/2021\/07\/Screenshot_20210719-201819.png\" \/>\n\t<meta property=\"og:image:width\" content=\"1122\" \/>\n\t<meta property=\"og:image:height\" content=\"618\" \/>\n\t<meta property=\"og:image:type\" content=\"image\/png\" \/>\n<meta name=\"author\" content=\"P\u00e1gina 10\" \/>\n<meta name=\"twitter:card\" content=\"summary_large_image\" \/>\n<meta name=\"twitter:creator\" content=\"@Pag10com\" \/>\n<meta name=\"twitter:site\" content=\"@Pag10com\" \/>\n<meta name=\"twitter:label1\" content=\"Escrito por\" \/>\n\t<meta name=\"twitter:data1\" content=\"P\u00e1gina 10\" \/>\n\t<meta name=\"twitter:label2\" content=\"Tiempo de lectura\" \/>\n\t<meta name=\"twitter:data2\" content=\"1 minuto\" \/>\n<script type=\"application\/ld+json\" class=\"yoast-schema-graph\">{\"@context\":\"https:\/\/schema.org\",\"@graph\":[{\"@type\":\"Article\",\"@id\":\"https:\/\/pagina10.com\/web\/mi-invitacion-hoy-es-a-que-el-20-de-julio-salgamos-con-casco-gustavo-bolivar\/#article\",\"isPartOf\":{\"@id\":\"https:\/\/pagina10.com\/web\/mi-invitacion-hoy-es-a-que-el-20-de-julio-salgamos-con-casco-gustavo-bolivar\/\"},\"author\":{\"name\":\"P\u00e1gina 10\",\"@id\":\"https:\/\/pagina10.com\/web\/#\/schema\/person\/2efc4a090d25b667d3bc796798a3a81b\"},\"headline\":\"&#8220;Mi invitaci\u00f3n hoy es a que el 20 de julio salgamos con casco&#8221;, Gustavo Bol\u00edvar\",\"datePublished\":\"2021-07-20T01:13:47+00:00\",\"dateModified\":\"2021-07-20T01:23:18+00:00\",\"mainEntityOfPage\":{\"@id\":\"https:\/\/pagina10.com\/web\/mi-invitacion-hoy-es-a-que-el-20-de-julio-salgamos-con-casco-gustavo-bolivar\/\"},\"wordCount\":249,\"commentCount\":0,\"publisher\":{\"@id\":\"https:\/\/pagina10.com\/web\/#organization\"},\"image\":{\"@id\":\"https:\/\/pagina10.com\/web\/mi-invitacion-hoy-es-a-que-el-20-de-julio-salgamos-con-casco-gustavo-bolivar\/#primaryimage\"},\"thumbnailUrl\":\"https:\/\/pagina10.com\/web\/wp-content\/uploads\/2021\/07\/Screenshot_20210719-201819.png\",\"articleSection\":[\"Nacional\"],\"inLanguage\":\"es\",\"potentialAction\":[{\"@type\":\"CommentAction\",\"name\":\"Comment\",\"target\":[\"https:\/\/pagina10.com\/web\/mi-invitacion-hoy-es-a-que-el-20-de-julio-salgamos-con-casco-gustavo-bolivar\/#respond\"]}]},{\"@type\":\"WebPage\",\"@id\":\"https:\/\/pagina10.com\/web\/mi-invitacion-hoy-es-a-que-el-20-de-julio-salgamos-con-casco-gustavo-bolivar\/\",\"url\":\"https:\/\/pagina10.com\/web\/mi-invitacion-hoy-es-a-que-el-20-de-julio-salgamos-con-casco-gustavo-bolivar\/\",\"name\":\"\\\"Mi invitaci\u00f3n hoy es a que el 20 de julio salgamos con casco\\\", Gustavo Bol\u00edvar | P\u00e1gina10\",\"isPartOf\":{\"@id\":\"https:\/\/pagina10.com\/web\/#website\"},\"primaryImageOfPage\":{\"@id\":\"https:\/\/pagina10.com\/web\/mi-invitacion-hoy-es-a-que-el-20-de-julio-salgamos-con-casco-gustavo-bolivar\/#primaryimage\"},\"image\":{\"@id\":\"https:\/\/pagina10.com\/web\/mi-invitacion-hoy-es-a-que-el-20-de-julio-salgamos-con-casco-gustavo-bolivar\/#primaryimage\"},\"thumbnailUrl\":\"https:\/\/pagina10.com\/web\/wp-content\/uploads\/2021\/07\/Screenshot_20210719-201819.png\",\"datePublished\":\"2021-07-20T01:13:47+00:00\",\"dateModified\":\"2021-07-20T01:23:18+00:00\",\"breadcrumb\":{\"@id\":\"https:\/\/pagina10.com\/web\/mi-invitacion-hoy-es-a-que-el-20-de-julio-salgamos-con-casco-gustavo-bolivar\/#breadcrumb\"},\"inLanguage\":\"es\",\"potentialAction\":[{\"@type\":\"ReadAction\",\"target\":[\"https:\/\/pagina10.com\/web\/mi-invitacion-hoy-es-a-que-el-20-de-julio-salgamos-con-casco-gustavo-bolivar\/\"]}]},{\"@type\":\"ImageObject\",\"inLanguage\":\"es\",\"@id\":\"https:\/\/pagina10.com\/web\/mi-invitacion-hoy-es-a-que-el-20-de-julio-salgamos-con-casco-gustavo-bolivar\/#primaryimage\",\"url\":\"https:\/\/pagina10.com\/web\/wp-content\/uploads\/2021\/07\/Screenshot_20210719-201819.png\",\"contentUrl\":\"https:\/\/pagina10.com\/web\/wp-content\/uploads\/2021\/07\/Screenshot_20210719-201819.png\",\"width\":1122,\"height\":618,\"caption\":\"Tomada de: Twitter @GustavoBolivar\"},{\"@type\":\"BreadcrumbList\",\"@id\":\"https:\/\/pagina10.com\/web\/mi-invitacion-hoy-es-a-que-el-20-de-julio-salgamos-con-casco-gustavo-bolivar\/#breadcrumb\",\"itemListElement\":[{\"@type\":\"ListItem\",\"position\":1,\"name\":\"Portada\",\"item\":\"https:\/\/pagina10.com\/web\/\"},{\"@type\":\"ListItem\",\"position\":2,\"name\":\"&#8220;Mi invitaci\u00f3n hoy es a que el 20 de julio salgamos con casco&#8221;, Gustavo Bol\u00edvar\"}]},{\"@type\":\"WebSite\",\"@id\":\"https:\/\/pagina10.com\/web\/#website\",\"url\":\"https:\/\/pagina10.com\/web\/\",\"name\":\"P\u00e1gina10\",\"description\":\"Peri\u00f3dico Regional\",\"publisher\":{\"@id\":\"https:\/\/pagina10.com\/web\/#organization\"},\"alternateName\":\"P\u00e1gina10 Peri\u00f3dico Regional\",\"potentialAction\":[{\"@type\":\"SearchAction\",\"target\":{\"@type\":\"EntryPoint\",\"urlTemplate\":\"https:\/\/pagina10.com\/web\/?s={search_term_string}\"},\"query-input\":{\"@type\":\"PropertyValueSpecification\",\"valueRequired\":true,\"valueName\":\"search_term_string\"}}],\"inLanguage\":\"es\"},{\"@type\":\"Organization\",\"@id\":\"https:\/\/pagina10.com\/web\/#organization\",\"name\":\"P\u00e1gina10\",\"alternateName\":\"P\u00e1gina10 Peri\u00f3dico Regional\",\"url\":\"https:\/\/pagina10.com\/web\/\",\"logo\":{\"@type\":\"ImageObject\",\"inLanguage\":\"es\",\"@id\":\"https:\/\/pagina10.com\/web\/#\/schema\/logo\/image\/\",\"url\":\"https:\/\/pagina10.com\/web\/wp-content\/uploads\/2024\/01\/40-pagina-10-periodico-regional-pasto.jpg\",\"contentUrl\":\"https:\/\/pagina10.com\/web\/wp-content\/uploads\/2024\/01\/40-pagina-10-periodico-regional-pasto.jpg\",\"width\":1280,\"height\":720,\"caption\":\"P\u00e1gina10\"},\"image\":{\"@id\":\"https:\/\/pagina10.com\/web\/#\/schema\/logo\/image\/\"},\"sameAs\":[\"https:\/\/www.facebook.com\/pag10com\",\"https:\/\/x.com\/Pag10com\",\"https:\/\/www.instagram.com\/pagina10col\/\",\"https:\/\/youtube.com\/channel\/pag10\",\"https:\/\/www.tiktok.com\/@p10col\"]},{\"@type\":\"Person\",\"@id\":\"https:\/\/pagina10.com\/web\/#\/schema\/person\/2efc4a090d25b667d3bc796798a3a81b\",\"name\":\"P\u00e1gina 10\",\"description\":\"P\u00e1gina 10 es un peri\u00f3dico regional que nace en Colombia, en el departamento de Nari\u00f1o, con un enfoque global, fundamentado en cuatro pilares esenciales: la libertad, el pluralismo, la inclusi\u00f3n y la independencia. P\u00e1gina 10 hace referencia a Nari\u00f1o como el d\u00e9cimo departamento creado en Colombia, despu\u00e9s de un proceso pol\u00edtico liderado por actores y actrices regionales con el fin de obtener la independencia y autonom\u00eda de nuestros territorios. Con la creaci\u00f3n de P\u00e1gina 10 se pretende abrir un escenario para el dialogo, la reflexi\u00f3n y el debate que se extienda a otras geograf\u00edas de Am\u00e9rica Latina y del planeta, en una apuesta por transformar colectivamente los desaf\u00edos de un mundo contempor\u00e1neo, m\u00e1s all\u00e1 de las fronteras impuestas.\",\"url\":\"https:\/\/pagina10.com\/web\/author\/pdiezadmin\/\"}]}<\/script>\n<!-- \/ Yoast SEO plugin. -->","yoast_head_json":{"title":"\"Mi invitaci\u00f3n hoy es a que el 20 de julio salgamos con casco\", Gustavo Bol\u00edvar | P\u00e1gina10","robots":{"index":"index","follow":"follow","max-snippet":"max-snippet:-1","max-image-preview":"max-image-preview:large","max-video-preview":"max-video-preview:-1"},"canonical":"https:\/\/pagina10.com\/web\/mi-invitacion-hoy-es-a-que-el-20-de-julio-salgamos-con-casco-gustavo-bolivar\/","og_locale":"es_ES","og_type":"article","og_title":"\"Mi invitaci\u00f3n hoy es a que el 20 de julio salgamos con casco\", Gustavo Bol\u00edvar | P\u00e1gina10","og_description":"El senador Gustavo Bol\u00edvar, a trav\u00e9s de su cuenta de Twitter, manifest\u00f3 su rechazo a la campa\u00f1a de estigmatizaci\u00f3n que se ha hecho contra de los manifestantes del pa\u00eds, haciendo \u00e9nfasis a quienes hacen parte de la denominada &#8216;primera l\u00ednea&#8217;. Esto debido a que el general Eli\u00e9cer Camacho, quien recientemente fue nombrado como director de [&hellip;]","og_url":"https:\/\/pagina10.com\/web\/mi-invitacion-hoy-es-a-que-el-20-de-julio-salgamos-con-casco-gustavo-bolivar\/","og_site_name":"P\u00e1gina10","article_publisher":"https:\/\/www.facebook.com\/pag10com","article_published_time":"2021-07-20T01:13:47+00:00","article_modified_time":"2021-07-20T01:23:18+00:00","og_image":[{"width":1122,"height":618,"url":"https:\/\/pagina10.com\/web\/wp-content\/uploads\/2021\/07\/Screenshot_20210719-201819.png","type":"image\/png"}],"author":"P\u00e1gina 10","twitter_card":"summary_large_image","twitter_creator":"@Pag10com","twitter_site":"@Pag10com","twitter_misc":{"Escrito por":"P\u00e1gina 10","Tiempo de lectura":"1 minuto"},"schema":{"@context":"https:\/\/schema.org","@graph":[{"@type":"Article","@id":"https:\/\/pagina10.com\/web\/mi-invitacion-hoy-es-a-que-el-20-de-julio-salgamos-con-casco-gustavo-bolivar\/#article","isPartOf":{"@id":"https:\/\/pagina10.com\/web\/mi-invitacion-hoy-es-a-que-el-20-de-julio-salgamos-con-casco-gustavo-bolivar\/"},"author":{"name":"P\u00e1gina 10","@id":"https:\/\/pagina10.com\/web\/#\/schema\/person\/2efc4a090d25b667d3bc796798a3a81b"},"headline":"&#8220;Mi invitaci\u00f3n hoy es a que el 20 de julio salgamos con casco&#8221;, Gustavo Bol\u00edvar","datePublished":"2021-07-20T01:13:47+00:00","dateModified":"2021-07-20T01:23:18+00:00","mainEntityOfPage":{"@id":"https:\/\/pagina10.com\/web\/mi-invitacion-hoy-es-a-que-el-20-de-julio-salgamos-con-casco-gustavo-bolivar\/"},"wordCount":249,"commentCount":0,"publisher":{"@id":"https:\/\/pagina10.com\/web\/#organization"},"image":{"@id":"https:\/\/pagina10.com\/web\/mi-invitacion-hoy-es-a-que-el-20-de-julio-salgamos-con-casco-gustavo-bolivar\/#primaryimage"},"thumbnailUrl":"https:\/\/pagina10.com\/web\/wp-content\/uploads\/2021\/07\/Screenshot_20210719-201819.png","articleSection":["Nacional"],"inLanguage":"es","potentialAction":[{"@type":"CommentAction","name":"Comment","target":["https:\/\/pagina10.com\/web\/mi-invitacion-hoy-es-a-que-el-20-de-julio-salgamos-con-casco-gustavo-bolivar\/#respond"]}]},{"@type":"WebPage","@id":"https:\/\/pagina10.com\/web\/mi-invitacion-hoy-es-a-que-el-20-de-julio-salgamos-con-casco-gustavo-bolivar\/","url":"https:\/\/pagina10.com\/web\/mi-invitacion-hoy-es-a-que-el-20-de-julio-salgamos-con-casco-gustavo-bolivar\/","name":"\"Mi invitaci\u00f3n hoy es a que el 20 de julio salgamos con casco\", Gustavo Bol\u00edvar | P\u00e1gina10","isPartOf":{"@id":"https:\/\/pagina10.com\/web\/#website"},"primaryImageOfPage":{"@id":"https:\/\/pagina10.com\/web\/mi-invitacion-hoy-es-a-que-el-20-de-julio-salgamos-con-casco-gustavo-bolivar\/#primaryimage"},"image":{"@id":"https:\/\/pagina10.com\/web\/mi-invitacion-hoy-es-a-que-el-20-de-julio-salgamos-con-casco-gustavo-bolivar\/#primaryimage"},"thumbnailUrl":"https:\/\/pagina10.com\/web\/wp-content\/uploads\/2021\/07\/Screenshot_20210719-201819.png","datePublished":"2021-07-20T01:13:47+00:00","dateModified":"2021-07-20T01:23:18+00:00","breadcrumb":{"@id":"https:\/\/pagina10.com\/web\/mi-invitacion-hoy-es-a-que-el-20-de-julio-salgamos-con-casco-gustavo-bolivar\/#breadcrumb"},"inLanguage":"es","potentialAction":[{"@type":"ReadAction","target":["https:\/\/pagina10.com\/web\/mi-invitacion-hoy-es-a-que-el-20-de-julio-salgamos-con-casco-gustavo-bolivar\/"]}]},{"@type":"ImageObject","inLanguage":"es","@id":"https:\/\/pagina10.com\/web\/mi-invitacion-hoy-es-a-que-el-20-de-julio-salgamos-con-casco-gustavo-bolivar\/#primaryimage","url":"https:\/\/pagina10.com\/web\/wp-content\/uploads\/2021\/07\/Screenshot_20210719-201819.png","contentUrl":"https:\/\/pagina10.com\/web\/wp-content\/uploads\/2021\/07\/Screenshot_20210719-201819.png","width":1122,"height":618,"caption":"Tomada de: Twitter @GustavoBolivar"},{"@type":"BreadcrumbList","@id":"https:\/\/pagina10.com\/web\/mi-invitacion-hoy-es-a-que-el-20-de-julio-salgamos-con-casco-gustavo-bolivar\/#breadcrumb","itemListElement":[{"@type":"ListItem","position":1,"name":"Portada","item":"https:\/\/pagina10.com\/web\/"},{"@type":"ListItem","position":2,"name":"&#8220;Mi invitaci\u00f3n hoy es a que el 20 de julio salgamos con casco&#8221;, Gustavo Bol\u00edvar"}]},{"@type":"WebSite","@id":"https:\/\/pagina10.com\/web\/#website","url":"https:\/\/pagina10.com\/web\/","name":"P\u00e1gina10","description":"Peri\u00f3dico Regional","publisher":{"@id":"https:\/\/pagina10.com\/web\/#organization"},"alternateName":"P\u00e1gina10 Peri\u00f3dico Regional","potentialAction":[{"@type":"SearchAction","target":{"@type":"EntryPoint","urlTemplate":"https:\/\/pagina10.com\/web\/?s={search_term_string}"},"query-input":{"@type":"PropertyValueSpecification","valueRequired":true,"valueName":"search_term_string"}}],"inLanguage":"es"},{"@type":"Organization","@id":"https:\/\/pagina10.com\/web\/#organization","name":"P\u00e1gina10","alternateName":"P\u00e1gina10 Peri\u00f3dico Regional","url":"https:\/\/pagina10.com\/web\/","logo":{"@type":"ImageObject","inLanguage":"es","@id":"https:\/\/pagina10.com\/web\/#\/schema\/logo\/image\/","url":"https:\/\/pagina10.com\/web\/wp-content\/uploads\/2024\/01\/40-pagina-10-periodico-regional-pasto.jpg","contentUrl":"https:\/\/pagina10.com\/web\/wp-content\/uploads\/2024\/01\/40-pagina-10-periodico-regional-pasto.jpg","width":1280,"height":720,"caption":"P\u00e1gina10"},"image":{"@id":"https:\/\/pagina10.com\/web\/#\/schema\/logo\/image\/"},"sameAs":["https:\/\/www.facebook.com\/pag10com","https:\/\/x.com\/Pag10com","https:\/\/www.instagram.com\/pagina10col\/","https:\/\/youtube.com\/channel\/pag10","https:\/\/www.tiktok.com\/@p10col"]},{"@type":"Person","@id":"https:\/\/pagina10.com\/web\/#\/schema\/person\/2efc4a090d25b667d3bc796798a3a81b","name":"P\u00e1gina 10","description":"P\u00e1gina 10 es un peri\u00f3dico regional que nace en Colombia, en el departamento de Nari\u00f1o, con un enfoque global, fundamentado en cuatro pilares esenciales: la libertad, el pluralismo, la inclusi\u00f3n y la independencia. P\u00e1gina 10 hace referencia a Nari\u00f1o como el d\u00e9cimo departamento creado en Colombia, despu\u00e9s de un proceso pol\u00edtico liderado por actores y actrices regionales con el fin de obtener la independencia y autonom\u00eda de nuestros territorios. Con la creaci\u00f3n de P\u00e1gina 10 se pretende abrir un escenario para el dialogo, la reflexi\u00f3n y el debate que se extienda a otras geograf\u00edas de Am\u00e9rica Latina y del planeta, en una apuesta por transformar colectivamente los desaf\u00edos de un mundo contempor\u00e1neo, m\u00e1s all\u00e1 de las fronteras impuestas.","url":"https:\/\/pagina10.com\/web\/author\/pdiezadmin\/"}]}},"_links":{"self":[{"href":"https:\/\/pagina10.com\/web\/wp-json\/wp\/v2\/posts\/54175","targetHints":{"allow":["GET"]}}],"collection":[{"href":"https:\/\/pagina10.com\/web\/wp-json\/wp\/v2\/posts"}],"about":[{"href":"https:\/\/pagina10.com\/web\/wp-json\/wp\/v2\/types\/post"}],"author":[{"embeddable":true,"href":"https:\/\/pagina10.com\/web\/wp-json\/wp\/v2\/users\/1"}],"replies":[{"embeddable":true,"href":"https:\/\/pagina10.com\/web\/wp-json\/wp\/v2\/comments?post=54175"}],"version-history":[{"count":2,"href":"https:\/\/pagina10.com\/web\/wp-json\/wp\/v2\/posts\/54175\/revisions"}],"predecessor-version":[{"id":54177,"href":"https:\/\/pagina10.com\/web\/wp-json\/wp\/v2\/posts\/54175\/revisions\/54177"}],"wp:featuredmedia":[{"embeddable":true,"href":"https:\/\/pagina10.com\/web\/wp-json\/wp\/v2\/media\/54178"}],"wp:attachment":[{"href":"https:\/\/pagina10.com\/web\/wp-json\/wp\/v2\/media?parent=54175"}],"wp:term":[{"taxonomy":"category","embeddable":true,"href":"https:\/\/pagina10.com\/web\/wp-json\/wp\/v2\/categories?post=54175"},{"taxonomy":"post_tag","embeddable":true,"href":"https:\/\/pagina10.com\/web\/wp-json\/wp\/v2\/tags?post=54175"}],"curies":[{"name":"wp","href":"https:\/\/api.w.org\/{rel}","templated":true}]}}