{"id":54181,"date":"2021-07-20T07:10:22","date_gmt":"2021-07-20T12:10:22","guid":{"rendered":"https:\/\/pagina10.com\/web\/?p=54181"},"modified":"2021-07-20T07:10:22","modified_gmt":"2021-07-20T12:10:22","slug":"emergencia-por-lluvias-en-el-corregimiento-de-el-encano-alrededor-de-34-familias-han-sido-afectadas","status":"publish","type":"post","link":"https:\/\/pagina10.com\/web\/emergencia-por-lluvias-en-el-corregimiento-de-el-encano-alrededor-de-34-familias-han-sido-afectadas\/","title":{"rendered":"Emergencia por lluvias en el corregimiento de El Encano, alrededor de 34 familias han sido afectadas"},"content":{"rendered":"<p style=\"text-align: justify;\"><span style=\"font-weight: 400;\">Ante la emergencia presentada por las inundaciones en la vereda El Puerto del corregimiento de El Encano, el Alcalde Germ\u00e1n Chamorro De La Rosa se reuni\u00f3 con los habitantes de este sector, en compa\u00f1\u00eda de la Direcci\u00f3n de Riesgo de Desastres del Municipio, la Secretar\u00eda de Gesti\u00f3n Ambiental y la Autoridad Ind\u00edgena.<\/span><\/p>\n<p style=\"text-align: justify;\"><span style=\"font-weight: 400;\">El censo inicial de los damnificados adelantado por la Direcci\u00f3n de Gesti\u00f3n del Riesgo del municipio, estim\u00f3 que hasta el momento un total de 34 familias fueron afectadas por la situaci\u00f3n, aunque se contin\u00faa el trabajo del registro poblacional.<\/span><\/p>\n<p style=\"text-align: justify;\"><span style=\"font-weight: 400;\">\u201cEstamos en una temporada de lluvias en este sector lo que ha ocasionado el desbordamiento del rio El Encano, que conduce sus aguas hacia el sector de El Puerto y desemboca a la Laguna de La Cocha. El balance inicial es de 34 familias aproximadamente, hasta el momento y continuamos con el proceso de registro poblacional para determinar el n\u00famero total de damnificados\u201d. Hemos hecho unos compromisos en conjunto con la comunidad,\u201d, manifest\u00f3 el Director de Gesti\u00f3n de Riesgo de Desastres de Pasto, Dar\u00edo G\u00f3mez.<\/span><\/p>\n<p style=\"text-align: justify;\"><span style=\"font-weight: 400;\">Desde la Administraci\u00f3n Municipal se dispuso de acciones inmediatas para atender en primera instancia esta emergencia y adem\u00e1s en conjunto, con la comunidad del sector y resguardo ind\u00edgena, se iniciar\u00e1n con la planificaci\u00f3n y estudios t\u00e9cnicos para llegar a una soluci\u00f3n definitiva ante esta problem\u00e1tica.<\/span><\/p>\n<p style=\"text-align: justify;\">\n","protected":false},"excerpt":{"rendered":"<p>Ante la emergencia presentada por las inundaciones en la vereda El Puerto del corregimiento de El Encano, el Alcalde Germ\u00e1n Chamorro De La Rosa se reuni\u00f3 con los habitantes de este sector, en compa\u00f1\u00eda de la Direcci\u00f3n de Riesgo de Desastres del Municipio, la Secretar\u00eda de Gesti\u00f3n Ambiental y la Autoridad Ind\u00edgena. El censo inicial [&hellip;]<\/p>\n","protected":false},"author":1,"featured_media":54182,"comment_status":"open","ping_status":"open","sticky":false,"template":"","format":"standard","meta":{"footnotes":""},"categories":[82],"tags":[],"class_list":["post-54181","post","type-post","status-publish","format-standard","has-post-thumbnail","hentry","category-ciudad-2"],"yoast_head":"<!-- This site is optimized with the Yoast SEO plugin v27.1.1 - https:\/\/yoast.com\/product\/yoast-seo-wordpress\/ -->\n<title>Emergencia por lluvias en el corregimiento de El Encano, alrededor de 34 familias han sido afectadas | P\u00e1gina10<\/title>\n<meta name=\"robots\" content=\"index, follow, max-snippet:-1, max-image-preview:large, max-video-preview:-1\" \/>\n<link rel=\"canonical\" href=\"https:\/\/pagina10.com\/web\/emergencia-por-lluvias-en-el-corregimiento-de-el-encano-alrededor-de-34-familias-han-sido-afectadas\/\" \/>\n<meta property=\"og:locale\" content=\"es_ES\" \/>\n<meta property=\"og:type\" content=\"article\" \/>\n<meta property=\"og:title\" content=\"Emergencia por lluvias en el corregimiento de El Encano, alrededor de 34 familias han sido afectadas | P\u00e1gina10\" \/>\n<meta property=\"og:description\" content=\"Ante la emergencia presentada por las inundaciones en la vereda El Puerto del corregimiento de El Encano, el Alcalde Germ\u00e1n Chamorro De La Rosa se reuni\u00f3 con los habitantes de este sector, en compa\u00f1\u00eda de la Direcci\u00f3n de Riesgo de Desastres del Municipio, la Secretar\u00eda de Gesti\u00f3n Ambiental y la Autoridad Ind\u00edgena. El censo inicial [&hellip;]\" \/>\n<meta property=\"og:url\" content=\"https:\/\/pagina10.com\/web\/emergencia-por-lluvias-en-el-corregimiento-de-el-encano-alrededor-de-34-familias-han-sido-afectadas\/\" \/>\n<meta property=\"og:site_name\" content=\"P\u00e1gina10\" \/>\n<meta property=\"article:publisher\" content=\"https:\/\/www.facebook.com\/pag10com\" \/>\n<meta property=\"article:published_time\" content=\"2021-07-20T12:10:22+00:00\" \/>\n<meta property=\"og:image\" content=\"https:\/\/pagina10.com\/web\/wp-content\/uploads\/2021\/07\/inundacion_el_encano.jpg\" \/>\n\t<meta property=\"og:image:width\" content=\"1024\" \/>\n\t<meta property=\"og:image:height\" content=\"682\" \/>\n\t<meta property=\"og:image:type\" content=\"image\/jpeg\" \/>\n<meta name=\"author\" content=\"P\u00e1gina 10\" \/>\n<meta name=\"twitter:card\" content=\"summary_large_image\" \/>\n<meta name=\"twitter:creator\" content=\"@Pag10com\" \/>\n<meta name=\"twitter:site\" content=\"@Pag10com\" \/>\n<meta name=\"twitter:label1\" content=\"Escrito por\" \/>\n\t<meta name=\"twitter:data1\" content=\"P\u00e1gina 10\" \/>\n\t<meta name=\"twitter:label2\" content=\"Tiempo de lectura\" \/>\n\t<meta name=\"twitter:data2\" content=\"1 minuto\" \/>\n<script type=\"application\/ld+json\" class=\"yoast-schema-graph\">{\"@context\":\"https:\/\/schema.org\",\"@graph\":[{\"@type\":\"Article\",\"@id\":\"https:\/\/pagina10.com\/web\/emergencia-por-lluvias-en-el-corregimiento-de-el-encano-alrededor-de-34-familias-han-sido-afectadas\/#article\",\"isPartOf\":{\"@id\":\"https:\/\/pagina10.com\/web\/emergencia-por-lluvias-en-el-corregimiento-de-el-encano-alrededor-de-34-familias-han-sido-afectadas\/\"},\"author\":{\"name\":\"P\u00e1gina 10\",\"@id\":\"https:\/\/pagina10.com\/web\/#\/schema\/person\/2efc4a090d25b667d3bc796798a3a81b\"},\"headline\":\"Emergencia por lluvias en el corregimiento de El Encano, alrededor de 34 familias han sido afectadas\",\"datePublished\":\"2021-07-20T12:10:22+00:00\",\"mainEntityOfPage\":{\"@id\":\"https:\/\/pagina10.com\/web\/emergencia-por-lluvias-en-el-corregimiento-de-el-encano-alrededor-de-34-familias-han-sido-afectadas\/\"},\"wordCount\":256,\"commentCount\":0,\"publisher\":{\"@id\":\"https:\/\/pagina10.com\/web\/#organization\"},\"image\":{\"@id\":\"https:\/\/pagina10.com\/web\/emergencia-por-lluvias-en-el-corregimiento-de-el-encano-alrededor-de-34-familias-han-sido-afectadas\/#primaryimage\"},\"thumbnailUrl\":\"https:\/\/pagina10.com\/web\/wp-content\/uploads\/2021\/07\/inundacion_el_encano.jpg\",\"articleSection\":[\"Ciudad\"],\"inLanguage\":\"es\",\"potentialAction\":[{\"@type\":\"CommentAction\",\"name\":\"Comment\",\"target\":[\"https:\/\/pagina10.com\/web\/emergencia-por-lluvias-en-el-corregimiento-de-el-encano-alrededor-de-34-familias-han-sido-afectadas\/#respond\"]}]},{\"@type\":\"WebPage\",\"@id\":\"https:\/\/pagina10.com\/web\/emergencia-por-lluvias-en-el-corregimiento-de-el-encano-alrededor-de-34-familias-han-sido-afectadas\/\",\"url\":\"https:\/\/pagina10.com\/web\/emergencia-por-lluvias-en-el-corregimiento-de-el-encano-alrededor-de-34-familias-han-sido-afectadas\/\",\"name\":\"Emergencia por lluvias en el corregimiento de El Encano, alrededor de 34 familias han sido afectadas | P\u00e1gina10\",\"isPartOf\":{\"@id\":\"https:\/\/pagina10.com\/web\/#website\"},\"primaryImageOfPage\":{\"@id\":\"https:\/\/pagina10.com\/web\/emergencia-por-lluvias-en-el-corregimiento-de-el-encano-alrededor-de-34-familias-han-sido-afectadas\/#primaryimage\"},\"image\":{\"@id\":\"https:\/\/pagina10.com\/web\/emergencia-por-lluvias-en-el-corregimiento-de-el-encano-alrededor-de-34-familias-han-sido-afectadas\/#primaryimage\"},\"thumbnailUrl\":\"https:\/\/pagina10.com\/web\/wp-content\/uploads\/2021\/07\/inundacion_el_encano.jpg\",\"datePublished\":\"2021-07-20T12:10:22+00:00\",\"breadcrumb\":{\"@id\":\"https:\/\/pagina10.com\/web\/emergencia-por-lluvias-en-el-corregimiento-de-el-encano-alrededor-de-34-familias-han-sido-afectadas\/#breadcrumb\"},\"inLanguage\":\"es\",\"potentialAction\":[{\"@type\":\"ReadAction\",\"target\":[\"https:\/\/pagina10.com\/web\/emergencia-por-lluvias-en-el-corregimiento-de-el-encano-alrededor-de-34-familias-han-sido-afectadas\/\"]}]},{\"@type\":\"ImageObject\",\"inLanguage\":\"es\",\"@id\":\"https:\/\/pagina10.com\/web\/emergencia-por-lluvias-en-el-corregimiento-de-el-encano-alrededor-de-34-familias-han-sido-afectadas\/#primaryimage\",\"url\":\"https:\/\/pagina10.com\/web\/wp-content\/uploads\/2021\/07\/inundacion_el_encano.jpg\",\"contentUrl\":\"https:\/\/pagina10.com\/web\/wp-content\/uploads\/2021\/07\/inundacion_el_encano.jpg\",\"width\":1024,\"height\":682},{\"@type\":\"BreadcrumbList\",\"@id\":\"https:\/\/pagina10.com\/web\/emergencia-por-lluvias-en-el-corregimiento-de-el-encano-alrededor-de-34-familias-han-sido-afectadas\/#breadcrumb\",\"itemListElement\":[{\"@type\":\"ListItem\",\"position\":1,\"name\":\"Portada\",\"item\":\"https:\/\/pagina10.com\/web\/\"},{\"@type\":\"ListItem\",\"position\":2,\"name\":\"Emergencia por lluvias en el corregimiento de El Encano, alrededor de 34 familias han sido afectadas\"}]},{\"@type\":\"WebSite\",\"@id\":\"https:\/\/pagina10.com\/web\/#website\",\"url\":\"https:\/\/pagina10.com\/web\/\",\"name\":\"P\u00e1gina10\",\"description\":\"Peri\u00f3dico Regional\",\"publisher\":{\"@id\":\"https:\/\/pagina10.com\/web\/#organization\"},\"alternateName\":\"P\u00e1gina10 Peri\u00f3dico Regional\",\"potentialAction\":[{\"@type\":\"SearchAction\",\"target\":{\"@type\":\"EntryPoint\",\"urlTemplate\":\"https:\/\/pagina10.com\/web\/?s={search_term_string}\"},\"query-input\":{\"@type\":\"PropertyValueSpecification\",\"valueRequired\":true,\"valueName\":\"search_term_string\"}}],\"inLanguage\":\"es\"},{\"@type\":\"Organization\",\"@id\":\"https:\/\/pagina10.com\/web\/#organization\",\"name\":\"P\u00e1gina10\",\"alternateName\":\"P\u00e1gina10 Peri\u00f3dico Regional\",\"url\":\"https:\/\/pagina10.com\/web\/\",\"logo\":{\"@type\":\"ImageObject\",\"inLanguage\":\"es\",\"@id\":\"https:\/\/pagina10.com\/web\/#\/schema\/logo\/image\/\",\"url\":\"https:\/\/pagina10.com\/web\/wp-content\/uploads\/2024\/01\/40-pagina-10-periodico-regional-pasto.jpg\",\"contentUrl\":\"https:\/\/pagina10.com\/web\/wp-content\/uploads\/2024\/01\/40-pagina-10-periodico-regional-pasto.jpg\",\"width\":1280,\"height\":720,\"caption\":\"P\u00e1gina10\"},\"image\":{\"@id\":\"https:\/\/pagina10.com\/web\/#\/schema\/logo\/image\/\"},\"sameAs\":[\"https:\/\/www.facebook.com\/pag10com\",\"https:\/\/x.com\/Pag10com\",\"https:\/\/www.instagram.com\/pagina10col\/\",\"https:\/\/youtube.com\/channel\/pag10\",\"https:\/\/www.tiktok.com\/@p10col\"]},{\"@type\":\"Person\",\"@id\":\"https:\/\/pagina10.com\/web\/#\/schema\/person\/2efc4a090d25b667d3bc796798a3a81b\",\"name\":\"P\u00e1gina 10\",\"description\":\"P\u00e1gina 10 es un peri\u00f3dico regional que nace en Colombia, en el departamento de Nari\u00f1o, con un enfoque global, fundamentado en cuatro pilares esenciales: la libertad, el pluralismo, la inclusi\u00f3n y la independencia. P\u00e1gina 10 hace referencia a Nari\u00f1o como el d\u00e9cimo departamento creado en Colombia, despu\u00e9s de un proceso pol\u00edtico liderado por actores y actrices regionales con el fin de obtener la independencia y autonom\u00eda de nuestros territorios. Con la creaci\u00f3n de P\u00e1gina 10 se pretende abrir un escenario para el dialogo, la reflexi\u00f3n y el debate que se extienda a otras geograf\u00edas de Am\u00e9rica Latina y del planeta, en una apuesta por transformar colectivamente los desaf\u00edos de un mundo contempor\u00e1neo, m\u00e1s all\u00e1 de las fronteras impuestas.\",\"url\":\"https:\/\/pagina10.com\/web\/author\/pdiezadmin\/\"}]}<\/script>\n<!-- \/ Yoast SEO plugin. -->","yoast_head_json":{"title":"Emergencia por lluvias en el corregimiento de El Encano, alrededor de 34 familias han sido afectadas | P\u00e1gina10","robots":{"index":"index","follow":"follow","max-snippet":"max-snippet:-1","max-image-preview":"max-image-preview:large","max-video-preview":"max-video-preview:-1"},"canonical":"https:\/\/pagina10.com\/web\/emergencia-por-lluvias-en-el-corregimiento-de-el-encano-alrededor-de-34-familias-han-sido-afectadas\/","og_locale":"es_ES","og_type":"article","og_title":"Emergencia por lluvias en el corregimiento de El Encano, alrededor de 34 familias han sido afectadas | P\u00e1gina10","og_description":"Ante la emergencia presentada por las inundaciones en la vereda El Puerto del corregimiento de El Encano, el Alcalde Germ\u00e1n Chamorro De La Rosa se reuni\u00f3 con los habitantes de este sector, en compa\u00f1\u00eda de la Direcci\u00f3n de Riesgo de Desastres del Municipio, la Secretar\u00eda de Gesti\u00f3n Ambiental y la Autoridad Ind\u00edgena. El censo inicial [&hellip;]","og_url":"https:\/\/pagina10.com\/web\/emergencia-por-lluvias-en-el-corregimiento-de-el-encano-alrededor-de-34-familias-han-sido-afectadas\/","og_site_name":"P\u00e1gina10","article_publisher":"https:\/\/www.facebook.com\/pag10com","article_published_time":"2021-07-20T12:10:22+00:00","og_image":[{"width":1024,"height":682,"url":"https:\/\/pagina10.com\/web\/wp-content\/uploads\/2021\/07\/inundacion_el_encano.jpg","type":"image\/jpeg"}],"author":"P\u00e1gina 10","twitter_card":"summary_large_image","twitter_creator":"@Pag10com","twitter_site":"@Pag10com","twitter_misc":{"Escrito por":"P\u00e1gina 10","Tiempo de lectura":"1 minuto"},"schema":{"@context":"https:\/\/schema.org","@graph":[{"@type":"Article","@id":"https:\/\/pagina10.com\/web\/emergencia-por-lluvias-en-el-corregimiento-de-el-encano-alrededor-de-34-familias-han-sido-afectadas\/#article","isPartOf":{"@id":"https:\/\/pagina10.com\/web\/emergencia-por-lluvias-en-el-corregimiento-de-el-encano-alrededor-de-34-familias-han-sido-afectadas\/"},"author":{"name":"P\u00e1gina 10","@id":"https:\/\/pagina10.com\/web\/#\/schema\/person\/2efc4a090d25b667d3bc796798a3a81b"},"headline":"Emergencia por lluvias en el corregimiento de El Encano, alrededor de 34 familias han sido afectadas","datePublished":"2021-07-20T12:10:22+00:00","mainEntityOfPage":{"@id":"https:\/\/pagina10.com\/web\/emergencia-por-lluvias-en-el-corregimiento-de-el-encano-alrededor-de-34-familias-han-sido-afectadas\/"},"wordCount":256,"commentCount":0,"publisher":{"@id":"https:\/\/pagina10.com\/web\/#organization"},"image":{"@id":"https:\/\/pagina10.com\/web\/emergencia-por-lluvias-en-el-corregimiento-de-el-encano-alrededor-de-34-familias-han-sido-afectadas\/#primaryimage"},"thumbnailUrl":"https:\/\/pagina10.com\/web\/wp-content\/uploads\/2021\/07\/inundacion_el_encano.jpg","articleSection":["Ciudad"],"inLanguage":"es","potentialAction":[{"@type":"CommentAction","name":"Comment","target":["https:\/\/pagina10.com\/web\/emergencia-por-lluvias-en-el-corregimiento-de-el-encano-alrededor-de-34-familias-han-sido-afectadas\/#respond"]}]},{"@type":"WebPage","@id":"https:\/\/pagina10.com\/web\/emergencia-por-lluvias-en-el-corregimiento-de-el-encano-alrededor-de-34-familias-han-sido-afectadas\/","url":"https:\/\/pagina10.com\/web\/emergencia-por-lluvias-en-el-corregimiento-de-el-encano-alrededor-de-34-familias-han-sido-afectadas\/","name":"Emergencia por lluvias en el corregimiento de El Encano, alrededor de 34 familias han sido afectadas | P\u00e1gina10","isPartOf":{"@id":"https:\/\/pagina10.com\/web\/#website"},"primaryImageOfPage":{"@id":"https:\/\/pagina10.com\/web\/emergencia-por-lluvias-en-el-corregimiento-de-el-encano-alrededor-de-34-familias-han-sido-afectadas\/#primaryimage"},"image":{"@id":"https:\/\/pagina10.com\/web\/emergencia-por-lluvias-en-el-corregimiento-de-el-encano-alrededor-de-34-familias-han-sido-afectadas\/#primaryimage"},"thumbnailUrl":"https:\/\/pagina10.com\/web\/wp-content\/uploads\/2021\/07\/inundacion_el_encano.jpg","datePublished":"2021-07-20T12:10:22+00:00","breadcrumb":{"@id":"https:\/\/pagina10.com\/web\/emergencia-por-lluvias-en-el-corregimiento-de-el-encano-alrededor-de-34-familias-han-sido-afectadas\/#breadcrumb"},"inLanguage":"es","potentialAction":[{"@type":"ReadAction","target":["https:\/\/pagina10.com\/web\/emergencia-por-lluvias-en-el-corregimiento-de-el-encano-alrededor-de-34-familias-han-sido-afectadas\/"]}]},{"@type":"ImageObject","inLanguage":"es","@id":"https:\/\/pagina10.com\/web\/emergencia-por-lluvias-en-el-corregimiento-de-el-encano-alrededor-de-34-familias-han-sido-afectadas\/#primaryimage","url":"https:\/\/pagina10.com\/web\/wp-content\/uploads\/2021\/07\/inundacion_el_encano.jpg","contentUrl":"https:\/\/pagina10.com\/web\/wp-content\/uploads\/2021\/07\/inundacion_el_encano.jpg","width":1024,"height":682},{"@type":"BreadcrumbList","@id":"https:\/\/pagina10.com\/web\/emergencia-por-lluvias-en-el-corregimiento-de-el-encano-alrededor-de-34-familias-han-sido-afectadas\/#breadcrumb","itemListElement":[{"@type":"ListItem","position":1,"name":"Portada","item":"https:\/\/pagina10.com\/web\/"},{"@type":"ListItem","position":2,"name":"Emergencia por lluvias en el corregimiento de El Encano, alrededor de 34 familias han sido afectadas"}]},{"@type":"WebSite","@id":"https:\/\/pagina10.com\/web\/#website","url":"https:\/\/pagina10.com\/web\/","name":"P\u00e1gina10","description":"Peri\u00f3dico Regional","publisher":{"@id":"https:\/\/pagina10.com\/web\/#organization"},"alternateName":"P\u00e1gina10 Peri\u00f3dico Regional","potentialAction":[{"@type":"SearchAction","target":{"@type":"EntryPoint","urlTemplate":"https:\/\/pagina10.com\/web\/?s={search_term_string}"},"query-input":{"@type":"PropertyValueSpecification","valueRequired":true,"valueName":"search_term_string"}}],"inLanguage":"es"},{"@type":"Organization","@id":"https:\/\/pagina10.com\/web\/#organization","name":"P\u00e1gina10","alternateName":"P\u00e1gina10 Peri\u00f3dico Regional","url":"https:\/\/pagina10.com\/web\/","logo":{"@type":"ImageObject","inLanguage":"es","@id":"https:\/\/pagina10.com\/web\/#\/schema\/logo\/image\/","url":"https:\/\/pagina10.com\/web\/wp-content\/uploads\/2024\/01\/40-pagina-10-periodico-regional-pasto.jpg","contentUrl":"https:\/\/pagina10.com\/web\/wp-content\/uploads\/2024\/01\/40-pagina-10-periodico-regional-pasto.jpg","width":1280,"height":720,"caption":"P\u00e1gina10"},"image":{"@id":"https:\/\/pagina10.com\/web\/#\/schema\/logo\/image\/"},"sameAs":["https:\/\/www.facebook.com\/pag10com","https:\/\/x.com\/Pag10com","https:\/\/www.instagram.com\/pagina10col\/","https:\/\/youtube.com\/channel\/pag10","https:\/\/www.tiktok.com\/@p10col"]},{"@type":"Person","@id":"https:\/\/pagina10.com\/web\/#\/schema\/person\/2efc4a090d25b667d3bc796798a3a81b","name":"P\u00e1gina 10","description":"P\u00e1gina 10 es un peri\u00f3dico regional que nace en Colombia, en el departamento de Nari\u00f1o, con un enfoque global, fundamentado en cuatro pilares esenciales: la libertad, el pluralismo, la inclusi\u00f3n y la independencia. P\u00e1gina 10 hace referencia a Nari\u00f1o como el d\u00e9cimo departamento creado en Colombia, despu\u00e9s de un proceso pol\u00edtico liderado por actores y actrices regionales con el fin de obtener la independencia y autonom\u00eda de nuestros territorios. Con la creaci\u00f3n de P\u00e1gina 10 se pretende abrir un escenario para el dialogo, la reflexi\u00f3n y el debate que se extienda a otras geograf\u00edas de Am\u00e9rica Latina y del planeta, en una apuesta por transformar colectivamente los desaf\u00edos de un mundo contempor\u00e1neo, m\u00e1s all\u00e1 de las fronteras impuestas.","url":"https:\/\/pagina10.com\/web\/author\/pdiezadmin\/"}]}},"_links":{"self":[{"href":"https:\/\/pagina10.com\/web\/wp-json\/wp\/v2\/posts\/54181","targetHints":{"allow":["GET"]}}],"collection":[{"href":"https:\/\/pagina10.com\/web\/wp-json\/wp\/v2\/posts"}],"about":[{"href":"https:\/\/pagina10.com\/web\/wp-json\/wp\/v2\/types\/post"}],"author":[{"embeddable":true,"href":"https:\/\/pagina10.com\/web\/wp-json\/wp\/v2\/users\/1"}],"replies":[{"embeddable":true,"href":"https:\/\/pagina10.com\/web\/wp-json\/wp\/v2\/comments?post=54181"}],"version-history":[{"count":1,"href":"https:\/\/pagina10.com\/web\/wp-json\/wp\/v2\/posts\/54181\/revisions"}],"predecessor-version":[{"id":54183,"href":"https:\/\/pagina10.com\/web\/wp-json\/wp\/v2\/posts\/54181\/revisions\/54183"}],"wp:featuredmedia":[{"embeddable":true,"href":"https:\/\/pagina10.com\/web\/wp-json\/wp\/v2\/media\/54182"}],"wp:attachment":[{"href":"https:\/\/pagina10.com\/web\/wp-json\/wp\/v2\/media?parent=54181"}],"wp:term":[{"taxonomy":"category","embeddable":true,"href":"https:\/\/pagina10.com\/web\/wp-json\/wp\/v2\/categories?post=54181"},{"taxonomy":"post_tag","embeddable":true,"href":"https:\/\/pagina10.com\/web\/wp-json\/wp\/v2\/tags?post=54181"}],"curies":[{"name":"wp","href":"https:\/\/api.w.org\/{rel}","templated":true}]}}