{"id":54211,"date":"2021-07-20T19:43:35","date_gmt":"2021-07-21T00:43:35","guid":{"rendered":"https:\/\/pagina10.com\/web\/?p=54211"},"modified":"2021-07-20T19:44:46","modified_gmt":"2021-07-21T00:44:46","slug":"dura-respuesta-de-la-oposicion-a-duque-durante-en-la-instalacion-del-congreso","status":"publish","type":"post","link":"https:\/\/pagina10.com\/web\/dura-respuesta-de-la-oposicion-a-duque-durante-en-la-instalacion-del-congreso\/","title":{"rendered":"Dura respuesta de la oposici\u00f3n a Duque durante la instalaci\u00f3n del Congreso"},"content":{"rendered":"<p style=\"text-align: justify;\"><span style=\"font-weight: 400;\">Durante la instalaci\u00f3n de la \u00faltima legislatura del Congreso de la Rep\u00fablica, los partidos de oposici\u00f3n expresaron de manera cr\u00edtica el mal manejo de la pandemia, de la crisis social y de los derechos humanos que aquejan en el territorio nacional.<\/span><\/p>\n<p style=\"text-align: justify;\"><span style=\"font-weight: 400;\">El senador del partido verde, Antonio Sanguino sostuvo que la nueva legislatura tendr\u00e1 que afrontar grandes desaf\u00edos debido al creciente estallido social. Adem\u00e1s, critic\u00f3 al presidente Duque,sus ministros y a las bancadas de gobierno &#8220;por esquivar con reformas que no atienden las necesidades del pueblo&#8221;.<\/span><\/p>\n<p style=\"text-align: justify;\"><span style=\"font-weight: 400;\">El vocero del partido verde en su intervenci\u00f3n tambi\u00e9n expuso que en materia de derechos humanos el pa\u00eds ha retrocedido a &#8220;las oscuras \u00e9pocas del Estatuto de Seguridad&#8221;, adem\u00e1s agreg\u00f3 que &#8220;los incumplimientos de los acuerdos han tra\u00eddo masacres de l\u00edderes ambientales y sociales desconociendo las garant\u00edas sociales y la deslegitimaci\u00f3n de la protesta social&#8221;.<\/span><\/p>\n<p style=\"text-align: justify;\"><span style=\"font-weight: 400;\">La representante a la C\u00e1mara por el coalici\u00f3n decentes Mar\u00eda Jos\u00e9 Pizarro, en nombre del Pacto Hist\u00f3rico critic\u00f3 la ausencia del presidente Iv\u00e1n Duque durante las intervenciones de la oposici\u00f3n, \u201cle hablaremos a Colombia, estamos viviendo una de las \u00e9pocas m\u00e1s dolorosas de nuestro pa\u00eds y este es legado por el que el presidente Duque ser\u00e1 recordado, por mezquindad y pobreza\u201d.\u00a0<\/span><\/p>\n<p style=\"text-align: justify;\"><span style=\"font-weight: 400;\">Frente al reconocimiento que hizo el presidente Duque al personal de la salud, sostuvo que ellos est\u00e1n esperando sus sueldos y condiciones laborales dignas, \u201cDuque no prioriz\u00f3 la vida, no han llegado el n\u00famero de vacunas necesarias para la inmunidad de reba\u00f1o, prioriz\u00f3 a la banca, no apoyo a las peque\u00f1as empresas que emplean mujeres y j\u00f3venes en el pa\u00eds\u201d.\u00a0<\/span><\/p>\n<p style=\"text-align: justify;\"><span style=\"font-weight: 400;\">De la misma manera hizo alusi\u00f3n a que la matr\u00edcula cero fue un triunfo de los estudiantes y no del gobierno.<\/span><\/p>\n<p style=\"text-align: justify;\"><span style=\"font-weight: 400;\">Tambi\u00e9n expuso que en un gobierno que dice que no existir\u00e1 la violencia, \u201c84 j\u00f3venes han sido asesinados, 82 mutilados y 28 mujeres abusadas&#8221;, asegur\u00f3.\u00a0<\/span><\/p>\n<p style=\"text-align: justify;\"><span style=\"font-weight: 400;\">La representante por el Pacto Hist\u00f3rico expres\u00f3 que, \u201ceste mensaje no es para un gobierno c\u00ednico y mentiroso sino para una Colombia, desde el respeto y reconocimiento invitamos a toda la sociedad a un gran di\u00e1logo social sin precedentes que debe comenzar con la juventud, por las mujeres, por las pensiones dignas. Colombia la tenemos que construir todos y todas, necesitamos un grito de amor por Colombia\u201d.<\/span><\/p>\n<p style=\"text-align: justify;\"><span style=\"font-weight: 400;\">El senador Catatumbo dijo que el Gobierno Nacional se ha empe\u00f1ado en afectar a la poblaci\u00f3n con varias situaciones que se presentan y que no han sido atendidas.<\/span><\/p>\n<p style=\"text-align: justify;\"><span style=\"font-weight: 400;\">El senador sostuvo que el desempleo se duplic\u00f3 al 15%, adem\u00e1s que las limitaciones para el acceso a la salud y mal manejo de la pandemia reflej\u00f3 las falencias de nuestro Sistema de Salud.<\/span><\/p>\n","protected":false},"excerpt":{"rendered":"<p>Durante la instalaci\u00f3n de la \u00faltima legislatura del Congreso de la Rep\u00fablica, los partidos de oposici\u00f3n expresaron de manera cr\u00edtica el mal manejo de la pandemia, de la crisis social y de los derechos humanos que aquejan en el territorio nacional. El senador del partido verde, Antonio Sanguino sostuvo que la nueva legislatura tendr\u00e1 que [&hellip;]<\/p>\n","protected":false},"author":1,"featured_media":54210,"comment_status":"open","ping_status":"open","sticky":false,"template":"","format":"standard","meta":{"footnotes":""},"categories":[94],"tags":[],"class_list":["post-54211","post","type-post","status-publish","format-standard","has-post-thumbnail","hentry","category-nacional-global-2"],"yoast_head":"<!-- This site is optimized with the Yoast SEO plugin v27.1.1 - https:\/\/yoast.com\/product\/yoast-seo-wordpress\/ -->\n<title>Dura respuesta de la oposici\u00f3n a Duque durante la instalaci\u00f3n del Congreso | P\u00e1gina10<\/title>\n<meta name=\"robots\" content=\"index, follow, max-snippet:-1, max-image-preview:large, max-video-preview:-1\" \/>\n<link rel=\"canonical\" href=\"https:\/\/pagina10.com\/web\/dura-respuesta-de-la-oposicion-a-duque-durante-en-la-instalacion-del-congreso\/\" \/>\n<meta property=\"og:locale\" content=\"es_ES\" \/>\n<meta property=\"og:type\" content=\"article\" \/>\n<meta property=\"og:title\" content=\"Dura respuesta de la oposici\u00f3n a Duque durante la instalaci\u00f3n del Congreso | P\u00e1gina10\" \/>\n<meta property=\"og:description\" content=\"Durante la instalaci\u00f3n de la \u00faltima legislatura del Congreso de la Rep\u00fablica, los partidos de oposici\u00f3n expresaron de manera cr\u00edtica el mal manejo de la pandemia, de la crisis social y de los derechos humanos que aquejan en el territorio nacional. El senador del partido verde, Antonio Sanguino sostuvo que la nueva legislatura tendr\u00e1 que [&hellip;]\" \/>\n<meta property=\"og:url\" content=\"https:\/\/pagina10.com\/web\/dura-respuesta-de-la-oposicion-a-duque-durante-en-la-instalacion-del-congreso\/\" \/>\n<meta property=\"og:site_name\" content=\"P\u00e1gina10\" \/>\n<meta property=\"article:publisher\" content=\"https:\/\/www.facebook.com\/pag10com\" \/>\n<meta property=\"article:published_time\" content=\"2021-07-21T00:43:35+00:00\" \/>\n<meta property=\"article:modified_time\" content=\"2021-07-21T00:44:46+00:00\" \/>\n<meta property=\"og:image\" content=\"https:\/\/pagina10.com\/web\/wp-content\/uploads\/2021\/07\/Repre_Pizarro_en_Congreso_Pleno.jpeg\" \/>\n\t<meta property=\"og:image:width\" content=\"1280\" \/>\n\t<meta property=\"og:image:height\" content=\"854\" \/>\n\t<meta property=\"og:image:type\" content=\"image\/jpeg\" \/>\n<meta name=\"author\" content=\"P\u00e1gina 10\" \/>\n<meta name=\"twitter:card\" content=\"summary_large_image\" \/>\n<meta name=\"twitter:creator\" content=\"@Pag10com\" \/>\n<meta name=\"twitter:site\" content=\"@Pag10com\" \/>\n<meta name=\"twitter:label1\" content=\"Escrito por\" \/>\n\t<meta name=\"twitter:data1\" content=\"P\u00e1gina 10\" \/>\n\t<meta name=\"twitter:label2\" content=\"Tiempo de lectura\" \/>\n\t<meta name=\"twitter:data2\" content=\"2 minutos\" \/>\n<script type=\"application\/ld+json\" class=\"yoast-schema-graph\">{\"@context\":\"https:\/\/schema.org\",\"@graph\":[{\"@type\":\"Article\",\"@id\":\"https:\/\/pagina10.com\/web\/dura-respuesta-de-la-oposicion-a-duque-durante-en-la-instalacion-del-congreso\/#article\",\"isPartOf\":{\"@id\":\"https:\/\/pagina10.com\/web\/dura-respuesta-de-la-oposicion-a-duque-durante-en-la-instalacion-del-congreso\/\"},\"author\":{\"name\":\"P\u00e1gina 10\",\"@id\":\"https:\/\/pagina10.com\/web\/#\/schema\/person\/2efc4a090d25b667d3bc796798a3a81b\"},\"headline\":\"Dura respuesta de la oposici\u00f3n a Duque durante la instalaci\u00f3n del Congreso\",\"datePublished\":\"2021-07-21T00:43:35+00:00\",\"dateModified\":\"2021-07-21T00:44:46+00:00\",\"mainEntityOfPage\":{\"@id\":\"https:\/\/pagina10.com\/web\/dura-respuesta-de-la-oposicion-a-duque-durante-en-la-instalacion-del-congreso\/\"},\"wordCount\":486,\"commentCount\":0,\"publisher\":{\"@id\":\"https:\/\/pagina10.com\/web\/#organization\"},\"image\":{\"@id\":\"https:\/\/pagina10.com\/web\/dura-respuesta-de-la-oposicion-a-duque-durante-en-la-instalacion-del-congreso\/#primaryimage\"},\"thumbnailUrl\":\"https:\/\/pagina10.com\/web\/wp-content\/uploads\/2021\/07\/Repre_Pizarro_en_Congreso_Pleno.jpeg\",\"articleSection\":[\"Nacional\"],\"inLanguage\":\"es\",\"potentialAction\":[{\"@type\":\"CommentAction\",\"name\":\"Comment\",\"target\":[\"https:\/\/pagina10.com\/web\/dura-respuesta-de-la-oposicion-a-duque-durante-en-la-instalacion-del-congreso\/#respond\"]}]},{\"@type\":\"WebPage\",\"@id\":\"https:\/\/pagina10.com\/web\/dura-respuesta-de-la-oposicion-a-duque-durante-en-la-instalacion-del-congreso\/\",\"url\":\"https:\/\/pagina10.com\/web\/dura-respuesta-de-la-oposicion-a-duque-durante-en-la-instalacion-del-congreso\/\",\"name\":\"Dura respuesta de la oposici\u00f3n a Duque durante la instalaci\u00f3n del Congreso | P\u00e1gina10\",\"isPartOf\":{\"@id\":\"https:\/\/pagina10.com\/web\/#website\"},\"primaryImageOfPage\":{\"@id\":\"https:\/\/pagina10.com\/web\/dura-respuesta-de-la-oposicion-a-duque-durante-en-la-instalacion-del-congreso\/#primaryimage\"},\"image\":{\"@id\":\"https:\/\/pagina10.com\/web\/dura-respuesta-de-la-oposicion-a-duque-durante-en-la-instalacion-del-congreso\/#primaryimage\"},\"thumbnailUrl\":\"https:\/\/pagina10.com\/web\/wp-content\/uploads\/2021\/07\/Repre_Pizarro_en_Congreso_Pleno.jpeg\",\"datePublished\":\"2021-07-21T00:43:35+00:00\",\"dateModified\":\"2021-07-21T00:44:46+00:00\",\"breadcrumb\":{\"@id\":\"https:\/\/pagina10.com\/web\/dura-respuesta-de-la-oposicion-a-duque-durante-en-la-instalacion-del-congreso\/#breadcrumb\"},\"inLanguage\":\"es\",\"potentialAction\":[{\"@type\":\"ReadAction\",\"target\":[\"https:\/\/pagina10.com\/web\/dura-respuesta-de-la-oposicion-a-duque-durante-en-la-instalacion-del-congreso\/\"]}]},{\"@type\":\"ImageObject\",\"inLanguage\":\"es\",\"@id\":\"https:\/\/pagina10.com\/web\/dura-respuesta-de-la-oposicion-a-duque-durante-en-la-instalacion-del-congreso\/#primaryimage\",\"url\":\"https:\/\/pagina10.com\/web\/wp-content\/uploads\/2021\/07\/Repre_Pizarro_en_Congreso_Pleno.jpeg\",\"contentUrl\":\"https:\/\/pagina10.com\/web\/wp-content\/uploads\/2021\/07\/Repre_Pizarro_en_Congreso_Pleno.jpeg\",\"width\":1280,\"height\":854,\"caption\":\"Tomada de: Congreso de la Rep\u00fablica\"},{\"@type\":\"BreadcrumbList\",\"@id\":\"https:\/\/pagina10.com\/web\/dura-respuesta-de-la-oposicion-a-duque-durante-en-la-instalacion-del-congreso\/#breadcrumb\",\"itemListElement\":[{\"@type\":\"ListItem\",\"position\":1,\"name\":\"Portada\",\"item\":\"https:\/\/pagina10.com\/web\/\"},{\"@type\":\"ListItem\",\"position\":2,\"name\":\"Dura respuesta de la oposici\u00f3n a Duque durante la instalaci\u00f3n del Congreso\"}]},{\"@type\":\"WebSite\",\"@id\":\"https:\/\/pagina10.com\/web\/#website\",\"url\":\"https:\/\/pagina10.com\/web\/\",\"name\":\"P\u00e1gina10\",\"description\":\"Peri\u00f3dico Regional\",\"publisher\":{\"@id\":\"https:\/\/pagina10.com\/web\/#organization\"},\"alternateName\":\"P\u00e1gina10 Peri\u00f3dico Regional\",\"potentialAction\":[{\"@type\":\"SearchAction\",\"target\":{\"@type\":\"EntryPoint\",\"urlTemplate\":\"https:\/\/pagina10.com\/web\/?s={search_term_string}\"},\"query-input\":{\"@type\":\"PropertyValueSpecification\",\"valueRequired\":true,\"valueName\":\"search_term_string\"}}],\"inLanguage\":\"es\"},{\"@type\":\"Organization\",\"@id\":\"https:\/\/pagina10.com\/web\/#organization\",\"name\":\"P\u00e1gina10\",\"alternateName\":\"P\u00e1gina10 Peri\u00f3dico Regional\",\"url\":\"https:\/\/pagina10.com\/web\/\",\"logo\":{\"@type\":\"ImageObject\",\"inLanguage\":\"es\",\"@id\":\"https:\/\/pagina10.com\/web\/#\/schema\/logo\/image\/\",\"url\":\"https:\/\/pagina10.com\/web\/wp-content\/uploads\/2024\/01\/40-pagina-10-periodico-regional-pasto.jpg\",\"contentUrl\":\"https:\/\/pagina10.com\/web\/wp-content\/uploads\/2024\/01\/40-pagina-10-periodico-regional-pasto.jpg\",\"width\":1280,\"height\":720,\"caption\":\"P\u00e1gina10\"},\"image\":{\"@id\":\"https:\/\/pagina10.com\/web\/#\/schema\/logo\/image\/\"},\"sameAs\":[\"https:\/\/www.facebook.com\/pag10com\",\"https:\/\/x.com\/Pag10com\",\"https:\/\/www.instagram.com\/pagina10col\/\",\"https:\/\/youtube.com\/channel\/pag10\",\"https:\/\/www.tiktok.com\/@p10col\"]},{\"@type\":\"Person\",\"@id\":\"https:\/\/pagina10.com\/web\/#\/schema\/person\/2efc4a090d25b667d3bc796798a3a81b\",\"name\":\"P\u00e1gina 10\",\"description\":\"P\u00e1gina 10 es un peri\u00f3dico regional que nace en Colombia, en el departamento de Nari\u00f1o, con un enfoque global, fundamentado en cuatro pilares esenciales: la libertad, el pluralismo, la inclusi\u00f3n y la independencia. P\u00e1gina 10 hace referencia a Nari\u00f1o como el d\u00e9cimo departamento creado en Colombia, despu\u00e9s de un proceso pol\u00edtico liderado por actores y actrices regionales con el fin de obtener la independencia y autonom\u00eda de nuestros territorios. Con la creaci\u00f3n de P\u00e1gina 10 se pretende abrir un escenario para el dialogo, la reflexi\u00f3n y el debate que se extienda a otras geograf\u00edas de Am\u00e9rica Latina y del planeta, en una apuesta por transformar colectivamente los desaf\u00edos de un mundo contempor\u00e1neo, m\u00e1s all\u00e1 de las fronteras impuestas.\",\"url\":\"https:\/\/pagina10.com\/web\/author\/pdiezadmin\/\"}]}<\/script>\n<!-- \/ Yoast SEO plugin. -->","yoast_head_json":{"title":"Dura respuesta de la oposici\u00f3n a Duque durante la instalaci\u00f3n del Congreso | P\u00e1gina10","robots":{"index":"index","follow":"follow","max-snippet":"max-snippet:-1","max-image-preview":"max-image-preview:large","max-video-preview":"max-video-preview:-1"},"canonical":"https:\/\/pagina10.com\/web\/dura-respuesta-de-la-oposicion-a-duque-durante-en-la-instalacion-del-congreso\/","og_locale":"es_ES","og_type":"article","og_title":"Dura respuesta de la oposici\u00f3n a Duque durante la instalaci\u00f3n del Congreso | P\u00e1gina10","og_description":"Durante la instalaci\u00f3n de la \u00faltima legislatura del Congreso de la Rep\u00fablica, los partidos de oposici\u00f3n expresaron de manera cr\u00edtica el mal manejo de la pandemia, de la crisis social y de los derechos humanos que aquejan en el territorio nacional. El senador del partido verde, Antonio Sanguino sostuvo que la nueva legislatura tendr\u00e1 que [&hellip;]","og_url":"https:\/\/pagina10.com\/web\/dura-respuesta-de-la-oposicion-a-duque-durante-en-la-instalacion-del-congreso\/","og_site_name":"P\u00e1gina10","article_publisher":"https:\/\/www.facebook.com\/pag10com","article_published_time":"2021-07-21T00:43:35+00:00","article_modified_time":"2021-07-21T00:44:46+00:00","og_image":[{"width":1280,"height":854,"url":"https:\/\/pagina10.com\/web\/wp-content\/uploads\/2021\/07\/Repre_Pizarro_en_Congreso_Pleno.jpeg","type":"image\/jpeg"}],"author":"P\u00e1gina 10","twitter_card":"summary_large_image","twitter_creator":"@Pag10com","twitter_site":"@Pag10com","twitter_misc":{"Escrito por":"P\u00e1gina 10","Tiempo de lectura":"2 minutos"},"schema":{"@context":"https:\/\/schema.org","@graph":[{"@type":"Article","@id":"https:\/\/pagina10.com\/web\/dura-respuesta-de-la-oposicion-a-duque-durante-en-la-instalacion-del-congreso\/#article","isPartOf":{"@id":"https:\/\/pagina10.com\/web\/dura-respuesta-de-la-oposicion-a-duque-durante-en-la-instalacion-del-congreso\/"},"author":{"name":"P\u00e1gina 10","@id":"https:\/\/pagina10.com\/web\/#\/schema\/person\/2efc4a090d25b667d3bc796798a3a81b"},"headline":"Dura respuesta de la oposici\u00f3n a Duque durante la instalaci\u00f3n del Congreso","datePublished":"2021-07-21T00:43:35+00:00","dateModified":"2021-07-21T00:44:46+00:00","mainEntityOfPage":{"@id":"https:\/\/pagina10.com\/web\/dura-respuesta-de-la-oposicion-a-duque-durante-en-la-instalacion-del-congreso\/"},"wordCount":486,"commentCount":0,"publisher":{"@id":"https:\/\/pagina10.com\/web\/#organization"},"image":{"@id":"https:\/\/pagina10.com\/web\/dura-respuesta-de-la-oposicion-a-duque-durante-en-la-instalacion-del-congreso\/#primaryimage"},"thumbnailUrl":"https:\/\/pagina10.com\/web\/wp-content\/uploads\/2021\/07\/Repre_Pizarro_en_Congreso_Pleno.jpeg","articleSection":["Nacional"],"inLanguage":"es","potentialAction":[{"@type":"CommentAction","name":"Comment","target":["https:\/\/pagina10.com\/web\/dura-respuesta-de-la-oposicion-a-duque-durante-en-la-instalacion-del-congreso\/#respond"]}]},{"@type":"WebPage","@id":"https:\/\/pagina10.com\/web\/dura-respuesta-de-la-oposicion-a-duque-durante-en-la-instalacion-del-congreso\/","url":"https:\/\/pagina10.com\/web\/dura-respuesta-de-la-oposicion-a-duque-durante-en-la-instalacion-del-congreso\/","name":"Dura respuesta de la oposici\u00f3n a Duque durante la instalaci\u00f3n del Congreso | P\u00e1gina10","isPartOf":{"@id":"https:\/\/pagina10.com\/web\/#website"},"primaryImageOfPage":{"@id":"https:\/\/pagina10.com\/web\/dura-respuesta-de-la-oposicion-a-duque-durante-en-la-instalacion-del-congreso\/#primaryimage"},"image":{"@id":"https:\/\/pagina10.com\/web\/dura-respuesta-de-la-oposicion-a-duque-durante-en-la-instalacion-del-congreso\/#primaryimage"},"thumbnailUrl":"https:\/\/pagina10.com\/web\/wp-content\/uploads\/2021\/07\/Repre_Pizarro_en_Congreso_Pleno.jpeg","datePublished":"2021-07-21T00:43:35+00:00","dateModified":"2021-07-21T00:44:46+00:00","breadcrumb":{"@id":"https:\/\/pagina10.com\/web\/dura-respuesta-de-la-oposicion-a-duque-durante-en-la-instalacion-del-congreso\/#breadcrumb"},"inLanguage":"es","potentialAction":[{"@type":"ReadAction","target":["https:\/\/pagina10.com\/web\/dura-respuesta-de-la-oposicion-a-duque-durante-en-la-instalacion-del-congreso\/"]}]},{"@type":"ImageObject","inLanguage":"es","@id":"https:\/\/pagina10.com\/web\/dura-respuesta-de-la-oposicion-a-duque-durante-en-la-instalacion-del-congreso\/#primaryimage","url":"https:\/\/pagina10.com\/web\/wp-content\/uploads\/2021\/07\/Repre_Pizarro_en_Congreso_Pleno.jpeg","contentUrl":"https:\/\/pagina10.com\/web\/wp-content\/uploads\/2021\/07\/Repre_Pizarro_en_Congreso_Pleno.jpeg","width":1280,"height":854,"caption":"Tomada de: Congreso de la Rep\u00fablica"},{"@type":"BreadcrumbList","@id":"https:\/\/pagina10.com\/web\/dura-respuesta-de-la-oposicion-a-duque-durante-en-la-instalacion-del-congreso\/#breadcrumb","itemListElement":[{"@type":"ListItem","position":1,"name":"Portada","item":"https:\/\/pagina10.com\/web\/"},{"@type":"ListItem","position":2,"name":"Dura respuesta de la oposici\u00f3n a Duque durante la instalaci\u00f3n del Congreso"}]},{"@type":"WebSite","@id":"https:\/\/pagina10.com\/web\/#website","url":"https:\/\/pagina10.com\/web\/","name":"P\u00e1gina10","description":"Peri\u00f3dico Regional","publisher":{"@id":"https:\/\/pagina10.com\/web\/#organization"},"alternateName":"P\u00e1gina10 Peri\u00f3dico Regional","potentialAction":[{"@type":"SearchAction","target":{"@type":"EntryPoint","urlTemplate":"https:\/\/pagina10.com\/web\/?s={search_term_string}"},"query-input":{"@type":"PropertyValueSpecification","valueRequired":true,"valueName":"search_term_string"}}],"inLanguage":"es"},{"@type":"Organization","@id":"https:\/\/pagina10.com\/web\/#organization","name":"P\u00e1gina10","alternateName":"P\u00e1gina10 Peri\u00f3dico Regional","url":"https:\/\/pagina10.com\/web\/","logo":{"@type":"ImageObject","inLanguage":"es","@id":"https:\/\/pagina10.com\/web\/#\/schema\/logo\/image\/","url":"https:\/\/pagina10.com\/web\/wp-content\/uploads\/2024\/01\/40-pagina-10-periodico-regional-pasto.jpg","contentUrl":"https:\/\/pagina10.com\/web\/wp-content\/uploads\/2024\/01\/40-pagina-10-periodico-regional-pasto.jpg","width":1280,"height":720,"caption":"P\u00e1gina10"},"image":{"@id":"https:\/\/pagina10.com\/web\/#\/schema\/logo\/image\/"},"sameAs":["https:\/\/www.facebook.com\/pag10com","https:\/\/x.com\/Pag10com","https:\/\/www.instagram.com\/pagina10col\/","https:\/\/youtube.com\/channel\/pag10","https:\/\/www.tiktok.com\/@p10col"]},{"@type":"Person","@id":"https:\/\/pagina10.com\/web\/#\/schema\/person\/2efc4a090d25b667d3bc796798a3a81b","name":"P\u00e1gina 10","description":"P\u00e1gina 10 es un peri\u00f3dico regional que nace en Colombia, en el departamento de Nari\u00f1o, con un enfoque global, fundamentado en cuatro pilares esenciales: la libertad, el pluralismo, la inclusi\u00f3n y la independencia. P\u00e1gina 10 hace referencia a Nari\u00f1o como el d\u00e9cimo departamento creado en Colombia, despu\u00e9s de un proceso pol\u00edtico liderado por actores y actrices regionales con el fin de obtener la independencia y autonom\u00eda de nuestros territorios. Con la creaci\u00f3n de P\u00e1gina 10 se pretende abrir un escenario para el dialogo, la reflexi\u00f3n y el debate que se extienda a otras geograf\u00edas de Am\u00e9rica Latina y del planeta, en una apuesta por transformar colectivamente los desaf\u00edos de un mundo contempor\u00e1neo, m\u00e1s all\u00e1 de las fronteras impuestas.","url":"https:\/\/pagina10.com\/web\/author\/pdiezadmin\/"}]}},"_links":{"self":[{"href":"https:\/\/pagina10.com\/web\/wp-json\/wp\/v2\/posts\/54211","targetHints":{"allow":["GET"]}}],"collection":[{"href":"https:\/\/pagina10.com\/web\/wp-json\/wp\/v2\/posts"}],"about":[{"href":"https:\/\/pagina10.com\/web\/wp-json\/wp\/v2\/types\/post"}],"author":[{"embeddable":true,"href":"https:\/\/pagina10.com\/web\/wp-json\/wp\/v2\/users\/1"}],"replies":[{"embeddable":true,"href":"https:\/\/pagina10.com\/web\/wp-json\/wp\/v2\/comments?post=54211"}],"version-history":[{"count":2,"href":"https:\/\/pagina10.com\/web\/wp-json\/wp\/v2\/posts\/54211\/revisions"}],"predecessor-version":[{"id":54213,"href":"https:\/\/pagina10.com\/web\/wp-json\/wp\/v2\/posts\/54211\/revisions\/54213"}],"wp:featuredmedia":[{"embeddable":true,"href":"https:\/\/pagina10.com\/web\/wp-json\/wp\/v2\/media\/54210"}],"wp:attachment":[{"href":"https:\/\/pagina10.com\/web\/wp-json\/wp\/v2\/media?parent=54211"}],"wp:term":[{"taxonomy":"category","embeddable":true,"href":"https:\/\/pagina10.com\/web\/wp-json\/wp\/v2\/categories?post=54211"},{"taxonomy":"post_tag","embeddable":true,"href":"https:\/\/pagina10.com\/web\/wp-json\/wp\/v2\/tags?post=54211"}],"curies":[{"name":"wp","href":"https:\/\/api.w.org\/{rel}","templated":true}]}}