{"id":54215,"date":"2021-07-20T21:36:45","date_gmt":"2021-07-21T02:36:45","guid":{"rendered":"https:\/\/pagina10.com\/web\/?p=54215"},"modified":"2021-07-20T21:40:58","modified_gmt":"2021-07-21T02:40:58","slug":"polemicos-antecedentes-de-juan-diego-gomez-el-nuevo-presidente-del-senado","status":"publish","type":"post","link":"https:\/\/pagina10.com\/web\/polemicos-antecedentes-de-juan-diego-gomez-el-nuevo-presidente-del-senado\/","title":{"rendered":"Pol\u00e9micos antecedentes de Juan Diego G\u00f3mez, el nuevo presidente del Senado"},"content":{"rendered":"<p style=\"text-align: justify;\"><span style=\"font-weight: 400;\">En la nueva legislatura del Congreso de la Rep\u00fablica que inici\u00f3 este 20 de julio, los nuevos presidentes del Senado y la C\u00e1mara, son Juan Diego G\u00f3mez y Jennifer Arias, quienes fueron elegidos por la mayor\u00eda de las bancadas del Congreso.<\/span><\/p>\n<p style=\"text-align: justify;\"><span style=\"font-weight: 400;\">Con 93 votos de 101 votos, el senador conservador Juan Diego G\u00f3mez fue elegido como el nuevo Presidente del Senado de la Rep\u00fablica.\u00a0<\/span><\/p>\n<p style=\"text-align: justify;\"><span style=\"font-weight: 400;\">Por su parte la primera Vicepresidenta del Senado, es\u00a0 Maritza Mart\u00ednez Aristiz\u00e1bal, quien obtuvo 96 votos por el Si, y 2 en blanco, en total fueron 98 votos. La comisi\u00f3n escrutadora la conformaron la senadora nari\u00f1ense Miryam Paredes; Victoria Sandino y Ana Mar\u00eda Casta\u00f1eda.<\/span><\/p>\n<p style=\"text-align: justify;\"><span style=\"font-weight: 400;\">El segundo Vicepresidente del Senado, Iv\u00e1n Leonidas Name V\u00e1squez, y la comisi\u00f3n escrutadora para la elecci\u00f3n, la conformaron los congresistas: Miguel \u00c1ngel Pinto, el nari\u00f1ense Berner Zambrano y Jonatan Tamayo, quienes comunicaron, que el senador Name V\u00e1squez, fue elegido con 67 votos por el SI y un voto en blanco.<\/span><\/p>\n<p style=\"text-align: justify;\">Es mencionar que hab\u00eda una propuesta para que el parlamentario Gustavo Bol\u00edvar de\u00a0 Colombia Humana ocupara la segunda vicepresidencia en el Senado. Pero, en la plenaria tuvo una votaci\u00f3n en blanco de manera mayoritaria de 66 votos, contra 32 votos que se dieron a favor de Bol\u00edvar.<\/p>\n<p style=\"text-align: justify;\"><span style=\"font-weight: 400;\">La elecci\u00f3n del nuevo presidente del Senado de la Rep\u00fablica ha causado varias pol\u00e9micas en distintos sectores, debido a que en su discurso de posesi\u00f3n asegur\u00f3 que la \u00faltima legislatura estar\u00e1 enfocada a la agenda ambiental y social.\u00a0<\/span><\/p>\n<p style=\"text-align: justify;\"><span style=\"font-weight: 400;\">Empero, seg\u00fan inform\u00f3 Cuarto de Hora, varios sectores recuerdan a G\u00f3mez por su Presidencia en la Comisi\u00f3n Segunda del Senado, donde termin\u00f3 engavetado el proyecto de ratificaci\u00f3n del Acuerdo Escaz\u00fa.<\/span><\/p>\n<p style=\"text-align: justify;\"><span style=\"font-weight: 400;\">Ese no es el \u00fanico tema que ha puesto en controversia su nombramiento, ya que en las \u00faltimas horas se conoci\u00f3 un reporte hecho por los medios alternativos Vor\u00e1gine y Cuesti\u00f3n P\u00fablica, donde seg\u00fan su investigaci\u00f3n, G\u00f3mez estar\u00eda vinculado con negocios turbios.<\/span><\/p>\n<p style=\"text-align: justify;\"><span style=\"font-weight: 400;\">&#8220;Los antecedentes del nuevo presidente del Senado de la Rep\u00fablica incluyen un negocio con dos socios de un narcotraficante, una denuncia por estafa, una disputa familiar por tierras, y el embargo de su apartamento, su sueldo y su carro&#8221;, asegura el reporte hecho por Cuesti\u00f3n P\u00fablica.<\/span><\/p>\n<p style=\"text-align: justify;\"><span style=\"font-weight: 400;\">De acuerdo con la investigaci\u00f3n hecha por el medio de informaci\u00f3n Cuesti\u00f3n P\u00fablica, e<\/span><span style=\"text-transform: initial;\">n la \u00e9poca en la que Juan Diego G\u00f3mez Jim\u00e9nez era presidente de la Comisi\u00f3n Quinta de la C\u00e1mara de Representantes, entre 2012 y 2013, tuvo una reuni\u00f3n privada con Eleuberto Martorelli, expresidente de Odebrecht en Colombia, recordando que en aquella \u00e9poca Odebrecht pag\u00f3 al menos dos millones de d\u00f3lares en sobornos a senadores y pol\u00edticos conocidos como \u201cLos Bulldozer\u201d, por su capacidad para aplanar los obst\u00e1culos en favor de esa empresa y de sus socios.<\/span><\/p>\n<p>&nbsp;<\/p>\n<p>&nbsp;<\/p>\n<p style=\"text-align: justify;\">\n","protected":false},"excerpt":{"rendered":"<p>En la nueva legislatura del Congreso de la Rep\u00fablica que inici\u00f3 este 20 de julio, los nuevos presidentes del Senado y la C\u00e1mara, son Juan Diego G\u00f3mez y Jennifer Arias, quienes fueron elegidos por la mayor\u00eda de las bancadas del Congreso. Con 93 votos de 101 votos, el senador conservador Juan Diego G\u00f3mez fue elegido [&hellip;]<\/p>\n","protected":false},"author":1,"featured_media":54216,"comment_status":"open","ping_status":"open","sticky":false,"template":"","format":"standard","meta":{"footnotes":""},"categories":[94],"tags":[],"class_list":["post-54215","post","type-post","status-publish","format-standard","has-post-thumbnail","hentry","category-nacional-global-2"],"yoast_head":"<!-- This site is optimized with the Yoast SEO plugin v27.1.1 - https:\/\/yoast.com\/product\/yoast-seo-wordpress\/ -->\n<title>Pol\u00e9micos antecedentes de Juan Diego G\u00f3mez, el nuevo presidente del Senado | P\u00e1gina10<\/title>\n<meta name=\"robots\" content=\"index, follow, max-snippet:-1, max-image-preview:large, max-video-preview:-1\" \/>\n<link rel=\"canonical\" href=\"https:\/\/pagina10.com\/web\/polemicos-antecedentes-de-juan-diego-gomez-el-nuevo-presidente-del-senado\/\" \/>\n<meta property=\"og:locale\" content=\"es_ES\" \/>\n<meta property=\"og:type\" content=\"article\" \/>\n<meta property=\"og:title\" content=\"Pol\u00e9micos antecedentes de Juan Diego G\u00f3mez, el nuevo presidente del Senado | P\u00e1gina10\" \/>\n<meta property=\"og:description\" content=\"En la nueva legislatura del Congreso de la Rep\u00fablica que inici\u00f3 este 20 de julio, los nuevos presidentes del Senado y la C\u00e1mara, son Juan Diego G\u00f3mez y Jennifer Arias, quienes fueron elegidos por la mayor\u00eda de las bancadas del Congreso. Con 93 votos de 101 votos, el senador conservador Juan Diego G\u00f3mez fue elegido [&hellip;]\" \/>\n<meta property=\"og:url\" content=\"https:\/\/pagina10.com\/web\/polemicos-antecedentes-de-juan-diego-gomez-el-nuevo-presidente-del-senado\/\" \/>\n<meta property=\"og:site_name\" content=\"P\u00e1gina10\" \/>\n<meta property=\"article:publisher\" content=\"https:\/\/www.facebook.com\/pag10com\" \/>\n<meta property=\"article:published_time\" content=\"2021-07-21T02:36:45+00:00\" \/>\n<meta property=\"article:modified_time\" content=\"2021-07-21T02:40:58+00:00\" \/>\n<meta property=\"og:image\" content=\"https:\/\/pagina10.com\/web\/wp-content\/uploads\/2021\/07\/HS-AL-1.jpg\" \/>\n\t<meta property=\"og:image:width\" content=\"1080\" \/>\n\t<meta property=\"og:image:height\" content=\"720\" \/>\n\t<meta property=\"og:image:type\" content=\"image\/jpeg\" \/>\n<meta name=\"author\" content=\"P\u00e1gina 10\" \/>\n<meta name=\"twitter:card\" content=\"summary_large_image\" \/>\n<meta name=\"twitter:creator\" content=\"@Pag10com\" \/>\n<meta name=\"twitter:site\" content=\"@Pag10com\" \/>\n<meta name=\"twitter:label1\" content=\"Escrito por\" \/>\n\t<meta name=\"twitter:data1\" content=\"P\u00e1gina 10\" \/>\n\t<meta name=\"twitter:label2\" content=\"Tiempo de lectura\" \/>\n\t<meta name=\"twitter:data2\" content=\"2 minutos\" \/>\n<script type=\"application\/ld+json\" class=\"yoast-schema-graph\">{\"@context\":\"https:\/\/schema.org\",\"@graph\":[{\"@type\":\"Article\",\"@id\":\"https:\/\/pagina10.com\/web\/polemicos-antecedentes-de-juan-diego-gomez-el-nuevo-presidente-del-senado\/#article\",\"isPartOf\":{\"@id\":\"https:\/\/pagina10.com\/web\/polemicos-antecedentes-de-juan-diego-gomez-el-nuevo-presidente-del-senado\/\"},\"author\":{\"name\":\"P\u00e1gina 10\",\"@id\":\"https:\/\/pagina10.com\/web\/#\/schema\/person\/2efc4a090d25b667d3bc796798a3a81b\"},\"headline\":\"Pol\u00e9micos antecedentes de Juan Diego G\u00f3mez, el nuevo presidente del Senado\",\"datePublished\":\"2021-07-21T02:36:45+00:00\",\"dateModified\":\"2021-07-21T02:40:58+00:00\",\"mainEntityOfPage\":{\"@id\":\"https:\/\/pagina10.com\/web\/polemicos-antecedentes-de-juan-diego-gomez-el-nuevo-presidente-del-senado\/\"},\"wordCount\":507,\"commentCount\":0,\"publisher\":{\"@id\":\"https:\/\/pagina10.com\/web\/#organization\"},\"image\":{\"@id\":\"https:\/\/pagina10.com\/web\/polemicos-antecedentes-de-juan-diego-gomez-el-nuevo-presidente-del-senado\/#primaryimage\"},\"thumbnailUrl\":\"https:\/\/pagina10.com\/web\/wp-content\/uploads\/2021\/07\/HS-AL-1.jpg\",\"articleSection\":[\"Nacional\"],\"inLanguage\":\"es\",\"potentialAction\":[{\"@type\":\"CommentAction\",\"name\":\"Comment\",\"target\":[\"https:\/\/pagina10.com\/web\/polemicos-antecedentes-de-juan-diego-gomez-el-nuevo-presidente-del-senado\/#respond\"]}]},{\"@type\":\"WebPage\",\"@id\":\"https:\/\/pagina10.com\/web\/polemicos-antecedentes-de-juan-diego-gomez-el-nuevo-presidente-del-senado\/\",\"url\":\"https:\/\/pagina10.com\/web\/polemicos-antecedentes-de-juan-diego-gomez-el-nuevo-presidente-del-senado\/\",\"name\":\"Pol\u00e9micos antecedentes de Juan Diego G\u00f3mez, el nuevo presidente del Senado | P\u00e1gina10\",\"isPartOf\":{\"@id\":\"https:\/\/pagina10.com\/web\/#website\"},\"primaryImageOfPage\":{\"@id\":\"https:\/\/pagina10.com\/web\/polemicos-antecedentes-de-juan-diego-gomez-el-nuevo-presidente-del-senado\/#primaryimage\"},\"image\":{\"@id\":\"https:\/\/pagina10.com\/web\/polemicos-antecedentes-de-juan-diego-gomez-el-nuevo-presidente-del-senado\/#primaryimage\"},\"thumbnailUrl\":\"https:\/\/pagina10.com\/web\/wp-content\/uploads\/2021\/07\/HS-AL-1.jpg\",\"datePublished\":\"2021-07-21T02:36:45+00:00\",\"dateModified\":\"2021-07-21T02:40:58+00:00\",\"breadcrumb\":{\"@id\":\"https:\/\/pagina10.com\/web\/polemicos-antecedentes-de-juan-diego-gomez-el-nuevo-presidente-del-senado\/#breadcrumb\"},\"inLanguage\":\"es\",\"potentialAction\":[{\"@type\":\"ReadAction\",\"target\":[\"https:\/\/pagina10.com\/web\/polemicos-antecedentes-de-juan-diego-gomez-el-nuevo-presidente-del-senado\/\"]}]},{\"@type\":\"ImageObject\",\"inLanguage\":\"es\",\"@id\":\"https:\/\/pagina10.com\/web\/polemicos-antecedentes-de-juan-diego-gomez-el-nuevo-presidente-del-senado\/#primaryimage\",\"url\":\"https:\/\/pagina10.com\/web\/wp-content\/uploads\/2021\/07\/HS-AL-1.jpg\",\"contentUrl\":\"https:\/\/pagina10.com\/web\/wp-content\/uploads\/2021\/07\/HS-AL-1.jpg\",\"width\":1080,\"height\":720,\"caption\":\"Tomada de Asuntos Legales\"},{\"@type\":\"BreadcrumbList\",\"@id\":\"https:\/\/pagina10.com\/web\/polemicos-antecedentes-de-juan-diego-gomez-el-nuevo-presidente-del-senado\/#breadcrumb\",\"itemListElement\":[{\"@type\":\"ListItem\",\"position\":1,\"name\":\"Portada\",\"item\":\"https:\/\/pagina10.com\/web\/\"},{\"@type\":\"ListItem\",\"position\":2,\"name\":\"Pol\u00e9micos antecedentes de Juan Diego G\u00f3mez, el nuevo presidente del Senado\"}]},{\"@type\":\"WebSite\",\"@id\":\"https:\/\/pagina10.com\/web\/#website\",\"url\":\"https:\/\/pagina10.com\/web\/\",\"name\":\"P\u00e1gina10\",\"description\":\"Peri\u00f3dico Regional\",\"publisher\":{\"@id\":\"https:\/\/pagina10.com\/web\/#organization\"},\"alternateName\":\"P\u00e1gina10 Peri\u00f3dico Regional\",\"potentialAction\":[{\"@type\":\"SearchAction\",\"target\":{\"@type\":\"EntryPoint\",\"urlTemplate\":\"https:\/\/pagina10.com\/web\/?s={search_term_string}\"},\"query-input\":{\"@type\":\"PropertyValueSpecification\",\"valueRequired\":true,\"valueName\":\"search_term_string\"}}],\"inLanguage\":\"es\"},{\"@type\":\"Organization\",\"@id\":\"https:\/\/pagina10.com\/web\/#organization\",\"name\":\"P\u00e1gina10\",\"alternateName\":\"P\u00e1gina10 Peri\u00f3dico Regional\",\"url\":\"https:\/\/pagina10.com\/web\/\",\"logo\":{\"@type\":\"ImageObject\",\"inLanguage\":\"es\",\"@id\":\"https:\/\/pagina10.com\/web\/#\/schema\/logo\/image\/\",\"url\":\"https:\/\/pagina10.com\/web\/wp-content\/uploads\/2024\/01\/40-pagina-10-periodico-regional-pasto.jpg\",\"contentUrl\":\"https:\/\/pagina10.com\/web\/wp-content\/uploads\/2024\/01\/40-pagina-10-periodico-regional-pasto.jpg\",\"width\":1280,\"height\":720,\"caption\":\"P\u00e1gina10\"},\"image\":{\"@id\":\"https:\/\/pagina10.com\/web\/#\/schema\/logo\/image\/\"},\"sameAs\":[\"https:\/\/www.facebook.com\/pag10com\",\"https:\/\/x.com\/Pag10com\",\"https:\/\/www.instagram.com\/pagina10col\/\",\"https:\/\/youtube.com\/channel\/pag10\",\"https:\/\/www.tiktok.com\/@p10col\"]},{\"@type\":\"Person\",\"@id\":\"https:\/\/pagina10.com\/web\/#\/schema\/person\/2efc4a090d25b667d3bc796798a3a81b\",\"name\":\"P\u00e1gina 10\",\"description\":\"P\u00e1gina 10 es un peri\u00f3dico regional que nace en Colombia, en el departamento de Nari\u00f1o, con un enfoque global, fundamentado en cuatro pilares esenciales: la libertad, el pluralismo, la inclusi\u00f3n y la independencia. P\u00e1gina 10 hace referencia a Nari\u00f1o como el d\u00e9cimo departamento creado en Colombia, despu\u00e9s de un proceso pol\u00edtico liderado por actores y actrices regionales con el fin de obtener la independencia y autonom\u00eda de nuestros territorios. Con la creaci\u00f3n de P\u00e1gina 10 se pretende abrir un escenario para el dialogo, la reflexi\u00f3n y el debate que se extienda a otras geograf\u00edas de Am\u00e9rica Latina y del planeta, en una apuesta por transformar colectivamente los desaf\u00edos de un mundo contempor\u00e1neo, m\u00e1s all\u00e1 de las fronteras impuestas.\",\"url\":\"https:\/\/pagina10.com\/web\/author\/pdiezadmin\/\"}]}<\/script>\n<!-- \/ Yoast SEO plugin. -->","yoast_head_json":{"title":"Pol\u00e9micos antecedentes de Juan Diego G\u00f3mez, el nuevo presidente del Senado | P\u00e1gina10","robots":{"index":"index","follow":"follow","max-snippet":"max-snippet:-1","max-image-preview":"max-image-preview:large","max-video-preview":"max-video-preview:-1"},"canonical":"https:\/\/pagina10.com\/web\/polemicos-antecedentes-de-juan-diego-gomez-el-nuevo-presidente-del-senado\/","og_locale":"es_ES","og_type":"article","og_title":"Pol\u00e9micos antecedentes de Juan Diego G\u00f3mez, el nuevo presidente del Senado | P\u00e1gina10","og_description":"En la nueva legislatura del Congreso de la Rep\u00fablica que inici\u00f3 este 20 de julio, los nuevos presidentes del Senado y la C\u00e1mara, son Juan Diego G\u00f3mez y Jennifer Arias, quienes fueron elegidos por la mayor\u00eda de las bancadas del Congreso. Con 93 votos de 101 votos, el senador conservador Juan Diego G\u00f3mez fue elegido [&hellip;]","og_url":"https:\/\/pagina10.com\/web\/polemicos-antecedentes-de-juan-diego-gomez-el-nuevo-presidente-del-senado\/","og_site_name":"P\u00e1gina10","article_publisher":"https:\/\/www.facebook.com\/pag10com","article_published_time":"2021-07-21T02:36:45+00:00","article_modified_time":"2021-07-21T02:40:58+00:00","og_image":[{"width":1080,"height":720,"url":"https:\/\/pagina10.com\/web\/wp-content\/uploads\/2021\/07\/HS-AL-1.jpg","type":"image\/jpeg"}],"author":"P\u00e1gina 10","twitter_card":"summary_large_image","twitter_creator":"@Pag10com","twitter_site":"@Pag10com","twitter_misc":{"Escrito por":"P\u00e1gina 10","Tiempo de lectura":"2 minutos"},"schema":{"@context":"https:\/\/schema.org","@graph":[{"@type":"Article","@id":"https:\/\/pagina10.com\/web\/polemicos-antecedentes-de-juan-diego-gomez-el-nuevo-presidente-del-senado\/#article","isPartOf":{"@id":"https:\/\/pagina10.com\/web\/polemicos-antecedentes-de-juan-diego-gomez-el-nuevo-presidente-del-senado\/"},"author":{"name":"P\u00e1gina 10","@id":"https:\/\/pagina10.com\/web\/#\/schema\/person\/2efc4a090d25b667d3bc796798a3a81b"},"headline":"Pol\u00e9micos antecedentes de Juan Diego G\u00f3mez, el nuevo presidente del Senado","datePublished":"2021-07-21T02:36:45+00:00","dateModified":"2021-07-21T02:40:58+00:00","mainEntityOfPage":{"@id":"https:\/\/pagina10.com\/web\/polemicos-antecedentes-de-juan-diego-gomez-el-nuevo-presidente-del-senado\/"},"wordCount":507,"commentCount":0,"publisher":{"@id":"https:\/\/pagina10.com\/web\/#organization"},"image":{"@id":"https:\/\/pagina10.com\/web\/polemicos-antecedentes-de-juan-diego-gomez-el-nuevo-presidente-del-senado\/#primaryimage"},"thumbnailUrl":"https:\/\/pagina10.com\/web\/wp-content\/uploads\/2021\/07\/HS-AL-1.jpg","articleSection":["Nacional"],"inLanguage":"es","potentialAction":[{"@type":"CommentAction","name":"Comment","target":["https:\/\/pagina10.com\/web\/polemicos-antecedentes-de-juan-diego-gomez-el-nuevo-presidente-del-senado\/#respond"]}]},{"@type":"WebPage","@id":"https:\/\/pagina10.com\/web\/polemicos-antecedentes-de-juan-diego-gomez-el-nuevo-presidente-del-senado\/","url":"https:\/\/pagina10.com\/web\/polemicos-antecedentes-de-juan-diego-gomez-el-nuevo-presidente-del-senado\/","name":"Pol\u00e9micos antecedentes de Juan Diego G\u00f3mez, el nuevo presidente del Senado | P\u00e1gina10","isPartOf":{"@id":"https:\/\/pagina10.com\/web\/#website"},"primaryImageOfPage":{"@id":"https:\/\/pagina10.com\/web\/polemicos-antecedentes-de-juan-diego-gomez-el-nuevo-presidente-del-senado\/#primaryimage"},"image":{"@id":"https:\/\/pagina10.com\/web\/polemicos-antecedentes-de-juan-diego-gomez-el-nuevo-presidente-del-senado\/#primaryimage"},"thumbnailUrl":"https:\/\/pagina10.com\/web\/wp-content\/uploads\/2021\/07\/HS-AL-1.jpg","datePublished":"2021-07-21T02:36:45+00:00","dateModified":"2021-07-21T02:40:58+00:00","breadcrumb":{"@id":"https:\/\/pagina10.com\/web\/polemicos-antecedentes-de-juan-diego-gomez-el-nuevo-presidente-del-senado\/#breadcrumb"},"inLanguage":"es","potentialAction":[{"@type":"ReadAction","target":["https:\/\/pagina10.com\/web\/polemicos-antecedentes-de-juan-diego-gomez-el-nuevo-presidente-del-senado\/"]}]},{"@type":"ImageObject","inLanguage":"es","@id":"https:\/\/pagina10.com\/web\/polemicos-antecedentes-de-juan-diego-gomez-el-nuevo-presidente-del-senado\/#primaryimage","url":"https:\/\/pagina10.com\/web\/wp-content\/uploads\/2021\/07\/HS-AL-1.jpg","contentUrl":"https:\/\/pagina10.com\/web\/wp-content\/uploads\/2021\/07\/HS-AL-1.jpg","width":1080,"height":720,"caption":"Tomada de Asuntos Legales"},{"@type":"BreadcrumbList","@id":"https:\/\/pagina10.com\/web\/polemicos-antecedentes-de-juan-diego-gomez-el-nuevo-presidente-del-senado\/#breadcrumb","itemListElement":[{"@type":"ListItem","position":1,"name":"Portada","item":"https:\/\/pagina10.com\/web\/"},{"@type":"ListItem","position":2,"name":"Pol\u00e9micos antecedentes de Juan Diego G\u00f3mez, el nuevo presidente del Senado"}]},{"@type":"WebSite","@id":"https:\/\/pagina10.com\/web\/#website","url":"https:\/\/pagina10.com\/web\/","name":"P\u00e1gina10","description":"Peri\u00f3dico Regional","publisher":{"@id":"https:\/\/pagina10.com\/web\/#organization"},"alternateName":"P\u00e1gina10 Peri\u00f3dico Regional","potentialAction":[{"@type":"SearchAction","target":{"@type":"EntryPoint","urlTemplate":"https:\/\/pagina10.com\/web\/?s={search_term_string}"},"query-input":{"@type":"PropertyValueSpecification","valueRequired":true,"valueName":"search_term_string"}}],"inLanguage":"es"},{"@type":"Organization","@id":"https:\/\/pagina10.com\/web\/#organization","name":"P\u00e1gina10","alternateName":"P\u00e1gina10 Peri\u00f3dico Regional","url":"https:\/\/pagina10.com\/web\/","logo":{"@type":"ImageObject","inLanguage":"es","@id":"https:\/\/pagina10.com\/web\/#\/schema\/logo\/image\/","url":"https:\/\/pagina10.com\/web\/wp-content\/uploads\/2024\/01\/40-pagina-10-periodico-regional-pasto.jpg","contentUrl":"https:\/\/pagina10.com\/web\/wp-content\/uploads\/2024\/01\/40-pagina-10-periodico-regional-pasto.jpg","width":1280,"height":720,"caption":"P\u00e1gina10"},"image":{"@id":"https:\/\/pagina10.com\/web\/#\/schema\/logo\/image\/"},"sameAs":["https:\/\/www.facebook.com\/pag10com","https:\/\/x.com\/Pag10com","https:\/\/www.instagram.com\/pagina10col\/","https:\/\/youtube.com\/channel\/pag10","https:\/\/www.tiktok.com\/@p10col"]},{"@type":"Person","@id":"https:\/\/pagina10.com\/web\/#\/schema\/person\/2efc4a090d25b667d3bc796798a3a81b","name":"P\u00e1gina 10","description":"P\u00e1gina 10 es un peri\u00f3dico regional que nace en Colombia, en el departamento de Nari\u00f1o, con un enfoque global, fundamentado en cuatro pilares esenciales: la libertad, el pluralismo, la inclusi\u00f3n y la independencia. P\u00e1gina 10 hace referencia a Nari\u00f1o como el d\u00e9cimo departamento creado en Colombia, despu\u00e9s de un proceso pol\u00edtico liderado por actores y actrices regionales con el fin de obtener la independencia y autonom\u00eda de nuestros territorios. Con la creaci\u00f3n de P\u00e1gina 10 se pretende abrir un escenario para el dialogo, la reflexi\u00f3n y el debate que se extienda a otras geograf\u00edas de Am\u00e9rica Latina y del planeta, en una apuesta por transformar colectivamente los desaf\u00edos de un mundo contempor\u00e1neo, m\u00e1s all\u00e1 de las fronteras impuestas.","url":"https:\/\/pagina10.com\/web\/author\/pdiezadmin\/"}]}},"_links":{"self":[{"href":"https:\/\/pagina10.com\/web\/wp-json\/wp\/v2\/posts\/54215","targetHints":{"allow":["GET"]}}],"collection":[{"href":"https:\/\/pagina10.com\/web\/wp-json\/wp\/v2\/posts"}],"about":[{"href":"https:\/\/pagina10.com\/web\/wp-json\/wp\/v2\/types\/post"}],"author":[{"embeddable":true,"href":"https:\/\/pagina10.com\/web\/wp-json\/wp\/v2\/users\/1"}],"replies":[{"embeddable":true,"href":"https:\/\/pagina10.com\/web\/wp-json\/wp\/v2\/comments?post=54215"}],"version-history":[{"count":4,"href":"https:\/\/pagina10.com\/web\/wp-json\/wp\/v2\/posts\/54215\/revisions"}],"predecessor-version":[{"id":54220,"href":"https:\/\/pagina10.com\/web\/wp-json\/wp\/v2\/posts\/54215\/revisions\/54220"}],"wp:featuredmedia":[{"embeddable":true,"href":"https:\/\/pagina10.com\/web\/wp-json\/wp\/v2\/media\/54216"}],"wp:attachment":[{"href":"https:\/\/pagina10.com\/web\/wp-json\/wp\/v2\/media?parent=54215"}],"wp:term":[{"taxonomy":"category","embeddable":true,"href":"https:\/\/pagina10.com\/web\/wp-json\/wp\/v2\/categories?post=54215"},{"taxonomy":"post_tag","embeddable":true,"href":"https:\/\/pagina10.com\/web\/wp-json\/wp\/v2\/tags?post=54215"}],"curies":[{"name":"wp","href":"https:\/\/api.w.org\/{rel}","templated":true}]}}