{"id":54237,"date":"2021-07-21T17:45:30","date_gmt":"2021-07-21T22:45:30","guid":{"rendered":"https:\/\/pagina10.com\/web\/?p=54237"},"modified":"2021-07-21T20:02:25","modified_gmt":"2021-07-22T01:02:25","slug":"la-lideresa-francia-marquez-anuncia-su-candidatura-presidencial-y-se-suma-al-pacto-historico","status":"publish","type":"post","link":"https:\/\/pagina10.com\/web\/la-lideresa-francia-marquez-anuncia-su-candidatura-presidencial-y-se-suma-al-pacto-historico\/","title":{"rendered":"La l\u00edderesa Francia M\u00e1rquez anuncia su candidatura presidencial y se suma al Pacto Hist\u00f3rico"},"content":{"rendered":"<p><span style=\"text-align: justify; text-transform: initial;\">Este mi\u00e9rcoles la ganadora del premio Medioambiental Goldman y lideresa social y ambiental, Francia M\u00e1rquez\u00a0 oficializ\u00f3 su postulaci\u00f3n a la presidencia de la Rep\u00fablica.\u00a0<\/span><\/p>\n<p style=\"text-align: justify;\"><span style=\"font-weight: 400;\">Desde Santander de Quilichao en el Cauca, Francia M\u00e1rquez anunci\u00f3 que se lanzar\u00e1 a la contienda electoral acompa\u00f1ada de figuras alternativas y senadores como Iv\u00e1n Cepeda, Feliciano Valencia, Gustavo Petro y Roy Barreras, tambi\u00e9n estar\u00e1 la Senadora A\u00edda Avella.\u00a0<\/span><\/p>\n<p style=\"text-align: justify;\"><span style=\"font-weight: 400;\">Adem\u00e1s anunci\u00f3 que su adhesi\u00f3n al Pacto Hist\u00f3rico, lo que significa que M\u00e1rquez ser\u00e1 sometida a consulta popular de esta alianza de centro izquierda, la cual se llevar\u00e1 a cabo en marzo de 2022. Ella competir\u00e1 con el Senador Gustavo Petro, Roy Barreras y Alexander L\u00f3pez, quienes son precandidatos presidenciales hasta el momento.\u00a0<\/span><\/p>\n<p style=\"text-align: justify;\"><span style=\"font-weight: 400;\">La postulaci\u00f3n de su candidatura seg\u00fan inform\u00f3 la lideresa representa a las poblaciones que hist\u00f3ricamente han sido marginales.\u00a0<\/span><\/p>\n<p style=\"text-align: justify;\"><span style=\"font-weight: 400;\">De la misma manera el anuncio de su candidatura se hizo oficial este 21 de julio, c\u00f3mo homenaje a la fecha en la que se aprob\u00f3 la ley de libertad de partos, manumisi\u00f3n y abolici\u00f3n del tr\u00e1fico de esclavos en el a\u00f1o de 1821.\u00a0<\/span><\/p>\n<p style=\"text-align: justify;\"><span style=\"font-weight: 400;\">La l\u00edderesa y precandidata presidencial expuso, \u201ccompartimos los sentimientos y aspiraciones de cambio de cada uno de los pueblos de Colombia, nos proponemos ser fuerza, nos proponemos ser transformaci\u00f3n colectiva; reconocemos a quienes nos han antecedido en el trabajo social y comunitario caminando la palabra. Llenos de optimismo y con la disposici\u00f3n de trabajar en la construcci\u00f3n de una Colombia distinta, nos reconocemos hijos e hijas de la tierra, que han resistido hist\u00f3ricamente desde el coraz\u00f3n ind\u00f3mito de esta naci\u00f3n, con la fuerza necesaria para transformar nuestra Casa Grande\u201d, indic\u00f3.\u00a0<\/span><\/p>\n<p style=\"text-align: justify;\"><span style=\"font-weight: 400;\">Tambi\u00e9n hizo un llamado a la juventud mujeres, pueblos ind\u00edgenas, afrocolombianos, raizales, palenqueros, campesinos, trabajadores, comunidad LGTBI+, para que atrav\u00e9s del campo de la pol\u00edtica logren ponerle voz a accionar ciudadano.\u00a0<\/span><\/p>\n","protected":false},"excerpt":{"rendered":"<p>Este mi\u00e9rcoles la ganadora del premio Medioambiental Goldman y lideresa social y ambiental, Francia M\u00e1rquez\u00a0 oficializ\u00f3 su postulaci\u00f3n a la presidencia de la Rep\u00fablica.\u00a0 Desde Santander de Quilichao en el Cauca, Francia M\u00e1rquez anunci\u00f3 que se lanzar\u00e1 a la contienda electoral acompa\u00f1ada de figuras alternativas y senadores como Iv\u00e1n Cepeda, Feliciano Valencia, Gustavo Petro y [&hellip;]<\/p>\n","protected":false},"author":1,"featured_media":54243,"comment_status":"open","ping_status":"open","sticky":false,"template":"","format":"standard","meta":{"footnotes":""},"categories":[94],"tags":[],"class_list":["post-54237","post","type-post","status-publish","format-standard","has-post-thumbnail","hentry","category-nacional-global-2"],"yoast_head":"<!-- This site is optimized with the Yoast SEO plugin v27.1.1 - https:\/\/yoast.com\/product\/yoast-seo-wordpress\/ -->\n<title>La l\u00edderesa Francia M\u00e1rquez anuncia su candidatura presidencial y se suma al Pacto Hist\u00f3rico | P\u00e1gina10<\/title>\n<meta name=\"robots\" content=\"index, follow, max-snippet:-1, max-image-preview:large, max-video-preview:-1\" \/>\n<link rel=\"canonical\" href=\"https:\/\/pagina10.com\/web\/la-lideresa-francia-marquez-anuncia-su-candidatura-presidencial-y-se-suma-al-pacto-historico\/\" \/>\n<meta property=\"og:locale\" content=\"es_ES\" \/>\n<meta property=\"og:type\" content=\"article\" \/>\n<meta property=\"og:title\" content=\"La l\u00edderesa Francia M\u00e1rquez anuncia su candidatura presidencial y se suma al Pacto Hist\u00f3rico | P\u00e1gina10\" \/>\n<meta property=\"og:description\" content=\"Este mi\u00e9rcoles la ganadora del premio Medioambiental Goldman y lideresa social y ambiental, Francia M\u00e1rquez oficializ\u00f3 su postulaci\u00f3n a la presidencia de la Rep\u00fablica. Desde Santander de Quilichao en el Cauca, Francia M\u00e1rquez anunci\u00f3 que se lanzar\u00e1 a la contienda electoral acompa\u00f1ada de figuras alternativas y senadores como Iv\u00e1n Cepeda, Feliciano Valencia, Gustavo Petro y [&hellip;]\" \/>\n<meta property=\"og:url\" content=\"https:\/\/pagina10.com\/web\/la-lideresa-francia-marquez-anuncia-su-candidatura-presidencial-y-se-suma-al-pacto-historico\/\" \/>\n<meta property=\"og:site_name\" content=\"P\u00e1gina10\" \/>\n<meta property=\"article:publisher\" content=\"https:\/\/www.facebook.com\/pag10com\" \/>\n<meta property=\"article:published_time\" content=\"2021-07-21T22:45:30+00:00\" \/>\n<meta property=\"article:modified_time\" content=\"2021-07-22T01:02:25+00:00\" \/>\n<meta property=\"og:image\" content=\"https:\/\/pagina10.com\/web\/wp-content\/uploads\/2021\/07\/FRANCIA_MARQUEZ.max-760x504-1.png\" \/>\n\t<meta property=\"og:image:width\" content=\"663\" \/>\n\t<meta property=\"og:image:height\" content=\"504\" \/>\n\t<meta property=\"og:image:type\" content=\"image\/png\" \/>\n<meta name=\"author\" content=\"P\u00e1gina 10\" \/>\n<meta name=\"twitter:card\" content=\"summary_large_image\" \/>\n<meta name=\"twitter:creator\" content=\"@Pag10com\" \/>\n<meta name=\"twitter:site\" content=\"@Pag10com\" \/>\n<meta name=\"twitter:label1\" content=\"Escrito por\" \/>\n\t<meta name=\"twitter:data1\" content=\"P\u00e1gina 10\" \/>\n\t<meta name=\"twitter:label2\" content=\"Tiempo de lectura\" \/>\n\t<meta name=\"twitter:data2\" content=\"2 minutos\" \/>\n<script type=\"application\/ld+json\" class=\"yoast-schema-graph\">{\"@context\":\"https:\/\/schema.org\",\"@graph\":[{\"@type\":\"Article\",\"@id\":\"https:\/\/pagina10.com\/web\/la-lideresa-francia-marquez-anuncia-su-candidatura-presidencial-y-se-suma-al-pacto-historico\/#article\",\"isPartOf\":{\"@id\":\"https:\/\/pagina10.com\/web\/la-lideresa-francia-marquez-anuncia-su-candidatura-presidencial-y-se-suma-al-pacto-historico\/\"},\"author\":{\"name\":\"P\u00e1gina 10\",\"@id\":\"https:\/\/pagina10.com\/web\/#\/schema\/person\/2efc4a090d25b667d3bc796798a3a81b\"},\"headline\":\"La l\u00edderesa Francia M\u00e1rquez anuncia su candidatura presidencial y se suma al Pacto Hist\u00f3rico\",\"datePublished\":\"2021-07-21T22:45:30+00:00\",\"dateModified\":\"2021-07-22T01:02:25+00:00\",\"mainEntityOfPage\":{\"@id\":\"https:\/\/pagina10.com\/web\/la-lideresa-francia-marquez-anuncia-su-candidatura-presidencial-y-se-suma-al-pacto-historico\/\"},\"wordCount\":347,\"commentCount\":0,\"publisher\":{\"@id\":\"https:\/\/pagina10.com\/web\/#organization\"},\"image\":{\"@id\":\"https:\/\/pagina10.com\/web\/la-lideresa-francia-marquez-anuncia-su-candidatura-presidencial-y-se-suma-al-pacto-historico\/#primaryimage\"},\"thumbnailUrl\":\"https:\/\/pagina10.com\/web\/wp-content\/uploads\/2021\/07\/FRANCIA_MARQUEZ.max-760x504-1.png\",\"articleSection\":[\"Nacional\"],\"inLanguage\":\"es\",\"potentialAction\":[{\"@type\":\"CommentAction\",\"name\":\"Comment\",\"target\":[\"https:\/\/pagina10.com\/web\/la-lideresa-francia-marquez-anuncia-su-candidatura-presidencial-y-se-suma-al-pacto-historico\/#respond\"]}]},{\"@type\":\"WebPage\",\"@id\":\"https:\/\/pagina10.com\/web\/la-lideresa-francia-marquez-anuncia-su-candidatura-presidencial-y-se-suma-al-pacto-historico\/\",\"url\":\"https:\/\/pagina10.com\/web\/la-lideresa-francia-marquez-anuncia-su-candidatura-presidencial-y-se-suma-al-pacto-historico\/\",\"name\":\"La l\u00edderesa Francia M\u00e1rquez anuncia su candidatura presidencial y se suma al Pacto Hist\u00f3rico | P\u00e1gina10\",\"isPartOf\":{\"@id\":\"https:\/\/pagina10.com\/web\/#website\"},\"primaryImageOfPage\":{\"@id\":\"https:\/\/pagina10.com\/web\/la-lideresa-francia-marquez-anuncia-su-candidatura-presidencial-y-se-suma-al-pacto-historico\/#primaryimage\"},\"image\":{\"@id\":\"https:\/\/pagina10.com\/web\/la-lideresa-francia-marquez-anuncia-su-candidatura-presidencial-y-se-suma-al-pacto-historico\/#primaryimage\"},\"thumbnailUrl\":\"https:\/\/pagina10.com\/web\/wp-content\/uploads\/2021\/07\/FRANCIA_MARQUEZ.max-760x504-1.png\",\"datePublished\":\"2021-07-21T22:45:30+00:00\",\"dateModified\":\"2021-07-22T01:02:25+00:00\",\"breadcrumb\":{\"@id\":\"https:\/\/pagina10.com\/web\/la-lideresa-francia-marquez-anuncia-su-candidatura-presidencial-y-se-suma-al-pacto-historico\/#breadcrumb\"},\"inLanguage\":\"es\",\"potentialAction\":[{\"@type\":\"ReadAction\",\"target\":[\"https:\/\/pagina10.com\/web\/la-lideresa-francia-marquez-anuncia-su-candidatura-presidencial-y-se-suma-al-pacto-historico\/\"]}]},{\"@type\":\"ImageObject\",\"inLanguage\":\"es\",\"@id\":\"https:\/\/pagina10.com\/web\/la-lideresa-francia-marquez-anuncia-su-candidatura-presidencial-y-se-suma-al-pacto-historico\/#primaryimage\",\"url\":\"https:\/\/pagina10.com\/web\/wp-content\/uploads\/2021\/07\/FRANCIA_MARQUEZ.max-760x504-1.png\",\"contentUrl\":\"https:\/\/pagina10.com\/web\/wp-content\/uploads\/2021\/07\/FRANCIA_MARQUEZ.max-760x504-1.png\",\"width\":663,\"height\":504},{\"@type\":\"BreadcrumbList\",\"@id\":\"https:\/\/pagina10.com\/web\/la-lideresa-francia-marquez-anuncia-su-candidatura-presidencial-y-se-suma-al-pacto-historico\/#breadcrumb\",\"itemListElement\":[{\"@type\":\"ListItem\",\"position\":1,\"name\":\"Portada\",\"item\":\"https:\/\/pagina10.com\/web\/\"},{\"@type\":\"ListItem\",\"position\":2,\"name\":\"La l\u00edderesa Francia M\u00e1rquez anuncia su candidatura presidencial y se suma al Pacto Hist\u00f3rico\"}]},{\"@type\":\"WebSite\",\"@id\":\"https:\/\/pagina10.com\/web\/#website\",\"url\":\"https:\/\/pagina10.com\/web\/\",\"name\":\"P\u00e1gina10\",\"description\":\"Peri\u00f3dico Regional\",\"publisher\":{\"@id\":\"https:\/\/pagina10.com\/web\/#organization\"},\"alternateName\":\"P\u00e1gina10 Peri\u00f3dico Regional\",\"potentialAction\":[{\"@type\":\"SearchAction\",\"target\":{\"@type\":\"EntryPoint\",\"urlTemplate\":\"https:\/\/pagina10.com\/web\/?s={search_term_string}\"},\"query-input\":{\"@type\":\"PropertyValueSpecification\",\"valueRequired\":true,\"valueName\":\"search_term_string\"}}],\"inLanguage\":\"es\"},{\"@type\":\"Organization\",\"@id\":\"https:\/\/pagina10.com\/web\/#organization\",\"name\":\"P\u00e1gina10\",\"alternateName\":\"P\u00e1gina10 Peri\u00f3dico Regional\",\"url\":\"https:\/\/pagina10.com\/web\/\",\"logo\":{\"@type\":\"ImageObject\",\"inLanguage\":\"es\",\"@id\":\"https:\/\/pagina10.com\/web\/#\/schema\/logo\/image\/\",\"url\":\"https:\/\/pagina10.com\/web\/wp-content\/uploads\/2024\/01\/40-pagina-10-periodico-regional-pasto.jpg\",\"contentUrl\":\"https:\/\/pagina10.com\/web\/wp-content\/uploads\/2024\/01\/40-pagina-10-periodico-regional-pasto.jpg\",\"width\":1280,\"height\":720,\"caption\":\"P\u00e1gina10\"},\"image\":{\"@id\":\"https:\/\/pagina10.com\/web\/#\/schema\/logo\/image\/\"},\"sameAs\":[\"https:\/\/www.facebook.com\/pag10com\",\"https:\/\/x.com\/Pag10com\",\"https:\/\/www.instagram.com\/pagina10col\/\",\"https:\/\/youtube.com\/channel\/pag10\",\"https:\/\/www.tiktok.com\/@p10col\"]},{\"@type\":\"Person\",\"@id\":\"https:\/\/pagina10.com\/web\/#\/schema\/person\/2efc4a090d25b667d3bc796798a3a81b\",\"name\":\"P\u00e1gina 10\",\"description\":\"P\u00e1gina 10 es un peri\u00f3dico regional que nace en Colombia, en el departamento de Nari\u00f1o, con un enfoque global, fundamentado en cuatro pilares esenciales: la libertad, el pluralismo, la inclusi\u00f3n y la independencia. P\u00e1gina 10 hace referencia a Nari\u00f1o como el d\u00e9cimo departamento creado en Colombia, despu\u00e9s de un proceso pol\u00edtico liderado por actores y actrices regionales con el fin de obtener la independencia y autonom\u00eda de nuestros territorios. Con la creaci\u00f3n de P\u00e1gina 10 se pretende abrir un escenario para el dialogo, la reflexi\u00f3n y el debate que se extienda a otras geograf\u00edas de Am\u00e9rica Latina y del planeta, en una apuesta por transformar colectivamente los desaf\u00edos de un mundo contempor\u00e1neo, m\u00e1s all\u00e1 de las fronteras impuestas.\",\"url\":\"https:\/\/pagina10.com\/web\/author\/pdiezadmin\/\"}]}<\/script>\n<!-- \/ Yoast SEO plugin. -->","yoast_head_json":{"title":"La l\u00edderesa Francia M\u00e1rquez anuncia su candidatura presidencial y se suma al Pacto Hist\u00f3rico | P\u00e1gina10","robots":{"index":"index","follow":"follow","max-snippet":"max-snippet:-1","max-image-preview":"max-image-preview:large","max-video-preview":"max-video-preview:-1"},"canonical":"https:\/\/pagina10.com\/web\/la-lideresa-francia-marquez-anuncia-su-candidatura-presidencial-y-se-suma-al-pacto-historico\/","og_locale":"es_ES","og_type":"article","og_title":"La l\u00edderesa Francia M\u00e1rquez anuncia su candidatura presidencial y se suma al Pacto Hist\u00f3rico | P\u00e1gina10","og_description":"Este mi\u00e9rcoles la ganadora del premio Medioambiental Goldman y lideresa social y ambiental, Francia M\u00e1rquez oficializ\u00f3 su postulaci\u00f3n a la presidencia de la Rep\u00fablica. Desde Santander de Quilichao en el Cauca, Francia M\u00e1rquez anunci\u00f3 que se lanzar\u00e1 a la contienda electoral acompa\u00f1ada de figuras alternativas y senadores como Iv\u00e1n Cepeda, Feliciano Valencia, Gustavo Petro y [&hellip;]","og_url":"https:\/\/pagina10.com\/web\/la-lideresa-francia-marquez-anuncia-su-candidatura-presidencial-y-se-suma-al-pacto-historico\/","og_site_name":"P\u00e1gina10","article_publisher":"https:\/\/www.facebook.com\/pag10com","article_published_time":"2021-07-21T22:45:30+00:00","article_modified_time":"2021-07-22T01:02:25+00:00","og_image":[{"width":663,"height":504,"url":"https:\/\/pagina10.com\/web\/wp-content\/uploads\/2021\/07\/FRANCIA_MARQUEZ.max-760x504-1.png","type":"image\/png"}],"author":"P\u00e1gina 10","twitter_card":"summary_large_image","twitter_creator":"@Pag10com","twitter_site":"@Pag10com","twitter_misc":{"Escrito por":"P\u00e1gina 10","Tiempo de lectura":"2 minutos"},"schema":{"@context":"https:\/\/schema.org","@graph":[{"@type":"Article","@id":"https:\/\/pagina10.com\/web\/la-lideresa-francia-marquez-anuncia-su-candidatura-presidencial-y-se-suma-al-pacto-historico\/#article","isPartOf":{"@id":"https:\/\/pagina10.com\/web\/la-lideresa-francia-marquez-anuncia-su-candidatura-presidencial-y-se-suma-al-pacto-historico\/"},"author":{"name":"P\u00e1gina 10","@id":"https:\/\/pagina10.com\/web\/#\/schema\/person\/2efc4a090d25b667d3bc796798a3a81b"},"headline":"La l\u00edderesa Francia M\u00e1rquez anuncia su candidatura presidencial y se suma al Pacto Hist\u00f3rico","datePublished":"2021-07-21T22:45:30+00:00","dateModified":"2021-07-22T01:02:25+00:00","mainEntityOfPage":{"@id":"https:\/\/pagina10.com\/web\/la-lideresa-francia-marquez-anuncia-su-candidatura-presidencial-y-se-suma-al-pacto-historico\/"},"wordCount":347,"commentCount":0,"publisher":{"@id":"https:\/\/pagina10.com\/web\/#organization"},"image":{"@id":"https:\/\/pagina10.com\/web\/la-lideresa-francia-marquez-anuncia-su-candidatura-presidencial-y-se-suma-al-pacto-historico\/#primaryimage"},"thumbnailUrl":"https:\/\/pagina10.com\/web\/wp-content\/uploads\/2021\/07\/FRANCIA_MARQUEZ.max-760x504-1.png","articleSection":["Nacional"],"inLanguage":"es","potentialAction":[{"@type":"CommentAction","name":"Comment","target":["https:\/\/pagina10.com\/web\/la-lideresa-francia-marquez-anuncia-su-candidatura-presidencial-y-se-suma-al-pacto-historico\/#respond"]}]},{"@type":"WebPage","@id":"https:\/\/pagina10.com\/web\/la-lideresa-francia-marquez-anuncia-su-candidatura-presidencial-y-se-suma-al-pacto-historico\/","url":"https:\/\/pagina10.com\/web\/la-lideresa-francia-marquez-anuncia-su-candidatura-presidencial-y-se-suma-al-pacto-historico\/","name":"La l\u00edderesa Francia M\u00e1rquez anuncia su candidatura presidencial y se suma al Pacto Hist\u00f3rico | P\u00e1gina10","isPartOf":{"@id":"https:\/\/pagina10.com\/web\/#website"},"primaryImageOfPage":{"@id":"https:\/\/pagina10.com\/web\/la-lideresa-francia-marquez-anuncia-su-candidatura-presidencial-y-se-suma-al-pacto-historico\/#primaryimage"},"image":{"@id":"https:\/\/pagina10.com\/web\/la-lideresa-francia-marquez-anuncia-su-candidatura-presidencial-y-se-suma-al-pacto-historico\/#primaryimage"},"thumbnailUrl":"https:\/\/pagina10.com\/web\/wp-content\/uploads\/2021\/07\/FRANCIA_MARQUEZ.max-760x504-1.png","datePublished":"2021-07-21T22:45:30+00:00","dateModified":"2021-07-22T01:02:25+00:00","breadcrumb":{"@id":"https:\/\/pagina10.com\/web\/la-lideresa-francia-marquez-anuncia-su-candidatura-presidencial-y-se-suma-al-pacto-historico\/#breadcrumb"},"inLanguage":"es","potentialAction":[{"@type":"ReadAction","target":["https:\/\/pagina10.com\/web\/la-lideresa-francia-marquez-anuncia-su-candidatura-presidencial-y-se-suma-al-pacto-historico\/"]}]},{"@type":"ImageObject","inLanguage":"es","@id":"https:\/\/pagina10.com\/web\/la-lideresa-francia-marquez-anuncia-su-candidatura-presidencial-y-se-suma-al-pacto-historico\/#primaryimage","url":"https:\/\/pagina10.com\/web\/wp-content\/uploads\/2021\/07\/FRANCIA_MARQUEZ.max-760x504-1.png","contentUrl":"https:\/\/pagina10.com\/web\/wp-content\/uploads\/2021\/07\/FRANCIA_MARQUEZ.max-760x504-1.png","width":663,"height":504},{"@type":"BreadcrumbList","@id":"https:\/\/pagina10.com\/web\/la-lideresa-francia-marquez-anuncia-su-candidatura-presidencial-y-se-suma-al-pacto-historico\/#breadcrumb","itemListElement":[{"@type":"ListItem","position":1,"name":"Portada","item":"https:\/\/pagina10.com\/web\/"},{"@type":"ListItem","position":2,"name":"La l\u00edderesa Francia M\u00e1rquez anuncia su candidatura presidencial y se suma al Pacto Hist\u00f3rico"}]},{"@type":"WebSite","@id":"https:\/\/pagina10.com\/web\/#website","url":"https:\/\/pagina10.com\/web\/","name":"P\u00e1gina10","description":"Peri\u00f3dico Regional","publisher":{"@id":"https:\/\/pagina10.com\/web\/#organization"},"alternateName":"P\u00e1gina10 Peri\u00f3dico Regional","potentialAction":[{"@type":"SearchAction","target":{"@type":"EntryPoint","urlTemplate":"https:\/\/pagina10.com\/web\/?s={search_term_string}"},"query-input":{"@type":"PropertyValueSpecification","valueRequired":true,"valueName":"search_term_string"}}],"inLanguage":"es"},{"@type":"Organization","@id":"https:\/\/pagina10.com\/web\/#organization","name":"P\u00e1gina10","alternateName":"P\u00e1gina10 Peri\u00f3dico Regional","url":"https:\/\/pagina10.com\/web\/","logo":{"@type":"ImageObject","inLanguage":"es","@id":"https:\/\/pagina10.com\/web\/#\/schema\/logo\/image\/","url":"https:\/\/pagina10.com\/web\/wp-content\/uploads\/2024\/01\/40-pagina-10-periodico-regional-pasto.jpg","contentUrl":"https:\/\/pagina10.com\/web\/wp-content\/uploads\/2024\/01\/40-pagina-10-periodico-regional-pasto.jpg","width":1280,"height":720,"caption":"P\u00e1gina10"},"image":{"@id":"https:\/\/pagina10.com\/web\/#\/schema\/logo\/image\/"},"sameAs":["https:\/\/www.facebook.com\/pag10com","https:\/\/x.com\/Pag10com","https:\/\/www.instagram.com\/pagina10col\/","https:\/\/youtube.com\/channel\/pag10","https:\/\/www.tiktok.com\/@p10col"]},{"@type":"Person","@id":"https:\/\/pagina10.com\/web\/#\/schema\/person\/2efc4a090d25b667d3bc796798a3a81b","name":"P\u00e1gina 10","description":"P\u00e1gina 10 es un peri\u00f3dico regional que nace en Colombia, en el departamento de Nari\u00f1o, con un enfoque global, fundamentado en cuatro pilares esenciales: la libertad, el pluralismo, la inclusi\u00f3n y la independencia. P\u00e1gina 10 hace referencia a Nari\u00f1o como el d\u00e9cimo departamento creado en Colombia, despu\u00e9s de un proceso pol\u00edtico liderado por actores y actrices regionales con el fin de obtener la independencia y autonom\u00eda de nuestros territorios. Con la creaci\u00f3n de P\u00e1gina 10 se pretende abrir un escenario para el dialogo, la reflexi\u00f3n y el debate que se extienda a otras geograf\u00edas de Am\u00e9rica Latina y del planeta, en una apuesta por transformar colectivamente los desaf\u00edos de un mundo contempor\u00e1neo, m\u00e1s all\u00e1 de las fronteras impuestas.","url":"https:\/\/pagina10.com\/web\/author\/pdiezadmin\/"}]}},"_links":{"self":[{"href":"https:\/\/pagina10.com\/web\/wp-json\/wp\/v2\/posts\/54237","targetHints":{"allow":["GET"]}}],"collection":[{"href":"https:\/\/pagina10.com\/web\/wp-json\/wp\/v2\/posts"}],"about":[{"href":"https:\/\/pagina10.com\/web\/wp-json\/wp\/v2\/types\/post"}],"author":[{"embeddable":true,"href":"https:\/\/pagina10.com\/web\/wp-json\/wp\/v2\/users\/1"}],"replies":[{"embeddable":true,"href":"https:\/\/pagina10.com\/web\/wp-json\/wp\/v2\/comments?post=54237"}],"version-history":[{"count":2,"href":"https:\/\/pagina10.com\/web\/wp-json\/wp\/v2\/posts\/54237\/revisions"}],"predecessor-version":[{"id":54244,"href":"https:\/\/pagina10.com\/web\/wp-json\/wp\/v2\/posts\/54237\/revisions\/54244"}],"wp:featuredmedia":[{"embeddable":true,"href":"https:\/\/pagina10.com\/web\/wp-json\/wp\/v2\/media\/54243"}],"wp:attachment":[{"href":"https:\/\/pagina10.com\/web\/wp-json\/wp\/v2\/media?parent=54237"}],"wp:term":[{"taxonomy":"category","embeddable":true,"href":"https:\/\/pagina10.com\/web\/wp-json\/wp\/v2\/categories?post=54237"},{"taxonomy":"post_tag","embeddable":true,"href":"https:\/\/pagina10.com\/web\/wp-json\/wp\/v2\/tags?post=54237"}],"curies":[{"name":"wp","href":"https:\/\/api.w.org\/{rel}","templated":true}]}}