{"id":54245,"date":"2021-07-21T22:20:22","date_gmt":"2021-07-22T03:20:22","guid":{"rendered":"https:\/\/pagina10.com\/web\/?p=54245"},"modified":"2021-07-21T22:20:22","modified_gmt":"2021-07-22T03:20:22","slug":"prenden-alarmas-en-mocoa-por-creciente-subita-del-rio-mulato","status":"publish","type":"post","link":"https:\/\/pagina10.com\/web\/prenden-alarmas-en-mocoa-por-creciente-subita-del-rio-mulato\/","title":{"rendered":"Prenden alarmas en Mocoa por creciente s\u00fabita del r\u00edo Mulato"},"content":{"rendered":"<p style=\"text-align: justify;\">Habitantes de Mocoa, en el departamento del Putumayo, viven momentos de tensi\u00f3n debido a la creciente s\u00fabita del r\u00edo Mulato, ante esta situaci\u00f3n las autoridades hicieron un llamado de alerta temprana para evitar tragedias.<\/p>\n<p style=\"text-align: justify;\">\u201cDe acuerdo con informaci\u00f3n del Consejo Municipal de Gesti\u00f3n del Riesgo de Mocoa, ante creciente s\u00fabita que se present\u00f3 en el r\u00edo Mulato, se realiz\u00f3 la activaci\u00f3n del Sistema de Alerta Temprana y evacuaci\u00f3n preventiva de las comunidades\u201d, report\u00f3 la Unidad Nacional para la Gesti\u00f3n del Riesgo de Desastres (UNGRD).<\/p>\n<p style=\"text-align: justify;\">El coronel Francisco Gelvez, comandante de la Polic\u00eda de Putumayo, dijo que se trat\u00f3 de una creciente s\u00fabita que no represent\u00f3 ning\u00fan riesgo para la comunidad.<\/p>\n<p style=\"text-align: justify;\">Hasta el momento las autoridades no han reportado da\u00f1os materiales significativos o afectaciones humanas en la capital del Putumayo por cuenta de esta creciente s\u00fabita, y se detall\u00f3 que se mantiene la alerta preventiva activada.<\/p>\n<p>&nbsp;<\/p>\n<p>&nbsp;<\/p>\n","protected":false},"excerpt":{"rendered":"<p>Habitantes de Mocoa, en el departamento del Putumayo, viven momentos de tensi\u00f3n debido a la creciente s\u00fabita del r\u00edo Mulato, ante esta situaci\u00f3n las autoridades hicieron un llamado de alerta temprana para evitar tragedias. \u201cDe acuerdo con informaci\u00f3n del Consejo Municipal de Gesti\u00f3n del Riesgo de Mocoa, ante creciente s\u00fabita que se present\u00f3 en el [&hellip;]<\/p>\n","protected":false},"author":1,"featured_media":54246,"comment_status":"open","ping_status":"open","sticky":false,"template":"","format":"standard","meta":{"footnotes":""},"categories":[94],"tags":[],"class_list":["post-54245","post","type-post","status-publish","format-standard","has-post-thumbnail","hentry","category-nacional-global-2"],"yoast_head":"<!-- This site is optimized with the Yoast SEO plugin v27.1.1 - https:\/\/yoast.com\/product\/yoast-seo-wordpress\/ -->\n<title>Prenden alarmas en Mocoa por creciente s\u00fabita del r\u00edo Mulato | P\u00e1gina10<\/title>\n<meta name=\"robots\" content=\"index, follow, max-snippet:-1, max-image-preview:large, max-video-preview:-1\" \/>\n<link rel=\"canonical\" href=\"https:\/\/pagina10.com\/web\/prenden-alarmas-en-mocoa-por-creciente-subita-del-rio-mulato\/\" \/>\n<meta property=\"og:locale\" content=\"es_ES\" \/>\n<meta property=\"og:type\" content=\"article\" \/>\n<meta property=\"og:title\" content=\"Prenden alarmas en Mocoa por creciente s\u00fabita del r\u00edo Mulato | P\u00e1gina10\" \/>\n<meta property=\"og:description\" content=\"Habitantes de Mocoa, en el departamento del Putumayo, viven momentos de tensi\u00f3n debido a la creciente s\u00fabita del r\u00edo Mulato, ante esta situaci\u00f3n las autoridades hicieron un llamado de alerta temprana para evitar tragedias. \u201cDe acuerdo con informaci\u00f3n del Consejo Municipal de Gesti\u00f3n del Riesgo de Mocoa, ante creciente s\u00fabita que se present\u00f3 en el [&hellip;]\" \/>\n<meta property=\"og:url\" content=\"https:\/\/pagina10.com\/web\/prenden-alarmas-en-mocoa-por-creciente-subita-del-rio-mulato\/\" \/>\n<meta property=\"og:site_name\" content=\"P\u00e1gina10\" \/>\n<meta property=\"article:publisher\" content=\"https:\/\/www.facebook.com\/pag10com\" \/>\n<meta property=\"article:published_time\" content=\"2021-07-22T03:20:22+00:00\" \/>\n<meta property=\"og:image\" content=\"https:\/\/pagina10.com\/web\/wp-content\/uploads\/2021\/07\/E63VIQdWUAIPNN-.jpg\" \/>\n\t<meta property=\"og:image:width\" content=\"1158\" \/>\n\t<meta property=\"og:image:height\" content=\"675\" \/>\n\t<meta property=\"og:image:type\" content=\"image\/jpeg\" \/>\n<meta name=\"author\" content=\"P\u00e1gina 10\" \/>\n<meta name=\"twitter:card\" content=\"summary_large_image\" \/>\n<meta name=\"twitter:creator\" content=\"@Pag10com\" \/>\n<meta name=\"twitter:site\" content=\"@Pag10com\" \/>\n<meta name=\"twitter:label1\" content=\"Escrito por\" \/>\n\t<meta name=\"twitter:data1\" content=\"P\u00e1gina 10\" \/>\n\t<meta name=\"twitter:label2\" content=\"Tiempo de lectura\" \/>\n\t<meta name=\"twitter:data2\" content=\"1 minuto\" \/>\n<script type=\"application\/ld+json\" class=\"yoast-schema-graph\">{\"@context\":\"https:\/\/schema.org\",\"@graph\":[{\"@type\":\"Article\",\"@id\":\"https:\/\/pagina10.com\/web\/prenden-alarmas-en-mocoa-por-creciente-subita-del-rio-mulato\/#article\",\"isPartOf\":{\"@id\":\"https:\/\/pagina10.com\/web\/prenden-alarmas-en-mocoa-por-creciente-subita-del-rio-mulato\/\"},\"author\":{\"name\":\"P\u00e1gina 10\",\"@id\":\"https:\/\/pagina10.com\/web\/#\/schema\/person\/2efc4a090d25b667d3bc796798a3a81b\"},\"headline\":\"Prenden alarmas en Mocoa por creciente s\u00fabita del r\u00edo Mulato\",\"datePublished\":\"2021-07-22T03:20:22+00:00\",\"mainEntityOfPage\":{\"@id\":\"https:\/\/pagina10.com\/web\/prenden-alarmas-en-mocoa-por-creciente-subita-del-rio-mulato\/\"},\"wordCount\":175,\"commentCount\":0,\"publisher\":{\"@id\":\"https:\/\/pagina10.com\/web\/#organization\"},\"image\":{\"@id\":\"https:\/\/pagina10.com\/web\/prenden-alarmas-en-mocoa-por-creciente-subita-del-rio-mulato\/#primaryimage\"},\"thumbnailUrl\":\"https:\/\/pagina10.com\/web\/wp-content\/uploads\/2021\/07\/E63VIQdWUAIPNN-.jpg\",\"articleSection\":[\"Nacional\"],\"inLanguage\":\"es\",\"potentialAction\":[{\"@type\":\"CommentAction\",\"name\":\"Comment\",\"target\":[\"https:\/\/pagina10.com\/web\/prenden-alarmas-en-mocoa-por-creciente-subita-del-rio-mulato\/#respond\"]}]},{\"@type\":\"WebPage\",\"@id\":\"https:\/\/pagina10.com\/web\/prenden-alarmas-en-mocoa-por-creciente-subita-del-rio-mulato\/\",\"url\":\"https:\/\/pagina10.com\/web\/prenden-alarmas-en-mocoa-por-creciente-subita-del-rio-mulato\/\",\"name\":\"Prenden alarmas en Mocoa por creciente s\u00fabita del r\u00edo Mulato | P\u00e1gina10\",\"isPartOf\":{\"@id\":\"https:\/\/pagina10.com\/web\/#website\"},\"primaryImageOfPage\":{\"@id\":\"https:\/\/pagina10.com\/web\/prenden-alarmas-en-mocoa-por-creciente-subita-del-rio-mulato\/#primaryimage\"},\"image\":{\"@id\":\"https:\/\/pagina10.com\/web\/prenden-alarmas-en-mocoa-por-creciente-subita-del-rio-mulato\/#primaryimage\"},\"thumbnailUrl\":\"https:\/\/pagina10.com\/web\/wp-content\/uploads\/2021\/07\/E63VIQdWUAIPNN-.jpg\",\"datePublished\":\"2021-07-22T03:20:22+00:00\",\"breadcrumb\":{\"@id\":\"https:\/\/pagina10.com\/web\/prenden-alarmas-en-mocoa-por-creciente-subita-del-rio-mulato\/#breadcrumb\"},\"inLanguage\":\"es\",\"potentialAction\":[{\"@type\":\"ReadAction\",\"target\":[\"https:\/\/pagina10.com\/web\/prenden-alarmas-en-mocoa-por-creciente-subita-del-rio-mulato\/\"]}]},{\"@type\":\"ImageObject\",\"inLanguage\":\"es\",\"@id\":\"https:\/\/pagina10.com\/web\/prenden-alarmas-en-mocoa-por-creciente-subita-del-rio-mulato\/#primaryimage\",\"url\":\"https:\/\/pagina10.com\/web\/wp-content\/uploads\/2021\/07\/E63VIQdWUAIPNN-.jpg\",\"contentUrl\":\"https:\/\/pagina10.com\/web\/wp-content\/uploads\/2021\/07\/E63VIQdWUAIPNN-.jpg\",\"width\":1158,\"height\":675},{\"@type\":\"BreadcrumbList\",\"@id\":\"https:\/\/pagina10.com\/web\/prenden-alarmas-en-mocoa-por-creciente-subita-del-rio-mulato\/#breadcrumb\",\"itemListElement\":[{\"@type\":\"ListItem\",\"position\":1,\"name\":\"Portada\",\"item\":\"https:\/\/pagina10.com\/web\/\"},{\"@type\":\"ListItem\",\"position\":2,\"name\":\"Prenden alarmas en Mocoa por creciente s\u00fabita del r\u00edo Mulato\"}]},{\"@type\":\"WebSite\",\"@id\":\"https:\/\/pagina10.com\/web\/#website\",\"url\":\"https:\/\/pagina10.com\/web\/\",\"name\":\"P\u00e1gina10\",\"description\":\"Peri\u00f3dico Regional\",\"publisher\":{\"@id\":\"https:\/\/pagina10.com\/web\/#organization\"},\"alternateName\":\"P\u00e1gina10 Peri\u00f3dico Regional\",\"potentialAction\":[{\"@type\":\"SearchAction\",\"target\":{\"@type\":\"EntryPoint\",\"urlTemplate\":\"https:\/\/pagina10.com\/web\/?s={search_term_string}\"},\"query-input\":{\"@type\":\"PropertyValueSpecification\",\"valueRequired\":true,\"valueName\":\"search_term_string\"}}],\"inLanguage\":\"es\"},{\"@type\":\"Organization\",\"@id\":\"https:\/\/pagina10.com\/web\/#organization\",\"name\":\"P\u00e1gina10\",\"alternateName\":\"P\u00e1gina10 Peri\u00f3dico Regional\",\"url\":\"https:\/\/pagina10.com\/web\/\",\"logo\":{\"@type\":\"ImageObject\",\"inLanguage\":\"es\",\"@id\":\"https:\/\/pagina10.com\/web\/#\/schema\/logo\/image\/\",\"url\":\"https:\/\/pagina10.com\/web\/wp-content\/uploads\/2024\/01\/40-pagina-10-periodico-regional-pasto.jpg\",\"contentUrl\":\"https:\/\/pagina10.com\/web\/wp-content\/uploads\/2024\/01\/40-pagina-10-periodico-regional-pasto.jpg\",\"width\":1280,\"height\":720,\"caption\":\"P\u00e1gina10\"},\"image\":{\"@id\":\"https:\/\/pagina10.com\/web\/#\/schema\/logo\/image\/\"},\"sameAs\":[\"https:\/\/www.facebook.com\/pag10com\",\"https:\/\/x.com\/Pag10com\",\"https:\/\/www.instagram.com\/pagina10col\/\",\"https:\/\/youtube.com\/channel\/pag10\",\"https:\/\/www.tiktok.com\/@p10col\"]},{\"@type\":\"Person\",\"@id\":\"https:\/\/pagina10.com\/web\/#\/schema\/person\/2efc4a090d25b667d3bc796798a3a81b\",\"name\":\"P\u00e1gina 10\",\"description\":\"P\u00e1gina 10 es un peri\u00f3dico regional que nace en Colombia, en el departamento de Nari\u00f1o, con un enfoque global, fundamentado en cuatro pilares esenciales: la libertad, el pluralismo, la inclusi\u00f3n y la independencia. P\u00e1gina 10 hace referencia a Nari\u00f1o como el d\u00e9cimo departamento creado en Colombia, despu\u00e9s de un proceso pol\u00edtico liderado por actores y actrices regionales con el fin de obtener la independencia y autonom\u00eda de nuestros territorios. Con la creaci\u00f3n de P\u00e1gina 10 se pretende abrir un escenario para el dialogo, la reflexi\u00f3n y el debate que se extienda a otras geograf\u00edas de Am\u00e9rica Latina y del planeta, en una apuesta por transformar colectivamente los desaf\u00edos de un mundo contempor\u00e1neo, m\u00e1s all\u00e1 de las fronteras impuestas.\",\"url\":\"https:\/\/pagina10.com\/web\/author\/pdiezadmin\/\"}]}<\/script>\n<!-- \/ Yoast SEO plugin. -->","yoast_head_json":{"title":"Prenden alarmas en Mocoa por creciente s\u00fabita del r\u00edo Mulato | P\u00e1gina10","robots":{"index":"index","follow":"follow","max-snippet":"max-snippet:-1","max-image-preview":"max-image-preview:large","max-video-preview":"max-video-preview:-1"},"canonical":"https:\/\/pagina10.com\/web\/prenden-alarmas-en-mocoa-por-creciente-subita-del-rio-mulato\/","og_locale":"es_ES","og_type":"article","og_title":"Prenden alarmas en Mocoa por creciente s\u00fabita del r\u00edo Mulato | P\u00e1gina10","og_description":"Habitantes de Mocoa, en el departamento del Putumayo, viven momentos de tensi\u00f3n debido a la creciente s\u00fabita del r\u00edo Mulato, ante esta situaci\u00f3n las autoridades hicieron un llamado de alerta temprana para evitar tragedias. \u201cDe acuerdo con informaci\u00f3n del Consejo Municipal de Gesti\u00f3n del Riesgo de Mocoa, ante creciente s\u00fabita que se present\u00f3 en el [&hellip;]","og_url":"https:\/\/pagina10.com\/web\/prenden-alarmas-en-mocoa-por-creciente-subita-del-rio-mulato\/","og_site_name":"P\u00e1gina10","article_publisher":"https:\/\/www.facebook.com\/pag10com","article_published_time":"2021-07-22T03:20:22+00:00","og_image":[{"width":1158,"height":675,"url":"https:\/\/pagina10.com\/web\/wp-content\/uploads\/2021\/07\/E63VIQdWUAIPNN-.jpg","type":"image\/jpeg"}],"author":"P\u00e1gina 10","twitter_card":"summary_large_image","twitter_creator":"@Pag10com","twitter_site":"@Pag10com","twitter_misc":{"Escrito por":"P\u00e1gina 10","Tiempo de lectura":"1 minuto"},"schema":{"@context":"https:\/\/schema.org","@graph":[{"@type":"Article","@id":"https:\/\/pagina10.com\/web\/prenden-alarmas-en-mocoa-por-creciente-subita-del-rio-mulato\/#article","isPartOf":{"@id":"https:\/\/pagina10.com\/web\/prenden-alarmas-en-mocoa-por-creciente-subita-del-rio-mulato\/"},"author":{"name":"P\u00e1gina 10","@id":"https:\/\/pagina10.com\/web\/#\/schema\/person\/2efc4a090d25b667d3bc796798a3a81b"},"headline":"Prenden alarmas en Mocoa por creciente s\u00fabita del r\u00edo Mulato","datePublished":"2021-07-22T03:20:22+00:00","mainEntityOfPage":{"@id":"https:\/\/pagina10.com\/web\/prenden-alarmas-en-mocoa-por-creciente-subita-del-rio-mulato\/"},"wordCount":175,"commentCount":0,"publisher":{"@id":"https:\/\/pagina10.com\/web\/#organization"},"image":{"@id":"https:\/\/pagina10.com\/web\/prenden-alarmas-en-mocoa-por-creciente-subita-del-rio-mulato\/#primaryimage"},"thumbnailUrl":"https:\/\/pagina10.com\/web\/wp-content\/uploads\/2021\/07\/E63VIQdWUAIPNN-.jpg","articleSection":["Nacional"],"inLanguage":"es","potentialAction":[{"@type":"CommentAction","name":"Comment","target":["https:\/\/pagina10.com\/web\/prenden-alarmas-en-mocoa-por-creciente-subita-del-rio-mulato\/#respond"]}]},{"@type":"WebPage","@id":"https:\/\/pagina10.com\/web\/prenden-alarmas-en-mocoa-por-creciente-subita-del-rio-mulato\/","url":"https:\/\/pagina10.com\/web\/prenden-alarmas-en-mocoa-por-creciente-subita-del-rio-mulato\/","name":"Prenden alarmas en Mocoa por creciente s\u00fabita del r\u00edo Mulato | P\u00e1gina10","isPartOf":{"@id":"https:\/\/pagina10.com\/web\/#website"},"primaryImageOfPage":{"@id":"https:\/\/pagina10.com\/web\/prenden-alarmas-en-mocoa-por-creciente-subita-del-rio-mulato\/#primaryimage"},"image":{"@id":"https:\/\/pagina10.com\/web\/prenden-alarmas-en-mocoa-por-creciente-subita-del-rio-mulato\/#primaryimage"},"thumbnailUrl":"https:\/\/pagina10.com\/web\/wp-content\/uploads\/2021\/07\/E63VIQdWUAIPNN-.jpg","datePublished":"2021-07-22T03:20:22+00:00","breadcrumb":{"@id":"https:\/\/pagina10.com\/web\/prenden-alarmas-en-mocoa-por-creciente-subita-del-rio-mulato\/#breadcrumb"},"inLanguage":"es","potentialAction":[{"@type":"ReadAction","target":["https:\/\/pagina10.com\/web\/prenden-alarmas-en-mocoa-por-creciente-subita-del-rio-mulato\/"]}]},{"@type":"ImageObject","inLanguage":"es","@id":"https:\/\/pagina10.com\/web\/prenden-alarmas-en-mocoa-por-creciente-subita-del-rio-mulato\/#primaryimage","url":"https:\/\/pagina10.com\/web\/wp-content\/uploads\/2021\/07\/E63VIQdWUAIPNN-.jpg","contentUrl":"https:\/\/pagina10.com\/web\/wp-content\/uploads\/2021\/07\/E63VIQdWUAIPNN-.jpg","width":1158,"height":675},{"@type":"BreadcrumbList","@id":"https:\/\/pagina10.com\/web\/prenden-alarmas-en-mocoa-por-creciente-subita-del-rio-mulato\/#breadcrumb","itemListElement":[{"@type":"ListItem","position":1,"name":"Portada","item":"https:\/\/pagina10.com\/web\/"},{"@type":"ListItem","position":2,"name":"Prenden alarmas en Mocoa por creciente s\u00fabita del r\u00edo Mulato"}]},{"@type":"WebSite","@id":"https:\/\/pagina10.com\/web\/#website","url":"https:\/\/pagina10.com\/web\/","name":"P\u00e1gina10","description":"Peri\u00f3dico Regional","publisher":{"@id":"https:\/\/pagina10.com\/web\/#organization"},"alternateName":"P\u00e1gina10 Peri\u00f3dico Regional","potentialAction":[{"@type":"SearchAction","target":{"@type":"EntryPoint","urlTemplate":"https:\/\/pagina10.com\/web\/?s={search_term_string}"},"query-input":{"@type":"PropertyValueSpecification","valueRequired":true,"valueName":"search_term_string"}}],"inLanguage":"es"},{"@type":"Organization","@id":"https:\/\/pagina10.com\/web\/#organization","name":"P\u00e1gina10","alternateName":"P\u00e1gina10 Peri\u00f3dico Regional","url":"https:\/\/pagina10.com\/web\/","logo":{"@type":"ImageObject","inLanguage":"es","@id":"https:\/\/pagina10.com\/web\/#\/schema\/logo\/image\/","url":"https:\/\/pagina10.com\/web\/wp-content\/uploads\/2024\/01\/40-pagina-10-periodico-regional-pasto.jpg","contentUrl":"https:\/\/pagina10.com\/web\/wp-content\/uploads\/2024\/01\/40-pagina-10-periodico-regional-pasto.jpg","width":1280,"height":720,"caption":"P\u00e1gina10"},"image":{"@id":"https:\/\/pagina10.com\/web\/#\/schema\/logo\/image\/"},"sameAs":["https:\/\/www.facebook.com\/pag10com","https:\/\/x.com\/Pag10com","https:\/\/www.instagram.com\/pagina10col\/","https:\/\/youtube.com\/channel\/pag10","https:\/\/www.tiktok.com\/@p10col"]},{"@type":"Person","@id":"https:\/\/pagina10.com\/web\/#\/schema\/person\/2efc4a090d25b667d3bc796798a3a81b","name":"P\u00e1gina 10","description":"P\u00e1gina 10 es un peri\u00f3dico regional que nace en Colombia, en el departamento de Nari\u00f1o, con un enfoque global, fundamentado en cuatro pilares esenciales: la libertad, el pluralismo, la inclusi\u00f3n y la independencia. P\u00e1gina 10 hace referencia a Nari\u00f1o como el d\u00e9cimo departamento creado en Colombia, despu\u00e9s de un proceso pol\u00edtico liderado por actores y actrices regionales con el fin de obtener la independencia y autonom\u00eda de nuestros territorios. Con la creaci\u00f3n de P\u00e1gina 10 se pretende abrir un escenario para el dialogo, la reflexi\u00f3n y el debate que se extienda a otras geograf\u00edas de Am\u00e9rica Latina y del planeta, en una apuesta por transformar colectivamente los desaf\u00edos de un mundo contempor\u00e1neo, m\u00e1s all\u00e1 de las fronteras impuestas.","url":"https:\/\/pagina10.com\/web\/author\/pdiezadmin\/"}]}},"_links":{"self":[{"href":"https:\/\/pagina10.com\/web\/wp-json\/wp\/v2\/posts\/54245","targetHints":{"allow":["GET"]}}],"collection":[{"href":"https:\/\/pagina10.com\/web\/wp-json\/wp\/v2\/posts"}],"about":[{"href":"https:\/\/pagina10.com\/web\/wp-json\/wp\/v2\/types\/post"}],"author":[{"embeddable":true,"href":"https:\/\/pagina10.com\/web\/wp-json\/wp\/v2\/users\/1"}],"replies":[{"embeddable":true,"href":"https:\/\/pagina10.com\/web\/wp-json\/wp\/v2\/comments?post=54245"}],"version-history":[{"count":1,"href":"https:\/\/pagina10.com\/web\/wp-json\/wp\/v2\/posts\/54245\/revisions"}],"predecessor-version":[{"id":54247,"href":"https:\/\/pagina10.com\/web\/wp-json\/wp\/v2\/posts\/54245\/revisions\/54247"}],"wp:featuredmedia":[{"embeddable":true,"href":"https:\/\/pagina10.com\/web\/wp-json\/wp\/v2\/media\/54246"}],"wp:attachment":[{"href":"https:\/\/pagina10.com\/web\/wp-json\/wp\/v2\/media?parent=54245"}],"wp:term":[{"taxonomy":"category","embeddable":true,"href":"https:\/\/pagina10.com\/web\/wp-json\/wp\/v2\/categories?post=54245"},{"taxonomy":"post_tag","embeddable":true,"href":"https:\/\/pagina10.com\/web\/wp-json\/wp\/v2\/tags?post=54245"}],"curies":[{"name":"wp","href":"https:\/\/api.w.org\/{rel}","templated":true}]}}