{"id":54261,"date":"2021-07-22T11:36:16","date_gmt":"2021-07-22T16:36:16","guid":{"rendered":"https:\/\/pagina10.com\/web\/?p=54261"},"modified":"2021-07-22T11:36:56","modified_gmt":"2021-07-22T16:36:56","slug":"se-realizara-en-pasto-e-ipiales-la-tercera-rueda-de-negocios-hecho-por-mujeres-emprendedoras-venezolanas-y-colombianas","status":"publish","type":"post","link":"https:\/\/pagina10.com\/web\/se-realizara-en-pasto-e-ipiales-la-tercera-rueda-de-negocios-hecho-por-mujeres-emprendedoras-venezolanas-y-colombianas\/","title":{"rendered":"\u201cSe realizar\u00e1 en Pasto e Ipiales la tercera rueda de negocios hecho por mujeres emprendedoras venezolanas y colombianas\u201d"},"content":{"rendered":"<p style=\"text-align: justify;\">En Nari\u00f1o se implementa GUAGUACHAMA un proyecto que vincula a m\u00e1s de 100 mujeres venezolanas y colombianas ubicadas en los municipios de Pasto e Ipiales, con el fin de generar acciones de protecci\u00f3n e inclusi\u00f3n socioecon\u00f3mica de las mujeres, en contexto de flujos migratorios mixtos en el departamento de Nari\u00f1o.<\/p>\n<p style=\"text-align: justify;\">Durante seis meses se ha acompa\u00f1ado a 14 proyectos productivos de los municipios\u00a0 priorizados liderados por mujeres venezolanas y colombianas, a trav\u00e9s del fortalecimiento en aspectos sociales, comunitarios y empresariales a partir de capacitaciones y encuentros abordando temas como empoderamiento econ\u00f3mico, proyecci\u00f3n y estrategias empresariales, portafolio de servicios, imagen corporativa y merchandising. Logrando el posicionamiento y crecimiento empresarial en el mercado local a partir de estrategias como la TERCERA RUEDA DE NEGOCIOS \u201cHECHO POR MUJERES EMPRENDEDORAS\u201d.<\/p>\n<p style=\"text-align: justify;\">Espacio que se realizar\u00e1 el pr\u00f3ximo 23 de julio en la ciudad de Pasto, en las instalaciones de Hotel Cuellar\u00b4s y el 27 de julio en el sal\u00f3n de eventos Santa Isabel en el municipio de Ipiales, para lo cual se tienen agendadas aproximadamente 13 citas por proyecto productivo entre las mujeres emprendedoras y los empresarios\/as\u00a0 de sectores de la regi\u00f3n como: restaurantes, cl\u00ednicas de belleza, seguridad, c\u00e1rnicos, licores, construcci\u00f3n, entidades bancarias y de cr\u00e9dito, insumos para mascotas y supermercados, esta iniciativa es liderada por ONU Mujeres financiada por la oficina de refugiados y migrantes del Gobierno de los Estados Unidos e implementada por la Di\u00f3cesis, Pastoral Social de Pasto e Ipiales y FENALCO Seccional Nari\u00f1o desde el proyecto GUAGUACHAMA, que busca generar acciones de fortalecimiento empresarial a partir de la\u00a0 negociaci\u00f3n en doble v\u00eda, impulsando al sector empresarial a desarrollar estrategias de empoderamiento econ\u00f3mico de las mujeres migrantes y comunidades de acogida y otorgando una gradual y optima reactivaci\u00f3n del comercio local en el Departamento de Nari\u00f1o.<\/p>\n<p style=\"text-align: justify;\">Participan los 14 emprendimientos seleccionados (7 en Pasto y 7 en Ipiales), liderados por mujeres venezolanas y colombianas en los cuales se promocionar\u00e1n iniciativas gastron\u00f3micas, de servicio automotriz, artesan\u00edas, productos de belleza, productos agroindustriales y servicios de entrega a domicilio. Con el fin de fortalecer din\u00e1micas comerciales y aportar a la reactivaci\u00f3n econ\u00f3mica en Nari\u00f1o.<\/p>\n<p style=\"text-align: justify;\">Dando a conocer los siguientes emprendimientos:<\/p>\n<ul style=\"text-align: justify;\">\n<li>Mag Burguer<\/li>\n<li>Cantaura Domicilios<\/li>\n<li>La Saz\u00f3n de MyR<\/li>\n<li>Serviel\u00e9ctricos Farf\u00e1n<\/li>\n<li>Mi Panquesito Casero<\/li>\n<li>Ana Sweet Home<\/li>\n<li>Patitas So\u00f1adoras<\/li>\n<li>L Grill\u00e9 Gourmet Fast Food<\/li>\n<li>Julietta&#8217;s Cosm\u00e9ticos<\/li>\n<li>Rosmit Gourmet<\/li>\n<li>Panader\u00eda La Bendici\u00f3n De Dios<\/li>\n<li>Grupo San Miguel<\/li>\n<li>Ecocultura Artesan\u00edas<\/li>\n<li>Arte L Y V Utensilios De Concina<\/li>\n<\/ul>\n<p style=\"text-align: justify;\">Realizar acciones de reactivaci\u00f3n econ\u00f3mica a trav\u00e9s de estrategias de empoderamiento econ\u00f3mico de las mujeres migrantes y comunidades de acogida garantiza la igualdad de g\u00e9nero y el desarrollo de Nari\u00f1o.<\/p>\n<p style=\"text-align: justify;\">S\u00edguenos en Facebook e Instagram como: Fenalco Seccional Nari\u00f1o &#8211; Di\u00f3cesis de Ipiales<\/p>\n<p style=\"text-align: justify;\"><a href=\"https:\/\/hechopormujeresnarinenses.com\/\" data-saferedirecturl=\"https:\/\/www.google.com\/url?q=https:\/\/hechopormujeresnarinenses.com\/&amp;source=gmail&amp;ust=1627056032781000&amp;usg=AFQjCNFDdya60xMXOy6SvB6ngcEXI_78vw\">https:\/\/hechopormujeresnarinenses.com\/<\/a><\/p>\n<p style=\"text-align: justify;\"><a href=\"http:\/\/pastoralsocialipiales.org\/\" data-saferedirecturl=\"https:\/\/www.google.com\/url?q=http:\/\/pastoralsocialipiales.org\/&amp;source=gmail&amp;ust=1627056032781000&amp;usg=AFQjCNHERrGcFADq3bYMwQg_UV1SBfZneA\">http:\/\/pastoralsocialipiales.org\/<\/a><\/p>\n","protected":false},"excerpt":{"rendered":"<p>En Nari\u00f1o se implementa GUAGUACHAMA un proyecto que vincula a m\u00e1s de 100 mujeres venezolanas y colombianas ubicadas en los municipios de Pasto e Ipiales, con el fin de generar acciones de protecci\u00f3n e inclusi\u00f3n socioecon\u00f3mica de las mujeres, en contexto de flujos migratorios mixtos en el departamento de Nari\u00f1o. Durante seis meses se ha [&hellip;]<\/p>\n","protected":false},"author":1,"featured_media":54262,"comment_status":"open","ping_status":"open","sticky":false,"template":"","format":"standard","meta":{"footnotes":""},"categories":[13],"tags":[],"class_list":["post-54261","post","type-post","status-publish","format-standard","has-post-thumbnail","hentry","category-economia"],"yoast_head":"<!-- This site is optimized with the Yoast SEO plugin v27.1.1 - https:\/\/yoast.com\/product\/yoast-seo-wordpress\/ -->\n<title>\u201cSe realizar\u00e1 en Pasto e Ipiales la tercera rueda de negocios hecho por mujeres emprendedoras venezolanas y colombianas\u201d | P\u00e1gina10<\/title>\n<meta name=\"robots\" content=\"index, follow, max-snippet:-1, max-image-preview:large, max-video-preview:-1\" \/>\n<link rel=\"canonical\" href=\"https:\/\/pagina10.com\/web\/se-realizara-en-pasto-e-ipiales-la-tercera-rueda-de-negocios-hecho-por-mujeres-emprendedoras-venezolanas-y-colombianas\/\" \/>\n<meta property=\"og:locale\" content=\"es_ES\" \/>\n<meta property=\"og:type\" content=\"article\" \/>\n<meta property=\"og:title\" content=\"\u201cSe realizar\u00e1 en Pasto e Ipiales la tercera rueda de negocios hecho por mujeres emprendedoras venezolanas y colombianas\u201d | P\u00e1gina10\" \/>\n<meta property=\"og:description\" content=\"En Nari\u00f1o se implementa GUAGUACHAMA un proyecto que vincula a m\u00e1s de 100 mujeres venezolanas y colombianas ubicadas en los municipios de Pasto e Ipiales, con el fin de generar acciones de protecci\u00f3n e inclusi\u00f3n socioecon\u00f3mica de las mujeres, en contexto de flujos migratorios mixtos en el departamento de Nari\u00f1o. Durante seis meses se ha [&hellip;]\" \/>\n<meta property=\"og:url\" content=\"https:\/\/pagina10.com\/web\/se-realizara-en-pasto-e-ipiales-la-tercera-rueda-de-negocios-hecho-por-mujeres-emprendedoras-venezolanas-y-colombianas\/\" \/>\n<meta property=\"og:site_name\" content=\"P\u00e1gina10\" \/>\n<meta property=\"article:publisher\" content=\"https:\/\/www.facebook.com\/pag10com\" \/>\n<meta property=\"article:published_time\" content=\"2021-07-22T16:36:16+00:00\" \/>\n<meta property=\"article:modified_time\" content=\"2021-07-22T16:36:56+00:00\" \/>\n<meta property=\"og:image\" content=\"https:\/\/pagina10.com\/web\/wp-content\/uploads\/2021\/07\/Captura-de-Pantalla-2021-07-22-a-las-11.35.45-a.-m..png\" \/>\n\t<meta property=\"og:image:width\" content=\"491\" \/>\n\t<meta property=\"og:image:height\" content=\"406\" \/>\n\t<meta property=\"og:image:type\" content=\"image\/png\" \/>\n<meta name=\"author\" content=\"P\u00e1gina 10\" \/>\n<meta name=\"twitter:card\" content=\"summary_large_image\" \/>\n<meta name=\"twitter:creator\" content=\"@Pag10com\" \/>\n<meta name=\"twitter:site\" content=\"@Pag10com\" \/>\n<meta name=\"twitter:label1\" content=\"Escrito por\" \/>\n\t<meta name=\"twitter:data1\" content=\"P\u00e1gina 10\" \/>\n\t<meta name=\"twitter:label2\" content=\"Tiempo de lectura\" \/>\n\t<meta name=\"twitter:data2\" content=\"2 minutos\" \/>\n<script type=\"application\/ld+json\" class=\"yoast-schema-graph\">{\"@context\":\"https:\/\/schema.org\",\"@graph\":[{\"@type\":\"Article\",\"@id\":\"https:\/\/pagina10.com\/web\/se-realizara-en-pasto-e-ipiales-la-tercera-rueda-de-negocios-hecho-por-mujeres-emprendedoras-venezolanas-y-colombianas\/#article\",\"isPartOf\":{\"@id\":\"https:\/\/pagina10.com\/web\/se-realizara-en-pasto-e-ipiales-la-tercera-rueda-de-negocios-hecho-por-mujeres-emprendedoras-venezolanas-y-colombianas\/\"},\"author\":{\"name\":\"P\u00e1gina 10\",\"@id\":\"https:\/\/pagina10.com\/web\/#\/schema\/person\/2efc4a090d25b667d3bc796798a3a81b\"},\"headline\":\"\u201cSe realizar\u00e1 en Pasto e Ipiales la tercera rueda de negocios hecho por mujeres emprendedoras venezolanas y colombianas\u201d\",\"datePublished\":\"2021-07-22T16:36:16+00:00\",\"dateModified\":\"2021-07-22T16:36:56+00:00\",\"mainEntityOfPage\":{\"@id\":\"https:\/\/pagina10.com\/web\/se-realizara-en-pasto-e-ipiales-la-tercera-rueda-de-negocios-hecho-por-mujeres-emprendedoras-venezolanas-y-colombianas\/\"},\"wordCount\":509,\"commentCount\":0,\"publisher\":{\"@id\":\"https:\/\/pagina10.com\/web\/#organization\"},\"image\":{\"@id\":\"https:\/\/pagina10.com\/web\/se-realizara-en-pasto-e-ipiales-la-tercera-rueda-de-negocios-hecho-por-mujeres-emprendedoras-venezolanas-y-colombianas\/#primaryimage\"},\"thumbnailUrl\":\"https:\/\/pagina10.com\/web\/wp-content\/uploads\/2021\/07\/Captura-de-Pantalla-2021-07-22-a-las-11.35.45-a.-m..png\",\"articleSection\":[\"Econom\u00eda\"],\"inLanguage\":\"es\",\"potentialAction\":[{\"@type\":\"CommentAction\",\"name\":\"Comment\",\"target\":[\"https:\/\/pagina10.com\/web\/se-realizara-en-pasto-e-ipiales-la-tercera-rueda-de-negocios-hecho-por-mujeres-emprendedoras-venezolanas-y-colombianas\/#respond\"]}]},{\"@type\":\"WebPage\",\"@id\":\"https:\/\/pagina10.com\/web\/se-realizara-en-pasto-e-ipiales-la-tercera-rueda-de-negocios-hecho-por-mujeres-emprendedoras-venezolanas-y-colombianas\/\",\"url\":\"https:\/\/pagina10.com\/web\/se-realizara-en-pasto-e-ipiales-la-tercera-rueda-de-negocios-hecho-por-mujeres-emprendedoras-venezolanas-y-colombianas\/\",\"name\":\"\u201cSe realizar\u00e1 en Pasto e Ipiales la tercera rueda de negocios hecho por mujeres emprendedoras venezolanas y colombianas\u201d | P\u00e1gina10\",\"isPartOf\":{\"@id\":\"https:\/\/pagina10.com\/web\/#website\"},\"primaryImageOfPage\":{\"@id\":\"https:\/\/pagina10.com\/web\/se-realizara-en-pasto-e-ipiales-la-tercera-rueda-de-negocios-hecho-por-mujeres-emprendedoras-venezolanas-y-colombianas\/#primaryimage\"},\"image\":{\"@id\":\"https:\/\/pagina10.com\/web\/se-realizara-en-pasto-e-ipiales-la-tercera-rueda-de-negocios-hecho-por-mujeres-emprendedoras-venezolanas-y-colombianas\/#primaryimage\"},\"thumbnailUrl\":\"https:\/\/pagina10.com\/web\/wp-content\/uploads\/2021\/07\/Captura-de-Pantalla-2021-07-22-a-las-11.35.45-a.-m..png\",\"datePublished\":\"2021-07-22T16:36:16+00:00\",\"dateModified\":\"2021-07-22T16:36:56+00:00\",\"breadcrumb\":{\"@id\":\"https:\/\/pagina10.com\/web\/se-realizara-en-pasto-e-ipiales-la-tercera-rueda-de-negocios-hecho-por-mujeres-emprendedoras-venezolanas-y-colombianas\/#breadcrumb\"},\"inLanguage\":\"es\",\"potentialAction\":[{\"@type\":\"ReadAction\",\"target\":[\"https:\/\/pagina10.com\/web\/se-realizara-en-pasto-e-ipiales-la-tercera-rueda-de-negocios-hecho-por-mujeres-emprendedoras-venezolanas-y-colombianas\/\"]}]},{\"@type\":\"ImageObject\",\"inLanguage\":\"es\",\"@id\":\"https:\/\/pagina10.com\/web\/se-realizara-en-pasto-e-ipiales-la-tercera-rueda-de-negocios-hecho-por-mujeres-emprendedoras-venezolanas-y-colombianas\/#primaryimage\",\"url\":\"https:\/\/pagina10.com\/web\/wp-content\/uploads\/2021\/07\/Captura-de-Pantalla-2021-07-22-a-las-11.35.45-a.-m..png\",\"contentUrl\":\"https:\/\/pagina10.com\/web\/wp-content\/uploads\/2021\/07\/Captura-de-Pantalla-2021-07-22-a-las-11.35.45-a.-m..png\",\"width\":491,\"height\":406},{\"@type\":\"BreadcrumbList\",\"@id\":\"https:\/\/pagina10.com\/web\/se-realizara-en-pasto-e-ipiales-la-tercera-rueda-de-negocios-hecho-por-mujeres-emprendedoras-venezolanas-y-colombianas\/#breadcrumb\",\"itemListElement\":[{\"@type\":\"ListItem\",\"position\":1,\"name\":\"Portada\",\"item\":\"https:\/\/pagina10.com\/web\/\"},{\"@type\":\"ListItem\",\"position\":2,\"name\":\"\u201cSe realizar\u00e1 en Pasto e Ipiales la tercera rueda de negocios hecho por mujeres emprendedoras venezolanas y colombianas\u201d\"}]},{\"@type\":\"WebSite\",\"@id\":\"https:\/\/pagina10.com\/web\/#website\",\"url\":\"https:\/\/pagina10.com\/web\/\",\"name\":\"P\u00e1gina10\",\"description\":\"Peri\u00f3dico Regional\",\"publisher\":{\"@id\":\"https:\/\/pagina10.com\/web\/#organization\"},\"alternateName\":\"P\u00e1gina10 Peri\u00f3dico Regional\",\"potentialAction\":[{\"@type\":\"SearchAction\",\"target\":{\"@type\":\"EntryPoint\",\"urlTemplate\":\"https:\/\/pagina10.com\/web\/?s={search_term_string}\"},\"query-input\":{\"@type\":\"PropertyValueSpecification\",\"valueRequired\":true,\"valueName\":\"search_term_string\"}}],\"inLanguage\":\"es\"},{\"@type\":\"Organization\",\"@id\":\"https:\/\/pagina10.com\/web\/#organization\",\"name\":\"P\u00e1gina10\",\"alternateName\":\"P\u00e1gina10 Peri\u00f3dico Regional\",\"url\":\"https:\/\/pagina10.com\/web\/\",\"logo\":{\"@type\":\"ImageObject\",\"inLanguage\":\"es\",\"@id\":\"https:\/\/pagina10.com\/web\/#\/schema\/logo\/image\/\",\"url\":\"https:\/\/pagina10.com\/web\/wp-content\/uploads\/2024\/01\/40-pagina-10-periodico-regional-pasto.jpg\",\"contentUrl\":\"https:\/\/pagina10.com\/web\/wp-content\/uploads\/2024\/01\/40-pagina-10-periodico-regional-pasto.jpg\",\"width\":1280,\"height\":720,\"caption\":\"P\u00e1gina10\"},\"image\":{\"@id\":\"https:\/\/pagina10.com\/web\/#\/schema\/logo\/image\/\"},\"sameAs\":[\"https:\/\/www.facebook.com\/pag10com\",\"https:\/\/x.com\/Pag10com\",\"https:\/\/www.instagram.com\/pagina10col\/\",\"https:\/\/youtube.com\/channel\/pag10\",\"https:\/\/www.tiktok.com\/@p10col\"]},{\"@type\":\"Person\",\"@id\":\"https:\/\/pagina10.com\/web\/#\/schema\/person\/2efc4a090d25b667d3bc796798a3a81b\",\"name\":\"P\u00e1gina 10\",\"description\":\"P\u00e1gina 10 es un peri\u00f3dico regional que nace en Colombia, en el departamento de Nari\u00f1o, con un enfoque global, fundamentado en cuatro pilares esenciales: la libertad, el pluralismo, la inclusi\u00f3n y la independencia. P\u00e1gina 10 hace referencia a Nari\u00f1o como el d\u00e9cimo departamento creado en Colombia, despu\u00e9s de un proceso pol\u00edtico liderado por actores y actrices regionales con el fin de obtener la independencia y autonom\u00eda de nuestros territorios. Con la creaci\u00f3n de P\u00e1gina 10 se pretende abrir un escenario para el dialogo, la reflexi\u00f3n y el debate que se extienda a otras geograf\u00edas de Am\u00e9rica Latina y del planeta, en una apuesta por transformar colectivamente los desaf\u00edos de un mundo contempor\u00e1neo, m\u00e1s all\u00e1 de las fronteras impuestas.\",\"url\":\"https:\/\/pagina10.com\/web\/author\/pdiezadmin\/\"}]}<\/script>\n<!-- \/ Yoast SEO plugin. -->","yoast_head_json":{"title":"\u201cSe realizar\u00e1 en Pasto e Ipiales la tercera rueda de negocios hecho por mujeres emprendedoras venezolanas y colombianas\u201d | P\u00e1gina10","robots":{"index":"index","follow":"follow","max-snippet":"max-snippet:-1","max-image-preview":"max-image-preview:large","max-video-preview":"max-video-preview:-1"},"canonical":"https:\/\/pagina10.com\/web\/se-realizara-en-pasto-e-ipiales-la-tercera-rueda-de-negocios-hecho-por-mujeres-emprendedoras-venezolanas-y-colombianas\/","og_locale":"es_ES","og_type":"article","og_title":"\u201cSe realizar\u00e1 en Pasto e Ipiales la tercera rueda de negocios hecho por mujeres emprendedoras venezolanas y colombianas\u201d | P\u00e1gina10","og_description":"En Nari\u00f1o se implementa GUAGUACHAMA un proyecto que vincula a m\u00e1s de 100 mujeres venezolanas y colombianas ubicadas en los municipios de Pasto e Ipiales, con el fin de generar acciones de protecci\u00f3n e inclusi\u00f3n socioecon\u00f3mica de las mujeres, en contexto de flujos migratorios mixtos en el departamento de Nari\u00f1o. Durante seis meses se ha [&hellip;]","og_url":"https:\/\/pagina10.com\/web\/se-realizara-en-pasto-e-ipiales-la-tercera-rueda-de-negocios-hecho-por-mujeres-emprendedoras-venezolanas-y-colombianas\/","og_site_name":"P\u00e1gina10","article_publisher":"https:\/\/www.facebook.com\/pag10com","article_published_time":"2021-07-22T16:36:16+00:00","article_modified_time":"2021-07-22T16:36:56+00:00","og_image":[{"width":491,"height":406,"url":"https:\/\/pagina10.com\/web\/wp-content\/uploads\/2021\/07\/Captura-de-Pantalla-2021-07-22-a-las-11.35.45-a.-m..png","type":"image\/png"}],"author":"P\u00e1gina 10","twitter_card":"summary_large_image","twitter_creator":"@Pag10com","twitter_site":"@Pag10com","twitter_misc":{"Escrito por":"P\u00e1gina 10","Tiempo de lectura":"2 minutos"},"schema":{"@context":"https:\/\/schema.org","@graph":[{"@type":"Article","@id":"https:\/\/pagina10.com\/web\/se-realizara-en-pasto-e-ipiales-la-tercera-rueda-de-negocios-hecho-por-mujeres-emprendedoras-venezolanas-y-colombianas\/#article","isPartOf":{"@id":"https:\/\/pagina10.com\/web\/se-realizara-en-pasto-e-ipiales-la-tercera-rueda-de-negocios-hecho-por-mujeres-emprendedoras-venezolanas-y-colombianas\/"},"author":{"name":"P\u00e1gina 10","@id":"https:\/\/pagina10.com\/web\/#\/schema\/person\/2efc4a090d25b667d3bc796798a3a81b"},"headline":"\u201cSe realizar\u00e1 en Pasto e Ipiales la tercera rueda de negocios hecho por mujeres emprendedoras venezolanas y colombianas\u201d","datePublished":"2021-07-22T16:36:16+00:00","dateModified":"2021-07-22T16:36:56+00:00","mainEntityOfPage":{"@id":"https:\/\/pagina10.com\/web\/se-realizara-en-pasto-e-ipiales-la-tercera-rueda-de-negocios-hecho-por-mujeres-emprendedoras-venezolanas-y-colombianas\/"},"wordCount":509,"commentCount":0,"publisher":{"@id":"https:\/\/pagina10.com\/web\/#organization"},"image":{"@id":"https:\/\/pagina10.com\/web\/se-realizara-en-pasto-e-ipiales-la-tercera-rueda-de-negocios-hecho-por-mujeres-emprendedoras-venezolanas-y-colombianas\/#primaryimage"},"thumbnailUrl":"https:\/\/pagina10.com\/web\/wp-content\/uploads\/2021\/07\/Captura-de-Pantalla-2021-07-22-a-las-11.35.45-a.-m..png","articleSection":["Econom\u00eda"],"inLanguage":"es","potentialAction":[{"@type":"CommentAction","name":"Comment","target":["https:\/\/pagina10.com\/web\/se-realizara-en-pasto-e-ipiales-la-tercera-rueda-de-negocios-hecho-por-mujeres-emprendedoras-venezolanas-y-colombianas\/#respond"]}]},{"@type":"WebPage","@id":"https:\/\/pagina10.com\/web\/se-realizara-en-pasto-e-ipiales-la-tercera-rueda-de-negocios-hecho-por-mujeres-emprendedoras-venezolanas-y-colombianas\/","url":"https:\/\/pagina10.com\/web\/se-realizara-en-pasto-e-ipiales-la-tercera-rueda-de-negocios-hecho-por-mujeres-emprendedoras-venezolanas-y-colombianas\/","name":"\u201cSe realizar\u00e1 en Pasto e Ipiales la tercera rueda de negocios hecho por mujeres emprendedoras venezolanas y colombianas\u201d | P\u00e1gina10","isPartOf":{"@id":"https:\/\/pagina10.com\/web\/#website"},"primaryImageOfPage":{"@id":"https:\/\/pagina10.com\/web\/se-realizara-en-pasto-e-ipiales-la-tercera-rueda-de-negocios-hecho-por-mujeres-emprendedoras-venezolanas-y-colombianas\/#primaryimage"},"image":{"@id":"https:\/\/pagina10.com\/web\/se-realizara-en-pasto-e-ipiales-la-tercera-rueda-de-negocios-hecho-por-mujeres-emprendedoras-venezolanas-y-colombianas\/#primaryimage"},"thumbnailUrl":"https:\/\/pagina10.com\/web\/wp-content\/uploads\/2021\/07\/Captura-de-Pantalla-2021-07-22-a-las-11.35.45-a.-m..png","datePublished":"2021-07-22T16:36:16+00:00","dateModified":"2021-07-22T16:36:56+00:00","breadcrumb":{"@id":"https:\/\/pagina10.com\/web\/se-realizara-en-pasto-e-ipiales-la-tercera-rueda-de-negocios-hecho-por-mujeres-emprendedoras-venezolanas-y-colombianas\/#breadcrumb"},"inLanguage":"es","potentialAction":[{"@type":"ReadAction","target":["https:\/\/pagina10.com\/web\/se-realizara-en-pasto-e-ipiales-la-tercera-rueda-de-negocios-hecho-por-mujeres-emprendedoras-venezolanas-y-colombianas\/"]}]},{"@type":"ImageObject","inLanguage":"es","@id":"https:\/\/pagina10.com\/web\/se-realizara-en-pasto-e-ipiales-la-tercera-rueda-de-negocios-hecho-por-mujeres-emprendedoras-venezolanas-y-colombianas\/#primaryimage","url":"https:\/\/pagina10.com\/web\/wp-content\/uploads\/2021\/07\/Captura-de-Pantalla-2021-07-22-a-las-11.35.45-a.-m..png","contentUrl":"https:\/\/pagina10.com\/web\/wp-content\/uploads\/2021\/07\/Captura-de-Pantalla-2021-07-22-a-las-11.35.45-a.-m..png","width":491,"height":406},{"@type":"BreadcrumbList","@id":"https:\/\/pagina10.com\/web\/se-realizara-en-pasto-e-ipiales-la-tercera-rueda-de-negocios-hecho-por-mujeres-emprendedoras-venezolanas-y-colombianas\/#breadcrumb","itemListElement":[{"@type":"ListItem","position":1,"name":"Portada","item":"https:\/\/pagina10.com\/web\/"},{"@type":"ListItem","position":2,"name":"\u201cSe realizar\u00e1 en Pasto e Ipiales la tercera rueda de negocios hecho por mujeres emprendedoras venezolanas y colombianas\u201d"}]},{"@type":"WebSite","@id":"https:\/\/pagina10.com\/web\/#website","url":"https:\/\/pagina10.com\/web\/","name":"P\u00e1gina10","description":"Peri\u00f3dico Regional","publisher":{"@id":"https:\/\/pagina10.com\/web\/#organization"},"alternateName":"P\u00e1gina10 Peri\u00f3dico Regional","potentialAction":[{"@type":"SearchAction","target":{"@type":"EntryPoint","urlTemplate":"https:\/\/pagina10.com\/web\/?s={search_term_string}"},"query-input":{"@type":"PropertyValueSpecification","valueRequired":true,"valueName":"search_term_string"}}],"inLanguage":"es"},{"@type":"Organization","@id":"https:\/\/pagina10.com\/web\/#organization","name":"P\u00e1gina10","alternateName":"P\u00e1gina10 Peri\u00f3dico Regional","url":"https:\/\/pagina10.com\/web\/","logo":{"@type":"ImageObject","inLanguage":"es","@id":"https:\/\/pagina10.com\/web\/#\/schema\/logo\/image\/","url":"https:\/\/pagina10.com\/web\/wp-content\/uploads\/2024\/01\/40-pagina-10-periodico-regional-pasto.jpg","contentUrl":"https:\/\/pagina10.com\/web\/wp-content\/uploads\/2024\/01\/40-pagina-10-periodico-regional-pasto.jpg","width":1280,"height":720,"caption":"P\u00e1gina10"},"image":{"@id":"https:\/\/pagina10.com\/web\/#\/schema\/logo\/image\/"},"sameAs":["https:\/\/www.facebook.com\/pag10com","https:\/\/x.com\/Pag10com","https:\/\/www.instagram.com\/pagina10col\/","https:\/\/youtube.com\/channel\/pag10","https:\/\/www.tiktok.com\/@p10col"]},{"@type":"Person","@id":"https:\/\/pagina10.com\/web\/#\/schema\/person\/2efc4a090d25b667d3bc796798a3a81b","name":"P\u00e1gina 10","description":"P\u00e1gina 10 es un peri\u00f3dico regional que nace en Colombia, en el departamento de Nari\u00f1o, con un enfoque global, fundamentado en cuatro pilares esenciales: la libertad, el pluralismo, la inclusi\u00f3n y la independencia. P\u00e1gina 10 hace referencia a Nari\u00f1o como el d\u00e9cimo departamento creado en Colombia, despu\u00e9s de un proceso pol\u00edtico liderado por actores y actrices regionales con el fin de obtener la independencia y autonom\u00eda de nuestros territorios. Con la creaci\u00f3n de P\u00e1gina 10 se pretende abrir un escenario para el dialogo, la reflexi\u00f3n y el debate que se extienda a otras geograf\u00edas de Am\u00e9rica Latina y del planeta, en una apuesta por transformar colectivamente los desaf\u00edos de un mundo contempor\u00e1neo, m\u00e1s all\u00e1 de las fronteras impuestas.","url":"https:\/\/pagina10.com\/web\/author\/pdiezadmin\/"}]}},"_links":{"self":[{"href":"https:\/\/pagina10.com\/web\/wp-json\/wp\/v2\/posts\/54261","targetHints":{"allow":["GET"]}}],"collection":[{"href":"https:\/\/pagina10.com\/web\/wp-json\/wp\/v2\/posts"}],"about":[{"href":"https:\/\/pagina10.com\/web\/wp-json\/wp\/v2\/types\/post"}],"author":[{"embeddable":true,"href":"https:\/\/pagina10.com\/web\/wp-json\/wp\/v2\/users\/1"}],"replies":[{"embeddable":true,"href":"https:\/\/pagina10.com\/web\/wp-json\/wp\/v2\/comments?post=54261"}],"version-history":[{"count":2,"href":"https:\/\/pagina10.com\/web\/wp-json\/wp\/v2\/posts\/54261\/revisions"}],"predecessor-version":[{"id":54264,"href":"https:\/\/pagina10.com\/web\/wp-json\/wp\/v2\/posts\/54261\/revisions\/54264"}],"wp:featuredmedia":[{"embeddable":true,"href":"https:\/\/pagina10.com\/web\/wp-json\/wp\/v2\/media\/54262"}],"wp:attachment":[{"href":"https:\/\/pagina10.com\/web\/wp-json\/wp\/v2\/media?parent=54261"}],"wp:term":[{"taxonomy":"category","embeddable":true,"href":"https:\/\/pagina10.com\/web\/wp-json\/wp\/v2\/categories?post=54261"},{"taxonomy":"post_tag","embeddable":true,"href":"https:\/\/pagina10.com\/web\/wp-json\/wp\/v2\/tags?post=54261"}],"curies":[{"name":"wp","href":"https:\/\/api.w.org\/{rel}","templated":true}]}}