{"id":54294,"date":"2021-07-23T12:32:09","date_gmt":"2021-07-23T17:32:09","guid":{"rendered":"https:\/\/pagina10.com\/web\/?p=54294"},"modified":"2021-07-23T12:37:01","modified_gmt":"2021-07-23T17:37:01","slug":"zona-rural-de-pasto-iniciara-jornadas-de-reciclaje","status":"publish","type":"post","link":"https:\/\/pagina10.com\/web\/zona-rural-de-pasto-iniciara-jornadas-de-reciclaje\/","title":{"rendered":"Zona rural de Pasto iniciar\u00e1 jornadas de reciclaje"},"content":{"rendered":"<p style=\"text-align: justify;\"><span style=\"font-weight: 400;\">La Administraci\u00f3n Municipal a trav\u00e9s de la Secretar\u00eda de Gesti\u00f3n Ambiental inicia, el pr\u00f3ximo 26 de julio, la campa\u00f1a de manejo y recolecci\u00f3n de envases de plaguicidas y fertilizantes utilizados en el sector rural del Pasto, en cumplimiento de las acciones de manejo responsable del consumo y posconsumo estipuladas en el Plan de Desarrollo.<\/span><\/p>\n<p style=\"text-align: justify;\"><span style=\"font-weight: 400;\">Las acciones ser\u00e1n lideradas hasta el 9 de agosto por las secretar\u00edas de Gesti\u00f3n Ambiental y Agricultura en articulaci\u00f3n con la Corporaci\u00f3n Campo Limpio.<\/span><\/p>\n<p style=\"text-align: justify;\"><span style=\"font-weight: 400;\">\u201cGracias a la gesti\u00f3n del Alcalde Germ\u00e1n Chamorro De La Rosa pondremos a disposici\u00f3n un transporte para la recolecci\u00f3n de envases de residuos de agroqu\u00edmicos de la actividad agropecuaria en el sector rural de Pasto, por eso queremos invitar a todas las personas para que realicen el respectivo almacenamiento ya que posterior a eso, dispondremos de una ruta y unos horarios para adelantar la recolecci\u00f3n, en aquellos puntos cr\u00edticos, y proceder a la disposici\u00f3n final de estos elementos\u201d, expres\u00f3 el secretario de Gesti\u00f3n Ambiental, Mario Viteri Palacios.<\/span><\/p>\n<p style=\"text-align: justify;\"><span style=\"font-weight: 400;\">El prop\u00f3sito de la campa\u00f1a es, adem\u00e1s de la recolecci\u00f3n de envases de agroqu\u00edmicos, incentivar y sensibilizar al productor sobre las buenas pr\u00e1cticas ambientales que protegen la salud y el medio ambiente, especialmente los r\u00edos, quebradas, reservorios y nacimientos de agua, en los diferentes corregimientos del municipio.<\/span><\/p>\n<p style=\"text-align: justify;\"><span style=\"font-weight: 400;\">Es oportuno comentar que gracias a la articulaci\u00f3n con la corporaci\u00f3n Campo Limpio, se dar\u00e1 el tratamiento adecuado a los residuos recolectados en las zonas establecidas.<\/span><\/p>\n","protected":false},"excerpt":{"rendered":"<p>La Administraci\u00f3n Municipal a trav\u00e9s de la Secretar\u00eda de Gesti\u00f3n Ambiental inicia, el pr\u00f3ximo 26 de julio, la campa\u00f1a de manejo y recolecci\u00f3n de envases de plaguicidas y fertilizantes utilizados en el sector rural del Pasto, en cumplimiento de las acciones de manejo responsable del consumo y posconsumo estipuladas en el Plan de Desarrollo. Las [&hellip;]<\/p>\n","protected":false},"author":1,"featured_media":54295,"comment_status":"open","ping_status":"open","sticky":false,"template":"","format":"standard","meta":{"footnotes":""},"categories":[94],"tags":[],"class_list":["post-54294","post","type-post","status-publish","format-standard","has-post-thumbnail","hentry","category-nacional-global-2"],"yoast_head":"<!-- This site is optimized with the Yoast SEO plugin v27.1.1 - https:\/\/yoast.com\/product\/yoast-seo-wordpress\/ -->\n<title>Zona rural de Pasto iniciar\u00e1 jornadas de reciclaje | P\u00e1gina10<\/title>\n<meta name=\"robots\" content=\"index, follow, max-snippet:-1, max-image-preview:large, max-video-preview:-1\" \/>\n<link rel=\"canonical\" href=\"https:\/\/pagina10.com\/web\/zona-rural-de-pasto-iniciara-jornadas-de-reciclaje\/\" \/>\n<meta property=\"og:locale\" content=\"es_ES\" \/>\n<meta property=\"og:type\" content=\"article\" \/>\n<meta property=\"og:title\" content=\"Zona rural de Pasto iniciar\u00e1 jornadas de reciclaje | P\u00e1gina10\" \/>\n<meta property=\"og:description\" content=\"La Administraci\u00f3n Municipal a trav\u00e9s de la Secretar\u00eda de Gesti\u00f3n Ambiental inicia, el pr\u00f3ximo 26 de julio, la campa\u00f1a de manejo y recolecci\u00f3n de envases de plaguicidas y fertilizantes utilizados en el sector rural del Pasto, en cumplimiento de las acciones de manejo responsable del consumo y posconsumo estipuladas en el Plan de Desarrollo. Las [&hellip;]\" \/>\n<meta property=\"og:url\" content=\"https:\/\/pagina10.com\/web\/zona-rural-de-pasto-iniciara-jornadas-de-reciclaje\/\" \/>\n<meta property=\"og:site_name\" content=\"P\u00e1gina10\" \/>\n<meta property=\"article:publisher\" content=\"https:\/\/www.facebook.com\/pag10com\" \/>\n<meta property=\"article:published_time\" content=\"2021-07-23T17:32:09+00:00\" \/>\n<meta property=\"article:modified_time\" content=\"2021-07-23T17:37:01+00:00\" \/>\n<meta property=\"og:image\" content=\"https:\/\/pagina10.com\/web\/wp-content\/uploads\/2021\/07\/save-the-world-ecology-environmental-conservation-perforated-paper-recycle-scaled.jpg\" \/>\n\t<meta property=\"og:image:width\" content=\"2560\" \/>\n\t<meta property=\"og:image:height\" content=\"2062\" \/>\n\t<meta property=\"og:image:type\" content=\"image\/jpeg\" \/>\n<meta name=\"author\" content=\"P\u00e1gina 10\" \/>\n<meta name=\"twitter:card\" content=\"summary_large_image\" \/>\n<meta name=\"twitter:creator\" content=\"@Pag10com\" \/>\n<meta name=\"twitter:site\" content=\"@Pag10com\" \/>\n<meta name=\"twitter:label1\" content=\"Escrito por\" \/>\n\t<meta name=\"twitter:data1\" content=\"P\u00e1gina 10\" \/>\n\t<meta name=\"twitter:label2\" content=\"Tiempo de lectura\" \/>\n\t<meta name=\"twitter:data2\" content=\"1 minuto\" \/>\n<script type=\"application\/ld+json\" class=\"yoast-schema-graph\">{\"@context\":\"https:\/\/schema.org\",\"@graph\":[{\"@type\":\"Article\",\"@id\":\"https:\/\/pagina10.com\/web\/zona-rural-de-pasto-iniciara-jornadas-de-reciclaje\/#article\",\"isPartOf\":{\"@id\":\"https:\/\/pagina10.com\/web\/zona-rural-de-pasto-iniciara-jornadas-de-reciclaje\/\"},\"author\":{\"name\":\"P\u00e1gina 10\",\"@id\":\"https:\/\/pagina10.com\/web\/#\/schema\/person\/2efc4a090d25b667d3bc796798a3a81b\"},\"headline\":\"Zona rural de Pasto iniciar\u00e1 jornadas de reciclaje\",\"datePublished\":\"2021-07-23T17:32:09+00:00\",\"dateModified\":\"2021-07-23T17:37:01+00:00\",\"mainEntityOfPage\":{\"@id\":\"https:\/\/pagina10.com\/web\/zona-rural-de-pasto-iniciara-jornadas-de-reciclaje\/\"},\"wordCount\":274,\"commentCount\":0,\"publisher\":{\"@id\":\"https:\/\/pagina10.com\/web\/#organization\"},\"image\":{\"@id\":\"https:\/\/pagina10.com\/web\/zona-rural-de-pasto-iniciara-jornadas-de-reciclaje\/#primaryimage\"},\"thumbnailUrl\":\"https:\/\/pagina10.com\/web\/wp-content\/uploads\/2021\/07\/save-the-world-ecology-environmental-conservation-perforated-paper-recycle-scaled.jpg\",\"articleSection\":[\"Nacional\"],\"inLanguage\":\"es\",\"potentialAction\":[{\"@type\":\"CommentAction\",\"name\":\"Comment\",\"target\":[\"https:\/\/pagina10.com\/web\/zona-rural-de-pasto-iniciara-jornadas-de-reciclaje\/#respond\"]}]},{\"@type\":\"WebPage\",\"@id\":\"https:\/\/pagina10.com\/web\/zona-rural-de-pasto-iniciara-jornadas-de-reciclaje\/\",\"url\":\"https:\/\/pagina10.com\/web\/zona-rural-de-pasto-iniciara-jornadas-de-reciclaje\/\",\"name\":\"Zona rural de Pasto iniciar\u00e1 jornadas de reciclaje | P\u00e1gina10\",\"isPartOf\":{\"@id\":\"https:\/\/pagina10.com\/web\/#website\"},\"primaryImageOfPage\":{\"@id\":\"https:\/\/pagina10.com\/web\/zona-rural-de-pasto-iniciara-jornadas-de-reciclaje\/#primaryimage\"},\"image\":{\"@id\":\"https:\/\/pagina10.com\/web\/zona-rural-de-pasto-iniciara-jornadas-de-reciclaje\/#primaryimage\"},\"thumbnailUrl\":\"https:\/\/pagina10.com\/web\/wp-content\/uploads\/2021\/07\/save-the-world-ecology-environmental-conservation-perforated-paper-recycle-scaled.jpg\",\"datePublished\":\"2021-07-23T17:32:09+00:00\",\"dateModified\":\"2021-07-23T17:37:01+00:00\",\"breadcrumb\":{\"@id\":\"https:\/\/pagina10.com\/web\/zona-rural-de-pasto-iniciara-jornadas-de-reciclaje\/#breadcrumb\"},\"inLanguage\":\"es\",\"potentialAction\":[{\"@type\":\"ReadAction\",\"target\":[\"https:\/\/pagina10.com\/web\/zona-rural-de-pasto-iniciara-jornadas-de-reciclaje\/\"]}]},{\"@type\":\"ImageObject\",\"inLanguage\":\"es\",\"@id\":\"https:\/\/pagina10.com\/web\/zona-rural-de-pasto-iniciara-jornadas-de-reciclaje\/#primaryimage\",\"url\":\"https:\/\/pagina10.com\/web\/wp-content\/uploads\/2021\/07\/save-the-world-ecology-environmental-conservation-perforated-paper-recycle-scaled.jpg\",\"contentUrl\":\"https:\/\/pagina10.com\/web\/wp-content\/uploads\/2021\/07\/save-the-world-ecology-environmental-conservation-perforated-paper-recycle-scaled.jpg\",\"width\":2560,\"height\":2062,\"caption\":\"Freepik\"},{\"@type\":\"BreadcrumbList\",\"@id\":\"https:\/\/pagina10.com\/web\/zona-rural-de-pasto-iniciara-jornadas-de-reciclaje\/#breadcrumb\",\"itemListElement\":[{\"@type\":\"ListItem\",\"position\":1,\"name\":\"Portada\",\"item\":\"https:\/\/pagina10.com\/web\/\"},{\"@type\":\"ListItem\",\"position\":2,\"name\":\"Zona rural de Pasto iniciar\u00e1 jornadas de reciclaje\"}]},{\"@type\":\"WebSite\",\"@id\":\"https:\/\/pagina10.com\/web\/#website\",\"url\":\"https:\/\/pagina10.com\/web\/\",\"name\":\"P\u00e1gina10\",\"description\":\"Peri\u00f3dico Regional\",\"publisher\":{\"@id\":\"https:\/\/pagina10.com\/web\/#organization\"},\"alternateName\":\"P\u00e1gina10 Peri\u00f3dico Regional\",\"potentialAction\":[{\"@type\":\"SearchAction\",\"target\":{\"@type\":\"EntryPoint\",\"urlTemplate\":\"https:\/\/pagina10.com\/web\/?s={search_term_string}\"},\"query-input\":{\"@type\":\"PropertyValueSpecification\",\"valueRequired\":true,\"valueName\":\"search_term_string\"}}],\"inLanguage\":\"es\"},{\"@type\":\"Organization\",\"@id\":\"https:\/\/pagina10.com\/web\/#organization\",\"name\":\"P\u00e1gina10\",\"alternateName\":\"P\u00e1gina10 Peri\u00f3dico Regional\",\"url\":\"https:\/\/pagina10.com\/web\/\",\"logo\":{\"@type\":\"ImageObject\",\"inLanguage\":\"es\",\"@id\":\"https:\/\/pagina10.com\/web\/#\/schema\/logo\/image\/\",\"url\":\"https:\/\/pagina10.com\/web\/wp-content\/uploads\/2024\/01\/40-pagina-10-periodico-regional-pasto.jpg\",\"contentUrl\":\"https:\/\/pagina10.com\/web\/wp-content\/uploads\/2024\/01\/40-pagina-10-periodico-regional-pasto.jpg\",\"width\":1280,\"height\":720,\"caption\":\"P\u00e1gina10\"},\"image\":{\"@id\":\"https:\/\/pagina10.com\/web\/#\/schema\/logo\/image\/\"},\"sameAs\":[\"https:\/\/www.facebook.com\/pag10com\",\"https:\/\/x.com\/Pag10com\",\"https:\/\/www.instagram.com\/pagina10col\/\",\"https:\/\/youtube.com\/channel\/pag10\",\"https:\/\/www.tiktok.com\/@p10col\"]},{\"@type\":\"Person\",\"@id\":\"https:\/\/pagina10.com\/web\/#\/schema\/person\/2efc4a090d25b667d3bc796798a3a81b\",\"name\":\"P\u00e1gina 10\",\"description\":\"P\u00e1gina 10 es un peri\u00f3dico regional que nace en Colombia, en el departamento de Nari\u00f1o, con un enfoque global, fundamentado en cuatro pilares esenciales: la libertad, el pluralismo, la inclusi\u00f3n y la independencia. P\u00e1gina 10 hace referencia a Nari\u00f1o como el d\u00e9cimo departamento creado en Colombia, despu\u00e9s de un proceso pol\u00edtico liderado por actores y actrices regionales con el fin de obtener la independencia y autonom\u00eda de nuestros territorios. Con la creaci\u00f3n de P\u00e1gina 10 se pretende abrir un escenario para el dialogo, la reflexi\u00f3n y el debate que se extienda a otras geograf\u00edas de Am\u00e9rica Latina y del planeta, en una apuesta por transformar colectivamente los desaf\u00edos de un mundo contempor\u00e1neo, m\u00e1s all\u00e1 de las fronteras impuestas.\",\"url\":\"https:\/\/pagina10.com\/web\/author\/pdiezadmin\/\"}]}<\/script>\n<!-- \/ Yoast SEO plugin. -->","yoast_head_json":{"title":"Zona rural de Pasto iniciar\u00e1 jornadas de reciclaje | P\u00e1gina10","robots":{"index":"index","follow":"follow","max-snippet":"max-snippet:-1","max-image-preview":"max-image-preview:large","max-video-preview":"max-video-preview:-1"},"canonical":"https:\/\/pagina10.com\/web\/zona-rural-de-pasto-iniciara-jornadas-de-reciclaje\/","og_locale":"es_ES","og_type":"article","og_title":"Zona rural de Pasto iniciar\u00e1 jornadas de reciclaje | P\u00e1gina10","og_description":"La Administraci\u00f3n Municipal a trav\u00e9s de la Secretar\u00eda de Gesti\u00f3n Ambiental inicia, el pr\u00f3ximo 26 de julio, la campa\u00f1a de manejo y recolecci\u00f3n de envases de plaguicidas y fertilizantes utilizados en el sector rural del Pasto, en cumplimiento de las acciones de manejo responsable del consumo y posconsumo estipuladas en el Plan de Desarrollo. Las [&hellip;]","og_url":"https:\/\/pagina10.com\/web\/zona-rural-de-pasto-iniciara-jornadas-de-reciclaje\/","og_site_name":"P\u00e1gina10","article_publisher":"https:\/\/www.facebook.com\/pag10com","article_published_time":"2021-07-23T17:32:09+00:00","article_modified_time":"2021-07-23T17:37:01+00:00","og_image":[{"width":2560,"height":2062,"url":"https:\/\/pagina10.com\/web\/wp-content\/uploads\/2021\/07\/save-the-world-ecology-environmental-conservation-perforated-paper-recycle-scaled.jpg","type":"image\/jpeg"}],"author":"P\u00e1gina 10","twitter_card":"summary_large_image","twitter_creator":"@Pag10com","twitter_site":"@Pag10com","twitter_misc":{"Escrito por":"P\u00e1gina 10","Tiempo de lectura":"1 minuto"},"schema":{"@context":"https:\/\/schema.org","@graph":[{"@type":"Article","@id":"https:\/\/pagina10.com\/web\/zona-rural-de-pasto-iniciara-jornadas-de-reciclaje\/#article","isPartOf":{"@id":"https:\/\/pagina10.com\/web\/zona-rural-de-pasto-iniciara-jornadas-de-reciclaje\/"},"author":{"name":"P\u00e1gina 10","@id":"https:\/\/pagina10.com\/web\/#\/schema\/person\/2efc4a090d25b667d3bc796798a3a81b"},"headline":"Zona rural de Pasto iniciar\u00e1 jornadas de reciclaje","datePublished":"2021-07-23T17:32:09+00:00","dateModified":"2021-07-23T17:37:01+00:00","mainEntityOfPage":{"@id":"https:\/\/pagina10.com\/web\/zona-rural-de-pasto-iniciara-jornadas-de-reciclaje\/"},"wordCount":274,"commentCount":0,"publisher":{"@id":"https:\/\/pagina10.com\/web\/#organization"},"image":{"@id":"https:\/\/pagina10.com\/web\/zona-rural-de-pasto-iniciara-jornadas-de-reciclaje\/#primaryimage"},"thumbnailUrl":"https:\/\/pagina10.com\/web\/wp-content\/uploads\/2021\/07\/save-the-world-ecology-environmental-conservation-perforated-paper-recycle-scaled.jpg","articleSection":["Nacional"],"inLanguage":"es","potentialAction":[{"@type":"CommentAction","name":"Comment","target":["https:\/\/pagina10.com\/web\/zona-rural-de-pasto-iniciara-jornadas-de-reciclaje\/#respond"]}]},{"@type":"WebPage","@id":"https:\/\/pagina10.com\/web\/zona-rural-de-pasto-iniciara-jornadas-de-reciclaje\/","url":"https:\/\/pagina10.com\/web\/zona-rural-de-pasto-iniciara-jornadas-de-reciclaje\/","name":"Zona rural de Pasto iniciar\u00e1 jornadas de reciclaje | P\u00e1gina10","isPartOf":{"@id":"https:\/\/pagina10.com\/web\/#website"},"primaryImageOfPage":{"@id":"https:\/\/pagina10.com\/web\/zona-rural-de-pasto-iniciara-jornadas-de-reciclaje\/#primaryimage"},"image":{"@id":"https:\/\/pagina10.com\/web\/zona-rural-de-pasto-iniciara-jornadas-de-reciclaje\/#primaryimage"},"thumbnailUrl":"https:\/\/pagina10.com\/web\/wp-content\/uploads\/2021\/07\/save-the-world-ecology-environmental-conservation-perforated-paper-recycle-scaled.jpg","datePublished":"2021-07-23T17:32:09+00:00","dateModified":"2021-07-23T17:37:01+00:00","breadcrumb":{"@id":"https:\/\/pagina10.com\/web\/zona-rural-de-pasto-iniciara-jornadas-de-reciclaje\/#breadcrumb"},"inLanguage":"es","potentialAction":[{"@type":"ReadAction","target":["https:\/\/pagina10.com\/web\/zona-rural-de-pasto-iniciara-jornadas-de-reciclaje\/"]}]},{"@type":"ImageObject","inLanguage":"es","@id":"https:\/\/pagina10.com\/web\/zona-rural-de-pasto-iniciara-jornadas-de-reciclaje\/#primaryimage","url":"https:\/\/pagina10.com\/web\/wp-content\/uploads\/2021\/07\/save-the-world-ecology-environmental-conservation-perforated-paper-recycle-scaled.jpg","contentUrl":"https:\/\/pagina10.com\/web\/wp-content\/uploads\/2021\/07\/save-the-world-ecology-environmental-conservation-perforated-paper-recycle-scaled.jpg","width":2560,"height":2062,"caption":"Freepik"},{"@type":"BreadcrumbList","@id":"https:\/\/pagina10.com\/web\/zona-rural-de-pasto-iniciara-jornadas-de-reciclaje\/#breadcrumb","itemListElement":[{"@type":"ListItem","position":1,"name":"Portada","item":"https:\/\/pagina10.com\/web\/"},{"@type":"ListItem","position":2,"name":"Zona rural de Pasto iniciar\u00e1 jornadas de reciclaje"}]},{"@type":"WebSite","@id":"https:\/\/pagina10.com\/web\/#website","url":"https:\/\/pagina10.com\/web\/","name":"P\u00e1gina10","description":"Peri\u00f3dico Regional","publisher":{"@id":"https:\/\/pagina10.com\/web\/#organization"},"alternateName":"P\u00e1gina10 Peri\u00f3dico Regional","potentialAction":[{"@type":"SearchAction","target":{"@type":"EntryPoint","urlTemplate":"https:\/\/pagina10.com\/web\/?s={search_term_string}"},"query-input":{"@type":"PropertyValueSpecification","valueRequired":true,"valueName":"search_term_string"}}],"inLanguage":"es"},{"@type":"Organization","@id":"https:\/\/pagina10.com\/web\/#organization","name":"P\u00e1gina10","alternateName":"P\u00e1gina10 Peri\u00f3dico Regional","url":"https:\/\/pagina10.com\/web\/","logo":{"@type":"ImageObject","inLanguage":"es","@id":"https:\/\/pagina10.com\/web\/#\/schema\/logo\/image\/","url":"https:\/\/pagina10.com\/web\/wp-content\/uploads\/2024\/01\/40-pagina-10-periodico-regional-pasto.jpg","contentUrl":"https:\/\/pagina10.com\/web\/wp-content\/uploads\/2024\/01\/40-pagina-10-periodico-regional-pasto.jpg","width":1280,"height":720,"caption":"P\u00e1gina10"},"image":{"@id":"https:\/\/pagina10.com\/web\/#\/schema\/logo\/image\/"},"sameAs":["https:\/\/www.facebook.com\/pag10com","https:\/\/x.com\/Pag10com","https:\/\/www.instagram.com\/pagina10col\/","https:\/\/youtube.com\/channel\/pag10","https:\/\/www.tiktok.com\/@p10col"]},{"@type":"Person","@id":"https:\/\/pagina10.com\/web\/#\/schema\/person\/2efc4a090d25b667d3bc796798a3a81b","name":"P\u00e1gina 10","description":"P\u00e1gina 10 es un peri\u00f3dico regional que nace en Colombia, en el departamento de Nari\u00f1o, con un enfoque global, fundamentado en cuatro pilares esenciales: la libertad, el pluralismo, la inclusi\u00f3n y la independencia. P\u00e1gina 10 hace referencia a Nari\u00f1o como el d\u00e9cimo departamento creado en Colombia, despu\u00e9s de un proceso pol\u00edtico liderado por actores y actrices regionales con el fin de obtener la independencia y autonom\u00eda de nuestros territorios. Con la creaci\u00f3n de P\u00e1gina 10 se pretende abrir un escenario para el dialogo, la reflexi\u00f3n y el debate que se extienda a otras geograf\u00edas de Am\u00e9rica Latina y del planeta, en una apuesta por transformar colectivamente los desaf\u00edos de un mundo contempor\u00e1neo, m\u00e1s all\u00e1 de las fronteras impuestas.","url":"https:\/\/pagina10.com\/web\/author\/pdiezadmin\/"}]}},"_links":{"self":[{"href":"https:\/\/pagina10.com\/web\/wp-json\/wp\/v2\/posts\/54294","targetHints":{"allow":["GET"]}}],"collection":[{"href":"https:\/\/pagina10.com\/web\/wp-json\/wp\/v2\/posts"}],"about":[{"href":"https:\/\/pagina10.com\/web\/wp-json\/wp\/v2\/types\/post"}],"author":[{"embeddable":true,"href":"https:\/\/pagina10.com\/web\/wp-json\/wp\/v2\/users\/1"}],"replies":[{"embeddable":true,"href":"https:\/\/pagina10.com\/web\/wp-json\/wp\/v2\/comments?post=54294"}],"version-history":[{"count":1,"href":"https:\/\/pagina10.com\/web\/wp-json\/wp\/v2\/posts\/54294\/revisions"}],"predecessor-version":[{"id":54297,"href":"https:\/\/pagina10.com\/web\/wp-json\/wp\/v2\/posts\/54294\/revisions\/54297"}],"wp:featuredmedia":[{"embeddable":true,"href":"https:\/\/pagina10.com\/web\/wp-json\/wp\/v2\/media\/54295"}],"wp:attachment":[{"href":"https:\/\/pagina10.com\/web\/wp-json\/wp\/v2\/media?parent=54294"}],"wp:term":[{"taxonomy":"category","embeddable":true,"href":"https:\/\/pagina10.com\/web\/wp-json\/wp\/v2\/categories?post=54294"},{"taxonomy":"post_tag","embeddable":true,"href":"https:\/\/pagina10.com\/web\/wp-json\/wp\/v2\/tags?post=54294"}],"curies":[{"name":"wp","href":"https:\/\/api.w.org\/{rel}","templated":true}]}}