{"id":54319,"date":"2021-07-24T18:41:50","date_gmt":"2021-07-24T23:41:50","guid":{"rendered":"https:\/\/pagina10.com\/web\/?p=54319"},"modified":"2021-07-24T18:53:12","modified_gmt":"2021-07-24T23:53:12","slug":"luz-verde-a-la-exportacion-de-hoja-seca-de-cannabis-para-fines-medicinales","status":"publish","type":"post","link":"https:\/\/pagina10.com\/web\/luz-verde-a-la-exportacion-de-hoja-seca-de-cannabis-para-fines-medicinales\/","title":{"rendered":"Luz verde a la exportaci\u00f3n de hoja seca de cannabis para fines medicinales"},"content":{"rendered":"<p style=\"text-align: justify;\"><span style=\"font-weight: 400;\">El presidente Iv\u00e1n Duque firm\u00f3 el decreto de Acceso Seguro e Informado al Uso de Cannabis, el cual reglamenta la exportaci\u00f3n de la flor seca de cannabis con fines medicinales.\u00a0<\/span><\/p>\n<p style=\"text-align: justify;\"><span style=\"font-weight: 400;\">Desde Pesca en el departamento de Boyac\u00e1, Duque explic\u00f3 que la medida brinda mayores incentivos a la industria farmac\u00e9utica en el pa\u00eds y garantiza el acceso de medicamentos derivados.<\/span><\/p>\n<p style=\"text-align: justify;\"><span style=\"font-weight: 400;\">Esta norma sustituye el decreto 613 de 2017, que reglament\u00f3 la Ley 1787 de 2016. Este regulaba la comercializaci\u00f3n de la marihuana medicinal, su evaluaci\u00f3n, seguimiento y control del uso de las semillas para fines m\u00e9dicos y cient\u00edficos.<\/span><\/p>\n<p style=\"text-align: justify;\"><span style=\"font-weight: 400;\">El Gobierno resalta la importancia del \u201cdebate cient\u00edfico que permita identificar bajo qu\u00e9 requisitos y con qu\u00e9 finalidades se debe realizar esta actividad, teniendo siempre como norte los fines m\u00e9dicos y cient\u00edficos\u201d, refiri\u00e9ndose a la eliminaci\u00f3n de la prohibici\u00f3n de exportar flor seca de cannabis.\u00a0<\/span><\/p>\n<p style=\"text-align: justify;\"><span style=\"font-weight: 400;\">De acuerdo con el peri\u00f3dico El Tiempo, Camilo Guzm\u00e1n, visicepresidente jur\u00eddico de NatuEra, expuso en su tiempo que \u201cLa flor seca de cannabis, adem\u00e1s de ser una materia prima, tambi\u00e9n es un producto terminado. De hecho, es el m\u00e1s recetado y con mayores ventas en Estados Unidos, Canad\u00e1 y Alemania, donde representa m\u00e1s de 50% de las ventas a pacientes en dispensarios&#8221;.<\/span><\/p>\n<p style=\"text-align: justify;\"><span style=\"font-weight: 400;\">El decreto permite que se vendan preparaciones magistrales a base de cannabis en droguer\u00edas y se admite el concepto de c\u00e1\u00f1amo en el marco normativo.\u00a0<\/span><\/p>\n<p style=\"text-align: justify;\"><span style=\"font-weight: 400;\">Este decreto tambi\u00e9n establece la exportaci\u00f3n con valor agregado y autoriza el ingreso de la flor a zonas francas para ser cortada, secada y realizar actividades de transformaci\u00f3n, empaque y reempaque. Adem\u00e1s, reglamenta el uso seguro e informado de esta planta.<\/span><\/p>\n<p style=\"text-align: justify;\"><span style=\"font-weight: 400;\">De la misma manera, Duque asegur\u00f3 que la firma del decreto sit\u00faa a Colombia en un escenario mundial en el que tiene capacidad para competir y generar ingresos al pa\u00eds. \u201cDicen que este mercado puede representar cerca de 64 mil millones de d\u00f3lares en 2024, asever\u00f3 el mandatario.\u00a0<\/span><\/p>\n<p>&nbsp;<\/p>\n","protected":false},"excerpt":{"rendered":"<p>El presidente Iv\u00e1n Duque firm\u00f3 el decreto de Acceso Seguro e Informado al Uso de Cannabis, el cual reglamenta la exportaci\u00f3n de la flor seca de cannabis con fines medicinales.\u00a0 Desde Pesca en el departamento de Boyac\u00e1, Duque explic\u00f3 que la medida brinda mayores incentivos a la industria farmac\u00e9utica en el pa\u00eds y garantiza el [&hellip;]<\/p>\n","protected":false},"author":1,"featured_media":54322,"comment_status":"open","ping_status":"open","sticky":false,"template":"","format":"standard","meta":{"footnotes":""},"categories":[94],"tags":[],"class_list":["post-54319","post","type-post","status-publish","format-standard","has-post-thumbnail","hentry","category-nacional-global-2"],"yoast_head":"<!-- This site is optimized with the Yoast SEO plugin v27.1.1 - https:\/\/yoast.com\/product\/yoast-seo-wordpress\/ -->\n<title>Luz verde a la exportaci\u00f3n de hoja seca de cannabis para fines medicinales | P\u00e1gina10<\/title>\n<meta name=\"robots\" content=\"index, follow, max-snippet:-1, max-image-preview:large, max-video-preview:-1\" \/>\n<link rel=\"canonical\" href=\"https:\/\/pagina10.com\/web\/luz-verde-a-la-exportacion-de-hoja-seca-de-cannabis-para-fines-medicinales\/\" \/>\n<meta property=\"og:locale\" content=\"es_ES\" \/>\n<meta property=\"og:type\" content=\"article\" \/>\n<meta property=\"og:title\" content=\"Luz verde a la exportaci\u00f3n de hoja seca de cannabis para fines medicinales | P\u00e1gina10\" \/>\n<meta property=\"og:description\" content=\"El presidente Iv\u00e1n Duque firm\u00f3 el decreto de Acceso Seguro e Informado al Uso de Cannabis, el cual reglamenta la exportaci\u00f3n de la flor seca de cannabis con fines medicinales. Desde Pesca en el departamento de Boyac\u00e1, Duque explic\u00f3 que la medida brinda mayores incentivos a la industria farmac\u00e9utica en el pa\u00eds y garantiza el [&hellip;]\" \/>\n<meta property=\"og:url\" content=\"https:\/\/pagina10.com\/web\/luz-verde-a-la-exportacion-de-hoja-seca-de-cannabis-para-fines-medicinales\/\" \/>\n<meta property=\"og:site_name\" content=\"P\u00e1gina10\" \/>\n<meta property=\"article:publisher\" content=\"https:\/\/www.facebook.com\/pag10com\" \/>\n<meta property=\"article:published_time\" content=\"2021-07-24T23:41:50+00:00\" \/>\n<meta property=\"article:modified_time\" content=\"2021-07-24T23:53:12+00:00\" \/>\n<meta property=\"og:image\" content=\"https:\/\/pagina10.com\/web\/wp-content\/uploads\/2021\/07\/5e542f4ed21ed.jpeg\" \/>\n\t<meta property=\"og:image:width\" content=\"665\" \/>\n\t<meta property=\"og:image:height\" content=\"333\" \/>\n\t<meta property=\"og:image:type\" content=\"image\/jpeg\" \/>\n<meta name=\"author\" content=\"P\u00e1gina 10\" \/>\n<meta name=\"twitter:card\" content=\"summary_large_image\" \/>\n<meta name=\"twitter:creator\" content=\"@Pag10com\" \/>\n<meta name=\"twitter:site\" content=\"@Pag10com\" \/>\n<meta name=\"twitter:label1\" content=\"Escrito por\" \/>\n\t<meta name=\"twitter:data1\" content=\"P\u00e1gina 10\" \/>\n\t<meta name=\"twitter:label2\" content=\"Tiempo de lectura\" \/>\n\t<meta name=\"twitter:data2\" content=\"2 minutos\" \/>\n<script type=\"application\/ld+json\" class=\"yoast-schema-graph\">{\"@context\":\"https:\/\/schema.org\",\"@graph\":[{\"@type\":\"Article\",\"@id\":\"https:\/\/pagina10.com\/web\/luz-verde-a-la-exportacion-de-hoja-seca-de-cannabis-para-fines-medicinales\/#article\",\"isPartOf\":{\"@id\":\"https:\/\/pagina10.com\/web\/luz-verde-a-la-exportacion-de-hoja-seca-de-cannabis-para-fines-medicinales\/\"},\"author\":{\"name\":\"P\u00e1gina 10\",\"@id\":\"https:\/\/pagina10.com\/web\/#\/schema\/person\/2efc4a090d25b667d3bc796798a3a81b\"},\"headline\":\"Luz verde a la exportaci\u00f3n de hoja seca de cannabis para fines medicinales\",\"datePublished\":\"2021-07-24T23:41:50+00:00\",\"dateModified\":\"2021-07-24T23:53:12+00:00\",\"mainEntityOfPage\":{\"@id\":\"https:\/\/pagina10.com\/web\/luz-verde-a-la-exportacion-de-hoja-seca-de-cannabis-para-fines-medicinales\/\"},\"wordCount\":356,\"commentCount\":0,\"publisher\":{\"@id\":\"https:\/\/pagina10.com\/web\/#organization\"},\"image\":{\"@id\":\"https:\/\/pagina10.com\/web\/luz-verde-a-la-exportacion-de-hoja-seca-de-cannabis-para-fines-medicinales\/#primaryimage\"},\"thumbnailUrl\":\"https:\/\/pagina10.com\/web\/wp-content\/uploads\/2021\/07\/5e542f4ed21ed.jpeg\",\"articleSection\":[\"Nacional\"],\"inLanguage\":\"es\",\"potentialAction\":[{\"@type\":\"CommentAction\",\"name\":\"Comment\",\"target\":[\"https:\/\/pagina10.com\/web\/luz-verde-a-la-exportacion-de-hoja-seca-de-cannabis-para-fines-medicinales\/#respond\"]}]},{\"@type\":\"WebPage\",\"@id\":\"https:\/\/pagina10.com\/web\/luz-verde-a-la-exportacion-de-hoja-seca-de-cannabis-para-fines-medicinales\/\",\"url\":\"https:\/\/pagina10.com\/web\/luz-verde-a-la-exportacion-de-hoja-seca-de-cannabis-para-fines-medicinales\/\",\"name\":\"Luz verde a la exportaci\u00f3n de hoja seca de cannabis para fines medicinales | P\u00e1gina10\",\"isPartOf\":{\"@id\":\"https:\/\/pagina10.com\/web\/#website\"},\"primaryImageOfPage\":{\"@id\":\"https:\/\/pagina10.com\/web\/luz-verde-a-la-exportacion-de-hoja-seca-de-cannabis-para-fines-medicinales\/#primaryimage\"},\"image\":{\"@id\":\"https:\/\/pagina10.com\/web\/luz-verde-a-la-exportacion-de-hoja-seca-de-cannabis-para-fines-medicinales\/#primaryimage\"},\"thumbnailUrl\":\"https:\/\/pagina10.com\/web\/wp-content\/uploads\/2021\/07\/5e542f4ed21ed.jpeg\",\"datePublished\":\"2021-07-24T23:41:50+00:00\",\"dateModified\":\"2021-07-24T23:53:12+00:00\",\"breadcrumb\":{\"@id\":\"https:\/\/pagina10.com\/web\/luz-verde-a-la-exportacion-de-hoja-seca-de-cannabis-para-fines-medicinales\/#breadcrumb\"},\"inLanguage\":\"es\",\"potentialAction\":[{\"@type\":\"ReadAction\",\"target\":[\"https:\/\/pagina10.com\/web\/luz-verde-a-la-exportacion-de-hoja-seca-de-cannabis-para-fines-medicinales\/\"]}]},{\"@type\":\"ImageObject\",\"inLanguage\":\"es\",\"@id\":\"https:\/\/pagina10.com\/web\/luz-verde-a-la-exportacion-de-hoja-seca-de-cannabis-para-fines-medicinales\/#primaryimage\",\"url\":\"https:\/\/pagina10.com\/web\/wp-content\/uploads\/2021\/07\/5e542f4ed21ed.jpeg\",\"contentUrl\":\"https:\/\/pagina10.com\/web\/wp-content\/uploads\/2021\/07\/5e542f4ed21ed.jpeg\",\"width\":665,\"height\":333,\"caption\":\"Tomada de: Portafolio\"},{\"@type\":\"BreadcrumbList\",\"@id\":\"https:\/\/pagina10.com\/web\/luz-verde-a-la-exportacion-de-hoja-seca-de-cannabis-para-fines-medicinales\/#breadcrumb\",\"itemListElement\":[{\"@type\":\"ListItem\",\"position\":1,\"name\":\"Portada\",\"item\":\"https:\/\/pagina10.com\/web\/\"},{\"@type\":\"ListItem\",\"position\":2,\"name\":\"Luz verde a la exportaci\u00f3n de hoja seca de cannabis para fines medicinales\"}]},{\"@type\":\"WebSite\",\"@id\":\"https:\/\/pagina10.com\/web\/#website\",\"url\":\"https:\/\/pagina10.com\/web\/\",\"name\":\"P\u00e1gina10\",\"description\":\"Peri\u00f3dico Regional\",\"publisher\":{\"@id\":\"https:\/\/pagina10.com\/web\/#organization\"},\"alternateName\":\"P\u00e1gina10 Peri\u00f3dico Regional\",\"potentialAction\":[{\"@type\":\"SearchAction\",\"target\":{\"@type\":\"EntryPoint\",\"urlTemplate\":\"https:\/\/pagina10.com\/web\/?s={search_term_string}\"},\"query-input\":{\"@type\":\"PropertyValueSpecification\",\"valueRequired\":true,\"valueName\":\"search_term_string\"}}],\"inLanguage\":\"es\"},{\"@type\":\"Organization\",\"@id\":\"https:\/\/pagina10.com\/web\/#organization\",\"name\":\"P\u00e1gina10\",\"alternateName\":\"P\u00e1gina10 Peri\u00f3dico Regional\",\"url\":\"https:\/\/pagina10.com\/web\/\",\"logo\":{\"@type\":\"ImageObject\",\"inLanguage\":\"es\",\"@id\":\"https:\/\/pagina10.com\/web\/#\/schema\/logo\/image\/\",\"url\":\"https:\/\/pagina10.com\/web\/wp-content\/uploads\/2024\/01\/40-pagina-10-periodico-regional-pasto.jpg\",\"contentUrl\":\"https:\/\/pagina10.com\/web\/wp-content\/uploads\/2024\/01\/40-pagina-10-periodico-regional-pasto.jpg\",\"width\":1280,\"height\":720,\"caption\":\"P\u00e1gina10\"},\"image\":{\"@id\":\"https:\/\/pagina10.com\/web\/#\/schema\/logo\/image\/\"},\"sameAs\":[\"https:\/\/www.facebook.com\/pag10com\",\"https:\/\/x.com\/Pag10com\",\"https:\/\/www.instagram.com\/pagina10col\/\",\"https:\/\/youtube.com\/channel\/pag10\",\"https:\/\/www.tiktok.com\/@p10col\"]},{\"@type\":\"Person\",\"@id\":\"https:\/\/pagina10.com\/web\/#\/schema\/person\/2efc4a090d25b667d3bc796798a3a81b\",\"name\":\"P\u00e1gina 10\",\"description\":\"P\u00e1gina 10 es un peri\u00f3dico regional que nace en Colombia, en el departamento de Nari\u00f1o, con un enfoque global, fundamentado en cuatro pilares esenciales: la libertad, el pluralismo, la inclusi\u00f3n y la independencia. P\u00e1gina 10 hace referencia a Nari\u00f1o como el d\u00e9cimo departamento creado en Colombia, despu\u00e9s de un proceso pol\u00edtico liderado por actores y actrices regionales con el fin de obtener la independencia y autonom\u00eda de nuestros territorios. Con la creaci\u00f3n de P\u00e1gina 10 se pretende abrir un escenario para el dialogo, la reflexi\u00f3n y el debate que se extienda a otras geograf\u00edas de Am\u00e9rica Latina y del planeta, en una apuesta por transformar colectivamente los desaf\u00edos de un mundo contempor\u00e1neo, m\u00e1s all\u00e1 de las fronteras impuestas.\",\"url\":\"https:\/\/pagina10.com\/web\/author\/pdiezadmin\/\"}]}<\/script>\n<!-- \/ Yoast SEO plugin. -->","yoast_head_json":{"title":"Luz verde a la exportaci\u00f3n de hoja seca de cannabis para fines medicinales | P\u00e1gina10","robots":{"index":"index","follow":"follow","max-snippet":"max-snippet:-1","max-image-preview":"max-image-preview:large","max-video-preview":"max-video-preview:-1"},"canonical":"https:\/\/pagina10.com\/web\/luz-verde-a-la-exportacion-de-hoja-seca-de-cannabis-para-fines-medicinales\/","og_locale":"es_ES","og_type":"article","og_title":"Luz verde a la exportaci\u00f3n de hoja seca de cannabis para fines medicinales | P\u00e1gina10","og_description":"El presidente Iv\u00e1n Duque firm\u00f3 el decreto de Acceso Seguro e Informado al Uso de Cannabis, el cual reglamenta la exportaci\u00f3n de la flor seca de cannabis con fines medicinales. Desde Pesca en el departamento de Boyac\u00e1, Duque explic\u00f3 que la medida brinda mayores incentivos a la industria farmac\u00e9utica en el pa\u00eds y garantiza el [&hellip;]","og_url":"https:\/\/pagina10.com\/web\/luz-verde-a-la-exportacion-de-hoja-seca-de-cannabis-para-fines-medicinales\/","og_site_name":"P\u00e1gina10","article_publisher":"https:\/\/www.facebook.com\/pag10com","article_published_time":"2021-07-24T23:41:50+00:00","article_modified_time":"2021-07-24T23:53:12+00:00","og_image":[{"width":665,"height":333,"url":"https:\/\/pagina10.com\/web\/wp-content\/uploads\/2021\/07\/5e542f4ed21ed.jpeg","type":"image\/jpeg"}],"author":"P\u00e1gina 10","twitter_card":"summary_large_image","twitter_creator":"@Pag10com","twitter_site":"@Pag10com","twitter_misc":{"Escrito por":"P\u00e1gina 10","Tiempo de lectura":"2 minutos"},"schema":{"@context":"https:\/\/schema.org","@graph":[{"@type":"Article","@id":"https:\/\/pagina10.com\/web\/luz-verde-a-la-exportacion-de-hoja-seca-de-cannabis-para-fines-medicinales\/#article","isPartOf":{"@id":"https:\/\/pagina10.com\/web\/luz-verde-a-la-exportacion-de-hoja-seca-de-cannabis-para-fines-medicinales\/"},"author":{"name":"P\u00e1gina 10","@id":"https:\/\/pagina10.com\/web\/#\/schema\/person\/2efc4a090d25b667d3bc796798a3a81b"},"headline":"Luz verde a la exportaci\u00f3n de hoja seca de cannabis para fines medicinales","datePublished":"2021-07-24T23:41:50+00:00","dateModified":"2021-07-24T23:53:12+00:00","mainEntityOfPage":{"@id":"https:\/\/pagina10.com\/web\/luz-verde-a-la-exportacion-de-hoja-seca-de-cannabis-para-fines-medicinales\/"},"wordCount":356,"commentCount":0,"publisher":{"@id":"https:\/\/pagina10.com\/web\/#organization"},"image":{"@id":"https:\/\/pagina10.com\/web\/luz-verde-a-la-exportacion-de-hoja-seca-de-cannabis-para-fines-medicinales\/#primaryimage"},"thumbnailUrl":"https:\/\/pagina10.com\/web\/wp-content\/uploads\/2021\/07\/5e542f4ed21ed.jpeg","articleSection":["Nacional"],"inLanguage":"es","potentialAction":[{"@type":"CommentAction","name":"Comment","target":["https:\/\/pagina10.com\/web\/luz-verde-a-la-exportacion-de-hoja-seca-de-cannabis-para-fines-medicinales\/#respond"]}]},{"@type":"WebPage","@id":"https:\/\/pagina10.com\/web\/luz-verde-a-la-exportacion-de-hoja-seca-de-cannabis-para-fines-medicinales\/","url":"https:\/\/pagina10.com\/web\/luz-verde-a-la-exportacion-de-hoja-seca-de-cannabis-para-fines-medicinales\/","name":"Luz verde a la exportaci\u00f3n de hoja seca de cannabis para fines medicinales | P\u00e1gina10","isPartOf":{"@id":"https:\/\/pagina10.com\/web\/#website"},"primaryImageOfPage":{"@id":"https:\/\/pagina10.com\/web\/luz-verde-a-la-exportacion-de-hoja-seca-de-cannabis-para-fines-medicinales\/#primaryimage"},"image":{"@id":"https:\/\/pagina10.com\/web\/luz-verde-a-la-exportacion-de-hoja-seca-de-cannabis-para-fines-medicinales\/#primaryimage"},"thumbnailUrl":"https:\/\/pagina10.com\/web\/wp-content\/uploads\/2021\/07\/5e542f4ed21ed.jpeg","datePublished":"2021-07-24T23:41:50+00:00","dateModified":"2021-07-24T23:53:12+00:00","breadcrumb":{"@id":"https:\/\/pagina10.com\/web\/luz-verde-a-la-exportacion-de-hoja-seca-de-cannabis-para-fines-medicinales\/#breadcrumb"},"inLanguage":"es","potentialAction":[{"@type":"ReadAction","target":["https:\/\/pagina10.com\/web\/luz-verde-a-la-exportacion-de-hoja-seca-de-cannabis-para-fines-medicinales\/"]}]},{"@type":"ImageObject","inLanguage":"es","@id":"https:\/\/pagina10.com\/web\/luz-verde-a-la-exportacion-de-hoja-seca-de-cannabis-para-fines-medicinales\/#primaryimage","url":"https:\/\/pagina10.com\/web\/wp-content\/uploads\/2021\/07\/5e542f4ed21ed.jpeg","contentUrl":"https:\/\/pagina10.com\/web\/wp-content\/uploads\/2021\/07\/5e542f4ed21ed.jpeg","width":665,"height":333,"caption":"Tomada de: Portafolio"},{"@type":"BreadcrumbList","@id":"https:\/\/pagina10.com\/web\/luz-verde-a-la-exportacion-de-hoja-seca-de-cannabis-para-fines-medicinales\/#breadcrumb","itemListElement":[{"@type":"ListItem","position":1,"name":"Portada","item":"https:\/\/pagina10.com\/web\/"},{"@type":"ListItem","position":2,"name":"Luz verde a la exportaci\u00f3n de hoja seca de cannabis para fines medicinales"}]},{"@type":"WebSite","@id":"https:\/\/pagina10.com\/web\/#website","url":"https:\/\/pagina10.com\/web\/","name":"P\u00e1gina10","description":"Peri\u00f3dico Regional","publisher":{"@id":"https:\/\/pagina10.com\/web\/#organization"},"alternateName":"P\u00e1gina10 Peri\u00f3dico Regional","potentialAction":[{"@type":"SearchAction","target":{"@type":"EntryPoint","urlTemplate":"https:\/\/pagina10.com\/web\/?s={search_term_string}"},"query-input":{"@type":"PropertyValueSpecification","valueRequired":true,"valueName":"search_term_string"}}],"inLanguage":"es"},{"@type":"Organization","@id":"https:\/\/pagina10.com\/web\/#organization","name":"P\u00e1gina10","alternateName":"P\u00e1gina10 Peri\u00f3dico Regional","url":"https:\/\/pagina10.com\/web\/","logo":{"@type":"ImageObject","inLanguage":"es","@id":"https:\/\/pagina10.com\/web\/#\/schema\/logo\/image\/","url":"https:\/\/pagina10.com\/web\/wp-content\/uploads\/2024\/01\/40-pagina-10-periodico-regional-pasto.jpg","contentUrl":"https:\/\/pagina10.com\/web\/wp-content\/uploads\/2024\/01\/40-pagina-10-periodico-regional-pasto.jpg","width":1280,"height":720,"caption":"P\u00e1gina10"},"image":{"@id":"https:\/\/pagina10.com\/web\/#\/schema\/logo\/image\/"},"sameAs":["https:\/\/www.facebook.com\/pag10com","https:\/\/x.com\/Pag10com","https:\/\/www.instagram.com\/pagina10col\/","https:\/\/youtube.com\/channel\/pag10","https:\/\/www.tiktok.com\/@p10col"]},{"@type":"Person","@id":"https:\/\/pagina10.com\/web\/#\/schema\/person\/2efc4a090d25b667d3bc796798a3a81b","name":"P\u00e1gina 10","description":"P\u00e1gina 10 es un peri\u00f3dico regional que nace en Colombia, en el departamento de Nari\u00f1o, con un enfoque global, fundamentado en cuatro pilares esenciales: la libertad, el pluralismo, la inclusi\u00f3n y la independencia. P\u00e1gina 10 hace referencia a Nari\u00f1o como el d\u00e9cimo departamento creado en Colombia, despu\u00e9s de un proceso pol\u00edtico liderado por actores y actrices regionales con el fin de obtener la independencia y autonom\u00eda de nuestros territorios. Con la creaci\u00f3n de P\u00e1gina 10 se pretende abrir un escenario para el dialogo, la reflexi\u00f3n y el debate que se extienda a otras geograf\u00edas de Am\u00e9rica Latina y del planeta, en una apuesta por transformar colectivamente los desaf\u00edos de un mundo contempor\u00e1neo, m\u00e1s all\u00e1 de las fronteras impuestas.","url":"https:\/\/pagina10.com\/web\/author\/pdiezadmin\/"}]}},"_links":{"self":[{"href":"https:\/\/pagina10.com\/web\/wp-json\/wp\/v2\/posts\/54319","targetHints":{"allow":["GET"]}}],"collection":[{"href":"https:\/\/pagina10.com\/web\/wp-json\/wp\/v2\/posts"}],"about":[{"href":"https:\/\/pagina10.com\/web\/wp-json\/wp\/v2\/types\/post"}],"author":[{"embeddable":true,"href":"https:\/\/pagina10.com\/web\/wp-json\/wp\/v2\/users\/1"}],"replies":[{"embeddable":true,"href":"https:\/\/pagina10.com\/web\/wp-json\/wp\/v2\/comments?post=54319"}],"version-history":[{"count":3,"href":"https:\/\/pagina10.com\/web\/wp-json\/wp\/v2\/posts\/54319\/revisions"}],"predecessor-version":[{"id":54324,"href":"https:\/\/pagina10.com\/web\/wp-json\/wp\/v2\/posts\/54319\/revisions\/54324"}],"wp:featuredmedia":[{"embeddable":true,"href":"https:\/\/pagina10.com\/web\/wp-json\/wp\/v2\/media\/54322"}],"wp:attachment":[{"href":"https:\/\/pagina10.com\/web\/wp-json\/wp\/v2\/media?parent=54319"}],"wp:term":[{"taxonomy":"category","embeddable":true,"href":"https:\/\/pagina10.com\/web\/wp-json\/wp\/v2\/categories?post=54319"},{"taxonomy":"post_tag","embeddable":true,"href":"https:\/\/pagina10.com\/web\/wp-json\/wp\/v2\/tags?post=54319"}],"curies":[{"name":"wp","href":"https:\/\/api.w.org\/{rel}","templated":true}]}}