{"id":54398,"date":"2021-07-27T18:18:08","date_gmt":"2021-07-27T23:18:08","guid":{"rendered":"https:\/\/pagina10.com\/web\/?p=54398"},"modified":"2021-07-27T18:19:27","modified_gmt":"2021-07-27T23:19:27","slug":"dolar-registro-uno-de-los-precios-mas-altos-del-ano-se-acerca-a-los-4-000","status":"publish","type":"post","link":"https:\/\/pagina10.com\/web\/dolar-registro-uno-de-los-precios-mas-altos-del-ano-se-acerca-a-los-4-000\/","title":{"rendered":"D\u00f3lar registr\u00f3 uno de los precios m\u00e1s altos del a\u00f1o: se acerca a los $4.000"},"content":{"rendered":"<p style=\"text-align: justify;\">La divisa estadounidense contin\u00faa con la tendencia al alza que lleva en las \u00faltimas semanas.<\/p>\n<p style=\"text-align: justify;\">En la jornada de este martes, el valor del d\u00f3lar tuvo un valor promedio de $3.932.00 representando un alza de $14,25 frente a la Tasa Representativa del Mercado (TRM), que para la jornada de hoy se ubic\u00f3 en $3.904,17.<\/p>\n<p style=\"text-align: justify;\">La divisa\u00a0 estadounidense registr\u00f3 este martes, un precio r\u00e9cord sobre los $3.900, siendo este uno de los valores m\u00e1s altos que se ha observado en lo corrido del 2021. La \u00faltima vez que el precio de la divisa estuvo pisando los $3.900 fue el pasado 18 de mayo de 2020, fecha en la que el territorio colombiano se encontraba confinado a causa de la pandemia.<\/p>\n<p style=\"text-align: justify;\">Algunos analistas anunciaron que esta tendencia se mantendr\u00e1 durante este segundo periodo de 2021.<\/p>\n<p style=\"text-align: justify;\">Seg\u00fan inform\u00f3 en un art\u00edculo el peri\u00f3dico El Tiempo, esta tendencia al alza se le atribuye a los precios m\u00e1ximos que se est\u00e1 negociando el petr\u00f3leo, la falta de oferta de la divisa en el mercado colombiano, el alto d\u00e9ficit en cuenta corriente del pa\u00eds, as\u00ed como la expectativa ante los resultados de las elecciones presidenciales del 2022.<\/p>\n<p style=\"text-align: justify;\"><strong>\u00bfEn qu\u00e9 afecta la subida del d\u00f3lar?\u00a0<\/strong><\/p>\n<p style=\"text-align: justify;\">La desvalorizaci\u00f3n del peso colombiano en comparaci\u00f3n al d\u00f3lar estadounidense tiene afectaciones en el bolsillo de los colombianos porque algunos de los productos que consumen son importados. Esto se traduce en el aumento de la inflaci\u00f3n.<\/p>\n<p style=\"text-align: justify;\">Tambi\u00e9n, si una persona o empresa tiene deudas en d\u00f3lares, estas reflejaran un valor superior al inicial, es decir que terminar\u00edan pagando m\u00e1s del valor inicial.<\/p>\n<p style=\"text-align: justify;\">De igual manera la deuda externa atribuida al Gobierno Nacional se ve afectada, pues una vez el precio de la divisa sube, crecer\u00e1 el valor del endeudamiento.<\/p>\n","protected":false},"excerpt":{"rendered":"<p>La divisa estadounidense contin\u00faa con la tendencia al alza que lleva en las \u00faltimas semanas. En la jornada de este martes, el valor del d\u00f3lar tuvo un valor promedio de $3.932.00 representando un alza de $14,25 frente a la Tasa Representativa del Mercado (TRM), que para la jornada de hoy se ubic\u00f3 en $3.904,17. La [&hellip;]<\/p>\n","protected":false},"author":1,"featured_media":54399,"comment_status":"open","ping_status":"open","sticky":false,"template":"","format":"standard","meta":{"footnotes":""},"categories":[13],"tags":[],"class_list":["post-54398","post","type-post","status-publish","format-standard","has-post-thumbnail","hentry","category-economia"],"yoast_head":"<!-- This site is optimized with the Yoast SEO plugin v27.1.1 - https:\/\/yoast.com\/product\/yoast-seo-wordpress\/ -->\n<title>D\u00f3lar registr\u00f3 uno de los precios m\u00e1s altos del a\u00f1o: se acerca a los $4.000 | P\u00e1gina10<\/title>\n<meta name=\"robots\" content=\"index, follow, max-snippet:-1, max-image-preview:large, max-video-preview:-1\" \/>\n<link rel=\"canonical\" href=\"https:\/\/pagina10.com\/web\/dolar-registro-uno-de-los-precios-mas-altos-del-ano-se-acerca-a-los-4-000\/\" \/>\n<meta property=\"og:locale\" content=\"es_ES\" \/>\n<meta property=\"og:type\" content=\"article\" \/>\n<meta property=\"og:title\" content=\"D\u00f3lar registr\u00f3 uno de los precios m\u00e1s altos del a\u00f1o: se acerca a los $4.000 | P\u00e1gina10\" \/>\n<meta property=\"og:description\" content=\"La divisa estadounidense contin\u00faa con la tendencia al alza que lleva en las \u00faltimas semanas. En la jornada de este martes, el valor del d\u00f3lar tuvo un valor promedio de $3.932.00 representando un alza de $14,25 frente a la Tasa Representativa del Mercado (TRM), que para la jornada de hoy se ubic\u00f3 en $3.904,17. La [&hellip;]\" \/>\n<meta property=\"og:url\" content=\"https:\/\/pagina10.com\/web\/dolar-registro-uno-de-los-precios-mas-altos-del-ano-se-acerca-a-los-4-000\/\" \/>\n<meta property=\"og:site_name\" content=\"P\u00e1gina10\" \/>\n<meta property=\"article:publisher\" content=\"https:\/\/www.facebook.com\/pag10com\" \/>\n<meta property=\"article:published_time\" content=\"2021-07-27T23:18:08+00:00\" \/>\n<meta property=\"article:modified_time\" content=\"2021-07-27T23:19:27+00:00\" \/>\n<meta property=\"og:image\" content=\"https:\/\/pagina10.com\/web\/wp-content\/uploads\/2021\/07\/give-money-united-states-dollar-usd-scaled.jpg\" \/>\n\t<meta property=\"og:image:width\" content=\"2560\" \/>\n\t<meta property=\"og:image:height\" content=\"1709\" \/>\n\t<meta property=\"og:image:type\" content=\"image\/jpeg\" \/>\n<meta name=\"author\" content=\"P\u00e1gina 10\" \/>\n<meta name=\"twitter:card\" content=\"summary_large_image\" \/>\n<meta name=\"twitter:creator\" content=\"@Pag10com\" \/>\n<meta name=\"twitter:site\" content=\"@Pag10com\" \/>\n<meta name=\"twitter:label1\" content=\"Escrito por\" \/>\n\t<meta name=\"twitter:data1\" content=\"P\u00e1gina 10\" \/>\n\t<meta name=\"twitter:label2\" content=\"Tiempo de lectura\" \/>\n\t<meta name=\"twitter:data2\" content=\"1 minuto\" \/>\n<script type=\"application\/ld+json\" class=\"yoast-schema-graph\">{\"@context\":\"https:\/\/schema.org\",\"@graph\":[{\"@type\":\"Article\",\"@id\":\"https:\/\/pagina10.com\/web\/dolar-registro-uno-de-los-precios-mas-altos-del-ano-se-acerca-a-los-4-000\/#article\",\"isPartOf\":{\"@id\":\"https:\/\/pagina10.com\/web\/dolar-registro-uno-de-los-precios-mas-altos-del-ano-se-acerca-a-los-4-000\/\"},\"author\":{\"name\":\"P\u00e1gina 10\",\"@id\":\"https:\/\/pagina10.com\/web\/#\/schema\/person\/2efc4a090d25b667d3bc796798a3a81b\"},\"headline\":\"D\u00f3lar registr\u00f3 uno de los precios m\u00e1s altos del a\u00f1o: se acerca a los $4.000\",\"datePublished\":\"2021-07-27T23:18:08+00:00\",\"dateModified\":\"2021-07-27T23:19:27+00:00\",\"mainEntityOfPage\":{\"@id\":\"https:\/\/pagina10.com\/web\/dolar-registro-uno-de-los-precios-mas-altos-del-ano-se-acerca-a-los-4-000\/\"},\"wordCount\":314,\"commentCount\":0,\"publisher\":{\"@id\":\"https:\/\/pagina10.com\/web\/#organization\"},\"image\":{\"@id\":\"https:\/\/pagina10.com\/web\/dolar-registro-uno-de-los-precios-mas-altos-del-ano-se-acerca-a-los-4-000\/#primaryimage\"},\"thumbnailUrl\":\"https:\/\/pagina10.com\/web\/wp-content\/uploads\/2021\/07\/give-money-united-states-dollar-usd-scaled.jpg\",\"articleSection\":[\"Econom\u00eda\"],\"inLanguage\":\"es\",\"potentialAction\":[{\"@type\":\"CommentAction\",\"name\":\"Comment\",\"target\":[\"https:\/\/pagina10.com\/web\/dolar-registro-uno-de-los-precios-mas-altos-del-ano-se-acerca-a-los-4-000\/#respond\"]}]},{\"@type\":\"WebPage\",\"@id\":\"https:\/\/pagina10.com\/web\/dolar-registro-uno-de-los-precios-mas-altos-del-ano-se-acerca-a-los-4-000\/\",\"url\":\"https:\/\/pagina10.com\/web\/dolar-registro-uno-de-los-precios-mas-altos-del-ano-se-acerca-a-los-4-000\/\",\"name\":\"D\u00f3lar registr\u00f3 uno de los precios m\u00e1s altos del a\u00f1o: se acerca a los $4.000 | P\u00e1gina10\",\"isPartOf\":{\"@id\":\"https:\/\/pagina10.com\/web\/#website\"},\"primaryImageOfPage\":{\"@id\":\"https:\/\/pagina10.com\/web\/dolar-registro-uno-de-los-precios-mas-altos-del-ano-se-acerca-a-los-4-000\/#primaryimage\"},\"image\":{\"@id\":\"https:\/\/pagina10.com\/web\/dolar-registro-uno-de-los-precios-mas-altos-del-ano-se-acerca-a-los-4-000\/#primaryimage\"},\"thumbnailUrl\":\"https:\/\/pagina10.com\/web\/wp-content\/uploads\/2021\/07\/give-money-united-states-dollar-usd-scaled.jpg\",\"datePublished\":\"2021-07-27T23:18:08+00:00\",\"dateModified\":\"2021-07-27T23:19:27+00:00\",\"breadcrumb\":{\"@id\":\"https:\/\/pagina10.com\/web\/dolar-registro-uno-de-los-precios-mas-altos-del-ano-se-acerca-a-los-4-000\/#breadcrumb\"},\"inLanguage\":\"es\",\"potentialAction\":[{\"@type\":\"ReadAction\",\"target\":[\"https:\/\/pagina10.com\/web\/dolar-registro-uno-de-los-precios-mas-altos-del-ano-se-acerca-a-los-4-000\/\"]}]},{\"@type\":\"ImageObject\",\"inLanguage\":\"es\",\"@id\":\"https:\/\/pagina10.com\/web\/dolar-registro-uno-de-los-precios-mas-altos-del-ano-se-acerca-a-los-4-000\/#primaryimage\",\"url\":\"https:\/\/pagina10.com\/web\/wp-content\/uploads\/2021\/07\/give-money-united-states-dollar-usd-scaled.jpg\",\"contentUrl\":\"https:\/\/pagina10.com\/web\/wp-content\/uploads\/2021\/07\/give-money-united-states-dollar-usd-scaled.jpg\",\"width\":2560,\"height\":1709,\"caption\":\"freepik\"},{\"@type\":\"BreadcrumbList\",\"@id\":\"https:\/\/pagina10.com\/web\/dolar-registro-uno-de-los-precios-mas-altos-del-ano-se-acerca-a-los-4-000\/#breadcrumb\",\"itemListElement\":[{\"@type\":\"ListItem\",\"position\":1,\"name\":\"Portada\",\"item\":\"https:\/\/pagina10.com\/web\/\"},{\"@type\":\"ListItem\",\"position\":2,\"name\":\"D\u00f3lar registr\u00f3 uno de los precios m\u00e1s altos del a\u00f1o: se acerca a los $4.000\"}]},{\"@type\":\"WebSite\",\"@id\":\"https:\/\/pagina10.com\/web\/#website\",\"url\":\"https:\/\/pagina10.com\/web\/\",\"name\":\"P\u00e1gina10\",\"description\":\"Peri\u00f3dico Regional\",\"publisher\":{\"@id\":\"https:\/\/pagina10.com\/web\/#organization\"},\"alternateName\":\"P\u00e1gina10 Peri\u00f3dico Regional\",\"potentialAction\":[{\"@type\":\"SearchAction\",\"target\":{\"@type\":\"EntryPoint\",\"urlTemplate\":\"https:\/\/pagina10.com\/web\/?s={search_term_string}\"},\"query-input\":{\"@type\":\"PropertyValueSpecification\",\"valueRequired\":true,\"valueName\":\"search_term_string\"}}],\"inLanguage\":\"es\"},{\"@type\":\"Organization\",\"@id\":\"https:\/\/pagina10.com\/web\/#organization\",\"name\":\"P\u00e1gina10\",\"alternateName\":\"P\u00e1gina10 Peri\u00f3dico Regional\",\"url\":\"https:\/\/pagina10.com\/web\/\",\"logo\":{\"@type\":\"ImageObject\",\"inLanguage\":\"es\",\"@id\":\"https:\/\/pagina10.com\/web\/#\/schema\/logo\/image\/\",\"url\":\"https:\/\/pagina10.com\/web\/wp-content\/uploads\/2024\/01\/40-pagina-10-periodico-regional-pasto.jpg\",\"contentUrl\":\"https:\/\/pagina10.com\/web\/wp-content\/uploads\/2024\/01\/40-pagina-10-periodico-regional-pasto.jpg\",\"width\":1280,\"height\":720,\"caption\":\"P\u00e1gina10\"},\"image\":{\"@id\":\"https:\/\/pagina10.com\/web\/#\/schema\/logo\/image\/\"},\"sameAs\":[\"https:\/\/www.facebook.com\/pag10com\",\"https:\/\/x.com\/Pag10com\",\"https:\/\/www.instagram.com\/pagina10col\/\",\"https:\/\/youtube.com\/channel\/pag10\",\"https:\/\/www.tiktok.com\/@p10col\"]},{\"@type\":\"Person\",\"@id\":\"https:\/\/pagina10.com\/web\/#\/schema\/person\/2efc4a090d25b667d3bc796798a3a81b\",\"name\":\"P\u00e1gina 10\",\"description\":\"P\u00e1gina 10 es un peri\u00f3dico regional que nace en Colombia, en el departamento de Nari\u00f1o, con un enfoque global, fundamentado en cuatro pilares esenciales: la libertad, el pluralismo, la inclusi\u00f3n y la independencia. P\u00e1gina 10 hace referencia a Nari\u00f1o como el d\u00e9cimo departamento creado en Colombia, despu\u00e9s de un proceso pol\u00edtico liderado por actores y actrices regionales con el fin de obtener la independencia y autonom\u00eda de nuestros territorios. Con la creaci\u00f3n de P\u00e1gina 10 se pretende abrir un escenario para el dialogo, la reflexi\u00f3n y el debate que se extienda a otras geograf\u00edas de Am\u00e9rica Latina y del planeta, en una apuesta por transformar colectivamente los desaf\u00edos de un mundo contempor\u00e1neo, m\u00e1s all\u00e1 de las fronteras impuestas.\",\"url\":\"https:\/\/pagina10.com\/web\/author\/pdiezadmin\/\"}]}<\/script>\n<!-- \/ Yoast SEO plugin. -->","yoast_head_json":{"title":"D\u00f3lar registr\u00f3 uno de los precios m\u00e1s altos del a\u00f1o: se acerca a los $4.000 | P\u00e1gina10","robots":{"index":"index","follow":"follow","max-snippet":"max-snippet:-1","max-image-preview":"max-image-preview:large","max-video-preview":"max-video-preview:-1"},"canonical":"https:\/\/pagina10.com\/web\/dolar-registro-uno-de-los-precios-mas-altos-del-ano-se-acerca-a-los-4-000\/","og_locale":"es_ES","og_type":"article","og_title":"D\u00f3lar registr\u00f3 uno de los precios m\u00e1s altos del a\u00f1o: se acerca a los $4.000 | P\u00e1gina10","og_description":"La divisa estadounidense contin\u00faa con la tendencia al alza que lleva en las \u00faltimas semanas. En la jornada de este martes, el valor del d\u00f3lar tuvo un valor promedio de $3.932.00 representando un alza de $14,25 frente a la Tasa Representativa del Mercado (TRM), que para la jornada de hoy se ubic\u00f3 en $3.904,17. La [&hellip;]","og_url":"https:\/\/pagina10.com\/web\/dolar-registro-uno-de-los-precios-mas-altos-del-ano-se-acerca-a-los-4-000\/","og_site_name":"P\u00e1gina10","article_publisher":"https:\/\/www.facebook.com\/pag10com","article_published_time":"2021-07-27T23:18:08+00:00","article_modified_time":"2021-07-27T23:19:27+00:00","og_image":[{"width":2560,"height":1709,"url":"https:\/\/pagina10.com\/web\/wp-content\/uploads\/2021\/07\/give-money-united-states-dollar-usd-scaled.jpg","type":"image\/jpeg"}],"author":"P\u00e1gina 10","twitter_card":"summary_large_image","twitter_creator":"@Pag10com","twitter_site":"@Pag10com","twitter_misc":{"Escrito por":"P\u00e1gina 10","Tiempo de lectura":"1 minuto"},"schema":{"@context":"https:\/\/schema.org","@graph":[{"@type":"Article","@id":"https:\/\/pagina10.com\/web\/dolar-registro-uno-de-los-precios-mas-altos-del-ano-se-acerca-a-los-4-000\/#article","isPartOf":{"@id":"https:\/\/pagina10.com\/web\/dolar-registro-uno-de-los-precios-mas-altos-del-ano-se-acerca-a-los-4-000\/"},"author":{"name":"P\u00e1gina 10","@id":"https:\/\/pagina10.com\/web\/#\/schema\/person\/2efc4a090d25b667d3bc796798a3a81b"},"headline":"D\u00f3lar registr\u00f3 uno de los precios m\u00e1s altos del a\u00f1o: se acerca a los $4.000","datePublished":"2021-07-27T23:18:08+00:00","dateModified":"2021-07-27T23:19:27+00:00","mainEntityOfPage":{"@id":"https:\/\/pagina10.com\/web\/dolar-registro-uno-de-los-precios-mas-altos-del-ano-se-acerca-a-los-4-000\/"},"wordCount":314,"commentCount":0,"publisher":{"@id":"https:\/\/pagina10.com\/web\/#organization"},"image":{"@id":"https:\/\/pagina10.com\/web\/dolar-registro-uno-de-los-precios-mas-altos-del-ano-se-acerca-a-los-4-000\/#primaryimage"},"thumbnailUrl":"https:\/\/pagina10.com\/web\/wp-content\/uploads\/2021\/07\/give-money-united-states-dollar-usd-scaled.jpg","articleSection":["Econom\u00eda"],"inLanguage":"es","potentialAction":[{"@type":"CommentAction","name":"Comment","target":["https:\/\/pagina10.com\/web\/dolar-registro-uno-de-los-precios-mas-altos-del-ano-se-acerca-a-los-4-000\/#respond"]}]},{"@type":"WebPage","@id":"https:\/\/pagina10.com\/web\/dolar-registro-uno-de-los-precios-mas-altos-del-ano-se-acerca-a-los-4-000\/","url":"https:\/\/pagina10.com\/web\/dolar-registro-uno-de-los-precios-mas-altos-del-ano-se-acerca-a-los-4-000\/","name":"D\u00f3lar registr\u00f3 uno de los precios m\u00e1s altos del a\u00f1o: se acerca a los $4.000 | P\u00e1gina10","isPartOf":{"@id":"https:\/\/pagina10.com\/web\/#website"},"primaryImageOfPage":{"@id":"https:\/\/pagina10.com\/web\/dolar-registro-uno-de-los-precios-mas-altos-del-ano-se-acerca-a-los-4-000\/#primaryimage"},"image":{"@id":"https:\/\/pagina10.com\/web\/dolar-registro-uno-de-los-precios-mas-altos-del-ano-se-acerca-a-los-4-000\/#primaryimage"},"thumbnailUrl":"https:\/\/pagina10.com\/web\/wp-content\/uploads\/2021\/07\/give-money-united-states-dollar-usd-scaled.jpg","datePublished":"2021-07-27T23:18:08+00:00","dateModified":"2021-07-27T23:19:27+00:00","breadcrumb":{"@id":"https:\/\/pagina10.com\/web\/dolar-registro-uno-de-los-precios-mas-altos-del-ano-se-acerca-a-los-4-000\/#breadcrumb"},"inLanguage":"es","potentialAction":[{"@type":"ReadAction","target":["https:\/\/pagina10.com\/web\/dolar-registro-uno-de-los-precios-mas-altos-del-ano-se-acerca-a-los-4-000\/"]}]},{"@type":"ImageObject","inLanguage":"es","@id":"https:\/\/pagina10.com\/web\/dolar-registro-uno-de-los-precios-mas-altos-del-ano-se-acerca-a-los-4-000\/#primaryimage","url":"https:\/\/pagina10.com\/web\/wp-content\/uploads\/2021\/07\/give-money-united-states-dollar-usd-scaled.jpg","contentUrl":"https:\/\/pagina10.com\/web\/wp-content\/uploads\/2021\/07\/give-money-united-states-dollar-usd-scaled.jpg","width":2560,"height":1709,"caption":"freepik"},{"@type":"BreadcrumbList","@id":"https:\/\/pagina10.com\/web\/dolar-registro-uno-de-los-precios-mas-altos-del-ano-se-acerca-a-los-4-000\/#breadcrumb","itemListElement":[{"@type":"ListItem","position":1,"name":"Portada","item":"https:\/\/pagina10.com\/web\/"},{"@type":"ListItem","position":2,"name":"D\u00f3lar registr\u00f3 uno de los precios m\u00e1s altos del a\u00f1o: se acerca a los $4.000"}]},{"@type":"WebSite","@id":"https:\/\/pagina10.com\/web\/#website","url":"https:\/\/pagina10.com\/web\/","name":"P\u00e1gina10","description":"Peri\u00f3dico Regional","publisher":{"@id":"https:\/\/pagina10.com\/web\/#organization"},"alternateName":"P\u00e1gina10 Peri\u00f3dico Regional","potentialAction":[{"@type":"SearchAction","target":{"@type":"EntryPoint","urlTemplate":"https:\/\/pagina10.com\/web\/?s={search_term_string}"},"query-input":{"@type":"PropertyValueSpecification","valueRequired":true,"valueName":"search_term_string"}}],"inLanguage":"es"},{"@type":"Organization","@id":"https:\/\/pagina10.com\/web\/#organization","name":"P\u00e1gina10","alternateName":"P\u00e1gina10 Peri\u00f3dico Regional","url":"https:\/\/pagina10.com\/web\/","logo":{"@type":"ImageObject","inLanguage":"es","@id":"https:\/\/pagina10.com\/web\/#\/schema\/logo\/image\/","url":"https:\/\/pagina10.com\/web\/wp-content\/uploads\/2024\/01\/40-pagina-10-periodico-regional-pasto.jpg","contentUrl":"https:\/\/pagina10.com\/web\/wp-content\/uploads\/2024\/01\/40-pagina-10-periodico-regional-pasto.jpg","width":1280,"height":720,"caption":"P\u00e1gina10"},"image":{"@id":"https:\/\/pagina10.com\/web\/#\/schema\/logo\/image\/"},"sameAs":["https:\/\/www.facebook.com\/pag10com","https:\/\/x.com\/Pag10com","https:\/\/www.instagram.com\/pagina10col\/","https:\/\/youtube.com\/channel\/pag10","https:\/\/www.tiktok.com\/@p10col"]},{"@type":"Person","@id":"https:\/\/pagina10.com\/web\/#\/schema\/person\/2efc4a090d25b667d3bc796798a3a81b","name":"P\u00e1gina 10","description":"P\u00e1gina 10 es un peri\u00f3dico regional que nace en Colombia, en el departamento de Nari\u00f1o, con un enfoque global, fundamentado en cuatro pilares esenciales: la libertad, el pluralismo, la inclusi\u00f3n y la independencia. P\u00e1gina 10 hace referencia a Nari\u00f1o como el d\u00e9cimo departamento creado en Colombia, despu\u00e9s de un proceso pol\u00edtico liderado por actores y actrices regionales con el fin de obtener la independencia y autonom\u00eda de nuestros territorios. Con la creaci\u00f3n de P\u00e1gina 10 se pretende abrir un escenario para el dialogo, la reflexi\u00f3n y el debate que se extienda a otras geograf\u00edas de Am\u00e9rica Latina y del planeta, en una apuesta por transformar colectivamente los desaf\u00edos de un mundo contempor\u00e1neo, m\u00e1s all\u00e1 de las fronteras impuestas.","url":"https:\/\/pagina10.com\/web\/author\/pdiezadmin\/"}]}},"_links":{"self":[{"href":"https:\/\/pagina10.com\/web\/wp-json\/wp\/v2\/posts\/54398","targetHints":{"allow":["GET"]}}],"collection":[{"href":"https:\/\/pagina10.com\/web\/wp-json\/wp\/v2\/posts"}],"about":[{"href":"https:\/\/pagina10.com\/web\/wp-json\/wp\/v2\/types\/post"}],"author":[{"embeddable":true,"href":"https:\/\/pagina10.com\/web\/wp-json\/wp\/v2\/users\/1"}],"replies":[{"embeddable":true,"href":"https:\/\/pagina10.com\/web\/wp-json\/wp\/v2\/comments?post=54398"}],"version-history":[{"count":2,"href":"https:\/\/pagina10.com\/web\/wp-json\/wp\/v2\/posts\/54398\/revisions"}],"predecessor-version":[{"id":54402,"href":"https:\/\/pagina10.com\/web\/wp-json\/wp\/v2\/posts\/54398\/revisions\/54402"}],"wp:featuredmedia":[{"embeddable":true,"href":"https:\/\/pagina10.com\/web\/wp-json\/wp\/v2\/media\/54399"}],"wp:attachment":[{"href":"https:\/\/pagina10.com\/web\/wp-json\/wp\/v2\/media?parent=54398"}],"wp:term":[{"taxonomy":"category","embeddable":true,"href":"https:\/\/pagina10.com\/web\/wp-json\/wp\/v2\/categories?post=54398"},{"taxonomy":"post_tag","embeddable":true,"href":"https:\/\/pagina10.com\/web\/wp-json\/wp\/v2\/tags?post=54398"}],"curies":[{"name":"wp","href":"https:\/\/api.w.org\/{rel}","templated":true}]}}