{"id":54498,"date":"2021-07-31T16:48:40","date_gmt":"2021-07-31T21:48:40","guid":{"rendered":"https:\/\/pagina10.com\/web\/?p=54498"},"modified":"2021-07-31T16:48:40","modified_gmt":"2021-07-31T21:48:40","slug":"emprendedores-de-barbacoas-en-narino-llego-la-hora-de-crear-empresa","status":"publish","type":"post","link":"https:\/\/pagina10.com\/web\/emprendedores-de-barbacoas-en-narino-llego-la-hora-de-crear-empresa\/","title":{"rendered":"Emprendedores de Barbacoas en Nari\u00f1o: \u00a1lleg\u00f3 la hora de crear empresa!"},"content":{"rendered":"<p style=\"text-align: justify;\">Las buenas noticias para el municipio de Barbacoas, ubicado en la costa pac\u00edfica nari\u00f1ense, llegan del SENA y de la administraci\u00f3n local para la creaci\u00f3n de 11 nuevas iniciativas empresariales por parte de emprendedores, que recibir\u00e1n hasta un monto de $80 millones de capital semilla cada uno. Con esta importante inyecci\u00f3n de capital la Entidad logra la reactivaci\u00f3n del agro colombiano y demuestra su compromiso con la Colombia profunda.<\/p>\n<p style=\"text-align: justify;\">&#8220;Hay una gran noticia en temas de emprendimiento para Barbacoas y para aquellas personas que desde hace rato est\u00e1n pensando en proyectar su sue\u00f1o de vida. Hemos creado esta convocatoria pensando en ellos, los emprendedores, para que puedan financiar sus iniciativas empresariales en cualquier sector econ\u00f3mico, expres\u00f3 Hern\u00e1n Fuentes, director de Empleo, Trabajo y Emprendimiento del SENA.<\/p>\n<p style=\"text-align: justify;\">Este esfuerzo conjunto entre la Alcald\u00eda de Barbacoas con su aporte de $300 millones y el SENA con otros $600 millones, demuestra el compromiso interinstitucional en donde prima el inter\u00e9s general por la comunidad, con presencia directa en el municipio.<\/p>\n<p style=\"text-align: justify;\">Las nuevas iniciativas empresariales podr\u00e1n recibir un monto hasta de $80 millones cada una, las personas interesadas, podr\u00e1n participar y acceder a la convocatoria a partir del 13 de agosto y hasta el 30 de septiembre de 2021 a trav\u00e9s de la plataforma: <a href=\"http:\/\/www.fondoemprender.com\/\" data-saferedirecturl=\"https:\/\/www.google.com\/url?q=http:\/\/www.fondoemprender.com&amp;source=gmail&amp;ust=1627854131863000&amp;usg=AFQjCNEp0oKqTcyj47Aj0oV5jCtHzAi4Qw\">www.fondoemprender.com<\/a><\/p>\n<p style=\"text-align: justify;\">&#8220;El objetivo de esta convocatoria de Fondo Emprender es financiar iniciativas empresariales en todos los sectores econ\u00f3micos que provengan o sean desarrollados por emprendedores que est\u00e9n domiciliados en el municipio de Barbacoas y que cumplan con las condiciones que est\u00e1n establecidas por la entidad para ser beneficiarios&#8221;, expres\u00f3 la doctora Sara \u00c1ngela Arturo Gonz\u00e1lez, directora del SENA en Nari\u00f1o.<\/p>\n<p style=\"text-align: justify;\">Las ideas de negocio para la convocatoria pueden estar relacionadas con labores agropecuarias, forestales, pesqueras o mineras. As\u00ed como tambi\u00e9n no tradicionales como agroindustriales o agropecuarias. Se incluye el turismo rural y ecol\u00f3gico, artesan\u00edas, transformaci\u00f3n de metales y piedras preciosas, entre otros sectores comerciales.<\/p>\n<p style=\"text-align: justify;\">Caso exitoso internacional<\/p>\n<p style=\"text-align: justify;\">Geovanna Andrea L\u00f3pez Guti\u00e9rrez, quien es la propietaria de la Finca Cafetera Do\u00f1a Juana, que produce y comercializa caf\u00e9 especial para Colombia y el mundo desde el municipio de San Pedro de Cartago en Nari\u00f1o, expres\u00f3 &#8220;Estoy muy agradecida con el SENA ya que recib\u00ed $101 millones de pesos para crear mi emprendimiento. Este sue\u00f1o hecho realidad me llena de satisfacci\u00f3n por los resultados obtenidos, empec\u00e9 el proceso de construcci\u00f3n de mi plan de negocio el a\u00f1o pasado con el Centro de Desarrollo Empresarial del SENA en Nari\u00f1o y hoy en d\u00eda estoy teniendo unos excelentes resultados, superando el 100% en el cumplimiento de metas que nos exige el Fondo Emprender&#8221;.<\/p>\n<p style=\"text-align: justify;\">En la actualidad Geovanna genera 6 empleos directos y 10 indirectos con el caf\u00e9 que produce y comercializa desde su municipio ubicado al norte de Nari\u00f1o, llegando a pa\u00edses como Taiw\u00e1n, M\u00e9xico, Emiratos \u00c1rabes y otras naciones europeas. Genera empleo y reconocimiento, siempre teniendo presente que el SENA le ha brindado un gran apoyo.<\/p>\n","protected":false},"excerpt":{"rendered":"<p>Las buenas noticias para el municipio de Barbacoas, ubicado en la costa pac\u00edfica nari\u00f1ense, llegan del SENA y de la administraci\u00f3n local para la creaci\u00f3n de 11 nuevas iniciativas empresariales por parte de emprendedores, que recibir\u00e1n hasta un monto de $80 millones de capital semilla cada uno. Con esta importante inyecci\u00f3n de capital la Entidad [&hellip;]<\/p>\n","protected":false},"author":1,"featured_media":54499,"comment_status":"open","ping_status":"open","sticky":false,"template":"","format":"standard","meta":{"footnotes":""},"categories":[13],"tags":[],"class_list":["post-54498","post","type-post","status-publish","format-standard","has-post-thumbnail","hentry","category-economia"],"yoast_head":"<!-- This site is optimized with the Yoast SEO plugin v27.1.1 - https:\/\/yoast.com\/product\/yoast-seo-wordpress\/ -->\n<title>Emprendedores de Barbacoas en Nari\u00f1o: \u00a1lleg\u00f3 la hora de crear empresa! | P\u00e1gina10<\/title>\n<meta name=\"robots\" content=\"index, follow, max-snippet:-1, max-image-preview:large, max-video-preview:-1\" \/>\n<link rel=\"canonical\" href=\"https:\/\/pagina10.com\/web\/emprendedores-de-barbacoas-en-narino-llego-la-hora-de-crear-empresa\/\" \/>\n<meta property=\"og:locale\" content=\"es_ES\" \/>\n<meta property=\"og:type\" content=\"article\" \/>\n<meta property=\"og:title\" content=\"Emprendedores de Barbacoas en Nari\u00f1o: \u00a1lleg\u00f3 la hora de crear empresa! | P\u00e1gina10\" \/>\n<meta property=\"og:description\" content=\"Las buenas noticias para el municipio de Barbacoas, ubicado en la costa pac\u00edfica nari\u00f1ense, llegan del SENA y de la administraci\u00f3n local para la creaci\u00f3n de 11 nuevas iniciativas empresariales por parte de emprendedores, que recibir\u00e1n hasta un monto de $80 millones de capital semilla cada uno. Con esta importante inyecci\u00f3n de capital la Entidad [&hellip;]\" \/>\n<meta property=\"og:url\" content=\"https:\/\/pagina10.com\/web\/emprendedores-de-barbacoas-en-narino-llego-la-hora-de-crear-empresa\/\" \/>\n<meta property=\"og:site_name\" content=\"P\u00e1gina10\" \/>\n<meta property=\"article:publisher\" content=\"https:\/\/www.facebook.com\/pag10com\" \/>\n<meta property=\"article:published_time\" content=\"2021-07-31T21:48:40+00:00\" \/>\n<meta property=\"og:image\" content=\"https:\/\/pagina10.com\/web\/wp-content\/uploads\/2021\/07\/WhatsApp-Image-2021-07-31-at-4.47.39-PM.jpeg\" \/>\n\t<meta property=\"og:image:width\" content=\"1024\" \/>\n\t<meta property=\"og:image:height\" content=\"768\" \/>\n\t<meta property=\"og:image:type\" content=\"image\/jpeg\" \/>\n<meta name=\"author\" content=\"P\u00e1gina 10\" \/>\n<meta name=\"twitter:card\" content=\"summary_large_image\" \/>\n<meta name=\"twitter:creator\" content=\"@Pag10com\" \/>\n<meta name=\"twitter:site\" content=\"@Pag10com\" \/>\n<meta name=\"twitter:label1\" content=\"Escrito por\" \/>\n\t<meta name=\"twitter:data1\" content=\"P\u00e1gina 10\" \/>\n\t<meta name=\"twitter:label2\" content=\"Tiempo de lectura\" \/>\n\t<meta name=\"twitter:data2\" content=\"3 minutos\" \/>\n<script type=\"application\/ld+json\" class=\"yoast-schema-graph\">{\"@context\":\"https:\/\/schema.org\",\"@graph\":[{\"@type\":\"Article\",\"@id\":\"https:\/\/pagina10.com\/web\/emprendedores-de-barbacoas-en-narino-llego-la-hora-de-crear-empresa\/#article\",\"isPartOf\":{\"@id\":\"https:\/\/pagina10.com\/web\/emprendedores-de-barbacoas-en-narino-llego-la-hora-de-crear-empresa\/\"},\"author\":{\"name\":\"P\u00e1gina 10\",\"@id\":\"https:\/\/pagina10.com\/web\/#\/schema\/person\/2efc4a090d25b667d3bc796798a3a81b\"},\"headline\":\"Emprendedores de Barbacoas en Nari\u00f1o: \u00a1lleg\u00f3 la hora de crear empresa!\",\"datePublished\":\"2021-07-31T21:48:40+00:00\",\"mainEntityOfPage\":{\"@id\":\"https:\/\/pagina10.com\/web\/emprendedores-de-barbacoas-en-narino-llego-la-hora-de-crear-empresa\/\"},\"wordCount\":522,\"commentCount\":0,\"publisher\":{\"@id\":\"https:\/\/pagina10.com\/web\/#organization\"},\"image\":{\"@id\":\"https:\/\/pagina10.com\/web\/emprendedores-de-barbacoas-en-narino-llego-la-hora-de-crear-empresa\/#primaryimage\"},\"thumbnailUrl\":\"https:\/\/pagina10.com\/web\/wp-content\/uploads\/2021\/07\/WhatsApp-Image-2021-07-31-at-4.47.39-PM.jpeg\",\"articleSection\":[\"Econom\u00eda\"],\"inLanguage\":\"es\",\"potentialAction\":[{\"@type\":\"CommentAction\",\"name\":\"Comment\",\"target\":[\"https:\/\/pagina10.com\/web\/emprendedores-de-barbacoas-en-narino-llego-la-hora-de-crear-empresa\/#respond\"]}]},{\"@type\":\"WebPage\",\"@id\":\"https:\/\/pagina10.com\/web\/emprendedores-de-barbacoas-en-narino-llego-la-hora-de-crear-empresa\/\",\"url\":\"https:\/\/pagina10.com\/web\/emprendedores-de-barbacoas-en-narino-llego-la-hora-de-crear-empresa\/\",\"name\":\"Emprendedores de Barbacoas en Nari\u00f1o: \u00a1lleg\u00f3 la hora de crear empresa! | P\u00e1gina10\",\"isPartOf\":{\"@id\":\"https:\/\/pagina10.com\/web\/#website\"},\"primaryImageOfPage\":{\"@id\":\"https:\/\/pagina10.com\/web\/emprendedores-de-barbacoas-en-narino-llego-la-hora-de-crear-empresa\/#primaryimage\"},\"image\":{\"@id\":\"https:\/\/pagina10.com\/web\/emprendedores-de-barbacoas-en-narino-llego-la-hora-de-crear-empresa\/#primaryimage\"},\"thumbnailUrl\":\"https:\/\/pagina10.com\/web\/wp-content\/uploads\/2021\/07\/WhatsApp-Image-2021-07-31-at-4.47.39-PM.jpeg\",\"datePublished\":\"2021-07-31T21:48:40+00:00\",\"breadcrumb\":{\"@id\":\"https:\/\/pagina10.com\/web\/emprendedores-de-barbacoas-en-narino-llego-la-hora-de-crear-empresa\/#breadcrumb\"},\"inLanguage\":\"es\",\"potentialAction\":[{\"@type\":\"ReadAction\",\"target\":[\"https:\/\/pagina10.com\/web\/emprendedores-de-barbacoas-en-narino-llego-la-hora-de-crear-empresa\/\"]}]},{\"@type\":\"ImageObject\",\"inLanguage\":\"es\",\"@id\":\"https:\/\/pagina10.com\/web\/emprendedores-de-barbacoas-en-narino-llego-la-hora-de-crear-empresa\/#primaryimage\",\"url\":\"https:\/\/pagina10.com\/web\/wp-content\/uploads\/2021\/07\/WhatsApp-Image-2021-07-31-at-4.47.39-PM.jpeg\",\"contentUrl\":\"https:\/\/pagina10.com\/web\/wp-content\/uploads\/2021\/07\/WhatsApp-Image-2021-07-31-at-4.47.39-PM.jpeg\",\"width\":1024,\"height\":768},{\"@type\":\"BreadcrumbList\",\"@id\":\"https:\/\/pagina10.com\/web\/emprendedores-de-barbacoas-en-narino-llego-la-hora-de-crear-empresa\/#breadcrumb\",\"itemListElement\":[{\"@type\":\"ListItem\",\"position\":1,\"name\":\"Portada\",\"item\":\"https:\/\/pagina10.com\/web\/\"},{\"@type\":\"ListItem\",\"position\":2,\"name\":\"Emprendedores de Barbacoas en Nari\u00f1o: \u00a1lleg\u00f3 la hora de crear empresa!\"}]},{\"@type\":\"WebSite\",\"@id\":\"https:\/\/pagina10.com\/web\/#website\",\"url\":\"https:\/\/pagina10.com\/web\/\",\"name\":\"P\u00e1gina10\",\"description\":\"Peri\u00f3dico Regional\",\"publisher\":{\"@id\":\"https:\/\/pagina10.com\/web\/#organization\"},\"alternateName\":\"P\u00e1gina10 Peri\u00f3dico Regional\",\"potentialAction\":[{\"@type\":\"SearchAction\",\"target\":{\"@type\":\"EntryPoint\",\"urlTemplate\":\"https:\/\/pagina10.com\/web\/?s={search_term_string}\"},\"query-input\":{\"@type\":\"PropertyValueSpecification\",\"valueRequired\":true,\"valueName\":\"search_term_string\"}}],\"inLanguage\":\"es\"},{\"@type\":\"Organization\",\"@id\":\"https:\/\/pagina10.com\/web\/#organization\",\"name\":\"P\u00e1gina10\",\"alternateName\":\"P\u00e1gina10 Peri\u00f3dico Regional\",\"url\":\"https:\/\/pagina10.com\/web\/\",\"logo\":{\"@type\":\"ImageObject\",\"inLanguage\":\"es\",\"@id\":\"https:\/\/pagina10.com\/web\/#\/schema\/logo\/image\/\",\"url\":\"https:\/\/pagina10.com\/web\/wp-content\/uploads\/2024\/01\/40-pagina-10-periodico-regional-pasto.jpg\",\"contentUrl\":\"https:\/\/pagina10.com\/web\/wp-content\/uploads\/2024\/01\/40-pagina-10-periodico-regional-pasto.jpg\",\"width\":1280,\"height\":720,\"caption\":\"P\u00e1gina10\"},\"image\":{\"@id\":\"https:\/\/pagina10.com\/web\/#\/schema\/logo\/image\/\"},\"sameAs\":[\"https:\/\/www.facebook.com\/pag10com\",\"https:\/\/x.com\/Pag10com\",\"https:\/\/www.instagram.com\/pagina10col\/\",\"https:\/\/youtube.com\/channel\/pag10\",\"https:\/\/www.tiktok.com\/@p10col\"]},{\"@type\":\"Person\",\"@id\":\"https:\/\/pagina10.com\/web\/#\/schema\/person\/2efc4a090d25b667d3bc796798a3a81b\",\"name\":\"P\u00e1gina 10\",\"description\":\"P\u00e1gina 10 es un peri\u00f3dico regional que nace en Colombia, en el departamento de Nari\u00f1o, con un enfoque global, fundamentado en cuatro pilares esenciales: la libertad, el pluralismo, la inclusi\u00f3n y la independencia. P\u00e1gina 10 hace referencia a Nari\u00f1o como el d\u00e9cimo departamento creado en Colombia, despu\u00e9s de un proceso pol\u00edtico liderado por actores y actrices regionales con el fin de obtener la independencia y autonom\u00eda de nuestros territorios. Con la creaci\u00f3n de P\u00e1gina 10 se pretende abrir un escenario para el dialogo, la reflexi\u00f3n y el debate que se extienda a otras geograf\u00edas de Am\u00e9rica Latina y del planeta, en una apuesta por transformar colectivamente los desaf\u00edos de un mundo contempor\u00e1neo, m\u00e1s all\u00e1 de las fronteras impuestas.\",\"url\":\"https:\/\/pagina10.com\/web\/author\/pdiezadmin\/\"}]}<\/script>\n<!-- \/ Yoast SEO plugin. -->","yoast_head_json":{"title":"Emprendedores de Barbacoas en Nari\u00f1o: \u00a1lleg\u00f3 la hora de crear empresa! | P\u00e1gina10","robots":{"index":"index","follow":"follow","max-snippet":"max-snippet:-1","max-image-preview":"max-image-preview:large","max-video-preview":"max-video-preview:-1"},"canonical":"https:\/\/pagina10.com\/web\/emprendedores-de-barbacoas-en-narino-llego-la-hora-de-crear-empresa\/","og_locale":"es_ES","og_type":"article","og_title":"Emprendedores de Barbacoas en Nari\u00f1o: \u00a1lleg\u00f3 la hora de crear empresa! | P\u00e1gina10","og_description":"Las buenas noticias para el municipio de Barbacoas, ubicado en la costa pac\u00edfica nari\u00f1ense, llegan del SENA y de la administraci\u00f3n local para la creaci\u00f3n de 11 nuevas iniciativas empresariales por parte de emprendedores, que recibir\u00e1n hasta un monto de $80 millones de capital semilla cada uno. Con esta importante inyecci\u00f3n de capital la Entidad [&hellip;]","og_url":"https:\/\/pagina10.com\/web\/emprendedores-de-barbacoas-en-narino-llego-la-hora-de-crear-empresa\/","og_site_name":"P\u00e1gina10","article_publisher":"https:\/\/www.facebook.com\/pag10com","article_published_time":"2021-07-31T21:48:40+00:00","og_image":[{"width":1024,"height":768,"url":"https:\/\/pagina10.com\/web\/wp-content\/uploads\/2021\/07\/WhatsApp-Image-2021-07-31-at-4.47.39-PM.jpeg","type":"image\/jpeg"}],"author":"P\u00e1gina 10","twitter_card":"summary_large_image","twitter_creator":"@Pag10com","twitter_site":"@Pag10com","twitter_misc":{"Escrito por":"P\u00e1gina 10","Tiempo de lectura":"3 minutos"},"schema":{"@context":"https:\/\/schema.org","@graph":[{"@type":"Article","@id":"https:\/\/pagina10.com\/web\/emprendedores-de-barbacoas-en-narino-llego-la-hora-de-crear-empresa\/#article","isPartOf":{"@id":"https:\/\/pagina10.com\/web\/emprendedores-de-barbacoas-en-narino-llego-la-hora-de-crear-empresa\/"},"author":{"name":"P\u00e1gina 10","@id":"https:\/\/pagina10.com\/web\/#\/schema\/person\/2efc4a090d25b667d3bc796798a3a81b"},"headline":"Emprendedores de Barbacoas en Nari\u00f1o: \u00a1lleg\u00f3 la hora de crear empresa!","datePublished":"2021-07-31T21:48:40+00:00","mainEntityOfPage":{"@id":"https:\/\/pagina10.com\/web\/emprendedores-de-barbacoas-en-narino-llego-la-hora-de-crear-empresa\/"},"wordCount":522,"commentCount":0,"publisher":{"@id":"https:\/\/pagina10.com\/web\/#organization"},"image":{"@id":"https:\/\/pagina10.com\/web\/emprendedores-de-barbacoas-en-narino-llego-la-hora-de-crear-empresa\/#primaryimage"},"thumbnailUrl":"https:\/\/pagina10.com\/web\/wp-content\/uploads\/2021\/07\/WhatsApp-Image-2021-07-31-at-4.47.39-PM.jpeg","articleSection":["Econom\u00eda"],"inLanguage":"es","potentialAction":[{"@type":"CommentAction","name":"Comment","target":["https:\/\/pagina10.com\/web\/emprendedores-de-barbacoas-en-narino-llego-la-hora-de-crear-empresa\/#respond"]}]},{"@type":"WebPage","@id":"https:\/\/pagina10.com\/web\/emprendedores-de-barbacoas-en-narino-llego-la-hora-de-crear-empresa\/","url":"https:\/\/pagina10.com\/web\/emprendedores-de-barbacoas-en-narino-llego-la-hora-de-crear-empresa\/","name":"Emprendedores de Barbacoas en Nari\u00f1o: \u00a1lleg\u00f3 la hora de crear empresa! | P\u00e1gina10","isPartOf":{"@id":"https:\/\/pagina10.com\/web\/#website"},"primaryImageOfPage":{"@id":"https:\/\/pagina10.com\/web\/emprendedores-de-barbacoas-en-narino-llego-la-hora-de-crear-empresa\/#primaryimage"},"image":{"@id":"https:\/\/pagina10.com\/web\/emprendedores-de-barbacoas-en-narino-llego-la-hora-de-crear-empresa\/#primaryimage"},"thumbnailUrl":"https:\/\/pagina10.com\/web\/wp-content\/uploads\/2021\/07\/WhatsApp-Image-2021-07-31-at-4.47.39-PM.jpeg","datePublished":"2021-07-31T21:48:40+00:00","breadcrumb":{"@id":"https:\/\/pagina10.com\/web\/emprendedores-de-barbacoas-en-narino-llego-la-hora-de-crear-empresa\/#breadcrumb"},"inLanguage":"es","potentialAction":[{"@type":"ReadAction","target":["https:\/\/pagina10.com\/web\/emprendedores-de-barbacoas-en-narino-llego-la-hora-de-crear-empresa\/"]}]},{"@type":"ImageObject","inLanguage":"es","@id":"https:\/\/pagina10.com\/web\/emprendedores-de-barbacoas-en-narino-llego-la-hora-de-crear-empresa\/#primaryimage","url":"https:\/\/pagina10.com\/web\/wp-content\/uploads\/2021\/07\/WhatsApp-Image-2021-07-31-at-4.47.39-PM.jpeg","contentUrl":"https:\/\/pagina10.com\/web\/wp-content\/uploads\/2021\/07\/WhatsApp-Image-2021-07-31-at-4.47.39-PM.jpeg","width":1024,"height":768},{"@type":"BreadcrumbList","@id":"https:\/\/pagina10.com\/web\/emprendedores-de-barbacoas-en-narino-llego-la-hora-de-crear-empresa\/#breadcrumb","itemListElement":[{"@type":"ListItem","position":1,"name":"Portada","item":"https:\/\/pagina10.com\/web\/"},{"@type":"ListItem","position":2,"name":"Emprendedores de Barbacoas en Nari\u00f1o: \u00a1lleg\u00f3 la hora de crear empresa!"}]},{"@type":"WebSite","@id":"https:\/\/pagina10.com\/web\/#website","url":"https:\/\/pagina10.com\/web\/","name":"P\u00e1gina10","description":"Peri\u00f3dico Regional","publisher":{"@id":"https:\/\/pagina10.com\/web\/#organization"},"alternateName":"P\u00e1gina10 Peri\u00f3dico Regional","potentialAction":[{"@type":"SearchAction","target":{"@type":"EntryPoint","urlTemplate":"https:\/\/pagina10.com\/web\/?s={search_term_string}"},"query-input":{"@type":"PropertyValueSpecification","valueRequired":true,"valueName":"search_term_string"}}],"inLanguage":"es"},{"@type":"Organization","@id":"https:\/\/pagina10.com\/web\/#organization","name":"P\u00e1gina10","alternateName":"P\u00e1gina10 Peri\u00f3dico Regional","url":"https:\/\/pagina10.com\/web\/","logo":{"@type":"ImageObject","inLanguage":"es","@id":"https:\/\/pagina10.com\/web\/#\/schema\/logo\/image\/","url":"https:\/\/pagina10.com\/web\/wp-content\/uploads\/2024\/01\/40-pagina-10-periodico-regional-pasto.jpg","contentUrl":"https:\/\/pagina10.com\/web\/wp-content\/uploads\/2024\/01\/40-pagina-10-periodico-regional-pasto.jpg","width":1280,"height":720,"caption":"P\u00e1gina10"},"image":{"@id":"https:\/\/pagina10.com\/web\/#\/schema\/logo\/image\/"},"sameAs":["https:\/\/www.facebook.com\/pag10com","https:\/\/x.com\/Pag10com","https:\/\/www.instagram.com\/pagina10col\/","https:\/\/youtube.com\/channel\/pag10","https:\/\/www.tiktok.com\/@p10col"]},{"@type":"Person","@id":"https:\/\/pagina10.com\/web\/#\/schema\/person\/2efc4a090d25b667d3bc796798a3a81b","name":"P\u00e1gina 10","description":"P\u00e1gina 10 es un peri\u00f3dico regional que nace en Colombia, en el departamento de Nari\u00f1o, con un enfoque global, fundamentado en cuatro pilares esenciales: la libertad, el pluralismo, la inclusi\u00f3n y la independencia. P\u00e1gina 10 hace referencia a Nari\u00f1o como el d\u00e9cimo departamento creado en Colombia, despu\u00e9s de un proceso pol\u00edtico liderado por actores y actrices regionales con el fin de obtener la independencia y autonom\u00eda de nuestros territorios. Con la creaci\u00f3n de P\u00e1gina 10 se pretende abrir un escenario para el dialogo, la reflexi\u00f3n y el debate que se extienda a otras geograf\u00edas de Am\u00e9rica Latina y del planeta, en una apuesta por transformar colectivamente los desaf\u00edos de un mundo contempor\u00e1neo, m\u00e1s all\u00e1 de las fronteras impuestas.","url":"https:\/\/pagina10.com\/web\/author\/pdiezadmin\/"}]}},"_links":{"self":[{"href":"https:\/\/pagina10.com\/web\/wp-json\/wp\/v2\/posts\/54498","targetHints":{"allow":["GET"]}}],"collection":[{"href":"https:\/\/pagina10.com\/web\/wp-json\/wp\/v2\/posts"}],"about":[{"href":"https:\/\/pagina10.com\/web\/wp-json\/wp\/v2\/types\/post"}],"author":[{"embeddable":true,"href":"https:\/\/pagina10.com\/web\/wp-json\/wp\/v2\/users\/1"}],"replies":[{"embeddable":true,"href":"https:\/\/pagina10.com\/web\/wp-json\/wp\/v2\/comments?post=54498"}],"version-history":[{"count":1,"href":"https:\/\/pagina10.com\/web\/wp-json\/wp\/v2\/posts\/54498\/revisions"}],"predecessor-version":[{"id":54500,"href":"https:\/\/pagina10.com\/web\/wp-json\/wp\/v2\/posts\/54498\/revisions\/54500"}],"wp:featuredmedia":[{"embeddable":true,"href":"https:\/\/pagina10.com\/web\/wp-json\/wp\/v2\/media\/54499"}],"wp:attachment":[{"href":"https:\/\/pagina10.com\/web\/wp-json\/wp\/v2\/media?parent=54498"}],"wp:term":[{"taxonomy":"category","embeddable":true,"href":"https:\/\/pagina10.com\/web\/wp-json\/wp\/v2\/categories?post=54498"},{"taxonomy":"post_tag","embeddable":true,"href":"https:\/\/pagina10.com\/web\/wp-json\/wp\/v2\/tags?post=54498"}],"curies":[{"name":"wp","href":"https:\/\/api.w.org\/{rel}","templated":true}]}}