{"id":54729,"date":"2021-08-08T12:35:51","date_gmt":"2021-08-08T17:35:51","guid":{"rendered":"https:\/\/pagina10.com\/web\/?p=54729"},"modified":"2021-08-08T12:37:56","modified_gmt":"2021-08-08T17:37:56","slug":"frutas-exoticas-de-colombiana-cada-vez-mas-apetecidas-en-el-exterior","status":"publish","type":"post","link":"https:\/\/pagina10.com\/web\/frutas-exoticas-de-colombiana-cada-vez-mas-apetecidas-en-el-exterior\/","title":{"rendered":"Frutas ex\u00f3ticas de colombia, cada vez m\u00e1s apetecidas en el exterior"},"content":{"rendered":"<p style=\"text-align: justify;\"><span style=\"font-weight: 400;\">El territorio colombiano se ha caracterizado por su diversidad y no s\u00f3lo cultural o \u00e9tnica, sino tambi\u00e9n por la diversidad de climas y paisajes. Fortuna que brinda la ubicaci\u00f3n geogr\u00e1fica en el que se encuentra.\u00a0<\/span><\/p>\n<p style=\"text-align: justify;\"><span style=\"font-weight: 400;\">Dada la ubicaci\u00f3n geogr\u00e1fica, variedad de pisos t\u00e9rmicos se encuentran en esta tierra privilegiada, que sin lugar a dudas podr\u00eda ser considerada &#8220;el para\u00edso prometido&#8221;, el cultivo de frutas ex\u00f3ticas es un gran tesoro del agro colombiano.\u00a0<\/span><\/p>\n<p style=\"text-align: justify;\"><span style=\"font-weight: 400;\">Un art\u00edculo publicado por El Nuevo Siglo, cuenta que debido a la reapertura econ\u00f3mica de pa\u00edses como Francia, Espa\u00f1a, Inglaterra, Alemania y Holanda la exportaci\u00f3n de frutas ex\u00f3ticas colombianas se potenci\u00f3, cuyas ventas al exterior crecieron 22% en el primer trimestre de 2021<\/span><\/p>\n<p style=\"text-align: justify;\"><span style=\"font-weight: 400;\">El art\u00edculo cuenta que Dar\u00edo Cano,qui\u00e9n es\u00a0 gerente general de la compa\u00f1\u00eda que desde hace 10 a\u00f1os incursion\u00f3 con uchuva, gulupa, granadilla y tamarillo en el mercado europeo, coment\u00f3 que \u201cal principio de la pandemia estos pa\u00edses estuvieron con muchas restricciones, pero este a\u00f1o logramos mejorar nuestras ventas\u201d.<\/span><\/p>\n<p style=\"text-align: justify;\"><span style=\"font-weight: 400;\">La compa\u00f1\u00eda trabaja de la mano con agricultores y asociaciones gremiales de Antioqu\u00eda, Nari\u00f1o, Valle del Cauca, Putumayo, Cundinamarca, Boyac\u00e1, Santander y Norte de Santander, principalmente.<\/span><\/p>\n<p style=\"text-align: justify;\"><span style=\"font-weight: 400;\">Adem\u00e1s como menciona el Nuevo Siglo, esta compa\u00f1\u00eda exporta cerca de 40 productos del agro colombiano a m\u00e1s regiones del mundo como Asia, Pa\u00edses \u00c1rabes, Norteam\u00e9rica, Am\u00e9rica Latina y el Caribe, principalmente a cadenas mayoristas.<\/span><\/p>\n<p style=\"text-align: justify;\"><span style=\"font-weight: 400;\">\u201cEn trabajo articulado con entidades como ProColombia, el Ministerio de Comercio, Industria y Turismo y el ICA, hemos logrado posicionar las frutas y hortalizas frescas de nuestro pa\u00eds en el mercado internacional. Nos especializamos en uno o dos clientes por pa\u00eds, principalmente mayoristas, para garantizar el abastecimiento del producto exportable y generar alianzas comerciales a largo plazo\u201d, afirm\u00f3 Cano al portal informativo<\/span><\/p>\n<p style=\"text-align: justify;\"><span style=\"font-weight: 400;\">De la misma manera cuenta que la empresa ha sido pionera en varios lugares del mundo, por ejemplo, en 2018 logr\u00f3 que los ar\u00e1ndanos colombianos llegar\u00e1n por primera vez a Estados Unidos.<\/span><\/p>\n<p style=\"text-align: justify;\"><span style=\"font-weight: 400;\">Hoy en d\u00eda, aunque comercializan principalmente frutas ex\u00f3ticas, su portafolio de productos exportables se ha enriquecido con vegetales y frutos especializados como mangostinos, aguacates hass, pi\u00f1as y limones Tahit\u00ed.<\/span><\/p>\n<p style=\"text-align: justify;\"><span style=\"font-weight: 400;\">Bajo el lema \u201cuna fruta puede cambiar el mundo\u201d, Nativa Produce apoya el fortalecimiento de los procesos productivos para que contribuyan con la conservaci\u00f3n del medio ambiente. Para ello, cuenta con un equipo de agr\u00f3nomos que regularmente visitan los cultivos y desarrollan acciones para garantizar que el producto final cuente con las condiciones inocuas en pro del bienestar de los consumidores, menciona el art\u00edculo.<\/span><\/p>\n<p style=\"text-align: justify;\"><span style=\"font-weight: 400;\">De acuerdo con cifras del DANE, con an\u00e1lisis de ProColombia, entre enero y abril del 2021 las exportaciones de frutas ex\u00f3ticas sumaron US$37,8 millones, 27,5% m\u00e1s que lo registrado en el mismo per\u00edodo del a\u00f1o anterior. Las frutas m\u00e1s exportadas en ese per\u00edodo fueron gulupa, uchuva, granadilla, pitahaya, ar\u00e1ndanos, tomate de \u00e1rbol y maracuy\u00e1.<\/span><\/p>\n<p style=\"text-align: justify;\"><span style=\"font-weight: 400;\">Por su parte, la Uchuva que es considerada como una fruta ex\u00f3tica colombiana, ha sido apetecida en el mercado internacional, m\u00e1s que todo en el europeo.\u00a0<\/span><\/p>\n<p style=\"text-align: justify;\"><span style=\"font-weight: 400;\">Por lo general la producci\u00f3n de la uchuva en Colombia se ha concentrado en los departamentos de Boyac\u00e1 y Cundinamarca con m\u00e1s del 70% de la producci\u00f3n, seguidos por Antioquia con el 10,4%, Nari\u00f1o con el 9,6% y Santander con un 4,4%.<\/span><\/p>\n<p style=\"text-align: justify;\"><span style=\"font-weight: 400;\">Las caracter\u00edsticas de la uchuva, su sabor y beneficios para la salud, la convierten en una de las frutas ex\u00f3ticas colombianas con mayor potencial para conquistar los mercados internacionales.<\/span><\/p>\n<p style=\"text-align: justify;\"><span style=\"font-weight: 400;\">Dentro de las frutas apetecidas en el mercado internacional seg\u00fan el art\u00edculo de Nuevo Siglo, tambi\u00e9n se encuentra la granadilla, el tomate de \u00e1rbol, la maracuy\u00e1, el aguante hass y el banano.<\/span><\/p>\n<p style=\"text-align: justify;\"><span style=\"font-weight: 400;\">Texto de referencia: El Nuevo Siglo.\u00a0<\/span><\/p>\n","protected":false},"excerpt":{"rendered":"<p>El territorio colombiano se ha caracterizado por su diversidad y no s\u00f3lo cultural o \u00e9tnica, sino tambi\u00e9n por la diversidad de climas y paisajes. Fortuna que brinda la ubicaci\u00f3n geogr\u00e1fica en el que se encuentra.\u00a0 Dada la ubicaci\u00f3n geogr\u00e1fica, variedad de pisos t\u00e9rmicos se encuentran en esta tierra privilegiada, que sin lugar a dudas podr\u00eda [&hellip;]<\/p>\n","protected":false},"author":1,"featured_media":54730,"comment_status":"open","ping_status":"open","sticky":false,"template":"","format":"standard","meta":{"footnotes":""},"categories":[13],"tags":[],"class_list":["post-54729","post","type-post","status-publish","format-standard","has-post-thumbnail","hentry","category-economia"],"yoast_head":"<!-- This site is optimized with the Yoast SEO plugin v27.1.1 - https:\/\/yoast.com\/product\/yoast-seo-wordpress\/ -->\n<title>Frutas ex\u00f3ticas de colombia, cada vez m\u00e1s apetecidas en el exterior | P\u00e1gina10<\/title>\n<meta name=\"robots\" content=\"index, follow, max-snippet:-1, max-image-preview:large, max-video-preview:-1\" \/>\n<link rel=\"canonical\" href=\"https:\/\/pagina10.com\/web\/frutas-exoticas-de-colombiana-cada-vez-mas-apetecidas-en-el-exterior\/\" \/>\n<meta property=\"og:locale\" content=\"es_ES\" \/>\n<meta property=\"og:type\" content=\"article\" \/>\n<meta property=\"og:title\" content=\"Frutas ex\u00f3ticas de colombia, cada vez m\u00e1s apetecidas en el exterior | P\u00e1gina10\" \/>\n<meta property=\"og:description\" content=\"El territorio colombiano se ha caracterizado por su diversidad y no s\u00f3lo cultural o \u00e9tnica, sino tambi\u00e9n por la diversidad de climas y paisajes. Fortuna que brinda la ubicaci\u00f3n geogr\u00e1fica en el que se encuentra. Dada la ubicaci\u00f3n geogr\u00e1fica, variedad de pisos t\u00e9rmicos se encuentran en esta tierra privilegiada, que sin lugar a dudas podr\u00eda [&hellip;]\" \/>\n<meta property=\"og:url\" content=\"https:\/\/pagina10.com\/web\/frutas-exoticas-de-colombiana-cada-vez-mas-apetecidas-en-el-exterior\/\" \/>\n<meta property=\"og:site_name\" content=\"P\u00e1gina10\" \/>\n<meta property=\"article:publisher\" content=\"https:\/\/www.facebook.com\/pag10com\" \/>\n<meta property=\"article:published_time\" content=\"2021-08-08T17:35:51+00:00\" \/>\n<meta property=\"article:modified_time\" content=\"2021-08-08T17:37:56+00:00\" \/>\n<meta property=\"og:image\" content=\"https:\/\/pagina10.com\/web\/wp-content\/uploads\/2021\/08\/frutas-variadas-mixtas_74190-6961.jpg\" \/>\n\t<meta property=\"og:image:width\" content=\"626\" \/>\n\t<meta property=\"og:image:height\" content=\"417\" \/>\n\t<meta property=\"og:image:type\" content=\"image\/jpeg\" \/>\n<meta name=\"author\" content=\"P\u00e1gina 10\" \/>\n<meta name=\"twitter:card\" content=\"summary_large_image\" \/>\n<meta name=\"twitter:creator\" content=\"@Pag10com\" \/>\n<meta name=\"twitter:site\" content=\"@Pag10com\" \/>\n<meta name=\"twitter:label1\" content=\"Escrito por\" \/>\n\t<meta name=\"twitter:data1\" content=\"P\u00e1gina 10\" \/>\n\t<meta name=\"twitter:label2\" content=\"Tiempo de lectura\" \/>\n\t<meta name=\"twitter:data2\" content=\"3 minutos\" \/>\n<script type=\"application\/ld+json\" class=\"yoast-schema-graph\">{\"@context\":\"https:\/\/schema.org\",\"@graph\":[{\"@type\":\"Article\",\"@id\":\"https:\/\/pagina10.com\/web\/frutas-exoticas-de-colombiana-cada-vez-mas-apetecidas-en-el-exterior\/#article\",\"isPartOf\":{\"@id\":\"https:\/\/pagina10.com\/web\/frutas-exoticas-de-colombiana-cada-vez-mas-apetecidas-en-el-exterior\/\"},\"author\":{\"name\":\"P\u00e1gina 10\",\"@id\":\"https:\/\/pagina10.com\/web\/#\/schema\/person\/2efc4a090d25b667d3bc796798a3a81b\"},\"headline\":\"Frutas ex\u00f3ticas de colombia, cada vez m\u00e1s apetecidas en el exterior\",\"datePublished\":\"2021-08-08T17:35:51+00:00\",\"dateModified\":\"2021-08-08T17:37:56+00:00\",\"mainEntityOfPage\":{\"@id\":\"https:\/\/pagina10.com\/web\/frutas-exoticas-de-colombiana-cada-vez-mas-apetecidas-en-el-exterior\/\"},\"wordCount\":664,\"commentCount\":0,\"publisher\":{\"@id\":\"https:\/\/pagina10.com\/web\/#organization\"},\"image\":{\"@id\":\"https:\/\/pagina10.com\/web\/frutas-exoticas-de-colombiana-cada-vez-mas-apetecidas-en-el-exterior\/#primaryimage\"},\"thumbnailUrl\":\"https:\/\/pagina10.com\/web\/wp-content\/uploads\/2021\/08\/frutas-variadas-mixtas_74190-6961.jpg\",\"articleSection\":[\"Econom\u00eda\"],\"inLanguage\":\"es\",\"potentialAction\":[{\"@type\":\"CommentAction\",\"name\":\"Comment\",\"target\":[\"https:\/\/pagina10.com\/web\/frutas-exoticas-de-colombiana-cada-vez-mas-apetecidas-en-el-exterior\/#respond\"]}]},{\"@type\":\"WebPage\",\"@id\":\"https:\/\/pagina10.com\/web\/frutas-exoticas-de-colombiana-cada-vez-mas-apetecidas-en-el-exterior\/\",\"url\":\"https:\/\/pagina10.com\/web\/frutas-exoticas-de-colombiana-cada-vez-mas-apetecidas-en-el-exterior\/\",\"name\":\"Frutas ex\u00f3ticas de colombia, cada vez m\u00e1s apetecidas en el exterior | P\u00e1gina10\",\"isPartOf\":{\"@id\":\"https:\/\/pagina10.com\/web\/#website\"},\"primaryImageOfPage\":{\"@id\":\"https:\/\/pagina10.com\/web\/frutas-exoticas-de-colombiana-cada-vez-mas-apetecidas-en-el-exterior\/#primaryimage\"},\"image\":{\"@id\":\"https:\/\/pagina10.com\/web\/frutas-exoticas-de-colombiana-cada-vez-mas-apetecidas-en-el-exterior\/#primaryimage\"},\"thumbnailUrl\":\"https:\/\/pagina10.com\/web\/wp-content\/uploads\/2021\/08\/frutas-variadas-mixtas_74190-6961.jpg\",\"datePublished\":\"2021-08-08T17:35:51+00:00\",\"dateModified\":\"2021-08-08T17:37:56+00:00\",\"breadcrumb\":{\"@id\":\"https:\/\/pagina10.com\/web\/frutas-exoticas-de-colombiana-cada-vez-mas-apetecidas-en-el-exterior\/#breadcrumb\"},\"inLanguage\":\"es\",\"potentialAction\":[{\"@type\":\"ReadAction\",\"target\":[\"https:\/\/pagina10.com\/web\/frutas-exoticas-de-colombiana-cada-vez-mas-apetecidas-en-el-exterior\/\"]}]},{\"@type\":\"ImageObject\",\"inLanguage\":\"es\",\"@id\":\"https:\/\/pagina10.com\/web\/frutas-exoticas-de-colombiana-cada-vez-mas-apetecidas-en-el-exterior\/#primaryimage\",\"url\":\"https:\/\/pagina10.com\/web\/wp-content\/uploads\/2021\/08\/frutas-variadas-mixtas_74190-6961.jpg\",\"contentUrl\":\"https:\/\/pagina10.com\/web\/wp-content\/uploads\/2021\/08\/frutas-variadas-mixtas_74190-6961.jpg\",\"width\":626,\"height\":417},{\"@type\":\"BreadcrumbList\",\"@id\":\"https:\/\/pagina10.com\/web\/frutas-exoticas-de-colombiana-cada-vez-mas-apetecidas-en-el-exterior\/#breadcrumb\",\"itemListElement\":[{\"@type\":\"ListItem\",\"position\":1,\"name\":\"Portada\",\"item\":\"https:\/\/pagina10.com\/web\/\"},{\"@type\":\"ListItem\",\"position\":2,\"name\":\"Frutas ex\u00f3ticas de colombia, cada vez m\u00e1s apetecidas en el exterior\"}]},{\"@type\":\"WebSite\",\"@id\":\"https:\/\/pagina10.com\/web\/#website\",\"url\":\"https:\/\/pagina10.com\/web\/\",\"name\":\"P\u00e1gina10\",\"description\":\"Peri\u00f3dico Regional\",\"publisher\":{\"@id\":\"https:\/\/pagina10.com\/web\/#organization\"},\"alternateName\":\"P\u00e1gina10 Peri\u00f3dico Regional\",\"potentialAction\":[{\"@type\":\"SearchAction\",\"target\":{\"@type\":\"EntryPoint\",\"urlTemplate\":\"https:\/\/pagina10.com\/web\/?s={search_term_string}\"},\"query-input\":{\"@type\":\"PropertyValueSpecification\",\"valueRequired\":true,\"valueName\":\"search_term_string\"}}],\"inLanguage\":\"es\"},{\"@type\":\"Organization\",\"@id\":\"https:\/\/pagina10.com\/web\/#organization\",\"name\":\"P\u00e1gina10\",\"alternateName\":\"P\u00e1gina10 Peri\u00f3dico Regional\",\"url\":\"https:\/\/pagina10.com\/web\/\",\"logo\":{\"@type\":\"ImageObject\",\"inLanguage\":\"es\",\"@id\":\"https:\/\/pagina10.com\/web\/#\/schema\/logo\/image\/\",\"url\":\"https:\/\/pagina10.com\/web\/wp-content\/uploads\/2024\/01\/40-pagina-10-periodico-regional-pasto.jpg\",\"contentUrl\":\"https:\/\/pagina10.com\/web\/wp-content\/uploads\/2024\/01\/40-pagina-10-periodico-regional-pasto.jpg\",\"width\":1280,\"height\":720,\"caption\":\"P\u00e1gina10\"},\"image\":{\"@id\":\"https:\/\/pagina10.com\/web\/#\/schema\/logo\/image\/\"},\"sameAs\":[\"https:\/\/www.facebook.com\/pag10com\",\"https:\/\/x.com\/Pag10com\",\"https:\/\/www.instagram.com\/pagina10col\/\",\"https:\/\/youtube.com\/channel\/pag10\",\"https:\/\/www.tiktok.com\/@p10col\"]},{\"@type\":\"Person\",\"@id\":\"https:\/\/pagina10.com\/web\/#\/schema\/person\/2efc4a090d25b667d3bc796798a3a81b\",\"name\":\"P\u00e1gina 10\",\"description\":\"P\u00e1gina 10 es un peri\u00f3dico regional que nace en Colombia, en el departamento de Nari\u00f1o, con un enfoque global, fundamentado en cuatro pilares esenciales: la libertad, el pluralismo, la inclusi\u00f3n y la independencia. P\u00e1gina 10 hace referencia a Nari\u00f1o como el d\u00e9cimo departamento creado en Colombia, despu\u00e9s de un proceso pol\u00edtico liderado por actores y actrices regionales con el fin de obtener la independencia y autonom\u00eda de nuestros territorios. Con la creaci\u00f3n de P\u00e1gina 10 se pretende abrir un escenario para el dialogo, la reflexi\u00f3n y el debate que se extienda a otras geograf\u00edas de Am\u00e9rica Latina y del planeta, en una apuesta por transformar colectivamente los desaf\u00edos de un mundo contempor\u00e1neo, m\u00e1s all\u00e1 de las fronteras impuestas.\",\"url\":\"https:\/\/pagina10.com\/web\/author\/pdiezadmin\/\"}]}<\/script>\n<!-- \/ Yoast SEO plugin. -->","yoast_head_json":{"title":"Frutas ex\u00f3ticas de colombia, cada vez m\u00e1s apetecidas en el exterior | P\u00e1gina10","robots":{"index":"index","follow":"follow","max-snippet":"max-snippet:-1","max-image-preview":"max-image-preview:large","max-video-preview":"max-video-preview:-1"},"canonical":"https:\/\/pagina10.com\/web\/frutas-exoticas-de-colombiana-cada-vez-mas-apetecidas-en-el-exterior\/","og_locale":"es_ES","og_type":"article","og_title":"Frutas ex\u00f3ticas de colombia, cada vez m\u00e1s apetecidas en el exterior | P\u00e1gina10","og_description":"El territorio colombiano se ha caracterizado por su diversidad y no s\u00f3lo cultural o \u00e9tnica, sino tambi\u00e9n por la diversidad de climas y paisajes. Fortuna que brinda la ubicaci\u00f3n geogr\u00e1fica en el que se encuentra. Dada la ubicaci\u00f3n geogr\u00e1fica, variedad de pisos t\u00e9rmicos se encuentran en esta tierra privilegiada, que sin lugar a dudas podr\u00eda [&hellip;]","og_url":"https:\/\/pagina10.com\/web\/frutas-exoticas-de-colombiana-cada-vez-mas-apetecidas-en-el-exterior\/","og_site_name":"P\u00e1gina10","article_publisher":"https:\/\/www.facebook.com\/pag10com","article_published_time":"2021-08-08T17:35:51+00:00","article_modified_time":"2021-08-08T17:37:56+00:00","og_image":[{"width":626,"height":417,"url":"https:\/\/pagina10.com\/web\/wp-content\/uploads\/2021\/08\/frutas-variadas-mixtas_74190-6961.jpg","type":"image\/jpeg"}],"author":"P\u00e1gina 10","twitter_card":"summary_large_image","twitter_creator":"@Pag10com","twitter_site":"@Pag10com","twitter_misc":{"Escrito por":"P\u00e1gina 10","Tiempo de lectura":"3 minutos"},"schema":{"@context":"https:\/\/schema.org","@graph":[{"@type":"Article","@id":"https:\/\/pagina10.com\/web\/frutas-exoticas-de-colombiana-cada-vez-mas-apetecidas-en-el-exterior\/#article","isPartOf":{"@id":"https:\/\/pagina10.com\/web\/frutas-exoticas-de-colombiana-cada-vez-mas-apetecidas-en-el-exterior\/"},"author":{"name":"P\u00e1gina 10","@id":"https:\/\/pagina10.com\/web\/#\/schema\/person\/2efc4a090d25b667d3bc796798a3a81b"},"headline":"Frutas ex\u00f3ticas de colombia, cada vez m\u00e1s apetecidas en el exterior","datePublished":"2021-08-08T17:35:51+00:00","dateModified":"2021-08-08T17:37:56+00:00","mainEntityOfPage":{"@id":"https:\/\/pagina10.com\/web\/frutas-exoticas-de-colombiana-cada-vez-mas-apetecidas-en-el-exterior\/"},"wordCount":664,"commentCount":0,"publisher":{"@id":"https:\/\/pagina10.com\/web\/#organization"},"image":{"@id":"https:\/\/pagina10.com\/web\/frutas-exoticas-de-colombiana-cada-vez-mas-apetecidas-en-el-exterior\/#primaryimage"},"thumbnailUrl":"https:\/\/pagina10.com\/web\/wp-content\/uploads\/2021\/08\/frutas-variadas-mixtas_74190-6961.jpg","articleSection":["Econom\u00eda"],"inLanguage":"es","potentialAction":[{"@type":"CommentAction","name":"Comment","target":["https:\/\/pagina10.com\/web\/frutas-exoticas-de-colombiana-cada-vez-mas-apetecidas-en-el-exterior\/#respond"]}]},{"@type":"WebPage","@id":"https:\/\/pagina10.com\/web\/frutas-exoticas-de-colombiana-cada-vez-mas-apetecidas-en-el-exterior\/","url":"https:\/\/pagina10.com\/web\/frutas-exoticas-de-colombiana-cada-vez-mas-apetecidas-en-el-exterior\/","name":"Frutas ex\u00f3ticas de colombia, cada vez m\u00e1s apetecidas en el exterior | P\u00e1gina10","isPartOf":{"@id":"https:\/\/pagina10.com\/web\/#website"},"primaryImageOfPage":{"@id":"https:\/\/pagina10.com\/web\/frutas-exoticas-de-colombiana-cada-vez-mas-apetecidas-en-el-exterior\/#primaryimage"},"image":{"@id":"https:\/\/pagina10.com\/web\/frutas-exoticas-de-colombiana-cada-vez-mas-apetecidas-en-el-exterior\/#primaryimage"},"thumbnailUrl":"https:\/\/pagina10.com\/web\/wp-content\/uploads\/2021\/08\/frutas-variadas-mixtas_74190-6961.jpg","datePublished":"2021-08-08T17:35:51+00:00","dateModified":"2021-08-08T17:37:56+00:00","breadcrumb":{"@id":"https:\/\/pagina10.com\/web\/frutas-exoticas-de-colombiana-cada-vez-mas-apetecidas-en-el-exterior\/#breadcrumb"},"inLanguage":"es","potentialAction":[{"@type":"ReadAction","target":["https:\/\/pagina10.com\/web\/frutas-exoticas-de-colombiana-cada-vez-mas-apetecidas-en-el-exterior\/"]}]},{"@type":"ImageObject","inLanguage":"es","@id":"https:\/\/pagina10.com\/web\/frutas-exoticas-de-colombiana-cada-vez-mas-apetecidas-en-el-exterior\/#primaryimage","url":"https:\/\/pagina10.com\/web\/wp-content\/uploads\/2021\/08\/frutas-variadas-mixtas_74190-6961.jpg","contentUrl":"https:\/\/pagina10.com\/web\/wp-content\/uploads\/2021\/08\/frutas-variadas-mixtas_74190-6961.jpg","width":626,"height":417},{"@type":"BreadcrumbList","@id":"https:\/\/pagina10.com\/web\/frutas-exoticas-de-colombiana-cada-vez-mas-apetecidas-en-el-exterior\/#breadcrumb","itemListElement":[{"@type":"ListItem","position":1,"name":"Portada","item":"https:\/\/pagina10.com\/web\/"},{"@type":"ListItem","position":2,"name":"Frutas ex\u00f3ticas de colombia, cada vez m\u00e1s apetecidas en el exterior"}]},{"@type":"WebSite","@id":"https:\/\/pagina10.com\/web\/#website","url":"https:\/\/pagina10.com\/web\/","name":"P\u00e1gina10","description":"Peri\u00f3dico Regional","publisher":{"@id":"https:\/\/pagina10.com\/web\/#organization"},"alternateName":"P\u00e1gina10 Peri\u00f3dico Regional","potentialAction":[{"@type":"SearchAction","target":{"@type":"EntryPoint","urlTemplate":"https:\/\/pagina10.com\/web\/?s={search_term_string}"},"query-input":{"@type":"PropertyValueSpecification","valueRequired":true,"valueName":"search_term_string"}}],"inLanguage":"es"},{"@type":"Organization","@id":"https:\/\/pagina10.com\/web\/#organization","name":"P\u00e1gina10","alternateName":"P\u00e1gina10 Peri\u00f3dico Regional","url":"https:\/\/pagina10.com\/web\/","logo":{"@type":"ImageObject","inLanguage":"es","@id":"https:\/\/pagina10.com\/web\/#\/schema\/logo\/image\/","url":"https:\/\/pagina10.com\/web\/wp-content\/uploads\/2024\/01\/40-pagina-10-periodico-regional-pasto.jpg","contentUrl":"https:\/\/pagina10.com\/web\/wp-content\/uploads\/2024\/01\/40-pagina-10-periodico-regional-pasto.jpg","width":1280,"height":720,"caption":"P\u00e1gina10"},"image":{"@id":"https:\/\/pagina10.com\/web\/#\/schema\/logo\/image\/"},"sameAs":["https:\/\/www.facebook.com\/pag10com","https:\/\/x.com\/Pag10com","https:\/\/www.instagram.com\/pagina10col\/","https:\/\/youtube.com\/channel\/pag10","https:\/\/www.tiktok.com\/@p10col"]},{"@type":"Person","@id":"https:\/\/pagina10.com\/web\/#\/schema\/person\/2efc4a090d25b667d3bc796798a3a81b","name":"P\u00e1gina 10","description":"P\u00e1gina 10 es un peri\u00f3dico regional que nace en Colombia, en el departamento de Nari\u00f1o, con un enfoque global, fundamentado en cuatro pilares esenciales: la libertad, el pluralismo, la inclusi\u00f3n y la independencia. P\u00e1gina 10 hace referencia a Nari\u00f1o como el d\u00e9cimo departamento creado en Colombia, despu\u00e9s de un proceso pol\u00edtico liderado por actores y actrices regionales con el fin de obtener la independencia y autonom\u00eda de nuestros territorios. Con la creaci\u00f3n de P\u00e1gina 10 se pretende abrir un escenario para el dialogo, la reflexi\u00f3n y el debate que se extienda a otras geograf\u00edas de Am\u00e9rica Latina y del planeta, en una apuesta por transformar colectivamente los desaf\u00edos de un mundo contempor\u00e1neo, m\u00e1s all\u00e1 de las fronteras impuestas.","url":"https:\/\/pagina10.com\/web\/author\/pdiezadmin\/"}]}},"_links":{"self":[{"href":"https:\/\/pagina10.com\/web\/wp-json\/wp\/v2\/posts\/54729","targetHints":{"allow":["GET"]}}],"collection":[{"href":"https:\/\/pagina10.com\/web\/wp-json\/wp\/v2\/posts"}],"about":[{"href":"https:\/\/pagina10.com\/web\/wp-json\/wp\/v2\/types\/post"}],"author":[{"embeddable":true,"href":"https:\/\/pagina10.com\/web\/wp-json\/wp\/v2\/users\/1"}],"replies":[{"embeddable":true,"href":"https:\/\/pagina10.com\/web\/wp-json\/wp\/v2\/comments?post=54729"}],"version-history":[{"count":4,"href":"https:\/\/pagina10.com\/web\/wp-json\/wp\/v2\/posts\/54729\/revisions"}],"predecessor-version":[{"id":54734,"href":"https:\/\/pagina10.com\/web\/wp-json\/wp\/v2\/posts\/54729\/revisions\/54734"}],"wp:featuredmedia":[{"embeddable":true,"href":"https:\/\/pagina10.com\/web\/wp-json\/wp\/v2\/media\/54730"}],"wp:attachment":[{"href":"https:\/\/pagina10.com\/web\/wp-json\/wp\/v2\/media?parent=54729"}],"wp:term":[{"taxonomy":"category","embeddable":true,"href":"https:\/\/pagina10.com\/web\/wp-json\/wp\/v2\/categories?post=54729"},{"taxonomy":"post_tag","embeddable":true,"href":"https:\/\/pagina10.com\/web\/wp-json\/wp\/v2\/tags?post=54729"}],"curies":[{"name":"wp","href":"https:\/\/api.w.org\/{rel}","templated":true}]}}