{"id":54867,"date":"2021-08-13T00:07:20","date_gmt":"2021-08-13T05:07:20","guid":{"rendered":"https:\/\/pagina10.com\/web\/?p=54867"},"modified":"2021-08-13T00:07:20","modified_gmt":"2021-08-13T05:07:20","slug":"vivienda-indigna","status":"publish","type":"post","link":"https:\/\/pagina10.com\/web\/vivienda-indigna\/","title":{"rendered":"Vivienda indigna"},"content":{"rendered":"<p style=\"text-align: justify;\">\n<p style=\"text-align: justify;\">La construcci\u00f3n sigue siendo uno de los negocios m\u00e1s lucrativos de todos los tiempos. La necesidad de una vivienda para suplir una de las necesidades b\u00e1sicas de todo ser humano, lleva a que las familias hagan un esfuerzo grande para pagar un valor que, en la mayor\u00eda de los casos, se hace a trav\u00e9s de un cr\u00e9dito hipotecario con una entidad bancaria. Los bancos son unos verdaderos \u2018chupasangre\u2019 al obtener jugosas ganancias, y todo a costa de un esfuerzo descomunal al pagar un cr\u00e9dito por varios a\u00f1os con desventaja para el usuario y con todas las ventajas para el banco.<\/p>\n<p style=\"text-align: justify;\">\n<p style=\"text-align: justify;\">A pesar de la actual crisis ocasionada por la pandemia del Covid 19, con la recesi\u00f3n econ\u00f3mica y la p\u00e9rdida de empleo, no se ha logrado atajar los precios de la vivienda, cada vez es m\u00e1s costosa.<\/p>\n<p style=\"text-align: justify;\">\n<p style=\"text-align: justify;\">Los anuncios que difunden informaci\u00f3n sobre los negocios en el ramo se encargan de ofrecerle el oro y el moro. Son anuncios maquillados, que en muchas ocasiones no se ajustan a la realidad; ya se han comprobado casos en los cuales se presentan denuncias del incumplimiento de las constructoras que no se comprometen con lo que anuncian; entre otras cosas, la entrega de edificios con fallas en los sistemas hidr\u00e1ulicos, de energ\u00eda y de otros servicios, pero tambi\u00e9n fallas estructurales.<\/p>\n<p style=\"text-align: justify;\">\n<p style=\"text-align: justify;\">Uno de los factores m\u00e1s preocupantes en la actualidad es el tipo de vivienda que se construye, carente de espacios para la realizaci\u00f3n humana como el encuentro, el di\u00e1logo, la pr\u00e1ctica de la actividad f\u00edsica. Con la peor parte corren los ni\u00f1os, pues en estas edificaciones se convierten en un factor perturbador.<\/p>\n<p style=\"text-align: justify;\">\n<p style=\"text-align: justify;\">Observamos con preocupaci\u00f3n que cada vez la gente vive en espacios m\u00e1s reducidos que presentan hacinamiento en algunos casos. Los entes reguladores de las licencias de control como las curadur\u00edas autorizan las construcciones bajo procedimientos irregulares, sin importarles el ordenamiento territorial, sin importar lo verdaderamente importante como el ser humano.<\/p>\n<p style=\"text-align: justify;\">\n<p style=\"text-align: justify;\">Quienes habitamos en este tipo de conjuntos no tenemos \u00e1reas verdes donde se pueda sacar una mascota a pasear, y si la hay es un espacio muy peque\u00f1o que ya se encuentra ocupado por otras personas. La ciudad carece de espacios donde se pueda hacer un poco de ejercicio, caminar, expiar el estr\u00e9s. Estamos sometidos a la alta contaminaci\u00f3n auditiva y de material particulado. Hay muy poca vegetaci\u00f3n urbana que permita oxigenar nuestros pulmones.<\/p>\n<p style=\"text-align: justify;\">\n<p style=\"text-align: justify;\">Y cuando hay un campo deportivo para el esparcimiento y la recreaci\u00f3n, se lo cubre con cemento en la construcci\u00f3n de un hospital o aulas escolares. Desafortunadamente, tenemos una inversi\u00f3n de los valores: se le brinda m\u00e1s importancia a lo lucrativo sacrificando el bienestar de la gente.<\/p>\n<p style=\"text-align: justify;\">\n<p style=\"text-align: justify;\">En un conjunto residencial se convirti\u00f3 en problema que habite un ni\u00f1o, d\u00e1ndole prioridad a una mascota. El ni\u00f1o es considerado un potencial riesgo para alg\u00fan vecino energ\u00fameno que ve en \u00e9l un peligro porque le puede rayar el carro o estrellarle el bal\u00f3n.<\/p>\n<p style=\"text-align: justify;\">\n<p style=\"text-align: justify;\">La intolerancia ha crecido tanto que se les olvid\u00f3 que tambi\u00e9n fueron ni\u00f1os. Pero el problema fundamental a que se ven abocadas ciudades como Pasto es la carencia de espacios p\u00fablicos para la recreaci\u00f3n, de all\u00ed que los centros comerciales se vean atiborrados de gente. Estos lugares no ofrecen las alternativas para despertar la creatividad y la salud mental; no eres bien visto si ocupas una un asiento y no consumes; solo les interesas en la medida que consumas.<\/p>\n<p style=\"text-align: justify;\">\n<p style=\"text-align: justify;\">Ahora, con estos tiempos de pandemia, se ha logrado observar el grado de hacinamiento presente en las unidades residenciales, porque sin un razonamiento l\u00f3gico se nos confin\u00f3 en espacios reducidos, en donde la convivencia se tornaba complicada, con altas cargas de estr\u00e9s, problemas de insomnio y sin un espacio amable donde recibir un poco de aire puro. Se necesitan m\u00e1s espacios amigables con el sentido humano; ciudades pensadas a escala de los ni\u00f1os, pues solo de esta manera podemos sentir el confort de los espacios ideales.<\/p>\n<p style=\"text-align: justify;\">\n<p style=\"text-align: justify;\">\n<p style=\"text-align: justify;\">\n<p style=\"text-align: justify;\">\n","protected":false},"excerpt":{"rendered":"<p>La construcci\u00f3n sigue siendo uno de los negocios m\u00e1s lucrativos de todos los tiempos. La necesidad de una vivienda para suplir una de las necesidades b\u00e1sicas de todo ser humano, lleva a que las familias hagan un esfuerzo grande para pagar un valor que, en la mayor\u00eda de los casos, se hace a trav\u00e9s de [&hellip;]<\/p>\n","protected":false},"author":65,"featured_media":39748,"comment_status":"open","ping_status":"open","sticky":false,"template":"","format":"standard","meta":{"footnotes":""},"categories":[13],"tags":[],"class_list":["post-54867","post","type-post","status-publish","format-standard","has-post-thumbnail","hentry","category-economia"],"yoast_head":"<!-- This site is optimized with the Yoast SEO plugin v27.1.1 - https:\/\/yoast.com\/product\/yoast-seo-wordpress\/ -->\n<title>Vivienda indigna | P\u00e1gina10<\/title>\n<meta name=\"robots\" content=\"index, follow, max-snippet:-1, max-image-preview:large, max-video-preview:-1\" \/>\n<link rel=\"canonical\" href=\"https:\/\/pagina10.com\/web\/vivienda-indigna\/\" \/>\n<meta property=\"og:locale\" content=\"es_ES\" \/>\n<meta property=\"og:type\" content=\"article\" \/>\n<meta property=\"og:title\" content=\"Vivienda indigna | P\u00e1gina10\" \/>\n<meta property=\"og:description\" content=\"La construcci\u00f3n sigue siendo uno de los negocios m\u00e1s lucrativos de todos los tiempos. La necesidad de una vivienda para suplir una de las necesidades b\u00e1sicas de todo ser humano, lleva a que las familias hagan un esfuerzo grande para pagar un valor que, en la mayor\u00eda de los casos, se hace a trav\u00e9s de [&hellip;]\" \/>\n<meta property=\"og:url\" content=\"https:\/\/pagina10.com\/web\/vivienda-indigna\/\" \/>\n<meta property=\"og:site_name\" content=\"P\u00e1gina10\" \/>\n<meta property=\"article:publisher\" content=\"https:\/\/www.facebook.com\/pag10com\" \/>\n<meta property=\"article:published_time\" content=\"2021-08-13T05:07:20+00:00\" \/>\n<meta property=\"og:image\" content=\"https:\/\/pagina10.com\/web\/wp-content\/uploads\/2019\/06\/San-Juan-de-Pasto-2.jpg\" \/>\n\t<meta property=\"og:image:width\" content=\"834\" \/>\n\t<meta property=\"og:image:height\" content=\"363\" \/>\n\t<meta property=\"og:image:type\" content=\"image\/jpeg\" \/>\n<meta name=\"author\" content=\"Anibal Ar\u00e9valo Rosero\" \/>\n<meta name=\"twitter:card\" content=\"summary_large_image\" \/>\n<meta name=\"twitter:creator\" content=\"@Pag10com\" \/>\n<meta name=\"twitter:site\" content=\"@Pag10com\" \/>\n<meta name=\"twitter:label1\" content=\"Escrito por\" \/>\n\t<meta name=\"twitter:data1\" content=\"Anibal Ar\u00e9valo Rosero\" \/>\n\t<meta name=\"twitter:label2\" content=\"Tiempo de lectura\" \/>\n\t<meta name=\"twitter:data2\" content=\"3 minutos\" \/>\n<script type=\"application\/ld+json\" class=\"yoast-schema-graph\">{\"@context\":\"https:\/\/schema.org\",\"@graph\":[{\"@type\":\"Article\",\"@id\":\"https:\/\/pagina10.com\/web\/vivienda-indigna\/#article\",\"isPartOf\":{\"@id\":\"https:\/\/pagina10.com\/web\/vivienda-indigna\/\"},\"author\":{\"name\":\"Anibal Ar\u00e9valo Rosero\",\"@id\":\"https:\/\/pagina10.com\/web\/#\/schema\/person\/9ec3e2b432363a195d2d01bf820c66fe\"},\"headline\":\"Vivienda indigna\",\"datePublished\":\"2021-08-13T05:07:20+00:00\",\"mainEntityOfPage\":{\"@id\":\"https:\/\/pagina10.com\/web\/vivienda-indigna\/\"},\"wordCount\":697,\"commentCount\":0,\"publisher\":{\"@id\":\"https:\/\/pagina10.com\/web\/#organization\"},\"image\":{\"@id\":\"https:\/\/pagina10.com\/web\/vivienda-indigna\/#primaryimage\"},\"thumbnailUrl\":\"https:\/\/pagina10.com\/web\/wp-content\/uploads\/2019\/06\/San-Juan-de-Pasto-2.jpg\",\"articleSection\":[\"Econom\u00eda\"],\"inLanguage\":\"es\",\"potentialAction\":[{\"@type\":\"CommentAction\",\"name\":\"Comment\",\"target\":[\"https:\/\/pagina10.com\/web\/vivienda-indigna\/#respond\"]}]},{\"@type\":\"WebPage\",\"@id\":\"https:\/\/pagina10.com\/web\/vivienda-indigna\/\",\"url\":\"https:\/\/pagina10.com\/web\/vivienda-indigna\/\",\"name\":\"Vivienda indigna | P\u00e1gina10\",\"isPartOf\":{\"@id\":\"https:\/\/pagina10.com\/web\/#website\"},\"primaryImageOfPage\":{\"@id\":\"https:\/\/pagina10.com\/web\/vivienda-indigna\/#primaryimage\"},\"image\":{\"@id\":\"https:\/\/pagina10.com\/web\/vivienda-indigna\/#primaryimage\"},\"thumbnailUrl\":\"https:\/\/pagina10.com\/web\/wp-content\/uploads\/2019\/06\/San-Juan-de-Pasto-2.jpg\",\"datePublished\":\"2021-08-13T05:07:20+00:00\",\"breadcrumb\":{\"@id\":\"https:\/\/pagina10.com\/web\/vivienda-indigna\/#breadcrumb\"},\"inLanguage\":\"es\",\"potentialAction\":[{\"@type\":\"ReadAction\",\"target\":[\"https:\/\/pagina10.com\/web\/vivienda-indigna\/\"]}]},{\"@type\":\"ImageObject\",\"inLanguage\":\"es\",\"@id\":\"https:\/\/pagina10.com\/web\/vivienda-indigna\/#primaryimage\",\"url\":\"https:\/\/pagina10.com\/web\/wp-content\/uploads\/2019\/06\/San-Juan-de-Pasto-2.jpg\",\"contentUrl\":\"https:\/\/pagina10.com\/web\/wp-content\/uploads\/2019\/06\/San-Juan-de-Pasto-2.jpg\",\"width\":834,\"height\":363},{\"@type\":\"BreadcrumbList\",\"@id\":\"https:\/\/pagina10.com\/web\/vivienda-indigna\/#breadcrumb\",\"itemListElement\":[{\"@type\":\"ListItem\",\"position\":1,\"name\":\"Portada\",\"item\":\"https:\/\/pagina10.com\/web\/\"},{\"@type\":\"ListItem\",\"position\":2,\"name\":\"Vivienda indigna\"}]},{\"@type\":\"WebSite\",\"@id\":\"https:\/\/pagina10.com\/web\/#website\",\"url\":\"https:\/\/pagina10.com\/web\/\",\"name\":\"P\u00e1gina10\",\"description\":\"Peri\u00f3dico Regional\",\"publisher\":{\"@id\":\"https:\/\/pagina10.com\/web\/#organization\"},\"alternateName\":\"P\u00e1gina10 Peri\u00f3dico Regional\",\"potentialAction\":[{\"@type\":\"SearchAction\",\"target\":{\"@type\":\"EntryPoint\",\"urlTemplate\":\"https:\/\/pagina10.com\/web\/?s={search_term_string}\"},\"query-input\":{\"@type\":\"PropertyValueSpecification\",\"valueRequired\":true,\"valueName\":\"search_term_string\"}}],\"inLanguage\":\"es\"},{\"@type\":\"Organization\",\"@id\":\"https:\/\/pagina10.com\/web\/#organization\",\"name\":\"P\u00e1gina10\",\"alternateName\":\"P\u00e1gina10 Peri\u00f3dico Regional\",\"url\":\"https:\/\/pagina10.com\/web\/\",\"logo\":{\"@type\":\"ImageObject\",\"inLanguage\":\"es\",\"@id\":\"https:\/\/pagina10.com\/web\/#\/schema\/logo\/image\/\",\"url\":\"https:\/\/pagina10.com\/web\/wp-content\/uploads\/2024\/01\/40-pagina-10-periodico-regional-pasto.jpg\",\"contentUrl\":\"https:\/\/pagina10.com\/web\/wp-content\/uploads\/2024\/01\/40-pagina-10-periodico-regional-pasto.jpg\",\"width\":1280,\"height\":720,\"caption\":\"P\u00e1gina10\"},\"image\":{\"@id\":\"https:\/\/pagina10.com\/web\/#\/schema\/logo\/image\/\"},\"sameAs\":[\"https:\/\/www.facebook.com\/pag10com\",\"https:\/\/x.com\/Pag10com\",\"https:\/\/www.instagram.com\/pagina10col\/\",\"https:\/\/youtube.com\/channel\/pag10\",\"https:\/\/www.tiktok.com\/@p10col\"]},{\"@type\":\"Person\",\"@id\":\"https:\/\/pagina10.com\/web\/#\/schema\/person\/9ec3e2b432363a195d2d01bf820c66fe\",\"name\":\"Anibal Ar\u00e9valo Rosero\",\"description\":\"An\u00edbal Ar\u00e9valo Rosero a trav\u00e9s de su vida ha realizado diversas actividades tendientes a reivindicar al ser humano en su conciencia plena. Durante su vida ha hecho teatro, a escrito poes\u00eda y en sus tiempos de universitario realiz\u00f3 varias publicaciones entre las que se recuerda la revista Quinde. Junto con otros compa\u00f1eros fund\u00f3 el Taller Cultural El Cueche, equipo con el que se hicieron varias publicaciones. De este mismo grupo hay que resaltar que se hizo un trabajo pionero en la difusi\u00f3n de la m\u00fasica andina, latinoamericana y del caribe. Despu\u00e9s de terminar sus estudios de biolog\u00eda en la Universidad de Nari\u00f1o entr\u00f3 a laborar en emisoras de la ciudad de Pasto como en RCN, donde se desempe\u00f1aba como locutor de planta. Dirigi\u00f3 programas en la extinta Ondas del Mayo, en varias oportunidades; tambi\u00e9n en Ecos de Pasto. Fue colaborador de el Noticias RCN y dirigi\u00f3 el programa Simana al D\u00eda, del Sindicato del Magisterio de Nari\u00f1o, en dos \u00e9pocas. En el a\u00f1o de 1992 funda el Comit\u00e9 de Solidaridad con Cuba Jos\u00e9 Mart\u00ed, cuyo objetivo era divulgar la realidad cubana y expresar apoyo moral, pol\u00edtico y material al pa\u00eds caribe\u00f1o. Ante la mala interpretaci\u00f3n que la gente le daba a este tipo de acciones, se decide promover viajes de solidad a Cuba para participar en la Brigada Latinoamericana de Trabajo Voluntario, en el Festival Cuba Vive y, de manera especia,l en el 14 Festival Mundial de la Juventud y los Estudiantes, que se desarroll\u00f3 en la isla en el a\u00f1o de 1997. Con esta experiencia impulsa el turismo al pa\u00eds caribe\u00f1o con el resultado de que miles de personas han participado de las excursiones organizadas por Ar\u00e9valo Rosero. Asimismo ha venido impulsando las Brigadas de Salud en Cuba, tendiente a llevar pacientes de c\u00e1ncer a ese destino con el fin de que reciban atenci\u00f3n m\u00e9dica, teniendo en cuenta que la experiencia cubana en el tema ha sido bastante favorable. Veinte a\u00f1os despu\u00e9s de estas nutritivas experiencias, le permiten impulsar excursiones adem\u00e1s a M\u00e9xico, Machu Picchu, Argentina, Ecuador, Panam\u00e1 y Tierra Santa. En cuanto al desempe\u00f1o period\u00edstico, adem\u00e1s de los medios radiales y de televisi\u00f3n, en los canales de la universidades de Nari\u00f1o y Mariana, se ha desempe\u00f1ado como columnista en Diario del Sur durante 6 a\u00f1os y en algunos medios virtuales. Tambi\u00e9n es colaborador de el Diario del Cauca. Considera que la pr\u00e1ctica de la lectura es beber de la fuente nutricia que permite apropiarse de manera consciente del ejercicio de la democracia; y la posibilidad de escribir y ser le\u00eddo, acceder al poder, por que considera la palabra como el mayor instrumento de acci\u00f3n cuando est\u00e1 bien encamina al leg\u00edtimo servicio social. En la actualidad adem\u00e1s de so\u00f1ar con viajar por el mundo se desempe\u00f1a como docente del departamento de ciencias de Inem Luis Delf\u00edn Insuasty de Pasto. Correo: Esta direcci\u00f3n de correo electr\u00f3nico est\u00e1 protegida contra spambots. Usted necesita tener Javascript activado para poder verla.\\\" target=\\\"_blank\\\" style=\\\"color: #1155cc; text-align: justify; font-family: arial, sans-serif; font-size: 13px; line-height: normal;\\\"&gt;fundacionecosofia@gmail.com\",\"url\":\"https:\/\/pagina10.com\/web\/author\/anibal\/\"}]}<\/script>\n<!-- \/ Yoast SEO plugin. -->","yoast_head_json":{"title":"Vivienda indigna | P\u00e1gina10","robots":{"index":"index","follow":"follow","max-snippet":"max-snippet:-1","max-image-preview":"max-image-preview:large","max-video-preview":"max-video-preview:-1"},"canonical":"https:\/\/pagina10.com\/web\/vivienda-indigna\/","og_locale":"es_ES","og_type":"article","og_title":"Vivienda indigna | P\u00e1gina10","og_description":"La construcci\u00f3n sigue siendo uno de los negocios m\u00e1s lucrativos de todos los tiempos. La necesidad de una vivienda para suplir una de las necesidades b\u00e1sicas de todo ser humano, lleva a que las familias hagan un esfuerzo grande para pagar un valor que, en la mayor\u00eda de los casos, se hace a trav\u00e9s de [&hellip;]","og_url":"https:\/\/pagina10.com\/web\/vivienda-indigna\/","og_site_name":"P\u00e1gina10","article_publisher":"https:\/\/www.facebook.com\/pag10com","article_published_time":"2021-08-13T05:07:20+00:00","og_image":[{"width":834,"height":363,"url":"https:\/\/pagina10.com\/web\/wp-content\/uploads\/2019\/06\/San-Juan-de-Pasto-2.jpg","type":"image\/jpeg"}],"author":"Anibal Ar\u00e9valo Rosero","twitter_card":"summary_large_image","twitter_creator":"@Pag10com","twitter_site":"@Pag10com","twitter_misc":{"Escrito por":"Anibal Ar\u00e9valo Rosero","Tiempo de lectura":"3 minutos"},"schema":{"@context":"https:\/\/schema.org","@graph":[{"@type":"Article","@id":"https:\/\/pagina10.com\/web\/vivienda-indigna\/#article","isPartOf":{"@id":"https:\/\/pagina10.com\/web\/vivienda-indigna\/"},"author":{"name":"Anibal Ar\u00e9valo Rosero","@id":"https:\/\/pagina10.com\/web\/#\/schema\/person\/9ec3e2b432363a195d2d01bf820c66fe"},"headline":"Vivienda indigna","datePublished":"2021-08-13T05:07:20+00:00","mainEntityOfPage":{"@id":"https:\/\/pagina10.com\/web\/vivienda-indigna\/"},"wordCount":697,"commentCount":0,"publisher":{"@id":"https:\/\/pagina10.com\/web\/#organization"},"image":{"@id":"https:\/\/pagina10.com\/web\/vivienda-indigna\/#primaryimage"},"thumbnailUrl":"https:\/\/pagina10.com\/web\/wp-content\/uploads\/2019\/06\/San-Juan-de-Pasto-2.jpg","articleSection":["Econom\u00eda"],"inLanguage":"es","potentialAction":[{"@type":"CommentAction","name":"Comment","target":["https:\/\/pagina10.com\/web\/vivienda-indigna\/#respond"]}]},{"@type":"WebPage","@id":"https:\/\/pagina10.com\/web\/vivienda-indigna\/","url":"https:\/\/pagina10.com\/web\/vivienda-indigna\/","name":"Vivienda indigna | P\u00e1gina10","isPartOf":{"@id":"https:\/\/pagina10.com\/web\/#website"},"primaryImageOfPage":{"@id":"https:\/\/pagina10.com\/web\/vivienda-indigna\/#primaryimage"},"image":{"@id":"https:\/\/pagina10.com\/web\/vivienda-indigna\/#primaryimage"},"thumbnailUrl":"https:\/\/pagina10.com\/web\/wp-content\/uploads\/2019\/06\/San-Juan-de-Pasto-2.jpg","datePublished":"2021-08-13T05:07:20+00:00","breadcrumb":{"@id":"https:\/\/pagina10.com\/web\/vivienda-indigna\/#breadcrumb"},"inLanguage":"es","potentialAction":[{"@type":"ReadAction","target":["https:\/\/pagina10.com\/web\/vivienda-indigna\/"]}]},{"@type":"ImageObject","inLanguage":"es","@id":"https:\/\/pagina10.com\/web\/vivienda-indigna\/#primaryimage","url":"https:\/\/pagina10.com\/web\/wp-content\/uploads\/2019\/06\/San-Juan-de-Pasto-2.jpg","contentUrl":"https:\/\/pagina10.com\/web\/wp-content\/uploads\/2019\/06\/San-Juan-de-Pasto-2.jpg","width":834,"height":363},{"@type":"BreadcrumbList","@id":"https:\/\/pagina10.com\/web\/vivienda-indigna\/#breadcrumb","itemListElement":[{"@type":"ListItem","position":1,"name":"Portada","item":"https:\/\/pagina10.com\/web\/"},{"@type":"ListItem","position":2,"name":"Vivienda indigna"}]},{"@type":"WebSite","@id":"https:\/\/pagina10.com\/web\/#website","url":"https:\/\/pagina10.com\/web\/","name":"P\u00e1gina10","description":"Peri\u00f3dico Regional","publisher":{"@id":"https:\/\/pagina10.com\/web\/#organization"},"alternateName":"P\u00e1gina10 Peri\u00f3dico Regional","potentialAction":[{"@type":"SearchAction","target":{"@type":"EntryPoint","urlTemplate":"https:\/\/pagina10.com\/web\/?s={search_term_string}"},"query-input":{"@type":"PropertyValueSpecification","valueRequired":true,"valueName":"search_term_string"}}],"inLanguage":"es"},{"@type":"Organization","@id":"https:\/\/pagina10.com\/web\/#organization","name":"P\u00e1gina10","alternateName":"P\u00e1gina10 Peri\u00f3dico Regional","url":"https:\/\/pagina10.com\/web\/","logo":{"@type":"ImageObject","inLanguage":"es","@id":"https:\/\/pagina10.com\/web\/#\/schema\/logo\/image\/","url":"https:\/\/pagina10.com\/web\/wp-content\/uploads\/2024\/01\/40-pagina-10-periodico-regional-pasto.jpg","contentUrl":"https:\/\/pagina10.com\/web\/wp-content\/uploads\/2024\/01\/40-pagina-10-periodico-regional-pasto.jpg","width":1280,"height":720,"caption":"P\u00e1gina10"},"image":{"@id":"https:\/\/pagina10.com\/web\/#\/schema\/logo\/image\/"},"sameAs":["https:\/\/www.facebook.com\/pag10com","https:\/\/x.com\/Pag10com","https:\/\/www.instagram.com\/pagina10col\/","https:\/\/youtube.com\/channel\/pag10","https:\/\/www.tiktok.com\/@p10col"]},{"@type":"Person","@id":"https:\/\/pagina10.com\/web\/#\/schema\/person\/9ec3e2b432363a195d2d01bf820c66fe","name":"Anibal Ar\u00e9valo Rosero","description":"An\u00edbal Ar\u00e9valo Rosero a trav\u00e9s de su vida ha realizado diversas actividades tendientes a reivindicar al ser humano en su conciencia plena. Durante su vida ha hecho teatro, a escrito poes\u00eda y en sus tiempos de universitario realiz\u00f3 varias publicaciones entre las que se recuerda la revista Quinde. Junto con otros compa\u00f1eros fund\u00f3 el Taller Cultural El Cueche, equipo con el que se hicieron varias publicaciones. De este mismo grupo hay que resaltar que se hizo un trabajo pionero en la difusi\u00f3n de la m\u00fasica andina, latinoamericana y del caribe. Despu\u00e9s de terminar sus estudios de biolog\u00eda en la Universidad de Nari\u00f1o entr\u00f3 a laborar en emisoras de la ciudad de Pasto como en RCN, donde se desempe\u00f1aba como locutor de planta. Dirigi\u00f3 programas en la extinta Ondas del Mayo, en varias oportunidades; tambi\u00e9n en Ecos de Pasto. Fue colaborador de el Noticias RCN y dirigi\u00f3 el programa Simana al D\u00eda, del Sindicato del Magisterio de Nari\u00f1o, en dos \u00e9pocas. En el a\u00f1o de 1992 funda el Comit\u00e9 de Solidaridad con Cuba Jos\u00e9 Mart\u00ed, cuyo objetivo era divulgar la realidad cubana y expresar apoyo moral, pol\u00edtico y material al pa\u00eds caribe\u00f1o. Ante la mala interpretaci\u00f3n que la gente le daba a este tipo de acciones, se decide promover viajes de solidad a Cuba para participar en la Brigada Latinoamericana de Trabajo Voluntario, en el Festival Cuba Vive y, de manera especia,l en el 14 Festival Mundial de la Juventud y los Estudiantes, que se desarroll\u00f3 en la isla en el a\u00f1o de 1997. Con esta experiencia impulsa el turismo al pa\u00eds caribe\u00f1o con el resultado de que miles de personas han participado de las excursiones organizadas por Ar\u00e9valo Rosero. Asimismo ha venido impulsando las Brigadas de Salud en Cuba, tendiente a llevar pacientes de c\u00e1ncer a ese destino con el fin de que reciban atenci\u00f3n m\u00e9dica, teniendo en cuenta que la experiencia cubana en el tema ha sido bastante favorable. Veinte a\u00f1os despu\u00e9s de estas nutritivas experiencias, le permiten impulsar excursiones adem\u00e1s a M\u00e9xico, Machu Picchu, Argentina, Ecuador, Panam\u00e1 y Tierra Santa. En cuanto al desempe\u00f1o period\u00edstico, adem\u00e1s de los medios radiales y de televisi\u00f3n, en los canales de la universidades de Nari\u00f1o y Mariana, se ha desempe\u00f1ado como columnista en Diario del Sur durante 6 a\u00f1os y en algunos medios virtuales. Tambi\u00e9n es colaborador de el Diario del Cauca. Considera que la pr\u00e1ctica de la lectura es beber de la fuente nutricia que permite apropiarse de manera consciente del ejercicio de la democracia; y la posibilidad de escribir y ser le\u00eddo, acceder al poder, por que considera la palabra como el mayor instrumento de acci\u00f3n cuando est\u00e1 bien encamina al leg\u00edtimo servicio social. En la actualidad adem\u00e1s de so\u00f1ar con viajar por el mundo se desempe\u00f1a como docente del departamento de ciencias de Inem Luis Delf\u00edn Insuasty de Pasto. Correo: Esta direcci\u00f3n de correo electr\u00f3nico est\u00e1 protegida contra spambots. Usted necesita tener Javascript activado para poder verla.\" target=\"_blank\" style=\"color: #1155cc; text-align: justify; font-family: arial, sans-serif; font-size: 13px; line-height: normal;\"&gt;fundacionecosofia@gmail.com","url":"https:\/\/pagina10.com\/web\/author\/anibal\/"}]}},"_links":{"self":[{"href":"https:\/\/pagina10.com\/web\/wp-json\/wp\/v2\/posts\/54867","targetHints":{"allow":["GET"]}}],"collection":[{"href":"https:\/\/pagina10.com\/web\/wp-json\/wp\/v2\/posts"}],"about":[{"href":"https:\/\/pagina10.com\/web\/wp-json\/wp\/v2\/types\/post"}],"author":[{"embeddable":true,"href":"https:\/\/pagina10.com\/web\/wp-json\/wp\/v2\/users\/65"}],"replies":[{"embeddable":true,"href":"https:\/\/pagina10.com\/web\/wp-json\/wp\/v2\/comments?post=54867"}],"version-history":[{"count":1,"href":"https:\/\/pagina10.com\/web\/wp-json\/wp\/v2\/posts\/54867\/revisions"}],"predecessor-version":[{"id":54868,"href":"https:\/\/pagina10.com\/web\/wp-json\/wp\/v2\/posts\/54867\/revisions\/54868"}],"wp:featuredmedia":[{"embeddable":true,"href":"https:\/\/pagina10.com\/web\/wp-json\/wp\/v2\/media\/39748"}],"wp:attachment":[{"href":"https:\/\/pagina10.com\/web\/wp-json\/wp\/v2\/media?parent=54867"}],"wp:term":[{"taxonomy":"category","embeddable":true,"href":"https:\/\/pagina10.com\/web\/wp-json\/wp\/v2\/categories?post=54867"},{"taxonomy":"post_tag","embeddable":true,"href":"https:\/\/pagina10.com\/web\/wp-json\/wp\/v2\/tags?post=54867"}],"curies":[{"name":"wp","href":"https:\/\/api.w.org\/{rel}","templated":true}]}}