{"id":55171,"date":"2021-08-24T20:26:33","date_gmt":"2021-08-25T01:26:33","guid":{"rendered":"https:\/\/pagina10.com\/web\/?p=55171"},"modified":"2021-08-24T20:26:33","modified_gmt":"2021-08-25T01:26:33","slug":"gobierno-departamental-entrego-ambulancias-en-ipiales-pupiales-y-guachucal","status":"publish","type":"post","link":"https:\/\/pagina10.com\/web\/gobierno-departamental-entrego-ambulancias-en-ipiales-pupiales-y-guachucal\/","title":{"rendered":"Gobierno departamental entreg\u00f3 ambulancias en Ipiales, Pupiales y Guachucal"},"content":{"rendered":"<p style=\"text-align: justify;\">En las \u00faltimas horas el Gobernador de Nari\u00f1o, Jhon Rojas, entreg\u00f3 a los municipios de Guachucal, Pupiales e Ipiales, ambulancias nuevas. Uno de estos veh\u00edculos servir\u00e1 a la comunidad de Cofania Jardines de Sucumb\u00edos.<\/p>\n<p style=\"text-align: justify;\">\u201cLa comunidad de Cofania Jardines de Sucumb\u00edos contar\u00e1 con una ambulancia nueva, para el transporte digno de los pacientes. Nos complace entregar este veh\u00edculo para esta comunidad que hace parte del municipio de Ipiales\u201d, destac\u00f3 el Mandatario Departamental, Jhon Rojas.<\/p>\n<p style=\"text-align: justify;\">La entrega de ambulancias, hace parte de un proyecto liderado en la presente administraci\u00f3n departamental a trav\u00e9s del Instituto Departamental de Salud de Nari\u00f1o -IDSN, para fortalecer la capacidad de respuesta y traslado digno a los usuarios de la salud en los distintos municipios de Nari\u00f1o.<\/p>\n<p style=\"text-align: justify;\">De igual forma, el Gobernador de Nari\u00f1o dio inicio al proyecto de mejoramiento vial en Guachucal, que contempla la intervenci\u00f3n de 2 v\u00edas en este municipio; una de ellas, la carretera que comunica desde Colimba, hacia el sector Com\u00fan de Juntas, con una longitud de 850 metros y una inversi\u00f3n de $714 millones.<\/p>\n<p style=\"text-align: justify;\">Tambi\u00e9n, se inici\u00f3 el mejoramiento de v\u00eda Calaveres, sector Arvela San Rom\u00e1n \u2013 Carpueran, con una Longitud de 860 metros y una inversi\u00f3n de $643 millones.<\/p>\n<p style=\"text-align: justify;\">\n<p style=\"text-align: justify;\">\n","protected":false},"excerpt":{"rendered":"<p>En las \u00faltimas horas el Gobernador de Nari\u00f1o, Jhon Rojas, entreg\u00f3 a los municipios de Guachucal, Pupiales e Ipiales, ambulancias nuevas. Uno de estos veh\u00edculos servir\u00e1 a la comunidad de Cofania Jardines de Sucumb\u00edos. \u201cLa comunidad de Cofania Jardines de Sucumb\u00edos contar\u00e1 con una ambulancia nueva, para el transporte digno de los pacientes. Nos complace [&hellip;]<\/p>\n","protected":false},"author":1,"featured_media":55172,"comment_status":"open","ping_status":"open","sticky":false,"template":"","format":"standard","meta":{"footnotes":""},"categories":[53],"tags":[],"class_list":["post-55171","post","type-post","status-publish","format-standard","has-post-thumbnail","hentry","category-regiones"],"yoast_head":"<!-- This site is optimized with the Yoast SEO plugin v27.1.1 - https:\/\/yoast.com\/product\/yoast-seo-wordpress\/ -->\n<title>Gobierno departamental entreg\u00f3 ambulancias en Ipiales, Pupiales y Guachucal | P\u00e1gina10<\/title>\n<meta name=\"robots\" content=\"index, follow, max-snippet:-1, max-image-preview:large, max-video-preview:-1\" \/>\n<link rel=\"canonical\" href=\"https:\/\/pagina10.com\/web\/gobierno-departamental-entrego-ambulancias-en-ipiales-pupiales-y-guachucal\/\" \/>\n<meta property=\"og:locale\" content=\"es_ES\" \/>\n<meta property=\"og:type\" content=\"article\" \/>\n<meta property=\"og:title\" content=\"Gobierno departamental entreg\u00f3 ambulancias en Ipiales, Pupiales y Guachucal | P\u00e1gina10\" \/>\n<meta property=\"og:description\" content=\"En las \u00faltimas horas el Gobernador de Nari\u00f1o, Jhon Rojas, entreg\u00f3 a los municipios de Guachucal, Pupiales e Ipiales, ambulancias nuevas. Uno de estos veh\u00edculos servir\u00e1 a la comunidad de Cofania Jardines de Sucumb\u00edos. \u201cLa comunidad de Cofania Jardines de Sucumb\u00edos contar\u00e1 con una ambulancia nueva, para el transporte digno de los pacientes. Nos complace [&hellip;]\" \/>\n<meta property=\"og:url\" content=\"https:\/\/pagina10.com\/web\/gobierno-departamental-entrego-ambulancias-en-ipiales-pupiales-y-guachucal\/\" \/>\n<meta property=\"og:site_name\" content=\"P\u00e1gina10\" \/>\n<meta property=\"article:publisher\" content=\"https:\/\/www.facebook.com\/pag10com\" \/>\n<meta property=\"article:published_time\" content=\"2021-08-25T01:26:33+00:00\" \/>\n<meta property=\"og:image\" content=\"https:\/\/pagina10.com\/web\/wp-content\/uploads\/2021\/08\/235722826_4426593810751108_6123096943760075427_n.jpg\" \/>\n\t<meta property=\"og:image:width\" content=\"828\" \/>\n\t<meta property=\"og:image:height\" content=\"552\" \/>\n\t<meta property=\"og:image:type\" content=\"image\/jpeg\" \/>\n<meta name=\"author\" content=\"P\u00e1gina 10\" \/>\n<meta name=\"twitter:card\" content=\"summary_large_image\" \/>\n<meta name=\"twitter:creator\" content=\"@Pag10com\" \/>\n<meta name=\"twitter:site\" content=\"@Pag10com\" \/>\n<meta name=\"twitter:label1\" content=\"Escrito por\" \/>\n\t<meta name=\"twitter:data1\" content=\"P\u00e1gina 10\" \/>\n\t<meta name=\"twitter:label2\" content=\"Tiempo de lectura\" \/>\n\t<meta name=\"twitter:data2\" content=\"1 minuto\" \/>\n<script type=\"application\/ld+json\" class=\"yoast-schema-graph\">{\"@context\":\"https:\/\/schema.org\",\"@graph\":[{\"@type\":\"Article\",\"@id\":\"https:\/\/pagina10.com\/web\/gobierno-departamental-entrego-ambulancias-en-ipiales-pupiales-y-guachucal\/#article\",\"isPartOf\":{\"@id\":\"https:\/\/pagina10.com\/web\/gobierno-departamental-entrego-ambulancias-en-ipiales-pupiales-y-guachucal\/\"},\"author\":{\"name\":\"P\u00e1gina 10\",\"@id\":\"https:\/\/pagina10.com\/web\/#\/schema\/person\/2efc4a090d25b667d3bc796798a3a81b\"},\"headline\":\"Gobierno departamental entreg\u00f3 ambulancias en Ipiales, Pupiales y Guachucal\",\"datePublished\":\"2021-08-25T01:26:33+00:00\",\"mainEntityOfPage\":{\"@id\":\"https:\/\/pagina10.com\/web\/gobierno-departamental-entrego-ambulancias-en-ipiales-pupiales-y-guachucal\/\"},\"wordCount\":220,\"commentCount\":0,\"publisher\":{\"@id\":\"https:\/\/pagina10.com\/web\/#organization\"},\"image\":{\"@id\":\"https:\/\/pagina10.com\/web\/gobierno-departamental-entrego-ambulancias-en-ipiales-pupiales-y-guachucal\/#primaryimage\"},\"thumbnailUrl\":\"https:\/\/pagina10.com\/web\/wp-content\/uploads\/2021\/08\/235722826_4426593810751108_6123096943760075427_n.jpg\",\"articleSection\":[\"Regiones\"],\"inLanguage\":\"es\",\"potentialAction\":[{\"@type\":\"CommentAction\",\"name\":\"Comment\",\"target\":[\"https:\/\/pagina10.com\/web\/gobierno-departamental-entrego-ambulancias-en-ipiales-pupiales-y-guachucal\/#respond\"]}]},{\"@type\":\"WebPage\",\"@id\":\"https:\/\/pagina10.com\/web\/gobierno-departamental-entrego-ambulancias-en-ipiales-pupiales-y-guachucal\/\",\"url\":\"https:\/\/pagina10.com\/web\/gobierno-departamental-entrego-ambulancias-en-ipiales-pupiales-y-guachucal\/\",\"name\":\"Gobierno departamental entreg\u00f3 ambulancias en Ipiales, Pupiales y Guachucal | P\u00e1gina10\",\"isPartOf\":{\"@id\":\"https:\/\/pagina10.com\/web\/#website\"},\"primaryImageOfPage\":{\"@id\":\"https:\/\/pagina10.com\/web\/gobierno-departamental-entrego-ambulancias-en-ipiales-pupiales-y-guachucal\/#primaryimage\"},\"image\":{\"@id\":\"https:\/\/pagina10.com\/web\/gobierno-departamental-entrego-ambulancias-en-ipiales-pupiales-y-guachucal\/#primaryimage\"},\"thumbnailUrl\":\"https:\/\/pagina10.com\/web\/wp-content\/uploads\/2021\/08\/235722826_4426593810751108_6123096943760075427_n.jpg\",\"datePublished\":\"2021-08-25T01:26:33+00:00\",\"breadcrumb\":{\"@id\":\"https:\/\/pagina10.com\/web\/gobierno-departamental-entrego-ambulancias-en-ipiales-pupiales-y-guachucal\/#breadcrumb\"},\"inLanguage\":\"es\",\"potentialAction\":[{\"@type\":\"ReadAction\",\"target\":[\"https:\/\/pagina10.com\/web\/gobierno-departamental-entrego-ambulancias-en-ipiales-pupiales-y-guachucal\/\"]}]},{\"@type\":\"ImageObject\",\"inLanguage\":\"es\",\"@id\":\"https:\/\/pagina10.com\/web\/gobierno-departamental-entrego-ambulancias-en-ipiales-pupiales-y-guachucal\/#primaryimage\",\"url\":\"https:\/\/pagina10.com\/web\/wp-content\/uploads\/2021\/08\/235722826_4426593810751108_6123096943760075427_n.jpg\",\"contentUrl\":\"https:\/\/pagina10.com\/web\/wp-content\/uploads\/2021\/08\/235722826_4426593810751108_6123096943760075427_n.jpg\",\"width\":828,\"height\":552},{\"@type\":\"BreadcrumbList\",\"@id\":\"https:\/\/pagina10.com\/web\/gobierno-departamental-entrego-ambulancias-en-ipiales-pupiales-y-guachucal\/#breadcrumb\",\"itemListElement\":[{\"@type\":\"ListItem\",\"position\":1,\"name\":\"Portada\",\"item\":\"https:\/\/pagina10.com\/web\/\"},{\"@type\":\"ListItem\",\"position\":2,\"name\":\"Gobierno departamental entreg\u00f3 ambulancias en Ipiales, Pupiales y Guachucal\"}]},{\"@type\":\"WebSite\",\"@id\":\"https:\/\/pagina10.com\/web\/#website\",\"url\":\"https:\/\/pagina10.com\/web\/\",\"name\":\"P\u00e1gina10\",\"description\":\"Peri\u00f3dico Regional\",\"publisher\":{\"@id\":\"https:\/\/pagina10.com\/web\/#organization\"},\"alternateName\":\"P\u00e1gina10 Peri\u00f3dico Regional\",\"potentialAction\":[{\"@type\":\"SearchAction\",\"target\":{\"@type\":\"EntryPoint\",\"urlTemplate\":\"https:\/\/pagina10.com\/web\/?s={search_term_string}\"},\"query-input\":{\"@type\":\"PropertyValueSpecification\",\"valueRequired\":true,\"valueName\":\"search_term_string\"}}],\"inLanguage\":\"es\"},{\"@type\":\"Organization\",\"@id\":\"https:\/\/pagina10.com\/web\/#organization\",\"name\":\"P\u00e1gina10\",\"alternateName\":\"P\u00e1gina10 Peri\u00f3dico Regional\",\"url\":\"https:\/\/pagina10.com\/web\/\",\"logo\":{\"@type\":\"ImageObject\",\"inLanguage\":\"es\",\"@id\":\"https:\/\/pagina10.com\/web\/#\/schema\/logo\/image\/\",\"url\":\"https:\/\/pagina10.com\/web\/wp-content\/uploads\/2024\/01\/40-pagina-10-periodico-regional-pasto.jpg\",\"contentUrl\":\"https:\/\/pagina10.com\/web\/wp-content\/uploads\/2024\/01\/40-pagina-10-periodico-regional-pasto.jpg\",\"width\":1280,\"height\":720,\"caption\":\"P\u00e1gina10\"},\"image\":{\"@id\":\"https:\/\/pagina10.com\/web\/#\/schema\/logo\/image\/\"},\"sameAs\":[\"https:\/\/www.facebook.com\/pag10com\",\"https:\/\/x.com\/Pag10com\",\"https:\/\/www.instagram.com\/pagina10col\/\",\"https:\/\/youtube.com\/channel\/pag10\",\"https:\/\/www.tiktok.com\/@p10col\"]},{\"@type\":\"Person\",\"@id\":\"https:\/\/pagina10.com\/web\/#\/schema\/person\/2efc4a090d25b667d3bc796798a3a81b\",\"name\":\"P\u00e1gina 10\",\"description\":\"P\u00e1gina 10 es un peri\u00f3dico regional que nace en Colombia, en el departamento de Nari\u00f1o, con un enfoque global, fundamentado en cuatro pilares esenciales: la libertad, el pluralismo, la inclusi\u00f3n y la independencia. P\u00e1gina 10 hace referencia a Nari\u00f1o como el d\u00e9cimo departamento creado en Colombia, despu\u00e9s de un proceso pol\u00edtico liderado por actores y actrices regionales con el fin de obtener la independencia y autonom\u00eda de nuestros territorios. Con la creaci\u00f3n de P\u00e1gina 10 se pretende abrir un escenario para el dialogo, la reflexi\u00f3n y el debate que se extienda a otras geograf\u00edas de Am\u00e9rica Latina y del planeta, en una apuesta por transformar colectivamente los desaf\u00edos de un mundo contempor\u00e1neo, m\u00e1s all\u00e1 de las fronteras impuestas.\",\"url\":\"https:\/\/pagina10.com\/web\/author\/pdiezadmin\/\"}]}<\/script>\n<!-- \/ Yoast SEO plugin. -->","yoast_head_json":{"title":"Gobierno departamental entreg\u00f3 ambulancias en Ipiales, Pupiales y Guachucal | P\u00e1gina10","robots":{"index":"index","follow":"follow","max-snippet":"max-snippet:-1","max-image-preview":"max-image-preview:large","max-video-preview":"max-video-preview:-1"},"canonical":"https:\/\/pagina10.com\/web\/gobierno-departamental-entrego-ambulancias-en-ipiales-pupiales-y-guachucal\/","og_locale":"es_ES","og_type":"article","og_title":"Gobierno departamental entreg\u00f3 ambulancias en Ipiales, Pupiales y Guachucal | P\u00e1gina10","og_description":"En las \u00faltimas horas el Gobernador de Nari\u00f1o, Jhon Rojas, entreg\u00f3 a los municipios de Guachucal, Pupiales e Ipiales, ambulancias nuevas. Uno de estos veh\u00edculos servir\u00e1 a la comunidad de Cofania Jardines de Sucumb\u00edos. \u201cLa comunidad de Cofania Jardines de Sucumb\u00edos contar\u00e1 con una ambulancia nueva, para el transporte digno de los pacientes. Nos complace [&hellip;]","og_url":"https:\/\/pagina10.com\/web\/gobierno-departamental-entrego-ambulancias-en-ipiales-pupiales-y-guachucal\/","og_site_name":"P\u00e1gina10","article_publisher":"https:\/\/www.facebook.com\/pag10com","article_published_time":"2021-08-25T01:26:33+00:00","og_image":[{"width":828,"height":552,"url":"https:\/\/pagina10.com\/web\/wp-content\/uploads\/2021\/08\/235722826_4426593810751108_6123096943760075427_n.jpg","type":"image\/jpeg"}],"author":"P\u00e1gina 10","twitter_card":"summary_large_image","twitter_creator":"@Pag10com","twitter_site":"@Pag10com","twitter_misc":{"Escrito por":"P\u00e1gina 10","Tiempo de lectura":"1 minuto"},"schema":{"@context":"https:\/\/schema.org","@graph":[{"@type":"Article","@id":"https:\/\/pagina10.com\/web\/gobierno-departamental-entrego-ambulancias-en-ipiales-pupiales-y-guachucal\/#article","isPartOf":{"@id":"https:\/\/pagina10.com\/web\/gobierno-departamental-entrego-ambulancias-en-ipiales-pupiales-y-guachucal\/"},"author":{"name":"P\u00e1gina 10","@id":"https:\/\/pagina10.com\/web\/#\/schema\/person\/2efc4a090d25b667d3bc796798a3a81b"},"headline":"Gobierno departamental entreg\u00f3 ambulancias en Ipiales, Pupiales y Guachucal","datePublished":"2021-08-25T01:26:33+00:00","mainEntityOfPage":{"@id":"https:\/\/pagina10.com\/web\/gobierno-departamental-entrego-ambulancias-en-ipiales-pupiales-y-guachucal\/"},"wordCount":220,"commentCount":0,"publisher":{"@id":"https:\/\/pagina10.com\/web\/#organization"},"image":{"@id":"https:\/\/pagina10.com\/web\/gobierno-departamental-entrego-ambulancias-en-ipiales-pupiales-y-guachucal\/#primaryimage"},"thumbnailUrl":"https:\/\/pagina10.com\/web\/wp-content\/uploads\/2021\/08\/235722826_4426593810751108_6123096943760075427_n.jpg","articleSection":["Regiones"],"inLanguage":"es","potentialAction":[{"@type":"CommentAction","name":"Comment","target":["https:\/\/pagina10.com\/web\/gobierno-departamental-entrego-ambulancias-en-ipiales-pupiales-y-guachucal\/#respond"]}]},{"@type":"WebPage","@id":"https:\/\/pagina10.com\/web\/gobierno-departamental-entrego-ambulancias-en-ipiales-pupiales-y-guachucal\/","url":"https:\/\/pagina10.com\/web\/gobierno-departamental-entrego-ambulancias-en-ipiales-pupiales-y-guachucal\/","name":"Gobierno departamental entreg\u00f3 ambulancias en Ipiales, Pupiales y Guachucal | P\u00e1gina10","isPartOf":{"@id":"https:\/\/pagina10.com\/web\/#website"},"primaryImageOfPage":{"@id":"https:\/\/pagina10.com\/web\/gobierno-departamental-entrego-ambulancias-en-ipiales-pupiales-y-guachucal\/#primaryimage"},"image":{"@id":"https:\/\/pagina10.com\/web\/gobierno-departamental-entrego-ambulancias-en-ipiales-pupiales-y-guachucal\/#primaryimage"},"thumbnailUrl":"https:\/\/pagina10.com\/web\/wp-content\/uploads\/2021\/08\/235722826_4426593810751108_6123096943760075427_n.jpg","datePublished":"2021-08-25T01:26:33+00:00","breadcrumb":{"@id":"https:\/\/pagina10.com\/web\/gobierno-departamental-entrego-ambulancias-en-ipiales-pupiales-y-guachucal\/#breadcrumb"},"inLanguage":"es","potentialAction":[{"@type":"ReadAction","target":["https:\/\/pagina10.com\/web\/gobierno-departamental-entrego-ambulancias-en-ipiales-pupiales-y-guachucal\/"]}]},{"@type":"ImageObject","inLanguage":"es","@id":"https:\/\/pagina10.com\/web\/gobierno-departamental-entrego-ambulancias-en-ipiales-pupiales-y-guachucal\/#primaryimage","url":"https:\/\/pagina10.com\/web\/wp-content\/uploads\/2021\/08\/235722826_4426593810751108_6123096943760075427_n.jpg","contentUrl":"https:\/\/pagina10.com\/web\/wp-content\/uploads\/2021\/08\/235722826_4426593810751108_6123096943760075427_n.jpg","width":828,"height":552},{"@type":"BreadcrumbList","@id":"https:\/\/pagina10.com\/web\/gobierno-departamental-entrego-ambulancias-en-ipiales-pupiales-y-guachucal\/#breadcrumb","itemListElement":[{"@type":"ListItem","position":1,"name":"Portada","item":"https:\/\/pagina10.com\/web\/"},{"@type":"ListItem","position":2,"name":"Gobierno departamental entreg\u00f3 ambulancias en Ipiales, Pupiales y Guachucal"}]},{"@type":"WebSite","@id":"https:\/\/pagina10.com\/web\/#website","url":"https:\/\/pagina10.com\/web\/","name":"P\u00e1gina10","description":"Peri\u00f3dico Regional","publisher":{"@id":"https:\/\/pagina10.com\/web\/#organization"},"alternateName":"P\u00e1gina10 Peri\u00f3dico Regional","potentialAction":[{"@type":"SearchAction","target":{"@type":"EntryPoint","urlTemplate":"https:\/\/pagina10.com\/web\/?s={search_term_string}"},"query-input":{"@type":"PropertyValueSpecification","valueRequired":true,"valueName":"search_term_string"}}],"inLanguage":"es"},{"@type":"Organization","@id":"https:\/\/pagina10.com\/web\/#organization","name":"P\u00e1gina10","alternateName":"P\u00e1gina10 Peri\u00f3dico Regional","url":"https:\/\/pagina10.com\/web\/","logo":{"@type":"ImageObject","inLanguage":"es","@id":"https:\/\/pagina10.com\/web\/#\/schema\/logo\/image\/","url":"https:\/\/pagina10.com\/web\/wp-content\/uploads\/2024\/01\/40-pagina-10-periodico-regional-pasto.jpg","contentUrl":"https:\/\/pagina10.com\/web\/wp-content\/uploads\/2024\/01\/40-pagina-10-periodico-regional-pasto.jpg","width":1280,"height":720,"caption":"P\u00e1gina10"},"image":{"@id":"https:\/\/pagina10.com\/web\/#\/schema\/logo\/image\/"},"sameAs":["https:\/\/www.facebook.com\/pag10com","https:\/\/x.com\/Pag10com","https:\/\/www.instagram.com\/pagina10col\/","https:\/\/youtube.com\/channel\/pag10","https:\/\/www.tiktok.com\/@p10col"]},{"@type":"Person","@id":"https:\/\/pagina10.com\/web\/#\/schema\/person\/2efc4a090d25b667d3bc796798a3a81b","name":"P\u00e1gina 10","description":"P\u00e1gina 10 es un peri\u00f3dico regional que nace en Colombia, en el departamento de Nari\u00f1o, con un enfoque global, fundamentado en cuatro pilares esenciales: la libertad, el pluralismo, la inclusi\u00f3n y la independencia. P\u00e1gina 10 hace referencia a Nari\u00f1o como el d\u00e9cimo departamento creado en Colombia, despu\u00e9s de un proceso pol\u00edtico liderado por actores y actrices regionales con el fin de obtener la independencia y autonom\u00eda de nuestros territorios. Con la creaci\u00f3n de P\u00e1gina 10 se pretende abrir un escenario para el dialogo, la reflexi\u00f3n y el debate que se extienda a otras geograf\u00edas de Am\u00e9rica Latina y del planeta, en una apuesta por transformar colectivamente los desaf\u00edos de un mundo contempor\u00e1neo, m\u00e1s all\u00e1 de las fronteras impuestas.","url":"https:\/\/pagina10.com\/web\/author\/pdiezadmin\/"}]}},"_links":{"self":[{"href":"https:\/\/pagina10.com\/web\/wp-json\/wp\/v2\/posts\/55171","targetHints":{"allow":["GET"]}}],"collection":[{"href":"https:\/\/pagina10.com\/web\/wp-json\/wp\/v2\/posts"}],"about":[{"href":"https:\/\/pagina10.com\/web\/wp-json\/wp\/v2\/types\/post"}],"author":[{"embeddable":true,"href":"https:\/\/pagina10.com\/web\/wp-json\/wp\/v2\/users\/1"}],"replies":[{"embeddable":true,"href":"https:\/\/pagina10.com\/web\/wp-json\/wp\/v2\/comments?post=55171"}],"version-history":[{"count":1,"href":"https:\/\/pagina10.com\/web\/wp-json\/wp\/v2\/posts\/55171\/revisions"}],"predecessor-version":[{"id":55173,"href":"https:\/\/pagina10.com\/web\/wp-json\/wp\/v2\/posts\/55171\/revisions\/55173"}],"wp:featuredmedia":[{"embeddable":true,"href":"https:\/\/pagina10.com\/web\/wp-json\/wp\/v2\/media\/55172"}],"wp:attachment":[{"href":"https:\/\/pagina10.com\/web\/wp-json\/wp\/v2\/media?parent=55171"}],"wp:term":[{"taxonomy":"category","embeddable":true,"href":"https:\/\/pagina10.com\/web\/wp-json\/wp\/v2\/categories?post=55171"},{"taxonomy":"post_tag","embeddable":true,"href":"https:\/\/pagina10.com\/web\/wp-json\/wp\/v2\/tags?post=55171"}],"curies":[{"name":"wp","href":"https:\/\/api.w.org\/{rel}","templated":true}]}}