{"id":55187,"date":"2021-08-25T08:40:12","date_gmt":"2021-08-25T13:40:12","guid":{"rendered":"https:\/\/pagina10.com\/web\/?p=55187"},"modified":"2021-08-25T08:40:12","modified_gmt":"2021-08-25T13:40:12","slug":"gobernacion-de-narino-apoya-investigacion-academica-en-favor-de-la-poblacion-migrante-venezolana","status":"publish","type":"post","link":"https:\/\/pagina10.com\/web\/gobernacion-de-narino-apoya-investigacion-academica-en-favor-de-la-poblacion-migrante-venezolana\/","title":{"rendered":"Gobernaci\u00f3n de Nari\u00f1o apoya investigaci\u00f3n acad\u00e9mica en favor de la poblaci\u00f3n migrante venezolana"},"content":{"rendered":"<p style=\"text-align: justify;\"><span style=\"font-weight: 400;\">La Gobernaci\u00f3n de Nari\u00f1o, en articulaci\u00f3n con la ONG MedGlobal, la Universidad de Miami, las Facultades de Medicina y Odontolog\u00eda de la Universidad Cooperativa de Colombia y las asociaciones ASOVENAR y Migrantes por el Mundo, realizaron una investigaci\u00f3n acad\u00e9mica para conocer la percepci\u00f3n del COVID -19, la salud mental y necesidades de la poblaci\u00f3n venezolana en Nari\u00f1o.<\/span><\/p>\n<p style=\"text-align: justify;\"><span style=\"font-weight: 400;\">Esta iniciativa hace parte de la articulaci\u00f3n interinstitucional de la Mesa Departamental de Migraciones orientada hacia la salud p\u00fablica de la poblaci\u00f3n migrante. \u201cEste proyecto tiene un car\u00e1cter acad\u00e9mico y social para buscar con base en estas investigaciones mayor respuesta y atenci\u00f3n a las diferentes dificultades que se han presentado con el tema migratorio en nuestro departamento\u201d, coment\u00f3 el Subsecretario de Paz y Derechos Humanos, Amilcar Pantoja.<\/span><\/p>\n<p style=\"text-align: justify;\"><span style=\"font-weight: 400;\">Como parte de la investigaci\u00f3n se realizaron ejercicios con grupos focales y entrevistas a 300 migrantes venezolanos en tr\u00e1nsito y con vocaci\u00f3n de permanencia en Pasto e Ipiales. \u201cEste proyecto en que hemos trabajado en esta semana tiene el prop\u00f3sito de conocer m\u00e1s acerca del estado de salud de los venezolanos migrantes que se encuentran en Colombia. Nos interesa saber acerca del efecto de la pandemia COVID-19 en los venezolanos, especialmente sobre su salud mental y lo que piensan sobre la vacunaci\u00f3n. Estamos tratando de desarrollar un sistema de cuidado en salud para los migrantes que viajen desde C\u00facuta hasta Pasto\u201d, manifest\u00f3 Peter Houck, m\u00e9dico y docente de Salud Global en la Universidad de Washington y representante de MedGlobal en Colombia.<\/span><\/p>\n<p style=\"text-align: justify;\"><span style=\"font-weight: 400;\">Otra de las organizaciones que hizo parte de esta investigaci\u00f3n es la Universidad Cooperativa de Colombia Campus Pasto, con los estudiantes de Odontolog\u00eda y Medicina, docentes investigadores quienes realizaron trabajo de campo con la poblaci\u00f3n migrante, para la recolecci\u00f3n y sistematizaci\u00f3n de la informaci\u00f3n.<\/span><\/p>\n<p style=\"text-align: justify;\"><span style=\"font-weight: 400;\">\u201cEl resultado de esta investigaci\u00f3n puede dar pie para generar procesos de atenci\u00f3n en salud que es una de las principales necesidades de la poblaci\u00f3n migrante que se encuentra en la ciudad de Pasto y en el departamento\u201d, manifest\u00f3 Carmen Moncada, Representante Legal Asociaci\u00f3n de venezolanos en Nari\u00f1o (ASOVENAR).<\/span><\/p>\n<p style=\"text-align: justify;\"><span style=\"font-weight: 400;\">Con la informaci\u00f3n obtenida en esta investigaci\u00f3n, se espera identificar estrategias pertinentes para la comunidad venezolana, contando con el apoyo de la academia y de la cooperaci\u00f3n internacional.<\/span><\/p>\n","protected":false},"excerpt":{"rendered":"<p>La Gobernaci\u00f3n de Nari\u00f1o, en articulaci\u00f3n con la ONG MedGlobal, la Universidad de Miami, las Facultades de Medicina y Odontolog\u00eda de la Universidad Cooperativa de Colombia y las asociaciones ASOVENAR y Migrantes por el Mundo, realizaron una investigaci\u00f3n acad\u00e9mica para conocer la percepci\u00f3n del COVID -19, la salud mental y necesidades de la poblaci\u00f3n venezolana [&hellip;]<\/p>\n","protected":false},"author":1,"featured_media":55188,"comment_status":"open","ping_status":"open","sticky":false,"template":"","format":"standard","meta":{"footnotes":""},"categories":[53],"tags":[],"class_list":["post-55187","post","type-post","status-publish","format-standard","has-post-thumbnail","hentry","category-regiones"],"yoast_head":"<!-- This site is optimized with the Yoast SEO plugin v27.1.1 - https:\/\/yoast.com\/product\/yoast-seo-wordpress\/ -->\n<title>Gobernaci\u00f3n de Nari\u00f1o apoya investigaci\u00f3n acad\u00e9mica en favor de la poblaci\u00f3n migrante venezolana | P\u00e1gina10<\/title>\n<meta name=\"robots\" content=\"index, follow, max-snippet:-1, max-image-preview:large, max-video-preview:-1\" \/>\n<link rel=\"canonical\" href=\"https:\/\/pagina10.com\/web\/gobernacion-de-narino-apoya-investigacion-academica-en-favor-de-la-poblacion-migrante-venezolana\/\" \/>\n<meta property=\"og:locale\" content=\"es_ES\" \/>\n<meta property=\"og:type\" content=\"article\" \/>\n<meta property=\"og:title\" content=\"Gobernaci\u00f3n de Nari\u00f1o apoya investigaci\u00f3n acad\u00e9mica en favor de la poblaci\u00f3n migrante venezolana | P\u00e1gina10\" \/>\n<meta property=\"og:description\" content=\"La Gobernaci\u00f3n de Nari\u00f1o, en articulaci\u00f3n con la ONG MedGlobal, la Universidad de Miami, las Facultades de Medicina y Odontolog\u00eda de la Universidad Cooperativa de Colombia y las asociaciones ASOVENAR y Migrantes por el Mundo, realizaron una investigaci\u00f3n acad\u00e9mica para conocer la percepci\u00f3n del COVID -19, la salud mental y necesidades de la poblaci\u00f3n venezolana [&hellip;]\" \/>\n<meta property=\"og:url\" content=\"https:\/\/pagina10.com\/web\/gobernacion-de-narino-apoya-investigacion-academica-en-favor-de-la-poblacion-migrante-venezolana\/\" \/>\n<meta property=\"og:site_name\" content=\"P\u00e1gina10\" \/>\n<meta property=\"article:publisher\" content=\"https:\/\/www.facebook.com\/pag10com\" \/>\n<meta property=\"article:published_time\" content=\"2021-08-25T13:40:12+00:00\" \/>\n<meta property=\"og:image\" content=\"https:\/\/pagina10.com\/web\/wp-content\/uploads\/2021\/08\/240460590_4478275885596183_5975232263145492124_n.jpg\" \/>\n\t<meta property=\"og:image:width\" content=\"960\" \/>\n\t<meta property=\"og:image:height\" content=\"640\" \/>\n\t<meta property=\"og:image:type\" content=\"image\/jpeg\" \/>\n<meta name=\"author\" content=\"P\u00e1gina 10\" \/>\n<meta name=\"twitter:card\" content=\"summary_large_image\" \/>\n<meta name=\"twitter:creator\" content=\"@Pag10com\" \/>\n<meta name=\"twitter:site\" content=\"@Pag10com\" \/>\n<meta name=\"twitter:label1\" content=\"Escrito por\" \/>\n\t<meta name=\"twitter:data1\" content=\"P\u00e1gina 10\" \/>\n\t<meta name=\"twitter:label2\" content=\"Tiempo de lectura\" \/>\n\t<meta name=\"twitter:data2\" content=\"2 minutos\" \/>\n<script type=\"application\/ld+json\" class=\"yoast-schema-graph\">{\"@context\":\"https:\/\/schema.org\",\"@graph\":[{\"@type\":\"Article\",\"@id\":\"https:\/\/pagina10.com\/web\/gobernacion-de-narino-apoya-investigacion-academica-en-favor-de-la-poblacion-migrante-venezolana\/#article\",\"isPartOf\":{\"@id\":\"https:\/\/pagina10.com\/web\/gobernacion-de-narino-apoya-investigacion-academica-en-favor-de-la-poblacion-migrante-venezolana\/\"},\"author\":{\"name\":\"P\u00e1gina 10\",\"@id\":\"https:\/\/pagina10.com\/web\/#\/schema\/person\/2efc4a090d25b667d3bc796798a3a81b\"},\"headline\":\"Gobernaci\u00f3n de Nari\u00f1o apoya investigaci\u00f3n acad\u00e9mica en favor de la poblaci\u00f3n migrante venezolana\",\"datePublished\":\"2021-08-25T13:40:12+00:00\",\"mainEntityOfPage\":{\"@id\":\"https:\/\/pagina10.com\/web\/gobernacion-de-narino-apoya-investigacion-academica-en-favor-de-la-poblacion-migrante-venezolana\/\"},\"wordCount\":420,\"commentCount\":0,\"publisher\":{\"@id\":\"https:\/\/pagina10.com\/web\/#organization\"},\"image\":{\"@id\":\"https:\/\/pagina10.com\/web\/gobernacion-de-narino-apoya-investigacion-academica-en-favor-de-la-poblacion-migrante-venezolana\/#primaryimage\"},\"thumbnailUrl\":\"https:\/\/pagina10.com\/web\/wp-content\/uploads\/2021\/08\/240460590_4478275885596183_5975232263145492124_n.jpg\",\"articleSection\":[\"Regiones\"],\"inLanguage\":\"es\",\"potentialAction\":[{\"@type\":\"CommentAction\",\"name\":\"Comment\",\"target\":[\"https:\/\/pagina10.com\/web\/gobernacion-de-narino-apoya-investigacion-academica-en-favor-de-la-poblacion-migrante-venezolana\/#respond\"]}]},{\"@type\":\"WebPage\",\"@id\":\"https:\/\/pagina10.com\/web\/gobernacion-de-narino-apoya-investigacion-academica-en-favor-de-la-poblacion-migrante-venezolana\/\",\"url\":\"https:\/\/pagina10.com\/web\/gobernacion-de-narino-apoya-investigacion-academica-en-favor-de-la-poblacion-migrante-venezolana\/\",\"name\":\"Gobernaci\u00f3n de Nari\u00f1o apoya investigaci\u00f3n acad\u00e9mica en favor de la poblaci\u00f3n migrante venezolana | P\u00e1gina10\",\"isPartOf\":{\"@id\":\"https:\/\/pagina10.com\/web\/#website\"},\"primaryImageOfPage\":{\"@id\":\"https:\/\/pagina10.com\/web\/gobernacion-de-narino-apoya-investigacion-academica-en-favor-de-la-poblacion-migrante-venezolana\/#primaryimage\"},\"image\":{\"@id\":\"https:\/\/pagina10.com\/web\/gobernacion-de-narino-apoya-investigacion-academica-en-favor-de-la-poblacion-migrante-venezolana\/#primaryimage\"},\"thumbnailUrl\":\"https:\/\/pagina10.com\/web\/wp-content\/uploads\/2021\/08\/240460590_4478275885596183_5975232263145492124_n.jpg\",\"datePublished\":\"2021-08-25T13:40:12+00:00\",\"breadcrumb\":{\"@id\":\"https:\/\/pagina10.com\/web\/gobernacion-de-narino-apoya-investigacion-academica-en-favor-de-la-poblacion-migrante-venezolana\/#breadcrumb\"},\"inLanguage\":\"es\",\"potentialAction\":[{\"@type\":\"ReadAction\",\"target\":[\"https:\/\/pagina10.com\/web\/gobernacion-de-narino-apoya-investigacion-academica-en-favor-de-la-poblacion-migrante-venezolana\/\"]}]},{\"@type\":\"ImageObject\",\"inLanguage\":\"es\",\"@id\":\"https:\/\/pagina10.com\/web\/gobernacion-de-narino-apoya-investigacion-academica-en-favor-de-la-poblacion-migrante-venezolana\/#primaryimage\",\"url\":\"https:\/\/pagina10.com\/web\/wp-content\/uploads\/2021\/08\/240460590_4478275885596183_5975232263145492124_n.jpg\",\"contentUrl\":\"https:\/\/pagina10.com\/web\/wp-content\/uploads\/2021\/08\/240460590_4478275885596183_5975232263145492124_n.jpg\",\"width\":960,\"height\":640},{\"@type\":\"BreadcrumbList\",\"@id\":\"https:\/\/pagina10.com\/web\/gobernacion-de-narino-apoya-investigacion-academica-en-favor-de-la-poblacion-migrante-venezolana\/#breadcrumb\",\"itemListElement\":[{\"@type\":\"ListItem\",\"position\":1,\"name\":\"Portada\",\"item\":\"https:\/\/pagina10.com\/web\/\"},{\"@type\":\"ListItem\",\"position\":2,\"name\":\"Gobernaci\u00f3n de Nari\u00f1o apoya investigaci\u00f3n acad\u00e9mica en favor de la poblaci\u00f3n migrante venezolana\"}]},{\"@type\":\"WebSite\",\"@id\":\"https:\/\/pagina10.com\/web\/#website\",\"url\":\"https:\/\/pagina10.com\/web\/\",\"name\":\"P\u00e1gina10\",\"description\":\"Peri\u00f3dico Regional\",\"publisher\":{\"@id\":\"https:\/\/pagina10.com\/web\/#organization\"},\"alternateName\":\"P\u00e1gina10 Peri\u00f3dico Regional\",\"potentialAction\":[{\"@type\":\"SearchAction\",\"target\":{\"@type\":\"EntryPoint\",\"urlTemplate\":\"https:\/\/pagina10.com\/web\/?s={search_term_string}\"},\"query-input\":{\"@type\":\"PropertyValueSpecification\",\"valueRequired\":true,\"valueName\":\"search_term_string\"}}],\"inLanguage\":\"es\"},{\"@type\":\"Organization\",\"@id\":\"https:\/\/pagina10.com\/web\/#organization\",\"name\":\"P\u00e1gina10\",\"alternateName\":\"P\u00e1gina10 Peri\u00f3dico Regional\",\"url\":\"https:\/\/pagina10.com\/web\/\",\"logo\":{\"@type\":\"ImageObject\",\"inLanguage\":\"es\",\"@id\":\"https:\/\/pagina10.com\/web\/#\/schema\/logo\/image\/\",\"url\":\"https:\/\/pagina10.com\/web\/wp-content\/uploads\/2024\/01\/40-pagina-10-periodico-regional-pasto.jpg\",\"contentUrl\":\"https:\/\/pagina10.com\/web\/wp-content\/uploads\/2024\/01\/40-pagina-10-periodico-regional-pasto.jpg\",\"width\":1280,\"height\":720,\"caption\":\"P\u00e1gina10\"},\"image\":{\"@id\":\"https:\/\/pagina10.com\/web\/#\/schema\/logo\/image\/\"},\"sameAs\":[\"https:\/\/www.facebook.com\/pag10com\",\"https:\/\/x.com\/Pag10com\",\"https:\/\/www.instagram.com\/pagina10col\/\",\"https:\/\/youtube.com\/channel\/pag10\",\"https:\/\/www.tiktok.com\/@p10col\"]},{\"@type\":\"Person\",\"@id\":\"https:\/\/pagina10.com\/web\/#\/schema\/person\/2efc4a090d25b667d3bc796798a3a81b\",\"name\":\"P\u00e1gina 10\",\"description\":\"P\u00e1gina 10 es un peri\u00f3dico regional que nace en Colombia, en el departamento de Nari\u00f1o, con un enfoque global, fundamentado en cuatro pilares esenciales: la libertad, el pluralismo, la inclusi\u00f3n y la independencia. P\u00e1gina 10 hace referencia a Nari\u00f1o como el d\u00e9cimo departamento creado en Colombia, despu\u00e9s de un proceso pol\u00edtico liderado por actores y actrices regionales con el fin de obtener la independencia y autonom\u00eda de nuestros territorios. Con la creaci\u00f3n de P\u00e1gina 10 se pretende abrir un escenario para el dialogo, la reflexi\u00f3n y el debate que se extienda a otras geograf\u00edas de Am\u00e9rica Latina y del planeta, en una apuesta por transformar colectivamente los desaf\u00edos de un mundo contempor\u00e1neo, m\u00e1s all\u00e1 de las fronteras impuestas.\",\"url\":\"https:\/\/pagina10.com\/web\/author\/pdiezadmin\/\"}]}<\/script>\n<!-- \/ Yoast SEO plugin. -->","yoast_head_json":{"title":"Gobernaci\u00f3n de Nari\u00f1o apoya investigaci\u00f3n acad\u00e9mica en favor de la poblaci\u00f3n migrante venezolana | P\u00e1gina10","robots":{"index":"index","follow":"follow","max-snippet":"max-snippet:-1","max-image-preview":"max-image-preview:large","max-video-preview":"max-video-preview:-1"},"canonical":"https:\/\/pagina10.com\/web\/gobernacion-de-narino-apoya-investigacion-academica-en-favor-de-la-poblacion-migrante-venezolana\/","og_locale":"es_ES","og_type":"article","og_title":"Gobernaci\u00f3n de Nari\u00f1o apoya investigaci\u00f3n acad\u00e9mica en favor de la poblaci\u00f3n migrante venezolana | P\u00e1gina10","og_description":"La Gobernaci\u00f3n de Nari\u00f1o, en articulaci\u00f3n con la ONG MedGlobal, la Universidad de Miami, las Facultades de Medicina y Odontolog\u00eda de la Universidad Cooperativa de Colombia y las asociaciones ASOVENAR y Migrantes por el Mundo, realizaron una investigaci\u00f3n acad\u00e9mica para conocer la percepci\u00f3n del COVID -19, la salud mental y necesidades de la poblaci\u00f3n venezolana [&hellip;]","og_url":"https:\/\/pagina10.com\/web\/gobernacion-de-narino-apoya-investigacion-academica-en-favor-de-la-poblacion-migrante-venezolana\/","og_site_name":"P\u00e1gina10","article_publisher":"https:\/\/www.facebook.com\/pag10com","article_published_time":"2021-08-25T13:40:12+00:00","og_image":[{"width":960,"height":640,"url":"https:\/\/pagina10.com\/web\/wp-content\/uploads\/2021\/08\/240460590_4478275885596183_5975232263145492124_n.jpg","type":"image\/jpeg"}],"author":"P\u00e1gina 10","twitter_card":"summary_large_image","twitter_creator":"@Pag10com","twitter_site":"@Pag10com","twitter_misc":{"Escrito por":"P\u00e1gina 10","Tiempo de lectura":"2 minutos"},"schema":{"@context":"https:\/\/schema.org","@graph":[{"@type":"Article","@id":"https:\/\/pagina10.com\/web\/gobernacion-de-narino-apoya-investigacion-academica-en-favor-de-la-poblacion-migrante-venezolana\/#article","isPartOf":{"@id":"https:\/\/pagina10.com\/web\/gobernacion-de-narino-apoya-investigacion-academica-en-favor-de-la-poblacion-migrante-venezolana\/"},"author":{"name":"P\u00e1gina 10","@id":"https:\/\/pagina10.com\/web\/#\/schema\/person\/2efc4a090d25b667d3bc796798a3a81b"},"headline":"Gobernaci\u00f3n de Nari\u00f1o apoya investigaci\u00f3n acad\u00e9mica en favor de la poblaci\u00f3n migrante venezolana","datePublished":"2021-08-25T13:40:12+00:00","mainEntityOfPage":{"@id":"https:\/\/pagina10.com\/web\/gobernacion-de-narino-apoya-investigacion-academica-en-favor-de-la-poblacion-migrante-venezolana\/"},"wordCount":420,"commentCount":0,"publisher":{"@id":"https:\/\/pagina10.com\/web\/#organization"},"image":{"@id":"https:\/\/pagina10.com\/web\/gobernacion-de-narino-apoya-investigacion-academica-en-favor-de-la-poblacion-migrante-venezolana\/#primaryimage"},"thumbnailUrl":"https:\/\/pagina10.com\/web\/wp-content\/uploads\/2021\/08\/240460590_4478275885596183_5975232263145492124_n.jpg","articleSection":["Regiones"],"inLanguage":"es","potentialAction":[{"@type":"CommentAction","name":"Comment","target":["https:\/\/pagina10.com\/web\/gobernacion-de-narino-apoya-investigacion-academica-en-favor-de-la-poblacion-migrante-venezolana\/#respond"]}]},{"@type":"WebPage","@id":"https:\/\/pagina10.com\/web\/gobernacion-de-narino-apoya-investigacion-academica-en-favor-de-la-poblacion-migrante-venezolana\/","url":"https:\/\/pagina10.com\/web\/gobernacion-de-narino-apoya-investigacion-academica-en-favor-de-la-poblacion-migrante-venezolana\/","name":"Gobernaci\u00f3n de Nari\u00f1o apoya investigaci\u00f3n acad\u00e9mica en favor de la poblaci\u00f3n migrante venezolana | P\u00e1gina10","isPartOf":{"@id":"https:\/\/pagina10.com\/web\/#website"},"primaryImageOfPage":{"@id":"https:\/\/pagina10.com\/web\/gobernacion-de-narino-apoya-investigacion-academica-en-favor-de-la-poblacion-migrante-venezolana\/#primaryimage"},"image":{"@id":"https:\/\/pagina10.com\/web\/gobernacion-de-narino-apoya-investigacion-academica-en-favor-de-la-poblacion-migrante-venezolana\/#primaryimage"},"thumbnailUrl":"https:\/\/pagina10.com\/web\/wp-content\/uploads\/2021\/08\/240460590_4478275885596183_5975232263145492124_n.jpg","datePublished":"2021-08-25T13:40:12+00:00","breadcrumb":{"@id":"https:\/\/pagina10.com\/web\/gobernacion-de-narino-apoya-investigacion-academica-en-favor-de-la-poblacion-migrante-venezolana\/#breadcrumb"},"inLanguage":"es","potentialAction":[{"@type":"ReadAction","target":["https:\/\/pagina10.com\/web\/gobernacion-de-narino-apoya-investigacion-academica-en-favor-de-la-poblacion-migrante-venezolana\/"]}]},{"@type":"ImageObject","inLanguage":"es","@id":"https:\/\/pagina10.com\/web\/gobernacion-de-narino-apoya-investigacion-academica-en-favor-de-la-poblacion-migrante-venezolana\/#primaryimage","url":"https:\/\/pagina10.com\/web\/wp-content\/uploads\/2021\/08\/240460590_4478275885596183_5975232263145492124_n.jpg","contentUrl":"https:\/\/pagina10.com\/web\/wp-content\/uploads\/2021\/08\/240460590_4478275885596183_5975232263145492124_n.jpg","width":960,"height":640},{"@type":"BreadcrumbList","@id":"https:\/\/pagina10.com\/web\/gobernacion-de-narino-apoya-investigacion-academica-en-favor-de-la-poblacion-migrante-venezolana\/#breadcrumb","itemListElement":[{"@type":"ListItem","position":1,"name":"Portada","item":"https:\/\/pagina10.com\/web\/"},{"@type":"ListItem","position":2,"name":"Gobernaci\u00f3n de Nari\u00f1o apoya investigaci\u00f3n acad\u00e9mica en favor de la poblaci\u00f3n migrante venezolana"}]},{"@type":"WebSite","@id":"https:\/\/pagina10.com\/web\/#website","url":"https:\/\/pagina10.com\/web\/","name":"P\u00e1gina10","description":"Peri\u00f3dico Regional","publisher":{"@id":"https:\/\/pagina10.com\/web\/#organization"},"alternateName":"P\u00e1gina10 Peri\u00f3dico Regional","potentialAction":[{"@type":"SearchAction","target":{"@type":"EntryPoint","urlTemplate":"https:\/\/pagina10.com\/web\/?s={search_term_string}"},"query-input":{"@type":"PropertyValueSpecification","valueRequired":true,"valueName":"search_term_string"}}],"inLanguage":"es"},{"@type":"Organization","@id":"https:\/\/pagina10.com\/web\/#organization","name":"P\u00e1gina10","alternateName":"P\u00e1gina10 Peri\u00f3dico Regional","url":"https:\/\/pagina10.com\/web\/","logo":{"@type":"ImageObject","inLanguage":"es","@id":"https:\/\/pagina10.com\/web\/#\/schema\/logo\/image\/","url":"https:\/\/pagina10.com\/web\/wp-content\/uploads\/2024\/01\/40-pagina-10-periodico-regional-pasto.jpg","contentUrl":"https:\/\/pagina10.com\/web\/wp-content\/uploads\/2024\/01\/40-pagina-10-periodico-regional-pasto.jpg","width":1280,"height":720,"caption":"P\u00e1gina10"},"image":{"@id":"https:\/\/pagina10.com\/web\/#\/schema\/logo\/image\/"},"sameAs":["https:\/\/www.facebook.com\/pag10com","https:\/\/x.com\/Pag10com","https:\/\/www.instagram.com\/pagina10col\/","https:\/\/youtube.com\/channel\/pag10","https:\/\/www.tiktok.com\/@p10col"]},{"@type":"Person","@id":"https:\/\/pagina10.com\/web\/#\/schema\/person\/2efc4a090d25b667d3bc796798a3a81b","name":"P\u00e1gina 10","description":"P\u00e1gina 10 es un peri\u00f3dico regional que nace en Colombia, en el departamento de Nari\u00f1o, con un enfoque global, fundamentado en cuatro pilares esenciales: la libertad, el pluralismo, la inclusi\u00f3n y la independencia. P\u00e1gina 10 hace referencia a Nari\u00f1o como el d\u00e9cimo departamento creado en Colombia, despu\u00e9s de un proceso pol\u00edtico liderado por actores y actrices regionales con el fin de obtener la independencia y autonom\u00eda de nuestros territorios. Con la creaci\u00f3n de P\u00e1gina 10 se pretende abrir un escenario para el dialogo, la reflexi\u00f3n y el debate que se extienda a otras geograf\u00edas de Am\u00e9rica Latina y del planeta, en una apuesta por transformar colectivamente los desaf\u00edos de un mundo contempor\u00e1neo, m\u00e1s all\u00e1 de las fronteras impuestas.","url":"https:\/\/pagina10.com\/web\/author\/pdiezadmin\/"}]}},"_links":{"self":[{"href":"https:\/\/pagina10.com\/web\/wp-json\/wp\/v2\/posts\/55187","targetHints":{"allow":["GET"]}}],"collection":[{"href":"https:\/\/pagina10.com\/web\/wp-json\/wp\/v2\/posts"}],"about":[{"href":"https:\/\/pagina10.com\/web\/wp-json\/wp\/v2\/types\/post"}],"author":[{"embeddable":true,"href":"https:\/\/pagina10.com\/web\/wp-json\/wp\/v2\/users\/1"}],"replies":[{"embeddable":true,"href":"https:\/\/pagina10.com\/web\/wp-json\/wp\/v2\/comments?post=55187"}],"version-history":[{"count":1,"href":"https:\/\/pagina10.com\/web\/wp-json\/wp\/v2\/posts\/55187\/revisions"}],"predecessor-version":[{"id":55189,"href":"https:\/\/pagina10.com\/web\/wp-json\/wp\/v2\/posts\/55187\/revisions\/55189"}],"wp:featuredmedia":[{"embeddable":true,"href":"https:\/\/pagina10.com\/web\/wp-json\/wp\/v2\/media\/55188"}],"wp:attachment":[{"href":"https:\/\/pagina10.com\/web\/wp-json\/wp\/v2\/media?parent=55187"}],"wp:term":[{"taxonomy":"category","embeddable":true,"href":"https:\/\/pagina10.com\/web\/wp-json\/wp\/v2\/categories?post=55187"},{"taxonomy":"post_tag","embeddable":true,"href":"https:\/\/pagina10.com\/web\/wp-json\/wp\/v2\/tags?post=55187"}],"curies":[{"name":"wp","href":"https:\/\/api.w.org\/{rel}","templated":true}]}}