{"id":55197,"date":"2021-08-25T21:06:52","date_gmt":"2021-08-26T02:06:52","guid":{"rendered":"https:\/\/pagina10.com\/web\/?p=55197"},"modified":"2021-08-25T21:06:52","modified_gmt":"2021-08-26T02:06:52","slug":"la-re-evolucion-de-ser-jovenes-la-semana-de-la-juventud-2021","status":"publish","type":"post","link":"https:\/\/pagina10.com\/web\/la-re-evolucion-de-ser-jovenes-la-semana-de-la-juventud-2021\/","title":{"rendered":"\u2018La Re-Evoluci\u00f3n de ser j\u00f3venes\u2019, la semana de la juventud 2021"},"content":{"rendered":"<p style=\"text-align: justify;\">Responsables y comprometidos con las acciones en beneficio de la juventud de Nari\u00f1o, desde la Gobernaci\u00f3n Departamental, a trav\u00e9s de la Secretar\u00eda de Equidad de G\u00e9nero e Inclusi\u00f3n Social -SEGIS, avanzamos en las acciones establecidas para el desarrollo de la Semana de la Juventud que se realizar\u00e1 entre el 30 de agosto y el 3 de septiembre, y que para el 2021 se cumplir\u00e1 bajo el lema \u2018La Re-Evoluci\u00f3n de ser j\u00f3venes\u2019<\/p>\n<p style=\"text-align: justify;\">Las actividades se cumplir\u00e1n de manera virtual, buscando que la comunidad se conecte desde cualquier rinc\u00f3n del Departamento y participe de manera activa de los diferentes encuentros, entre ellos, procesos de empoderamiento juvenil, emprendimiento, salud, historia, y cultura.<\/p>\n<p style=\"text-align: justify;\">\u201cDe esta manera se ratifica el compromiso con los j\u00f3venes de Mi Nari\u00f1o, desde un Gobierno incluyente, invitamos a todas las personas a conectarse con esta programaci\u00f3n, que tendr\u00e1 como plus el reconocimiento por la participaci\u00f3n, ya que estaremos entregando premios en cada una de las actividades\u201d, indic\u00f3, la Secretaria SEGIS, Yised Ver\u00f3nica Caicedo Gonz\u00e1lez.<\/p>\n<p style=\"text-align: justify;\">El desarrollo de este cronograma, se cumple a trav\u00e9s del trabajo articulado entre la SEGIS, el PNUD y la Plataforma Departamental de Juventud de Nari\u00f1o.<\/p>\n","protected":false},"excerpt":{"rendered":"<p>Responsables y comprometidos con las acciones en beneficio de la juventud de Nari\u00f1o, desde la Gobernaci\u00f3n Departamental, a trav\u00e9s de la Secretar\u00eda de Equidad de G\u00e9nero e Inclusi\u00f3n Social -SEGIS, avanzamos en las acciones establecidas para el desarrollo de la Semana de la Juventud que se realizar\u00e1 entre el 30 de agosto y el 3 [&hellip;]<\/p>\n","protected":false},"author":1,"featured_media":55199,"comment_status":"open","ping_status":"open","sticky":false,"template":"","format":"standard","meta":{"footnotes":""},"categories":[53],"tags":[],"class_list":["post-55197","post","type-post","status-publish","format-standard","has-post-thumbnail","hentry","category-regiones"],"yoast_head":"<!-- This site is optimized with the Yoast SEO plugin v27.1.1 - https:\/\/yoast.com\/product\/yoast-seo-wordpress\/ -->\n<title>\u2018La Re-Evoluci\u00f3n de ser j\u00f3venes\u2019, la semana de la juventud 2021 | P\u00e1gina10<\/title>\n<meta name=\"robots\" content=\"index, follow, max-snippet:-1, max-image-preview:large, max-video-preview:-1\" \/>\n<link rel=\"canonical\" href=\"https:\/\/pagina10.com\/web\/la-re-evolucion-de-ser-jovenes-la-semana-de-la-juventud-2021\/\" \/>\n<meta property=\"og:locale\" content=\"es_ES\" \/>\n<meta property=\"og:type\" content=\"article\" \/>\n<meta property=\"og:title\" content=\"\u2018La Re-Evoluci\u00f3n de ser j\u00f3venes\u2019, la semana de la juventud 2021 | P\u00e1gina10\" \/>\n<meta property=\"og:description\" content=\"Responsables y comprometidos con las acciones en beneficio de la juventud de Nari\u00f1o, desde la Gobernaci\u00f3n Departamental, a trav\u00e9s de la Secretar\u00eda de Equidad de G\u00e9nero e Inclusi\u00f3n Social -SEGIS, avanzamos en las acciones establecidas para el desarrollo de la Semana de la Juventud que se realizar\u00e1 entre el 30 de agosto y el 3 [&hellip;]\" \/>\n<meta property=\"og:url\" content=\"https:\/\/pagina10.com\/web\/la-re-evolucion-de-ser-jovenes-la-semana-de-la-juventud-2021\/\" \/>\n<meta property=\"og:site_name\" content=\"P\u00e1gina10\" \/>\n<meta property=\"article:publisher\" content=\"https:\/\/www.facebook.com\/pag10com\" \/>\n<meta property=\"article:published_time\" content=\"2021-08-26T02:06:52+00:00\" \/>\n<meta property=\"og:image\" content=\"https:\/\/pagina10.com\/web\/wp-content\/uploads\/2021\/08\/Screenshot_20210825-205736.png\" \/>\n\t<meta property=\"og:image:width\" content=\"805\" \/>\n\t<meta property=\"og:image:height\" content=\"582\" \/>\n\t<meta property=\"og:image:type\" content=\"image\/png\" \/>\n<meta name=\"author\" content=\"P\u00e1gina 10\" \/>\n<meta name=\"twitter:card\" content=\"summary_large_image\" \/>\n<meta name=\"twitter:creator\" content=\"@Pag10com\" \/>\n<meta name=\"twitter:site\" content=\"@Pag10com\" \/>\n<meta name=\"twitter:label1\" content=\"Escrito por\" \/>\n\t<meta name=\"twitter:data1\" content=\"P\u00e1gina 10\" \/>\n\t<meta name=\"twitter:label2\" content=\"Tiempo de lectura\" \/>\n\t<meta name=\"twitter:data2\" content=\"1 minuto\" \/>\n<script type=\"application\/ld+json\" class=\"yoast-schema-graph\">{\"@context\":\"https:\/\/schema.org\",\"@graph\":[{\"@type\":\"Article\",\"@id\":\"https:\/\/pagina10.com\/web\/la-re-evolucion-de-ser-jovenes-la-semana-de-la-juventud-2021\/#article\",\"isPartOf\":{\"@id\":\"https:\/\/pagina10.com\/web\/la-re-evolucion-de-ser-jovenes-la-semana-de-la-juventud-2021\/\"},\"author\":{\"name\":\"P\u00e1gina 10\",\"@id\":\"https:\/\/pagina10.com\/web\/#\/schema\/person\/2efc4a090d25b667d3bc796798a3a81b\"},\"headline\":\"\u2018La Re-Evoluci\u00f3n de ser j\u00f3venes\u2019, la semana de la juventud 2021\",\"datePublished\":\"2021-08-26T02:06:52+00:00\",\"mainEntityOfPage\":{\"@id\":\"https:\/\/pagina10.com\/web\/la-re-evolucion-de-ser-jovenes-la-semana-de-la-juventud-2021\/\"},\"wordCount\":217,\"commentCount\":0,\"publisher\":{\"@id\":\"https:\/\/pagina10.com\/web\/#organization\"},\"image\":{\"@id\":\"https:\/\/pagina10.com\/web\/la-re-evolucion-de-ser-jovenes-la-semana-de-la-juventud-2021\/#primaryimage\"},\"thumbnailUrl\":\"https:\/\/pagina10.com\/web\/wp-content\/uploads\/2021\/08\/Screenshot_20210825-205736.png\",\"articleSection\":[\"Regiones\"],\"inLanguage\":\"es\",\"potentialAction\":[{\"@type\":\"CommentAction\",\"name\":\"Comment\",\"target\":[\"https:\/\/pagina10.com\/web\/la-re-evolucion-de-ser-jovenes-la-semana-de-la-juventud-2021\/#respond\"]}]},{\"@type\":\"WebPage\",\"@id\":\"https:\/\/pagina10.com\/web\/la-re-evolucion-de-ser-jovenes-la-semana-de-la-juventud-2021\/\",\"url\":\"https:\/\/pagina10.com\/web\/la-re-evolucion-de-ser-jovenes-la-semana-de-la-juventud-2021\/\",\"name\":\"\u2018La Re-Evoluci\u00f3n de ser j\u00f3venes\u2019, la semana de la juventud 2021 | P\u00e1gina10\",\"isPartOf\":{\"@id\":\"https:\/\/pagina10.com\/web\/#website\"},\"primaryImageOfPage\":{\"@id\":\"https:\/\/pagina10.com\/web\/la-re-evolucion-de-ser-jovenes-la-semana-de-la-juventud-2021\/#primaryimage\"},\"image\":{\"@id\":\"https:\/\/pagina10.com\/web\/la-re-evolucion-de-ser-jovenes-la-semana-de-la-juventud-2021\/#primaryimage\"},\"thumbnailUrl\":\"https:\/\/pagina10.com\/web\/wp-content\/uploads\/2021\/08\/Screenshot_20210825-205736.png\",\"datePublished\":\"2021-08-26T02:06:52+00:00\",\"breadcrumb\":{\"@id\":\"https:\/\/pagina10.com\/web\/la-re-evolucion-de-ser-jovenes-la-semana-de-la-juventud-2021\/#breadcrumb\"},\"inLanguage\":\"es\",\"potentialAction\":[{\"@type\":\"ReadAction\",\"target\":[\"https:\/\/pagina10.com\/web\/la-re-evolucion-de-ser-jovenes-la-semana-de-la-juventud-2021\/\"]}]},{\"@type\":\"ImageObject\",\"inLanguage\":\"es\",\"@id\":\"https:\/\/pagina10.com\/web\/la-re-evolucion-de-ser-jovenes-la-semana-de-la-juventud-2021\/#primaryimage\",\"url\":\"https:\/\/pagina10.com\/web\/wp-content\/uploads\/2021\/08\/Screenshot_20210825-205736.png\",\"contentUrl\":\"https:\/\/pagina10.com\/web\/wp-content\/uploads\/2021\/08\/Screenshot_20210825-205736.png\",\"width\":805,\"height\":582},{\"@type\":\"BreadcrumbList\",\"@id\":\"https:\/\/pagina10.com\/web\/la-re-evolucion-de-ser-jovenes-la-semana-de-la-juventud-2021\/#breadcrumb\",\"itemListElement\":[{\"@type\":\"ListItem\",\"position\":1,\"name\":\"Portada\",\"item\":\"https:\/\/pagina10.com\/web\/\"},{\"@type\":\"ListItem\",\"position\":2,\"name\":\"\u2018La Re-Evoluci\u00f3n de ser j\u00f3venes\u2019, la semana de la juventud 2021\"}]},{\"@type\":\"WebSite\",\"@id\":\"https:\/\/pagina10.com\/web\/#website\",\"url\":\"https:\/\/pagina10.com\/web\/\",\"name\":\"P\u00e1gina10\",\"description\":\"Peri\u00f3dico Regional\",\"publisher\":{\"@id\":\"https:\/\/pagina10.com\/web\/#organization\"},\"alternateName\":\"P\u00e1gina10 Peri\u00f3dico Regional\",\"potentialAction\":[{\"@type\":\"SearchAction\",\"target\":{\"@type\":\"EntryPoint\",\"urlTemplate\":\"https:\/\/pagina10.com\/web\/?s={search_term_string}\"},\"query-input\":{\"@type\":\"PropertyValueSpecification\",\"valueRequired\":true,\"valueName\":\"search_term_string\"}}],\"inLanguage\":\"es\"},{\"@type\":\"Organization\",\"@id\":\"https:\/\/pagina10.com\/web\/#organization\",\"name\":\"P\u00e1gina10\",\"alternateName\":\"P\u00e1gina10 Peri\u00f3dico Regional\",\"url\":\"https:\/\/pagina10.com\/web\/\",\"logo\":{\"@type\":\"ImageObject\",\"inLanguage\":\"es\",\"@id\":\"https:\/\/pagina10.com\/web\/#\/schema\/logo\/image\/\",\"url\":\"https:\/\/pagina10.com\/web\/wp-content\/uploads\/2024\/01\/40-pagina-10-periodico-regional-pasto.jpg\",\"contentUrl\":\"https:\/\/pagina10.com\/web\/wp-content\/uploads\/2024\/01\/40-pagina-10-periodico-regional-pasto.jpg\",\"width\":1280,\"height\":720,\"caption\":\"P\u00e1gina10\"},\"image\":{\"@id\":\"https:\/\/pagina10.com\/web\/#\/schema\/logo\/image\/\"},\"sameAs\":[\"https:\/\/www.facebook.com\/pag10com\",\"https:\/\/x.com\/Pag10com\",\"https:\/\/www.instagram.com\/pagina10col\/\",\"https:\/\/youtube.com\/channel\/pag10\",\"https:\/\/www.tiktok.com\/@p10col\"]},{\"@type\":\"Person\",\"@id\":\"https:\/\/pagina10.com\/web\/#\/schema\/person\/2efc4a090d25b667d3bc796798a3a81b\",\"name\":\"P\u00e1gina 10\",\"description\":\"P\u00e1gina 10 es un peri\u00f3dico regional que nace en Colombia, en el departamento de Nari\u00f1o, con un enfoque global, fundamentado en cuatro pilares esenciales: la libertad, el pluralismo, la inclusi\u00f3n y la independencia. P\u00e1gina 10 hace referencia a Nari\u00f1o como el d\u00e9cimo departamento creado en Colombia, despu\u00e9s de un proceso pol\u00edtico liderado por actores y actrices regionales con el fin de obtener la independencia y autonom\u00eda de nuestros territorios. Con la creaci\u00f3n de P\u00e1gina 10 se pretende abrir un escenario para el dialogo, la reflexi\u00f3n y el debate que se extienda a otras geograf\u00edas de Am\u00e9rica Latina y del planeta, en una apuesta por transformar colectivamente los desaf\u00edos de un mundo contempor\u00e1neo, m\u00e1s all\u00e1 de las fronteras impuestas.\",\"url\":\"https:\/\/pagina10.com\/web\/author\/pdiezadmin\/\"}]}<\/script>\n<!-- \/ Yoast SEO plugin. -->","yoast_head_json":{"title":"\u2018La Re-Evoluci\u00f3n de ser j\u00f3venes\u2019, la semana de la juventud 2021 | P\u00e1gina10","robots":{"index":"index","follow":"follow","max-snippet":"max-snippet:-1","max-image-preview":"max-image-preview:large","max-video-preview":"max-video-preview:-1"},"canonical":"https:\/\/pagina10.com\/web\/la-re-evolucion-de-ser-jovenes-la-semana-de-la-juventud-2021\/","og_locale":"es_ES","og_type":"article","og_title":"\u2018La Re-Evoluci\u00f3n de ser j\u00f3venes\u2019, la semana de la juventud 2021 | P\u00e1gina10","og_description":"Responsables y comprometidos con las acciones en beneficio de la juventud de Nari\u00f1o, desde la Gobernaci\u00f3n Departamental, a trav\u00e9s de la Secretar\u00eda de Equidad de G\u00e9nero e Inclusi\u00f3n Social -SEGIS, avanzamos en las acciones establecidas para el desarrollo de la Semana de la Juventud que se realizar\u00e1 entre el 30 de agosto y el 3 [&hellip;]","og_url":"https:\/\/pagina10.com\/web\/la-re-evolucion-de-ser-jovenes-la-semana-de-la-juventud-2021\/","og_site_name":"P\u00e1gina10","article_publisher":"https:\/\/www.facebook.com\/pag10com","article_published_time":"2021-08-26T02:06:52+00:00","og_image":[{"width":805,"height":582,"url":"https:\/\/pagina10.com\/web\/wp-content\/uploads\/2021\/08\/Screenshot_20210825-205736.png","type":"image\/png"}],"author":"P\u00e1gina 10","twitter_card":"summary_large_image","twitter_creator":"@Pag10com","twitter_site":"@Pag10com","twitter_misc":{"Escrito por":"P\u00e1gina 10","Tiempo de lectura":"1 minuto"},"schema":{"@context":"https:\/\/schema.org","@graph":[{"@type":"Article","@id":"https:\/\/pagina10.com\/web\/la-re-evolucion-de-ser-jovenes-la-semana-de-la-juventud-2021\/#article","isPartOf":{"@id":"https:\/\/pagina10.com\/web\/la-re-evolucion-de-ser-jovenes-la-semana-de-la-juventud-2021\/"},"author":{"name":"P\u00e1gina 10","@id":"https:\/\/pagina10.com\/web\/#\/schema\/person\/2efc4a090d25b667d3bc796798a3a81b"},"headline":"\u2018La Re-Evoluci\u00f3n de ser j\u00f3venes\u2019, la semana de la juventud 2021","datePublished":"2021-08-26T02:06:52+00:00","mainEntityOfPage":{"@id":"https:\/\/pagina10.com\/web\/la-re-evolucion-de-ser-jovenes-la-semana-de-la-juventud-2021\/"},"wordCount":217,"commentCount":0,"publisher":{"@id":"https:\/\/pagina10.com\/web\/#organization"},"image":{"@id":"https:\/\/pagina10.com\/web\/la-re-evolucion-de-ser-jovenes-la-semana-de-la-juventud-2021\/#primaryimage"},"thumbnailUrl":"https:\/\/pagina10.com\/web\/wp-content\/uploads\/2021\/08\/Screenshot_20210825-205736.png","articleSection":["Regiones"],"inLanguage":"es","potentialAction":[{"@type":"CommentAction","name":"Comment","target":["https:\/\/pagina10.com\/web\/la-re-evolucion-de-ser-jovenes-la-semana-de-la-juventud-2021\/#respond"]}]},{"@type":"WebPage","@id":"https:\/\/pagina10.com\/web\/la-re-evolucion-de-ser-jovenes-la-semana-de-la-juventud-2021\/","url":"https:\/\/pagina10.com\/web\/la-re-evolucion-de-ser-jovenes-la-semana-de-la-juventud-2021\/","name":"\u2018La Re-Evoluci\u00f3n de ser j\u00f3venes\u2019, la semana de la juventud 2021 | P\u00e1gina10","isPartOf":{"@id":"https:\/\/pagina10.com\/web\/#website"},"primaryImageOfPage":{"@id":"https:\/\/pagina10.com\/web\/la-re-evolucion-de-ser-jovenes-la-semana-de-la-juventud-2021\/#primaryimage"},"image":{"@id":"https:\/\/pagina10.com\/web\/la-re-evolucion-de-ser-jovenes-la-semana-de-la-juventud-2021\/#primaryimage"},"thumbnailUrl":"https:\/\/pagina10.com\/web\/wp-content\/uploads\/2021\/08\/Screenshot_20210825-205736.png","datePublished":"2021-08-26T02:06:52+00:00","breadcrumb":{"@id":"https:\/\/pagina10.com\/web\/la-re-evolucion-de-ser-jovenes-la-semana-de-la-juventud-2021\/#breadcrumb"},"inLanguage":"es","potentialAction":[{"@type":"ReadAction","target":["https:\/\/pagina10.com\/web\/la-re-evolucion-de-ser-jovenes-la-semana-de-la-juventud-2021\/"]}]},{"@type":"ImageObject","inLanguage":"es","@id":"https:\/\/pagina10.com\/web\/la-re-evolucion-de-ser-jovenes-la-semana-de-la-juventud-2021\/#primaryimage","url":"https:\/\/pagina10.com\/web\/wp-content\/uploads\/2021\/08\/Screenshot_20210825-205736.png","contentUrl":"https:\/\/pagina10.com\/web\/wp-content\/uploads\/2021\/08\/Screenshot_20210825-205736.png","width":805,"height":582},{"@type":"BreadcrumbList","@id":"https:\/\/pagina10.com\/web\/la-re-evolucion-de-ser-jovenes-la-semana-de-la-juventud-2021\/#breadcrumb","itemListElement":[{"@type":"ListItem","position":1,"name":"Portada","item":"https:\/\/pagina10.com\/web\/"},{"@type":"ListItem","position":2,"name":"\u2018La Re-Evoluci\u00f3n de ser j\u00f3venes\u2019, la semana de la juventud 2021"}]},{"@type":"WebSite","@id":"https:\/\/pagina10.com\/web\/#website","url":"https:\/\/pagina10.com\/web\/","name":"P\u00e1gina10","description":"Peri\u00f3dico Regional","publisher":{"@id":"https:\/\/pagina10.com\/web\/#organization"},"alternateName":"P\u00e1gina10 Peri\u00f3dico Regional","potentialAction":[{"@type":"SearchAction","target":{"@type":"EntryPoint","urlTemplate":"https:\/\/pagina10.com\/web\/?s={search_term_string}"},"query-input":{"@type":"PropertyValueSpecification","valueRequired":true,"valueName":"search_term_string"}}],"inLanguage":"es"},{"@type":"Organization","@id":"https:\/\/pagina10.com\/web\/#organization","name":"P\u00e1gina10","alternateName":"P\u00e1gina10 Peri\u00f3dico Regional","url":"https:\/\/pagina10.com\/web\/","logo":{"@type":"ImageObject","inLanguage":"es","@id":"https:\/\/pagina10.com\/web\/#\/schema\/logo\/image\/","url":"https:\/\/pagina10.com\/web\/wp-content\/uploads\/2024\/01\/40-pagina-10-periodico-regional-pasto.jpg","contentUrl":"https:\/\/pagina10.com\/web\/wp-content\/uploads\/2024\/01\/40-pagina-10-periodico-regional-pasto.jpg","width":1280,"height":720,"caption":"P\u00e1gina10"},"image":{"@id":"https:\/\/pagina10.com\/web\/#\/schema\/logo\/image\/"},"sameAs":["https:\/\/www.facebook.com\/pag10com","https:\/\/x.com\/Pag10com","https:\/\/www.instagram.com\/pagina10col\/","https:\/\/youtube.com\/channel\/pag10","https:\/\/www.tiktok.com\/@p10col"]},{"@type":"Person","@id":"https:\/\/pagina10.com\/web\/#\/schema\/person\/2efc4a090d25b667d3bc796798a3a81b","name":"P\u00e1gina 10","description":"P\u00e1gina 10 es un peri\u00f3dico regional que nace en Colombia, en el departamento de Nari\u00f1o, con un enfoque global, fundamentado en cuatro pilares esenciales: la libertad, el pluralismo, la inclusi\u00f3n y la independencia. P\u00e1gina 10 hace referencia a Nari\u00f1o como el d\u00e9cimo departamento creado en Colombia, despu\u00e9s de un proceso pol\u00edtico liderado por actores y actrices regionales con el fin de obtener la independencia y autonom\u00eda de nuestros territorios. Con la creaci\u00f3n de P\u00e1gina 10 se pretende abrir un escenario para el dialogo, la reflexi\u00f3n y el debate que se extienda a otras geograf\u00edas de Am\u00e9rica Latina y del planeta, en una apuesta por transformar colectivamente los desaf\u00edos de un mundo contempor\u00e1neo, m\u00e1s all\u00e1 de las fronteras impuestas.","url":"https:\/\/pagina10.com\/web\/author\/pdiezadmin\/"}]}},"_links":{"self":[{"href":"https:\/\/pagina10.com\/web\/wp-json\/wp\/v2\/posts\/55197","targetHints":{"allow":["GET"]}}],"collection":[{"href":"https:\/\/pagina10.com\/web\/wp-json\/wp\/v2\/posts"}],"about":[{"href":"https:\/\/pagina10.com\/web\/wp-json\/wp\/v2\/types\/post"}],"author":[{"embeddable":true,"href":"https:\/\/pagina10.com\/web\/wp-json\/wp\/v2\/users\/1"}],"replies":[{"embeddable":true,"href":"https:\/\/pagina10.com\/web\/wp-json\/wp\/v2\/comments?post=55197"}],"version-history":[{"count":1,"href":"https:\/\/pagina10.com\/web\/wp-json\/wp\/v2\/posts\/55197\/revisions"}],"predecessor-version":[{"id":55200,"href":"https:\/\/pagina10.com\/web\/wp-json\/wp\/v2\/posts\/55197\/revisions\/55200"}],"wp:featuredmedia":[{"embeddable":true,"href":"https:\/\/pagina10.com\/web\/wp-json\/wp\/v2\/media\/55199"}],"wp:attachment":[{"href":"https:\/\/pagina10.com\/web\/wp-json\/wp\/v2\/media?parent=55197"}],"wp:term":[{"taxonomy":"category","embeddable":true,"href":"https:\/\/pagina10.com\/web\/wp-json\/wp\/v2\/categories?post=55197"},{"taxonomy":"post_tag","embeddable":true,"href":"https:\/\/pagina10.com\/web\/wp-json\/wp\/v2\/tags?post=55197"}],"curies":[{"name":"wp","href":"https:\/\/api.w.org\/{rel}","templated":true}]}}