{"id":55203,"date":"2021-08-26T10:25:49","date_gmt":"2021-08-26T15:25:49","guid":{"rendered":"https:\/\/pagina10.com\/web\/?p=55203"},"modified":"2021-08-26T10:25:49","modified_gmt":"2021-08-26T15:25:49","slug":"se-posesiono-consejo-departamental-de-cultura-de-narino","status":"publish","type":"post","link":"https:\/\/pagina10.com\/web\/se-posesiono-consejo-departamental-de-cultura-de-narino\/","title":{"rendered":"Se posesion\u00f3 Consejo Departamental de Cultura de Nari\u00f1o"},"content":{"rendered":"<p style=\"text-align: justify;\">Se cumpli\u00f3 en las instalaciones del Hotel Morasurco de la ciudad de Pasto, el acto de posesi\u00f3n del Consejo Departamental de Cultura de Nari\u00f1o, as\u00ed como la primera sesi\u00f3n del mismo, en donde fue elegido como Presidente de esta instancia cultural el escritor nari\u00f1ense, Mauricio Chaves Bustos.<\/p>\n<p style=\"text-align: justify;\">\u201cEste consejo tiene una gran ventaja y es que representa las cinco subregiones del Departamento de tal manera que hay un espectro muy amplio en donde se abarcan las diferentes representaciones culturales de Nari\u00f1o\u201d, indic\u00f3 el Presidente Electo, Mauricio Ch\u00e1ves.<\/p>\n<p style=\"text-align: justify;\">En cuanto a las expectativas que existen entre la Junta Directiva del Consejo Departamental de Cultura, est\u00e1 la de avalar todas las manifestaciones y procesos culturales sobre todo aquellas que se encuentran en los territorios m\u00e1s alejados de la geograf\u00eda nari\u00f1ense.<\/p>\n<p style=\"text-align: justify;\">\u201cQuiero invitar a que el Consejo Departamental de Cultura en Conjunto con la Direcci\u00f3n Administrativa de Cultura, mediante un trabajo juicioso y comprometido logremos consolidar y fortalecer el desarrollo de nuestra cultura en el departamento de Nari\u00f1o\u201d, se\u00f1al\u00f3 el Director Administrativo de Cultura de Nari\u00f1o, Milton Portilla Rodr\u00edguez.<\/p>\n<p style=\"text-align: justify;\">As\u00ed mismo, el funcionario insto a los miembros del Consejo a que cumplan su misi\u00f3n de acompa\u00f1ar, proponer y estar pendientes del desarrollo cultural de las diferentes regiones.<\/p>\n","protected":false},"excerpt":{"rendered":"<p>Se cumpli\u00f3 en las instalaciones del Hotel Morasurco de la ciudad de Pasto, el acto de posesi\u00f3n del Consejo Departamental de Cultura de Nari\u00f1o, as\u00ed como la primera sesi\u00f3n del mismo, en donde fue elegido como Presidente de esta instancia cultural el escritor nari\u00f1ense, Mauricio Chaves Bustos. \u201cEste consejo tiene una gran ventaja y es [&hellip;]<\/p>\n","protected":false},"author":1,"featured_media":55204,"comment_status":"open","ping_status":"open","sticky":false,"template":"","format":"standard","meta":{"footnotes":""},"categories":[14],"tags":[],"class_list":["post-55203","post","type-post","status-publish","format-standard","has-post-thumbnail","hentry","category-narino-actual"],"yoast_head":"<!-- This site is optimized with the Yoast SEO plugin v27.1.1 - https:\/\/yoast.com\/product\/yoast-seo-wordpress\/ -->\n<title>Se posesion\u00f3 Consejo Departamental de Cultura de Nari\u00f1o | P\u00e1gina10<\/title>\n<meta name=\"robots\" content=\"index, follow, max-snippet:-1, max-image-preview:large, max-video-preview:-1\" \/>\n<link rel=\"canonical\" href=\"https:\/\/pagina10.com\/web\/se-posesiono-consejo-departamental-de-cultura-de-narino\/\" \/>\n<meta property=\"og:locale\" content=\"es_ES\" \/>\n<meta property=\"og:type\" content=\"article\" \/>\n<meta property=\"og:title\" content=\"Se posesion\u00f3 Consejo Departamental de Cultura de Nari\u00f1o | P\u00e1gina10\" \/>\n<meta property=\"og:description\" content=\"Se cumpli\u00f3 en las instalaciones del Hotel Morasurco de la ciudad de Pasto, el acto de posesi\u00f3n del Consejo Departamental de Cultura de Nari\u00f1o, as\u00ed como la primera sesi\u00f3n del mismo, en donde fue elegido como Presidente de esta instancia cultural el escritor nari\u00f1ense, Mauricio Chaves Bustos. \u201cEste consejo tiene una gran ventaja y es [&hellip;]\" \/>\n<meta property=\"og:url\" content=\"https:\/\/pagina10.com\/web\/se-posesiono-consejo-departamental-de-cultura-de-narino\/\" \/>\n<meta property=\"og:site_name\" content=\"P\u00e1gina10\" \/>\n<meta property=\"article:publisher\" content=\"https:\/\/www.facebook.com\/pag10com\" \/>\n<meta property=\"article:published_time\" content=\"2021-08-26T15:25:49+00:00\" \/>\n<meta property=\"og:image\" content=\"https:\/\/pagina10.com\/web\/wp-content\/uploads\/2021\/08\/0748-980x527-1.jpg\" \/>\n\t<meta property=\"og:image:width\" content=\"980\" \/>\n\t<meta property=\"og:image:height\" content=\"527\" \/>\n\t<meta property=\"og:image:type\" content=\"image\/jpeg\" \/>\n<meta name=\"author\" content=\"P\u00e1gina 10\" \/>\n<meta name=\"twitter:card\" content=\"summary_large_image\" \/>\n<meta name=\"twitter:creator\" content=\"@Pag10com\" \/>\n<meta name=\"twitter:site\" content=\"@Pag10com\" \/>\n<meta name=\"twitter:label1\" content=\"Escrito por\" \/>\n\t<meta name=\"twitter:data1\" content=\"P\u00e1gina 10\" \/>\n\t<meta name=\"twitter:label2\" content=\"Tiempo de lectura\" \/>\n\t<meta name=\"twitter:data2\" content=\"1 minuto\" \/>\n<script type=\"application\/ld+json\" class=\"yoast-schema-graph\">{\"@context\":\"https:\/\/schema.org\",\"@graph\":[{\"@type\":\"Article\",\"@id\":\"https:\/\/pagina10.com\/web\/se-posesiono-consejo-departamental-de-cultura-de-narino\/#article\",\"isPartOf\":{\"@id\":\"https:\/\/pagina10.com\/web\/se-posesiono-consejo-departamental-de-cultura-de-narino\/\"},\"author\":{\"name\":\"P\u00e1gina 10\",\"@id\":\"https:\/\/pagina10.com\/web\/#\/schema\/person\/2efc4a090d25b667d3bc796798a3a81b\"},\"headline\":\"Se posesion\u00f3 Consejo Departamental de Cultura de Nari\u00f1o\",\"datePublished\":\"2021-08-26T15:25:49+00:00\",\"mainEntityOfPage\":{\"@id\":\"https:\/\/pagina10.com\/web\/se-posesiono-consejo-departamental-de-cultura-de-narino\/\"},\"wordCount\":229,\"commentCount\":0,\"publisher\":{\"@id\":\"https:\/\/pagina10.com\/web\/#organization\"},\"image\":{\"@id\":\"https:\/\/pagina10.com\/web\/se-posesiono-consejo-departamental-de-cultura-de-narino\/#primaryimage\"},\"thumbnailUrl\":\"https:\/\/pagina10.com\/web\/wp-content\/uploads\/2021\/08\/0748-980x527-1.jpg\",\"articleSection\":[\"Nari\u00f1o Actual\"],\"inLanguage\":\"es\",\"potentialAction\":[{\"@type\":\"CommentAction\",\"name\":\"Comment\",\"target\":[\"https:\/\/pagina10.com\/web\/se-posesiono-consejo-departamental-de-cultura-de-narino\/#respond\"]}]},{\"@type\":\"WebPage\",\"@id\":\"https:\/\/pagina10.com\/web\/se-posesiono-consejo-departamental-de-cultura-de-narino\/\",\"url\":\"https:\/\/pagina10.com\/web\/se-posesiono-consejo-departamental-de-cultura-de-narino\/\",\"name\":\"Se posesion\u00f3 Consejo Departamental de Cultura de Nari\u00f1o | P\u00e1gina10\",\"isPartOf\":{\"@id\":\"https:\/\/pagina10.com\/web\/#website\"},\"primaryImageOfPage\":{\"@id\":\"https:\/\/pagina10.com\/web\/se-posesiono-consejo-departamental-de-cultura-de-narino\/#primaryimage\"},\"image\":{\"@id\":\"https:\/\/pagina10.com\/web\/se-posesiono-consejo-departamental-de-cultura-de-narino\/#primaryimage\"},\"thumbnailUrl\":\"https:\/\/pagina10.com\/web\/wp-content\/uploads\/2021\/08\/0748-980x527-1.jpg\",\"datePublished\":\"2021-08-26T15:25:49+00:00\",\"breadcrumb\":{\"@id\":\"https:\/\/pagina10.com\/web\/se-posesiono-consejo-departamental-de-cultura-de-narino\/#breadcrumb\"},\"inLanguage\":\"es\",\"potentialAction\":[{\"@type\":\"ReadAction\",\"target\":[\"https:\/\/pagina10.com\/web\/se-posesiono-consejo-departamental-de-cultura-de-narino\/\"]}]},{\"@type\":\"ImageObject\",\"inLanguage\":\"es\",\"@id\":\"https:\/\/pagina10.com\/web\/se-posesiono-consejo-departamental-de-cultura-de-narino\/#primaryimage\",\"url\":\"https:\/\/pagina10.com\/web\/wp-content\/uploads\/2021\/08\/0748-980x527-1.jpg\",\"contentUrl\":\"https:\/\/pagina10.com\/web\/wp-content\/uploads\/2021\/08\/0748-980x527-1.jpg\",\"width\":980,\"height\":527},{\"@type\":\"BreadcrumbList\",\"@id\":\"https:\/\/pagina10.com\/web\/se-posesiono-consejo-departamental-de-cultura-de-narino\/#breadcrumb\",\"itemListElement\":[{\"@type\":\"ListItem\",\"position\":1,\"name\":\"Portada\",\"item\":\"https:\/\/pagina10.com\/web\/\"},{\"@type\":\"ListItem\",\"position\":2,\"name\":\"Se posesion\u00f3 Consejo Departamental de Cultura de Nari\u00f1o\"}]},{\"@type\":\"WebSite\",\"@id\":\"https:\/\/pagina10.com\/web\/#website\",\"url\":\"https:\/\/pagina10.com\/web\/\",\"name\":\"P\u00e1gina10\",\"description\":\"Peri\u00f3dico Regional\",\"publisher\":{\"@id\":\"https:\/\/pagina10.com\/web\/#organization\"},\"alternateName\":\"P\u00e1gina10 Peri\u00f3dico Regional\",\"potentialAction\":[{\"@type\":\"SearchAction\",\"target\":{\"@type\":\"EntryPoint\",\"urlTemplate\":\"https:\/\/pagina10.com\/web\/?s={search_term_string}\"},\"query-input\":{\"@type\":\"PropertyValueSpecification\",\"valueRequired\":true,\"valueName\":\"search_term_string\"}}],\"inLanguage\":\"es\"},{\"@type\":\"Organization\",\"@id\":\"https:\/\/pagina10.com\/web\/#organization\",\"name\":\"P\u00e1gina10\",\"alternateName\":\"P\u00e1gina10 Peri\u00f3dico Regional\",\"url\":\"https:\/\/pagina10.com\/web\/\",\"logo\":{\"@type\":\"ImageObject\",\"inLanguage\":\"es\",\"@id\":\"https:\/\/pagina10.com\/web\/#\/schema\/logo\/image\/\",\"url\":\"https:\/\/pagina10.com\/web\/wp-content\/uploads\/2024\/01\/40-pagina-10-periodico-regional-pasto.jpg\",\"contentUrl\":\"https:\/\/pagina10.com\/web\/wp-content\/uploads\/2024\/01\/40-pagina-10-periodico-regional-pasto.jpg\",\"width\":1280,\"height\":720,\"caption\":\"P\u00e1gina10\"},\"image\":{\"@id\":\"https:\/\/pagina10.com\/web\/#\/schema\/logo\/image\/\"},\"sameAs\":[\"https:\/\/www.facebook.com\/pag10com\",\"https:\/\/x.com\/Pag10com\",\"https:\/\/www.instagram.com\/pagina10col\/\",\"https:\/\/youtube.com\/channel\/pag10\",\"https:\/\/www.tiktok.com\/@p10col\"]},{\"@type\":\"Person\",\"@id\":\"https:\/\/pagina10.com\/web\/#\/schema\/person\/2efc4a090d25b667d3bc796798a3a81b\",\"name\":\"P\u00e1gina 10\",\"description\":\"P\u00e1gina 10 es un peri\u00f3dico regional que nace en Colombia, en el departamento de Nari\u00f1o, con un enfoque global, fundamentado en cuatro pilares esenciales: la libertad, el pluralismo, la inclusi\u00f3n y la independencia. P\u00e1gina 10 hace referencia a Nari\u00f1o como el d\u00e9cimo departamento creado en Colombia, despu\u00e9s de un proceso pol\u00edtico liderado por actores y actrices regionales con el fin de obtener la independencia y autonom\u00eda de nuestros territorios. Con la creaci\u00f3n de P\u00e1gina 10 se pretende abrir un escenario para el dialogo, la reflexi\u00f3n y el debate que se extienda a otras geograf\u00edas de Am\u00e9rica Latina y del planeta, en una apuesta por transformar colectivamente los desaf\u00edos de un mundo contempor\u00e1neo, m\u00e1s all\u00e1 de las fronteras impuestas.\",\"url\":\"https:\/\/pagina10.com\/web\/author\/pdiezadmin\/\"}]}<\/script>\n<!-- \/ Yoast SEO plugin. -->","yoast_head_json":{"title":"Se posesion\u00f3 Consejo Departamental de Cultura de Nari\u00f1o | P\u00e1gina10","robots":{"index":"index","follow":"follow","max-snippet":"max-snippet:-1","max-image-preview":"max-image-preview:large","max-video-preview":"max-video-preview:-1"},"canonical":"https:\/\/pagina10.com\/web\/se-posesiono-consejo-departamental-de-cultura-de-narino\/","og_locale":"es_ES","og_type":"article","og_title":"Se posesion\u00f3 Consejo Departamental de Cultura de Nari\u00f1o | P\u00e1gina10","og_description":"Se cumpli\u00f3 en las instalaciones del Hotel Morasurco de la ciudad de Pasto, el acto de posesi\u00f3n del Consejo Departamental de Cultura de Nari\u00f1o, as\u00ed como la primera sesi\u00f3n del mismo, en donde fue elegido como Presidente de esta instancia cultural el escritor nari\u00f1ense, Mauricio Chaves Bustos. \u201cEste consejo tiene una gran ventaja y es [&hellip;]","og_url":"https:\/\/pagina10.com\/web\/se-posesiono-consejo-departamental-de-cultura-de-narino\/","og_site_name":"P\u00e1gina10","article_publisher":"https:\/\/www.facebook.com\/pag10com","article_published_time":"2021-08-26T15:25:49+00:00","og_image":[{"width":980,"height":527,"url":"https:\/\/pagina10.com\/web\/wp-content\/uploads\/2021\/08\/0748-980x527-1.jpg","type":"image\/jpeg"}],"author":"P\u00e1gina 10","twitter_card":"summary_large_image","twitter_creator":"@Pag10com","twitter_site":"@Pag10com","twitter_misc":{"Escrito por":"P\u00e1gina 10","Tiempo de lectura":"1 minuto"},"schema":{"@context":"https:\/\/schema.org","@graph":[{"@type":"Article","@id":"https:\/\/pagina10.com\/web\/se-posesiono-consejo-departamental-de-cultura-de-narino\/#article","isPartOf":{"@id":"https:\/\/pagina10.com\/web\/se-posesiono-consejo-departamental-de-cultura-de-narino\/"},"author":{"name":"P\u00e1gina 10","@id":"https:\/\/pagina10.com\/web\/#\/schema\/person\/2efc4a090d25b667d3bc796798a3a81b"},"headline":"Se posesion\u00f3 Consejo Departamental de Cultura de Nari\u00f1o","datePublished":"2021-08-26T15:25:49+00:00","mainEntityOfPage":{"@id":"https:\/\/pagina10.com\/web\/se-posesiono-consejo-departamental-de-cultura-de-narino\/"},"wordCount":229,"commentCount":0,"publisher":{"@id":"https:\/\/pagina10.com\/web\/#organization"},"image":{"@id":"https:\/\/pagina10.com\/web\/se-posesiono-consejo-departamental-de-cultura-de-narino\/#primaryimage"},"thumbnailUrl":"https:\/\/pagina10.com\/web\/wp-content\/uploads\/2021\/08\/0748-980x527-1.jpg","articleSection":["Nari\u00f1o Actual"],"inLanguage":"es","potentialAction":[{"@type":"CommentAction","name":"Comment","target":["https:\/\/pagina10.com\/web\/se-posesiono-consejo-departamental-de-cultura-de-narino\/#respond"]}]},{"@type":"WebPage","@id":"https:\/\/pagina10.com\/web\/se-posesiono-consejo-departamental-de-cultura-de-narino\/","url":"https:\/\/pagina10.com\/web\/se-posesiono-consejo-departamental-de-cultura-de-narino\/","name":"Se posesion\u00f3 Consejo Departamental de Cultura de Nari\u00f1o | P\u00e1gina10","isPartOf":{"@id":"https:\/\/pagina10.com\/web\/#website"},"primaryImageOfPage":{"@id":"https:\/\/pagina10.com\/web\/se-posesiono-consejo-departamental-de-cultura-de-narino\/#primaryimage"},"image":{"@id":"https:\/\/pagina10.com\/web\/se-posesiono-consejo-departamental-de-cultura-de-narino\/#primaryimage"},"thumbnailUrl":"https:\/\/pagina10.com\/web\/wp-content\/uploads\/2021\/08\/0748-980x527-1.jpg","datePublished":"2021-08-26T15:25:49+00:00","breadcrumb":{"@id":"https:\/\/pagina10.com\/web\/se-posesiono-consejo-departamental-de-cultura-de-narino\/#breadcrumb"},"inLanguage":"es","potentialAction":[{"@type":"ReadAction","target":["https:\/\/pagina10.com\/web\/se-posesiono-consejo-departamental-de-cultura-de-narino\/"]}]},{"@type":"ImageObject","inLanguage":"es","@id":"https:\/\/pagina10.com\/web\/se-posesiono-consejo-departamental-de-cultura-de-narino\/#primaryimage","url":"https:\/\/pagina10.com\/web\/wp-content\/uploads\/2021\/08\/0748-980x527-1.jpg","contentUrl":"https:\/\/pagina10.com\/web\/wp-content\/uploads\/2021\/08\/0748-980x527-1.jpg","width":980,"height":527},{"@type":"BreadcrumbList","@id":"https:\/\/pagina10.com\/web\/se-posesiono-consejo-departamental-de-cultura-de-narino\/#breadcrumb","itemListElement":[{"@type":"ListItem","position":1,"name":"Portada","item":"https:\/\/pagina10.com\/web\/"},{"@type":"ListItem","position":2,"name":"Se posesion\u00f3 Consejo Departamental de Cultura de Nari\u00f1o"}]},{"@type":"WebSite","@id":"https:\/\/pagina10.com\/web\/#website","url":"https:\/\/pagina10.com\/web\/","name":"P\u00e1gina10","description":"Peri\u00f3dico Regional","publisher":{"@id":"https:\/\/pagina10.com\/web\/#organization"},"alternateName":"P\u00e1gina10 Peri\u00f3dico Regional","potentialAction":[{"@type":"SearchAction","target":{"@type":"EntryPoint","urlTemplate":"https:\/\/pagina10.com\/web\/?s={search_term_string}"},"query-input":{"@type":"PropertyValueSpecification","valueRequired":true,"valueName":"search_term_string"}}],"inLanguage":"es"},{"@type":"Organization","@id":"https:\/\/pagina10.com\/web\/#organization","name":"P\u00e1gina10","alternateName":"P\u00e1gina10 Peri\u00f3dico Regional","url":"https:\/\/pagina10.com\/web\/","logo":{"@type":"ImageObject","inLanguage":"es","@id":"https:\/\/pagina10.com\/web\/#\/schema\/logo\/image\/","url":"https:\/\/pagina10.com\/web\/wp-content\/uploads\/2024\/01\/40-pagina-10-periodico-regional-pasto.jpg","contentUrl":"https:\/\/pagina10.com\/web\/wp-content\/uploads\/2024\/01\/40-pagina-10-periodico-regional-pasto.jpg","width":1280,"height":720,"caption":"P\u00e1gina10"},"image":{"@id":"https:\/\/pagina10.com\/web\/#\/schema\/logo\/image\/"},"sameAs":["https:\/\/www.facebook.com\/pag10com","https:\/\/x.com\/Pag10com","https:\/\/www.instagram.com\/pagina10col\/","https:\/\/youtube.com\/channel\/pag10","https:\/\/www.tiktok.com\/@p10col"]},{"@type":"Person","@id":"https:\/\/pagina10.com\/web\/#\/schema\/person\/2efc4a090d25b667d3bc796798a3a81b","name":"P\u00e1gina 10","description":"P\u00e1gina 10 es un peri\u00f3dico regional que nace en Colombia, en el departamento de Nari\u00f1o, con un enfoque global, fundamentado en cuatro pilares esenciales: la libertad, el pluralismo, la inclusi\u00f3n y la independencia. P\u00e1gina 10 hace referencia a Nari\u00f1o como el d\u00e9cimo departamento creado en Colombia, despu\u00e9s de un proceso pol\u00edtico liderado por actores y actrices regionales con el fin de obtener la independencia y autonom\u00eda de nuestros territorios. Con la creaci\u00f3n de P\u00e1gina 10 se pretende abrir un escenario para el dialogo, la reflexi\u00f3n y el debate que se extienda a otras geograf\u00edas de Am\u00e9rica Latina y del planeta, en una apuesta por transformar colectivamente los desaf\u00edos de un mundo contempor\u00e1neo, m\u00e1s all\u00e1 de las fronteras impuestas.","url":"https:\/\/pagina10.com\/web\/author\/pdiezadmin\/"}]}},"_links":{"self":[{"href":"https:\/\/pagina10.com\/web\/wp-json\/wp\/v2\/posts\/55203","targetHints":{"allow":["GET"]}}],"collection":[{"href":"https:\/\/pagina10.com\/web\/wp-json\/wp\/v2\/posts"}],"about":[{"href":"https:\/\/pagina10.com\/web\/wp-json\/wp\/v2\/types\/post"}],"author":[{"embeddable":true,"href":"https:\/\/pagina10.com\/web\/wp-json\/wp\/v2\/users\/1"}],"replies":[{"embeddable":true,"href":"https:\/\/pagina10.com\/web\/wp-json\/wp\/v2\/comments?post=55203"}],"version-history":[{"count":1,"href":"https:\/\/pagina10.com\/web\/wp-json\/wp\/v2\/posts\/55203\/revisions"}],"predecessor-version":[{"id":55205,"href":"https:\/\/pagina10.com\/web\/wp-json\/wp\/v2\/posts\/55203\/revisions\/55205"}],"wp:featuredmedia":[{"embeddable":true,"href":"https:\/\/pagina10.com\/web\/wp-json\/wp\/v2\/media\/55204"}],"wp:attachment":[{"href":"https:\/\/pagina10.com\/web\/wp-json\/wp\/v2\/media?parent=55203"}],"wp:term":[{"taxonomy":"category","embeddable":true,"href":"https:\/\/pagina10.com\/web\/wp-json\/wp\/v2\/categories?post=55203"},{"taxonomy":"post_tag","embeddable":true,"href":"https:\/\/pagina10.com\/web\/wp-json\/wp\/v2\/tags?post=55203"}],"curies":[{"name":"wp","href":"https:\/\/api.w.org\/{rel}","templated":true}]}}