{"id":55231,"date":"2021-08-27T12:45:23","date_gmt":"2021-08-27T17:45:23","guid":{"rendered":"https:\/\/pagina10.com\/web\/?p=55231"},"modified":"2021-08-27T12:45:23","modified_gmt":"2021-08-27T17:45:23","slug":"por-tic-mujer-cursos-de-formacion-tecnologica-para-las-mujeres-de-narino","status":"publish","type":"post","link":"https:\/\/pagina10.com\/web\/por-tic-mujer-cursos-de-formacion-tecnologica-para-las-mujeres-de-narino\/","title":{"rendered":"\u201cPor TIC Mujer\u201d cursos de formaci\u00f3n tecnol\u00f3gica para las mujeres de Nari\u00f1o"},"content":{"rendered":"<p style=\"text-align: justify;\">El programa #PorTICMujer, busca minimizar la brecha de acceso a la tecnolog\u00eda existente beneficiando un total de 36 mil mujeres a nivel nacional.<\/p>\n<p style=\"text-align: justify;\">Para el departamento de Nari\u00f1o se otorgan 500 cupos para mujeres mayores de 13 a\u00f1os con un plus, la inclusi\u00f3n a poblaci\u00f3n en condici\u00f3n de discapacidad, que quieran conocer m\u00e1s sobre los procesos tecnol\u00f3gicos adem\u00e1s de fortalecer sus emprendimientos a trav\u00e9s del uso de estas herramientas.<\/p>\n<p style=\"text-align: justify;\">Desde el Ministerio de las tecnolog\u00edas y comunicaciones se insta a la comunidad interesada a participar de este proceso, que cierra convocatoria el d\u00eda lunes 30 de agosto. \u201cLos cursos son totalmente gratuitos, de inform\u00e1tica b\u00e1sica y otro de empoderamiento de la mujer quienes pueden aprender de emprendimiento desde casa y utilizar las plataformas de las cuales van a conocer\u201d, indic\u00f3 la Gestora Territorial del MinTIC en Nari\u00f1o, Carol Mu\u00f1oz.<\/p>\n<p style=\"text-align: justify;\">\u201cEstas articulaciones entre la Secretar\u00eda de Equidad de G\u00e9nero e Inclusi\u00f3n Social de la Gobernaci\u00f3n de Nari\u00f1o y el Ministerio de las Comunicaciones, demuestran una vez m\u00e1s que el gobierno territorial est\u00e1 dispuesto a trabajar por todos nuestros grupos poblacionales haciendo de nuestro Departamento, un territorio m\u00e1s incluyente\u201d, se\u00f1al\u00f3 la Secretaria de la SEGIS, Ver\u00f3nica Caicedo.<\/p>\n<p style=\"text-align: justify;\">Los cursos se realizar\u00e1n de manera virtual para las interesadas de los municipios diferentes a Pasto, ya que en la capital de Nari\u00f1o se desarrollar\u00e1n de manera presencial en las instalaciones de la Casa de las Mujeres Empoderadas de Nari\u00f1o en la Carrera 43\u00aa 16B \u2013 62 Barrio La Colina. Para mayor informaci\u00f3n deben comunicarse al celular 3013221206 para realizar el proceso de inscripci\u00f3n antes del 30 de agosto o hasta que el cupo se complete.<\/p>\n","protected":false},"excerpt":{"rendered":"<p>El programa #PorTICMujer, busca minimizar la brecha de acceso a la tecnolog\u00eda existente beneficiando un total de 36 mil mujeres a nivel nacional. Para el departamento de Nari\u00f1o se otorgan 500 cupos para mujeres mayores de 13 a\u00f1os con un plus, la inclusi\u00f3n a poblaci\u00f3n en condici\u00f3n de discapacidad, que quieran conocer m\u00e1s sobre los [&hellip;]<\/p>\n","protected":false},"author":1,"featured_media":55232,"comment_status":"open","ping_status":"open","sticky":false,"template":"","format":"standard","meta":{"footnotes":""},"categories":[53],"tags":[],"class_list":["post-55231","post","type-post","status-publish","format-standard","has-post-thumbnail","hentry","category-regiones"],"yoast_head":"<!-- This site is optimized with the Yoast SEO plugin v27.1.1 - https:\/\/yoast.com\/product\/yoast-seo-wordpress\/ -->\n<title>\u201cPor TIC Mujer\u201d cursos de formaci\u00f3n tecnol\u00f3gica para las mujeres de Nari\u00f1o | P\u00e1gina10<\/title>\n<meta name=\"robots\" content=\"index, follow, max-snippet:-1, max-image-preview:large, max-video-preview:-1\" \/>\n<link rel=\"canonical\" href=\"https:\/\/pagina10.com\/web\/por-tic-mujer-cursos-de-formacion-tecnologica-para-las-mujeres-de-narino\/\" \/>\n<meta property=\"og:locale\" content=\"es_ES\" \/>\n<meta property=\"og:type\" content=\"article\" \/>\n<meta property=\"og:title\" content=\"\u201cPor TIC Mujer\u201d cursos de formaci\u00f3n tecnol\u00f3gica para las mujeres de Nari\u00f1o | P\u00e1gina10\" \/>\n<meta property=\"og:description\" content=\"El programa #PorTICMujer, busca minimizar la brecha de acceso a la tecnolog\u00eda existente beneficiando un total de 36 mil mujeres a nivel nacional. Para el departamento de Nari\u00f1o se otorgan 500 cupos para mujeres mayores de 13 a\u00f1os con un plus, la inclusi\u00f3n a poblaci\u00f3n en condici\u00f3n de discapacidad, que quieran conocer m\u00e1s sobre los [&hellip;]\" \/>\n<meta property=\"og:url\" content=\"https:\/\/pagina10.com\/web\/por-tic-mujer-cursos-de-formacion-tecnologica-para-las-mujeres-de-narino\/\" \/>\n<meta property=\"og:site_name\" content=\"P\u00e1gina10\" \/>\n<meta property=\"article:publisher\" content=\"https:\/\/www.facebook.com\/pag10com\" \/>\n<meta property=\"article:published_time\" content=\"2021-08-27T17:45:23+00:00\" \/>\n<meta property=\"og:image\" content=\"https:\/\/pagina10.com\/web\/wp-content\/uploads\/2021\/08\/235146449_3056395164589572_2895037347424553817_n-1080x675-1.jpg\" \/>\n\t<meta property=\"og:image:width\" content=\"1080\" \/>\n\t<meta property=\"og:image:height\" content=\"675\" \/>\n\t<meta property=\"og:image:type\" content=\"image\/jpeg\" \/>\n<meta name=\"author\" content=\"P\u00e1gina 10\" \/>\n<meta name=\"twitter:card\" content=\"summary_large_image\" \/>\n<meta name=\"twitter:creator\" content=\"@Pag10com\" \/>\n<meta name=\"twitter:site\" content=\"@Pag10com\" \/>\n<meta name=\"twitter:label1\" content=\"Escrito por\" \/>\n\t<meta name=\"twitter:data1\" content=\"P\u00e1gina 10\" \/>\n\t<meta name=\"twitter:label2\" content=\"Tiempo de lectura\" \/>\n\t<meta name=\"twitter:data2\" content=\"1 minuto\" \/>\n<script type=\"application\/ld+json\" class=\"yoast-schema-graph\">{\"@context\":\"https:\/\/schema.org\",\"@graph\":[{\"@type\":\"Article\",\"@id\":\"https:\/\/pagina10.com\/web\/por-tic-mujer-cursos-de-formacion-tecnologica-para-las-mujeres-de-narino\/#article\",\"isPartOf\":{\"@id\":\"https:\/\/pagina10.com\/web\/por-tic-mujer-cursos-de-formacion-tecnologica-para-las-mujeres-de-narino\/\"},\"author\":{\"name\":\"P\u00e1gina 10\",\"@id\":\"https:\/\/pagina10.com\/web\/#\/schema\/person\/2efc4a090d25b667d3bc796798a3a81b\"},\"headline\":\"\u201cPor TIC Mujer\u201d cursos de formaci\u00f3n tecnol\u00f3gica para las mujeres de Nari\u00f1o\",\"datePublished\":\"2021-08-27T17:45:23+00:00\",\"mainEntityOfPage\":{\"@id\":\"https:\/\/pagina10.com\/web\/por-tic-mujer-cursos-de-formacion-tecnologica-para-las-mujeres-de-narino\/\"},\"wordCount\":308,\"commentCount\":0,\"publisher\":{\"@id\":\"https:\/\/pagina10.com\/web\/#organization\"},\"image\":{\"@id\":\"https:\/\/pagina10.com\/web\/por-tic-mujer-cursos-de-formacion-tecnologica-para-las-mujeres-de-narino\/#primaryimage\"},\"thumbnailUrl\":\"https:\/\/pagina10.com\/web\/wp-content\/uploads\/2021\/08\/235146449_3056395164589572_2895037347424553817_n-1080x675-1.jpg\",\"articleSection\":[\"Regiones\"],\"inLanguage\":\"es\",\"potentialAction\":[{\"@type\":\"CommentAction\",\"name\":\"Comment\",\"target\":[\"https:\/\/pagina10.com\/web\/por-tic-mujer-cursos-de-formacion-tecnologica-para-las-mujeres-de-narino\/#respond\"]}]},{\"@type\":\"WebPage\",\"@id\":\"https:\/\/pagina10.com\/web\/por-tic-mujer-cursos-de-formacion-tecnologica-para-las-mujeres-de-narino\/\",\"url\":\"https:\/\/pagina10.com\/web\/por-tic-mujer-cursos-de-formacion-tecnologica-para-las-mujeres-de-narino\/\",\"name\":\"\u201cPor TIC Mujer\u201d cursos de formaci\u00f3n tecnol\u00f3gica para las mujeres de Nari\u00f1o | P\u00e1gina10\",\"isPartOf\":{\"@id\":\"https:\/\/pagina10.com\/web\/#website\"},\"primaryImageOfPage\":{\"@id\":\"https:\/\/pagina10.com\/web\/por-tic-mujer-cursos-de-formacion-tecnologica-para-las-mujeres-de-narino\/#primaryimage\"},\"image\":{\"@id\":\"https:\/\/pagina10.com\/web\/por-tic-mujer-cursos-de-formacion-tecnologica-para-las-mujeres-de-narino\/#primaryimage\"},\"thumbnailUrl\":\"https:\/\/pagina10.com\/web\/wp-content\/uploads\/2021\/08\/235146449_3056395164589572_2895037347424553817_n-1080x675-1.jpg\",\"datePublished\":\"2021-08-27T17:45:23+00:00\",\"breadcrumb\":{\"@id\":\"https:\/\/pagina10.com\/web\/por-tic-mujer-cursos-de-formacion-tecnologica-para-las-mujeres-de-narino\/#breadcrumb\"},\"inLanguage\":\"es\",\"potentialAction\":[{\"@type\":\"ReadAction\",\"target\":[\"https:\/\/pagina10.com\/web\/por-tic-mujer-cursos-de-formacion-tecnologica-para-las-mujeres-de-narino\/\"]}]},{\"@type\":\"ImageObject\",\"inLanguage\":\"es\",\"@id\":\"https:\/\/pagina10.com\/web\/por-tic-mujer-cursos-de-formacion-tecnologica-para-las-mujeres-de-narino\/#primaryimage\",\"url\":\"https:\/\/pagina10.com\/web\/wp-content\/uploads\/2021\/08\/235146449_3056395164589572_2895037347424553817_n-1080x675-1.jpg\",\"contentUrl\":\"https:\/\/pagina10.com\/web\/wp-content\/uploads\/2021\/08\/235146449_3056395164589572_2895037347424553817_n-1080x675-1.jpg\",\"width\":1080,\"height\":675},{\"@type\":\"BreadcrumbList\",\"@id\":\"https:\/\/pagina10.com\/web\/por-tic-mujer-cursos-de-formacion-tecnologica-para-las-mujeres-de-narino\/#breadcrumb\",\"itemListElement\":[{\"@type\":\"ListItem\",\"position\":1,\"name\":\"Portada\",\"item\":\"https:\/\/pagina10.com\/web\/\"},{\"@type\":\"ListItem\",\"position\":2,\"name\":\"\u201cPor TIC Mujer\u201d cursos de formaci\u00f3n tecnol\u00f3gica para las mujeres de Nari\u00f1o\"}]},{\"@type\":\"WebSite\",\"@id\":\"https:\/\/pagina10.com\/web\/#website\",\"url\":\"https:\/\/pagina10.com\/web\/\",\"name\":\"P\u00e1gina10\",\"description\":\"Peri\u00f3dico Regional\",\"publisher\":{\"@id\":\"https:\/\/pagina10.com\/web\/#organization\"},\"alternateName\":\"P\u00e1gina10 Peri\u00f3dico Regional\",\"potentialAction\":[{\"@type\":\"SearchAction\",\"target\":{\"@type\":\"EntryPoint\",\"urlTemplate\":\"https:\/\/pagina10.com\/web\/?s={search_term_string}\"},\"query-input\":{\"@type\":\"PropertyValueSpecification\",\"valueRequired\":true,\"valueName\":\"search_term_string\"}}],\"inLanguage\":\"es\"},{\"@type\":\"Organization\",\"@id\":\"https:\/\/pagina10.com\/web\/#organization\",\"name\":\"P\u00e1gina10\",\"alternateName\":\"P\u00e1gina10 Peri\u00f3dico Regional\",\"url\":\"https:\/\/pagina10.com\/web\/\",\"logo\":{\"@type\":\"ImageObject\",\"inLanguage\":\"es\",\"@id\":\"https:\/\/pagina10.com\/web\/#\/schema\/logo\/image\/\",\"url\":\"https:\/\/pagina10.com\/web\/wp-content\/uploads\/2024\/01\/40-pagina-10-periodico-regional-pasto.jpg\",\"contentUrl\":\"https:\/\/pagina10.com\/web\/wp-content\/uploads\/2024\/01\/40-pagina-10-periodico-regional-pasto.jpg\",\"width\":1280,\"height\":720,\"caption\":\"P\u00e1gina10\"},\"image\":{\"@id\":\"https:\/\/pagina10.com\/web\/#\/schema\/logo\/image\/\"},\"sameAs\":[\"https:\/\/www.facebook.com\/pag10com\",\"https:\/\/x.com\/Pag10com\",\"https:\/\/www.instagram.com\/pagina10col\/\",\"https:\/\/youtube.com\/channel\/pag10\",\"https:\/\/www.tiktok.com\/@p10col\"]},{\"@type\":\"Person\",\"@id\":\"https:\/\/pagina10.com\/web\/#\/schema\/person\/2efc4a090d25b667d3bc796798a3a81b\",\"name\":\"P\u00e1gina 10\",\"description\":\"P\u00e1gina 10 es un peri\u00f3dico regional que nace en Colombia, en el departamento de Nari\u00f1o, con un enfoque global, fundamentado en cuatro pilares esenciales: la libertad, el pluralismo, la inclusi\u00f3n y la independencia. P\u00e1gina 10 hace referencia a Nari\u00f1o como el d\u00e9cimo departamento creado en Colombia, despu\u00e9s de un proceso pol\u00edtico liderado por actores y actrices regionales con el fin de obtener la independencia y autonom\u00eda de nuestros territorios. Con la creaci\u00f3n de P\u00e1gina 10 se pretende abrir un escenario para el dialogo, la reflexi\u00f3n y el debate que se extienda a otras geograf\u00edas de Am\u00e9rica Latina y del planeta, en una apuesta por transformar colectivamente los desaf\u00edos de un mundo contempor\u00e1neo, m\u00e1s all\u00e1 de las fronteras impuestas.\",\"url\":\"https:\/\/pagina10.com\/web\/author\/pdiezadmin\/\"}]}<\/script>\n<!-- \/ Yoast SEO plugin. -->","yoast_head_json":{"title":"\u201cPor TIC Mujer\u201d cursos de formaci\u00f3n tecnol\u00f3gica para las mujeres de Nari\u00f1o | P\u00e1gina10","robots":{"index":"index","follow":"follow","max-snippet":"max-snippet:-1","max-image-preview":"max-image-preview:large","max-video-preview":"max-video-preview:-1"},"canonical":"https:\/\/pagina10.com\/web\/por-tic-mujer-cursos-de-formacion-tecnologica-para-las-mujeres-de-narino\/","og_locale":"es_ES","og_type":"article","og_title":"\u201cPor TIC Mujer\u201d cursos de formaci\u00f3n tecnol\u00f3gica para las mujeres de Nari\u00f1o | P\u00e1gina10","og_description":"El programa #PorTICMujer, busca minimizar la brecha de acceso a la tecnolog\u00eda existente beneficiando un total de 36 mil mujeres a nivel nacional. Para el departamento de Nari\u00f1o se otorgan 500 cupos para mujeres mayores de 13 a\u00f1os con un plus, la inclusi\u00f3n a poblaci\u00f3n en condici\u00f3n de discapacidad, que quieran conocer m\u00e1s sobre los [&hellip;]","og_url":"https:\/\/pagina10.com\/web\/por-tic-mujer-cursos-de-formacion-tecnologica-para-las-mujeres-de-narino\/","og_site_name":"P\u00e1gina10","article_publisher":"https:\/\/www.facebook.com\/pag10com","article_published_time":"2021-08-27T17:45:23+00:00","og_image":[{"width":1080,"height":675,"url":"https:\/\/pagina10.com\/web\/wp-content\/uploads\/2021\/08\/235146449_3056395164589572_2895037347424553817_n-1080x675-1.jpg","type":"image\/jpeg"}],"author":"P\u00e1gina 10","twitter_card":"summary_large_image","twitter_creator":"@Pag10com","twitter_site":"@Pag10com","twitter_misc":{"Escrito por":"P\u00e1gina 10","Tiempo de lectura":"1 minuto"},"schema":{"@context":"https:\/\/schema.org","@graph":[{"@type":"Article","@id":"https:\/\/pagina10.com\/web\/por-tic-mujer-cursos-de-formacion-tecnologica-para-las-mujeres-de-narino\/#article","isPartOf":{"@id":"https:\/\/pagina10.com\/web\/por-tic-mujer-cursos-de-formacion-tecnologica-para-las-mujeres-de-narino\/"},"author":{"name":"P\u00e1gina 10","@id":"https:\/\/pagina10.com\/web\/#\/schema\/person\/2efc4a090d25b667d3bc796798a3a81b"},"headline":"\u201cPor TIC Mujer\u201d cursos de formaci\u00f3n tecnol\u00f3gica para las mujeres de Nari\u00f1o","datePublished":"2021-08-27T17:45:23+00:00","mainEntityOfPage":{"@id":"https:\/\/pagina10.com\/web\/por-tic-mujer-cursos-de-formacion-tecnologica-para-las-mujeres-de-narino\/"},"wordCount":308,"commentCount":0,"publisher":{"@id":"https:\/\/pagina10.com\/web\/#organization"},"image":{"@id":"https:\/\/pagina10.com\/web\/por-tic-mujer-cursos-de-formacion-tecnologica-para-las-mujeres-de-narino\/#primaryimage"},"thumbnailUrl":"https:\/\/pagina10.com\/web\/wp-content\/uploads\/2021\/08\/235146449_3056395164589572_2895037347424553817_n-1080x675-1.jpg","articleSection":["Regiones"],"inLanguage":"es","potentialAction":[{"@type":"CommentAction","name":"Comment","target":["https:\/\/pagina10.com\/web\/por-tic-mujer-cursos-de-formacion-tecnologica-para-las-mujeres-de-narino\/#respond"]}]},{"@type":"WebPage","@id":"https:\/\/pagina10.com\/web\/por-tic-mujer-cursos-de-formacion-tecnologica-para-las-mujeres-de-narino\/","url":"https:\/\/pagina10.com\/web\/por-tic-mujer-cursos-de-formacion-tecnologica-para-las-mujeres-de-narino\/","name":"\u201cPor TIC Mujer\u201d cursos de formaci\u00f3n tecnol\u00f3gica para las mujeres de Nari\u00f1o | P\u00e1gina10","isPartOf":{"@id":"https:\/\/pagina10.com\/web\/#website"},"primaryImageOfPage":{"@id":"https:\/\/pagina10.com\/web\/por-tic-mujer-cursos-de-formacion-tecnologica-para-las-mujeres-de-narino\/#primaryimage"},"image":{"@id":"https:\/\/pagina10.com\/web\/por-tic-mujer-cursos-de-formacion-tecnologica-para-las-mujeres-de-narino\/#primaryimage"},"thumbnailUrl":"https:\/\/pagina10.com\/web\/wp-content\/uploads\/2021\/08\/235146449_3056395164589572_2895037347424553817_n-1080x675-1.jpg","datePublished":"2021-08-27T17:45:23+00:00","breadcrumb":{"@id":"https:\/\/pagina10.com\/web\/por-tic-mujer-cursos-de-formacion-tecnologica-para-las-mujeres-de-narino\/#breadcrumb"},"inLanguage":"es","potentialAction":[{"@type":"ReadAction","target":["https:\/\/pagina10.com\/web\/por-tic-mujer-cursos-de-formacion-tecnologica-para-las-mujeres-de-narino\/"]}]},{"@type":"ImageObject","inLanguage":"es","@id":"https:\/\/pagina10.com\/web\/por-tic-mujer-cursos-de-formacion-tecnologica-para-las-mujeres-de-narino\/#primaryimage","url":"https:\/\/pagina10.com\/web\/wp-content\/uploads\/2021\/08\/235146449_3056395164589572_2895037347424553817_n-1080x675-1.jpg","contentUrl":"https:\/\/pagina10.com\/web\/wp-content\/uploads\/2021\/08\/235146449_3056395164589572_2895037347424553817_n-1080x675-1.jpg","width":1080,"height":675},{"@type":"BreadcrumbList","@id":"https:\/\/pagina10.com\/web\/por-tic-mujer-cursos-de-formacion-tecnologica-para-las-mujeres-de-narino\/#breadcrumb","itemListElement":[{"@type":"ListItem","position":1,"name":"Portada","item":"https:\/\/pagina10.com\/web\/"},{"@type":"ListItem","position":2,"name":"\u201cPor TIC Mujer\u201d cursos de formaci\u00f3n tecnol\u00f3gica para las mujeres de Nari\u00f1o"}]},{"@type":"WebSite","@id":"https:\/\/pagina10.com\/web\/#website","url":"https:\/\/pagina10.com\/web\/","name":"P\u00e1gina10","description":"Peri\u00f3dico Regional","publisher":{"@id":"https:\/\/pagina10.com\/web\/#organization"},"alternateName":"P\u00e1gina10 Peri\u00f3dico Regional","potentialAction":[{"@type":"SearchAction","target":{"@type":"EntryPoint","urlTemplate":"https:\/\/pagina10.com\/web\/?s={search_term_string}"},"query-input":{"@type":"PropertyValueSpecification","valueRequired":true,"valueName":"search_term_string"}}],"inLanguage":"es"},{"@type":"Organization","@id":"https:\/\/pagina10.com\/web\/#organization","name":"P\u00e1gina10","alternateName":"P\u00e1gina10 Peri\u00f3dico Regional","url":"https:\/\/pagina10.com\/web\/","logo":{"@type":"ImageObject","inLanguage":"es","@id":"https:\/\/pagina10.com\/web\/#\/schema\/logo\/image\/","url":"https:\/\/pagina10.com\/web\/wp-content\/uploads\/2024\/01\/40-pagina-10-periodico-regional-pasto.jpg","contentUrl":"https:\/\/pagina10.com\/web\/wp-content\/uploads\/2024\/01\/40-pagina-10-periodico-regional-pasto.jpg","width":1280,"height":720,"caption":"P\u00e1gina10"},"image":{"@id":"https:\/\/pagina10.com\/web\/#\/schema\/logo\/image\/"},"sameAs":["https:\/\/www.facebook.com\/pag10com","https:\/\/x.com\/Pag10com","https:\/\/www.instagram.com\/pagina10col\/","https:\/\/youtube.com\/channel\/pag10","https:\/\/www.tiktok.com\/@p10col"]},{"@type":"Person","@id":"https:\/\/pagina10.com\/web\/#\/schema\/person\/2efc4a090d25b667d3bc796798a3a81b","name":"P\u00e1gina 10","description":"P\u00e1gina 10 es un peri\u00f3dico regional que nace en Colombia, en el departamento de Nari\u00f1o, con un enfoque global, fundamentado en cuatro pilares esenciales: la libertad, el pluralismo, la inclusi\u00f3n y la independencia. P\u00e1gina 10 hace referencia a Nari\u00f1o como el d\u00e9cimo departamento creado en Colombia, despu\u00e9s de un proceso pol\u00edtico liderado por actores y actrices regionales con el fin de obtener la independencia y autonom\u00eda de nuestros territorios. Con la creaci\u00f3n de P\u00e1gina 10 se pretende abrir un escenario para el dialogo, la reflexi\u00f3n y el debate que se extienda a otras geograf\u00edas de Am\u00e9rica Latina y del planeta, en una apuesta por transformar colectivamente los desaf\u00edos de un mundo contempor\u00e1neo, m\u00e1s all\u00e1 de las fronteras impuestas.","url":"https:\/\/pagina10.com\/web\/author\/pdiezadmin\/"}]}},"_links":{"self":[{"href":"https:\/\/pagina10.com\/web\/wp-json\/wp\/v2\/posts\/55231","targetHints":{"allow":["GET"]}}],"collection":[{"href":"https:\/\/pagina10.com\/web\/wp-json\/wp\/v2\/posts"}],"about":[{"href":"https:\/\/pagina10.com\/web\/wp-json\/wp\/v2\/types\/post"}],"author":[{"embeddable":true,"href":"https:\/\/pagina10.com\/web\/wp-json\/wp\/v2\/users\/1"}],"replies":[{"embeddable":true,"href":"https:\/\/pagina10.com\/web\/wp-json\/wp\/v2\/comments?post=55231"}],"version-history":[{"count":1,"href":"https:\/\/pagina10.com\/web\/wp-json\/wp\/v2\/posts\/55231\/revisions"}],"predecessor-version":[{"id":55233,"href":"https:\/\/pagina10.com\/web\/wp-json\/wp\/v2\/posts\/55231\/revisions\/55233"}],"wp:featuredmedia":[{"embeddable":true,"href":"https:\/\/pagina10.com\/web\/wp-json\/wp\/v2\/media\/55232"}],"wp:attachment":[{"href":"https:\/\/pagina10.com\/web\/wp-json\/wp\/v2\/media?parent=55231"}],"wp:term":[{"taxonomy":"category","embeddable":true,"href":"https:\/\/pagina10.com\/web\/wp-json\/wp\/v2\/categories?post=55231"},{"taxonomy":"post_tag","embeddable":true,"href":"https:\/\/pagina10.com\/web\/wp-json\/wp\/v2\/tags?post=55231"}],"curies":[{"name":"wp","href":"https:\/\/api.w.org\/{rel}","templated":true}]}}