{"id":55238,"date":"2021-08-28T15:16:54","date_gmt":"2021-08-28T20:16:54","guid":{"rendered":"https:\/\/pagina10.com\/web\/?p=55238"},"modified":"2021-08-28T15:17:39","modified_gmt":"2021-08-28T20:17:39","slug":"se-desarrollo-el-primer-encuentro-de-secretarias-de-gobierno-municipales-de-narino","status":"publish","type":"post","link":"https:\/\/pagina10.com\/web\/se-desarrollo-el-primer-encuentro-de-secretarias-de-gobierno-municipales-de-narino\/","title":{"rendered":"Se desarroll\u00f3 el primer encuentro de Secretar\u00edas de Gobierno municipales de Nari\u00f1o"},"content":{"rendered":"<p style=\"text-align: justify;\">Se desarroll\u00f3 el primer encuentro departamental de Secretar\u00edas de Gobierno municipales, \u2018Por la paz, los Derechos Humanos y las v\u00edctimas de Nari\u00f1o\u2019 con el objetivo de liderar, orientar y coordinar la formulaci\u00f3n, adopci\u00f3n y ejecuci\u00f3n de pol\u00edticas, planes programas y proyectos necesarios para el mejoramiento de la gesti\u00f3n p\u00fablica local y la consolidaci\u00f3n de los procesos de la gobernabilidad local.<\/p>\n<p style=\"text-align: justify;\">El Subsecretario de Paz y Derechos Humanos, Amilcar Pantoja, inform\u00f3: \u201cSe est\u00e1 llevando a cabo este primer encuentro de manera presencial para hablar sobre temas de paz y Derechos Humanos, donde queremos agradecer a los municipios que participan en esta jornada en pro del bienestar social y haremos compromisos para mejorar la calidad de vida de nuestros habitantes\u201d.<\/p>\n<p style=\"text-align: justify;\">Dentro de esta jornada los secretarios municipales expusieron sus necesidades para crear herramientas de apoyo institucional para los 64 municipios del Departamento. \u201cCreemos que es necesario hacer una articulaci\u00f3n, Naci\u00f3n, territorio pero una de las cosas m\u00e1s puntuales es la responsabilidad y el compromiso frente a la paz, Derechos Humanos y Derecho Internacional Humanitario, no solo con apoyo t\u00e9cnico, sino material para enfrentar las dificultades de conflicto armado y los resultados del mismo\u201d, puntualiz\u00f3 el Secretario de Gobierno de Leiva, Luis chaves.<\/p>\n<p style=\"text-align: justify;\">\u201cEste espacio donde nos convocan a las instituciones de orden nacional. departamental y local es fundamental para aunar esfuerzos en pro de la paz de los Derechos Humanos. Esta iniciativa del se\u00f1or Gobernador, Secretario y Subsecretario de Gobierno permite generar un espacio de di\u00e1logo para dar a conocer el que hacer de las instituciones en pro de los Derechos Humanos y nos permite conocer esas necesidades de manera m\u00e1s efectiva\u201d, indic\u00f3 Marcia Cecilia Yepes, profesional de Prosperidad Social.<\/p>\n<p style=\"text-align: justify;\">\n","protected":false},"excerpt":{"rendered":"<p>Se desarroll\u00f3 el primer encuentro departamental de Secretar\u00edas de Gobierno municipales, \u2018Por la paz, los Derechos Humanos y las v\u00edctimas de Nari\u00f1o\u2019 con el objetivo de liderar, orientar y coordinar la formulaci\u00f3n, adopci\u00f3n y ejecuci\u00f3n de pol\u00edticas, planes programas y proyectos necesarios para el mejoramiento de la gesti\u00f3n p\u00fablica local y la consolidaci\u00f3n de los [&hellip;]<\/p>\n","protected":false},"author":1,"featured_media":55239,"comment_status":"open","ping_status":"open","sticky":false,"template":"","format":"standard","meta":{"footnotes":""},"categories":[14],"tags":[],"class_list":["post-55238","post","type-post","status-publish","format-standard","has-post-thumbnail","hentry","category-narino-actual"],"yoast_head":"<!-- This site is optimized with the Yoast SEO plugin v27.1.1 - https:\/\/yoast.com\/product\/yoast-seo-wordpress\/ -->\n<title>Se desarroll\u00f3 el primer encuentro de Secretar\u00edas de Gobierno municipales de Nari\u00f1o | P\u00e1gina10<\/title>\n<meta name=\"robots\" content=\"index, follow, max-snippet:-1, max-image-preview:large, max-video-preview:-1\" \/>\n<link rel=\"canonical\" href=\"https:\/\/pagina10.com\/web\/se-desarrollo-el-primer-encuentro-de-secretarias-de-gobierno-municipales-de-narino\/\" \/>\n<meta property=\"og:locale\" content=\"es_ES\" \/>\n<meta property=\"og:type\" content=\"article\" \/>\n<meta property=\"og:title\" content=\"Se desarroll\u00f3 el primer encuentro de Secretar\u00edas de Gobierno municipales de Nari\u00f1o | P\u00e1gina10\" \/>\n<meta property=\"og:description\" content=\"Se desarroll\u00f3 el primer encuentro departamental de Secretar\u00edas de Gobierno municipales, \u2018Por la paz, los Derechos Humanos y las v\u00edctimas de Nari\u00f1o\u2019 con el objetivo de liderar, orientar y coordinar la formulaci\u00f3n, adopci\u00f3n y ejecuci\u00f3n de pol\u00edticas, planes programas y proyectos necesarios para el mejoramiento de la gesti\u00f3n p\u00fablica local y la consolidaci\u00f3n de los [&hellip;]\" \/>\n<meta property=\"og:url\" content=\"https:\/\/pagina10.com\/web\/se-desarrollo-el-primer-encuentro-de-secretarias-de-gobierno-municipales-de-narino\/\" \/>\n<meta property=\"og:site_name\" content=\"P\u00e1gina10\" \/>\n<meta property=\"article:publisher\" content=\"https:\/\/www.facebook.com\/pag10com\" \/>\n<meta property=\"article:published_time\" content=\"2021-08-28T20:16:54+00:00\" \/>\n<meta property=\"article:modified_time\" content=\"2021-08-28T20:17:39+00:00\" \/>\n<meta property=\"og:image\" content=\"https:\/\/pagina10.com\/web\/wp-content\/uploads\/2021\/08\/WhatsApp-Image-2021-08-26-at-10.50.12-PM-1080x675-1.jpeg\" \/>\n\t<meta property=\"og:image:width\" content=\"1080\" \/>\n\t<meta property=\"og:image:height\" content=\"675\" \/>\n\t<meta property=\"og:image:type\" content=\"image\/jpeg\" \/>\n<meta name=\"author\" content=\"P\u00e1gina 10\" \/>\n<meta name=\"twitter:card\" content=\"summary_large_image\" \/>\n<meta name=\"twitter:creator\" content=\"@Pag10com\" \/>\n<meta name=\"twitter:site\" content=\"@Pag10com\" \/>\n<meta name=\"twitter:label1\" content=\"Escrito por\" \/>\n\t<meta name=\"twitter:data1\" content=\"P\u00e1gina 10\" \/>\n\t<meta name=\"twitter:label2\" content=\"Tiempo de lectura\" \/>\n\t<meta name=\"twitter:data2\" content=\"1 minuto\" \/>\n<script type=\"application\/ld+json\" class=\"yoast-schema-graph\">{\"@context\":\"https:\/\/schema.org\",\"@graph\":[{\"@type\":\"Article\",\"@id\":\"https:\/\/pagina10.com\/web\/se-desarrollo-el-primer-encuentro-de-secretarias-de-gobierno-municipales-de-narino\/#article\",\"isPartOf\":{\"@id\":\"https:\/\/pagina10.com\/web\/se-desarrollo-el-primer-encuentro-de-secretarias-de-gobierno-municipales-de-narino\/\"},\"author\":{\"name\":\"P\u00e1gina 10\",\"@id\":\"https:\/\/pagina10.com\/web\/#\/schema\/person\/2efc4a090d25b667d3bc796798a3a81b\"},\"headline\":\"Se desarroll\u00f3 el primer encuentro de Secretar\u00edas de Gobierno municipales de Nari\u00f1o\",\"datePublished\":\"2021-08-28T20:16:54+00:00\",\"dateModified\":\"2021-08-28T20:17:39+00:00\",\"mainEntityOfPage\":{\"@id\":\"https:\/\/pagina10.com\/web\/se-desarrollo-el-primer-encuentro-de-secretarias-de-gobierno-municipales-de-narino\/\"},\"wordCount\":308,\"commentCount\":0,\"publisher\":{\"@id\":\"https:\/\/pagina10.com\/web\/#organization\"},\"image\":{\"@id\":\"https:\/\/pagina10.com\/web\/se-desarrollo-el-primer-encuentro-de-secretarias-de-gobierno-municipales-de-narino\/#primaryimage\"},\"thumbnailUrl\":\"https:\/\/pagina10.com\/web\/wp-content\/uploads\/2021\/08\/WhatsApp-Image-2021-08-26-at-10.50.12-PM-1080x675-1.jpeg\",\"articleSection\":[\"Nari\u00f1o Actual\"],\"inLanguage\":\"es\",\"potentialAction\":[{\"@type\":\"CommentAction\",\"name\":\"Comment\",\"target\":[\"https:\/\/pagina10.com\/web\/se-desarrollo-el-primer-encuentro-de-secretarias-de-gobierno-municipales-de-narino\/#respond\"]}]},{\"@type\":\"WebPage\",\"@id\":\"https:\/\/pagina10.com\/web\/se-desarrollo-el-primer-encuentro-de-secretarias-de-gobierno-municipales-de-narino\/\",\"url\":\"https:\/\/pagina10.com\/web\/se-desarrollo-el-primer-encuentro-de-secretarias-de-gobierno-municipales-de-narino\/\",\"name\":\"Se desarroll\u00f3 el primer encuentro de Secretar\u00edas de Gobierno municipales de Nari\u00f1o | P\u00e1gina10\",\"isPartOf\":{\"@id\":\"https:\/\/pagina10.com\/web\/#website\"},\"primaryImageOfPage\":{\"@id\":\"https:\/\/pagina10.com\/web\/se-desarrollo-el-primer-encuentro-de-secretarias-de-gobierno-municipales-de-narino\/#primaryimage\"},\"image\":{\"@id\":\"https:\/\/pagina10.com\/web\/se-desarrollo-el-primer-encuentro-de-secretarias-de-gobierno-municipales-de-narino\/#primaryimage\"},\"thumbnailUrl\":\"https:\/\/pagina10.com\/web\/wp-content\/uploads\/2021\/08\/WhatsApp-Image-2021-08-26-at-10.50.12-PM-1080x675-1.jpeg\",\"datePublished\":\"2021-08-28T20:16:54+00:00\",\"dateModified\":\"2021-08-28T20:17:39+00:00\",\"breadcrumb\":{\"@id\":\"https:\/\/pagina10.com\/web\/se-desarrollo-el-primer-encuentro-de-secretarias-de-gobierno-municipales-de-narino\/#breadcrumb\"},\"inLanguage\":\"es\",\"potentialAction\":[{\"@type\":\"ReadAction\",\"target\":[\"https:\/\/pagina10.com\/web\/se-desarrollo-el-primer-encuentro-de-secretarias-de-gobierno-municipales-de-narino\/\"]}]},{\"@type\":\"ImageObject\",\"inLanguage\":\"es\",\"@id\":\"https:\/\/pagina10.com\/web\/se-desarrollo-el-primer-encuentro-de-secretarias-de-gobierno-municipales-de-narino\/#primaryimage\",\"url\":\"https:\/\/pagina10.com\/web\/wp-content\/uploads\/2021\/08\/WhatsApp-Image-2021-08-26-at-10.50.12-PM-1080x675-1.jpeg\",\"contentUrl\":\"https:\/\/pagina10.com\/web\/wp-content\/uploads\/2021\/08\/WhatsApp-Image-2021-08-26-at-10.50.12-PM-1080x675-1.jpeg\",\"width\":1080,\"height\":675},{\"@type\":\"BreadcrumbList\",\"@id\":\"https:\/\/pagina10.com\/web\/se-desarrollo-el-primer-encuentro-de-secretarias-de-gobierno-municipales-de-narino\/#breadcrumb\",\"itemListElement\":[{\"@type\":\"ListItem\",\"position\":1,\"name\":\"Portada\",\"item\":\"https:\/\/pagina10.com\/web\/\"},{\"@type\":\"ListItem\",\"position\":2,\"name\":\"Se desarroll\u00f3 el primer encuentro de Secretar\u00edas de Gobierno municipales de Nari\u00f1o\"}]},{\"@type\":\"WebSite\",\"@id\":\"https:\/\/pagina10.com\/web\/#website\",\"url\":\"https:\/\/pagina10.com\/web\/\",\"name\":\"P\u00e1gina10\",\"description\":\"Peri\u00f3dico Regional\",\"publisher\":{\"@id\":\"https:\/\/pagina10.com\/web\/#organization\"},\"alternateName\":\"P\u00e1gina10 Peri\u00f3dico Regional\",\"potentialAction\":[{\"@type\":\"SearchAction\",\"target\":{\"@type\":\"EntryPoint\",\"urlTemplate\":\"https:\/\/pagina10.com\/web\/?s={search_term_string}\"},\"query-input\":{\"@type\":\"PropertyValueSpecification\",\"valueRequired\":true,\"valueName\":\"search_term_string\"}}],\"inLanguage\":\"es\"},{\"@type\":\"Organization\",\"@id\":\"https:\/\/pagina10.com\/web\/#organization\",\"name\":\"P\u00e1gina10\",\"alternateName\":\"P\u00e1gina10 Peri\u00f3dico Regional\",\"url\":\"https:\/\/pagina10.com\/web\/\",\"logo\":{\"@type\":\"ImageObject\",\"inLanguage\":\"es\",\"@id\":\"https:\/\/pagina10.com\/web\/#\/schema\/logo\/image\/\",\"url\":\"https:\/\/pagina10.com\/web\/wp-content\/uploads\/2024\/01\/40-pagina-10-periodico-regional-pasto.jpg\",\"contentUrl\":\"https:\/\/pagina10.com\/web\/wp-content\/uploads\/2024\/01\/40-pagina-10-periodico-regional-pasto.jpg\",\"width\":1280,\"height\":720,\"caption\":\"P\u00e1gina10\"},\"image\":{\"@id\":\"https:\/\/pagina10.com\/web\/#\/schema\/logo\/image\/\"},\"sameAs\":[\"https:\/\/www.facebook.com\/pag10com\",\"https:\/\/x.com\/Pag10com\",\"https:\/\/www.instagram.com\/pagina10col\/\",\"https:\/\/youtube.com\/channel\/pag10\",\"https:\/\/www.tiktok.com\/@p10col\"]},{\"@type\":\"Person\",\"@id\":\"https:\/\/pagina10.com\/web\/#\/schema\/person\/2efc4a090d25b667d3bc796798a3a81b\",\"name\":\"P\u00e1gina 10\",\"description\":\"P\u00e1gina 10 es un peri\u00f3dico regional que nace en Colombia, en el departamento de Nari\u00f1o, con un enfoque global, fundamentado en cuatro pilares esenciales: la libertad, el pluralismo, la inclusi\u00f3n y la independencia. P\u00e1gina 10 hace referencia a Nari\u00f1o como el d\u00e9cimo departamento creado en Colombia, despu\u00e9s de un proceso pol\u00edtico liderado por actores y actrices regionales con el fin de obtener la independencia y autonom\u00eda de nuestros territorios. Con la creaci\u00f3n de P\u00e1gina 10 se pretende abrir un escenario para el dialogo, la reflexi\u00f3n y el debate que se extienda a otras geograf\u00edas de Am\u00e9rica Latina y del planeta, en una apuesta por transformar colectivamente los desaf\u00edos de un mundo contempor\u00e1neo, m\u00e1s all\u00e1 de las fronteras impuestas.\",\"url\":\"https:\/\/pagina10.com\/web\/author\/pdiezadmin\/\"}]}<\/script>\n<!-- \/ Yoast SEO plugin. -->","yoast_head_json":{"title":"Se desarroll\u00f3 el primer encuentro de Secretar\u00edas de Gobierno municipales de Nari\u00f1o | P\u00e1gina10","robots":{"index":"index","follow":"follow","max-snippet":"max-snippet:-1","max-image-preview":"max-image-preview:large","max-video-preview":"max-video-preview:-1"},"canonical":"https:\/\/pagina10.com\/web\/se-desarrollo-el-primer-encuentro-de-secretarias-de-gobierno-municipales-de-narino\/","og_locale":"es_ES","og_type":"article","og_title":"Se desarroll\u00f3 el primer encuentro de Secretar\u00edas de Gobierno municipales de Nari\u00f1o | P\u00e1gina10","og_description":"Se desarroll\u00f3 el primer encuentro departamental de Secretar\u00edas de Gobierno municipales, \u2018Por la paz, los Derechos Humanos y las v\u00edctimas de Nari\u00f1o\u2019 con el objetivo de liderar, orientar y coordinar la formulaci\u00f3n, adopci\u00f3n y ejecuci\u00f3n de pol\u00edticas, planes programas y proyectos necesarios para el mejoramiento de la gesti\u00f3n p\u00fablica local y la consolidaci\u00f3n de los [&hellip;]","og_url":"https:\/\/pagina10.com\/web\/se-desarrollo-el-primer-encuentro-de-secretarias-de-gobierno-municipales-de-narino\/","og_site_name":"P\u00e1gina10","article_publisher":"https:\/\/www.facebook.com\/pag10com","article_published_time":"2021-08-28T20:16:54+00:00","article_modified_time":"2021-08-28T20:17:39+00:00","og_image":[{"width":1080,"height":675,"url":"https:\/\/pagina10.com\/web\/wp-content\/uploads\/2021\/08\/WhatsApp-Image-2021-08-26-at-10.50.12-PM-1080x675-1.jpeg","type":"image\/jpeg"}],"author":"P\u00e1gina 10","twitter_card":"summary_large_image","twitter_creator":"@Pag10com","twitter_site":"@Pag10com","twitter_misc":{"Escrito por":"P\u00e1gina 10","Tiempo de lectura":"1 minuto"},"schema":{"@context":"https:\/\/schema.org","@graph":[{"@type":"Article","@id":"https:\/\/pagina10.com\/web\/se-desarrollo-el-primer-encuentro-de-secretarias-de-gobierno-municipales-de-narino\/#article","isPartOf":{"@id":"https:\/\/pagina10.com\/web\/se-desarrollo-el-primer-encuentro-de-secretarias-de-gobierno-municipales-de-narino\/"},"author":{"name":"P\u00e1gina 10","@id":"https:\/\/pagina10.com\/web\/#\/schema\/person\/2efc4a090d25b667d3bc796798a3a81b"},"headline":"Se desarroll\u00f3 el primer encuentro de Secretar\u00edas de Gobierno municipales de Nari\u00f1o","datePublished":"2021-08-28T20:16:54+00:00","dateModified":"2021-08-28T20:17:39+00:00","mainEntityOfPage":{"@id":"https:\/\/pagina10.com\/web\/se-desarrollo-el-primer-encuentro-de-secretarias-de-gobierno-municipales-de-narino\/"},"wordCount":308,"commentCount":0,"publisher":{"@id":"https:\/\/pagina10.com\/web\/#organization"},"image":{"@id":"https:\/\/pagina10.com\/web\/se-desarrollo-el-primer-encuentro-de-secretarias-de-gobierno-municipales-de-narino\/#primaryimage"},"thumbnailUrl":"https:\/\/pagina10.com\/web\/wp-content\/uploads\/2021\/08\/WhatsApp-Image-2021-08-26-at-10.50.12-PM-1080x675-1.jpeg","articleSection":["Nari\u00f1o Actual"],"inLanguage":"es","potentialAction":[{"@type":"CommentAction","name":"Comment","target":["https:\/\/pagina10.com\/web\/se-desarrollo-el-primer-encuentro-de-secretarias-de-gobierno-municipales-de-narino\/#respond"]}]},{"@type":"WebPage","@id":"https:\/\/pagina10.com\/web\/se-desarrollo-el-primer-encuentro-de-secretarias-de-gobierno-municipales-de-narino\/","url":"https:\/\/pagina10.com\/web\/se-desarrollo-el-primer-encuentro-de-secretarias-de-gobierno-municipales-de-narino\/","name":"Se desarroll\u00f3 el primer encuentro de Secretar\u00edas de Gobierno municipales de Nari\u00f1o | P\u00e1gina10","isPartOf":{"@id":"https:\/\/pagina10.com\/web\/#website"},"primaryImageOfPage":{"@id":"https:\/\/pagina10.com\/web\/se-desarrollo-el-primer-encuentro-de-secretarias-de-gobierno-municipales-de-narino\/#primaryimage"},"image":{"@id":"https:\/\/pagina10.com\/web\/se-desarrollo-el-primer-encuentro-de-secretarias-de-gobierno-municipales-de-narino\/#primaryimage"},"thumbnailUrl":"https:\/\/pagina10.com\/web\/wp-content\/uploads\/2021\/08\/WhatsApp-Image-2021-08-26-at-10.50.12-PM-1080x675-1.jpeg","datePublished":"2021-08-28T20:16:54+00:00","dateModified":"2021-08-28T20:17:39+00:00","breadcrumb":{"@id":"https:\/\/pagina10.com\/web\/se-desarrollo-el-primer-encuentro-de-secretarias-de-gobierno-municipales-de-narino\/#breadcrumb"},"inLanguage":"es","potentialAction":[{"@type":"ReadAction","target":["https:\/\/pagina10.com\/web\/se-desarrollo-el-primer-encuentro-de-secretarias-de-gobierno-municipales-de-narino\/"]}]},{"@type":"ImageObject","inLanguage":"es","@id":"https:\/\/pagina10.com\/web\/se-desarrollo-el-primer-encuentro-de-secretarias-de-gobierno-municipales-de-narino\/#primaryimage","url":"https:\/\/pagina10.com\/web\/wp-content\/uploads\/2021\/08\/WhatsApp-Image-2021-08-26-at-10.50.12-PM-1080x675-1.jpeg","contentUrl":"https:\/\/pagina10.com\/web\/wp-content\/uploads\/2021\/08\/WhatsApp-Image-2021-08-26-at-10.50.12-PM-1080x675-1.jpeg","width":1080,"height":675},{"@type":"BreadcrumbList","@id":"https:\/\/pagina10.com\/web\/se-desarrollo-el-primer-encuentro-de-secretarias-de-gobierno-municipales-de-narino\/#breadcrumb","itemListElement":[{"@type":"ListItem","position":1,"name":"Portada","item":"https:\/\/pagina10.com\/web\/"},{"@type":"ListItem","position":2,"name":"Se desarroll\u00f3 el primer encuentro de Secretar\u00edas de Gobierno municipales de Nari\u00f1o"}]},{"@type":"WebSite","@id":"https:\/\/pagina10.com\/web\/#website","url":"https:\/\/pagina10.com\/web\/","name":"P\u00e1gina10","description":"Peri\u00f3dico Regional","publisher":{"@id":"https:\/\/pagina10.com\/web\/#organization"},"alternateName":"P\u00e1gina10 Peri\u00f3dico Regional","potentialAction":[{"@type":"SearchAction","target":{"@type":"EntryPoint","urlTemplate":"https:\/\/pagina10.com\/web\/?s={search_term_string}"},"query-input":{"@type":"PropertyValueSpecification","valueRequired":true,"valueName":"search_term_string"}}],"inLanguage":"es"},{"@type":"Organization","@id":"https:\/\/pagina10.com\/web\/#organization","name":"P\u00e1gina10","alternateName":"P\u00e1gina10 Peri\u00f3dico Regional","url":"https:\/\/pagina10.com\/web\/","logo":{"@type":"ImageObject","inLanguage":"es","@id":"https:\/\/pagina10.com\/web\/#\/schema\/logo\/image\/","url":"https:\/\/pagina10.com\/web\/wp-content\/uploads\/2024\/01\/40-pagina-10-periodico-regional-pasto.jpg","contentUrl":"https:\/\/pagina10.com\/web\/wp-content\/uploads\/2024\/01\/40-pagina-10-periodico-regional-pasto.jpg","width":1280,"height":720,"caption":"P\u00e1gina10"},"image":{"@id":"https:\/\/pagina10.com\/web\/#\/schema\/logo\/image\/"},"sameAs":["https:\/\/www.facebook.com\/pag10com","https:\/\/x.com\/Pag10com","https:\/\/www.instagram.com\/pagina10col\/","https:\/\/youtube.com\/channel\/pag10","https:\/\/www.tiktok.com\/@p10col"]},{"@type":"Person","@id":"https:\/\/pagina10.com\/web\/#\/schema\/person\/2efc4a090d25b667d3bc796798a3a81b","name":"P\u00e1gina 10","description":"P\u00e1gina 10 es un peri\u00f3dico regional que nace en Colombia, en el departamento de Nari\u00f1o, con un enfoque global, fundamentado en cuatro pilares esenciales: la libertad, el pluralismo, la inclusi\u00f3n y la independencia. P\u00e1gina 10 hace referencia a Nari\u00f1o como el d\u00e9cimo departamento creado en Colombia, despu\u00e9s de un proceso pol\u00edtico liderado por actores y actrices regionales con el fin de obtener la independencia y autonom\u00eda de nuestros territorios. Con la creaci\u00f3n de P\u00e1gina 10 se pretende abrir un escenario para el dialogo, la reflexi\u00f3n y el debate que se extienda a otras geograf\u00edas de Am\u00e9rica Latina y del planeta, en una apuesta por transformar colectivamente los desaf\u00edos de un mundo contempor\u00e1neo, m\u00e1s all\u00e1 de las fronteras impuestas.","url":"https:\/\/pagina10.com\/web\/author\/pdiezadmin\/"}]}},"_links":{"self":[{"href":"https:\/\/pagina10.com\/web\/wp-json\/wp\/v2\/posts\/55238","targetHints":{"allow":["GET"]}}],"collection":[{"href":"https:\/\/pagina10.com\/web\/wp-json\/wp\/v2\/posts"}],"about":[{"href":"https:\/\/pagina10.com\/web\/wp-json\/wp\/v2\/types\/post"}],"author":[{"embeddable":true,"href":"https:\/\/pagina10.com\/web\/wp-json\/wp\/v2\/users\/1"}],"replies":[{"embeddable":true,"href":"https:\/\/pagina10.com\/web\/wp-json\/wp\/v2\/comments?post=55238"}],"version-history":[{"count":2,"href":"https:\/\/pagina10.com\/web\/wp-json\/wp\/v2\/posts\/55238\/revisions"}],"predecessor-version":[{"id":55241,"href":"https:\/\/pagina10.com\/web\/wp-json\/wp\/v2\/posts\/55238\/revisions\/55241"}],"wp:featuredmedia":[{"embeddable":true,"href":"https:\/\/pagina10.com\/web\/wp-json\/wp\/v2\/media\/55239"}],"wp:attachment":[{"href":"https:\/\/pagina10.com\/web\/wp-json\/wp\/v2\/media?parent=55238"}],"wp:term":[{"taxonomy":"category","embeddable":true,"href":"https:\/\/pagina10.com\/web\/wp-json\/wp\/v2\/categories?post=55238"},{"taxonomy":"post_tag","embeddable":true,"href":"https:\/\/pagina10.com\/web\/wp-json\/wp\/v2\/tags?post=55238"}],"curies":[{"name":"wp","href":"https:\/\/api.w.org\/{rel}","templated":true}]}}