{"id":55242,"date":"2021-08-28T18:43:47","date_gmt":"2021-08-28T23:43:47","guid":{"rendered":"https:\/\/pagina10.com\/web\/?p=55242"},"modified":"2021-08-28T18:43:47","modified_gmt":"2021-08-28T23:43:47","slug":"gobierno-promulgo-curules-de-paz-narino-esta-en-la-circunscripcion-1-y-10","status":"publish","type":"post","link":"https:\/\/pagina10.com\/web\/gobierno-promulgo-curules-de-paz-narino-esta-en-la-circunscripcion-1-y-10\/","title":{"rendered":"Gobierno promulg\u00f3 curules de paz: Nari\u00f1o est\u00e1 en la circunscripci\u00f3n 1 y 10"},"content":{"rendered":"<p style=\"text-align: justify;\">El pasado 25 de agosto, el Gobierno Nacional promulg\u00f3 la ley que establece las 16 curules de paz en el Congreso de la Rep\u00fablica, para las v\u00edctimas del conflicto armado, que est\u00e1n contempladas en el acuerdo de paz con las Farc.<\/p>\n<p style=\"text-align: justify;\">Estas curules estar\u00e1n en el congreso durante los per\u00edodos 2022-2026 y 2026-2030 y solamente podr\u00e1n ser candidatos las personas que acrediten su condici\u00f3n de v\u00edctimas.<\/p>\n<p style=\"text-align: justify;\">Seg\u00fan manifiesta el documento, las curules est\u00e1n previstas para los municipios con Planes de Desarrollo con Enfoque Territorial, de acuerdo con El Espectador, tambi\u00e9n habr\u00e1 un Representante a la C\u00e1mara por cada grupo de municipios, en este orden la elecci\u00f3n de estas curules se desarrollar\u00e1 solamente en los puestos de votaci\u00f3n que est\u00e1n en las zonas rurales.<\/p>\n<p style=\"text-align: justify;\">Solamente podr\u00e1n ser candidatos las personas que acrediten su condici\u00f3n de v\u00edctimas, dejando a un lado a partidos pol\u00edticos con personer\u00eda jur\u00eddica, exmiembros de las antiguas Farc e integrantes del partido Comunes.<\/p>\n<p style=\"text-align: justify;\">El departamento de Nari\u00f1o se encuentra en la circunscripci\u00f3n 1 y 10. Dentro de los municipios que hacen parte se encuentran: Cumbitara, El Rosario, Leiva, Los Andes, Policarpa. .<\/p>\n<p style=\"text-align: justify;\">La circunscripci\u00f3n 10 est\u00e1 constituida por once municipios del departamento de Nari\u00f1o: Barbacoas, El Charco, La Tola, Magu\u00ed, Mosquera, Olaya Herrera, Francisco Pizarro, Ricaurte, Roberto Pay\u00e1n, Santa B\u00e1rbara y Tumaco.<\/p>\n<p style=\"text-align: justify;\">\n","protected":false},"excerpt":{"rendered":"<p>El pasado 25 de agosto, el Gobierno Nacional promulg\u00f3 la ley que establece las 16 curules de paz en el Congreso de la Rep\u00fablica, para las v\u00edctimas del conflicto armado, que est\u00e1n contempladas en el acuerdo de paz con las Farc. Estas curules estar\u00e1n en el congreso durante los per\u00edodos 2022-2026 y 2026-2030 y solamente [&hellip;]<\/p>\n","protected":false},"author":1,"featured_media":52655,"comment_status":"open","ping_status":"open","sticky":false,"template":"","format":"standard","meta":{"footnotes":""},"categories":[14],"tags":[],"class_list":["post-55242","post","type-post","status-publish","format-standard","has-post-thumbnail","hentry","category-narino-actual"],"yoast_head":"<!-- This site is optimized with the Yoast SEO plugin v27.1.1 - https:\/\/yoast.com\/product\/yoast-seo-wordpress\/ -->\n<title>Gobierno promulg\u00f3 curules de paz: Nari\u00f1o est\u00e1 en la circunscripci\u00f3n 1 y 10 | P\u00e1gina10<\/title>\n<meta name=\"robots\" content=\"index, follow, max-snippet:-1, max-image-preview:large, max-video-preview:-1\" \/>\n<link rel=\"canonical\" href=\"https:\/\/pagina10.com\/web\/gobierno-promulgo-curules-de-paz-narino-esta-en-la-circunscripcion-1-y-10\/\" \/>\n<meta property=\"og:locale\" content=\"es_ES\" \/>\n<meta property=\"og:type\" content=\"article\" \/>\n<meta property=\"og:title\" content=\"Gobierno promulg\u00f3 curules de paz: Nari\u00f1o est\u00e1 en la circunscripci\u00f3n 1 y 10 | P\u00e1gina10\" \/>\n<meta property=\"og:description\" content=\"El pasado 25 de agosto, el Gobierno Nacional promulg\u00f3 la ley que establece las 16 curules de paz en el Congreso de la Rep\u00fablica, para las v\u00edctimas del conflicto armado, que est\u00e1n contempladas en el acuerdo de paz con las Farc. Estas curules estar\u00e1n en el congreso durante los per\u00edodos 2022-2026 y 2026-2030 y solamente [&hellip;]\" \/>\n<meta property=\"og:url\" content=\"https:\/\/pagina10.com\/web\/gobierno-promulgo-curules-de-paz-narino-esta-en-la-circunscripcion-1-y-10\/\" \/>\n<meta property=\"og:site_name\" content=\"P\u00e1gina10\" \/>\n<meta property=\"article:publisher\" content=\"https:\/\/www.facebook.com\/pag10com\" \/>\n<meta property=\"article:published_time\" content=\"2021-08-28T23:43:47+00:00\" \/>\n<meta property=\"og:image\" content=\"https:\/\/pagina10.com\/web\/wp-content\/uploads\/2021\/05\/Paz-2012-Luis-Angel-El-espectador.jpg\" \/>\n\t<meta property=\"og:image:width\" content=\"1920\" \/>\n\t<meta property=\"og:image:height\" content=\"1080\" \/>\n\t<meta property=\"og:image:type\" content=\"image\/jpeg\" \/>\n<meta name=\"author\" content=\"P\u00e1gina 10\" \/>\n<meta name=\"twitter:card\" content=\"summary_large_image\" \/>\n<meta name=\"twitter:creator\" content=\"@Pag10com\" \/>\n<meta name=\"twitter:site\" content=\"@Pag10com\" \/>\n<meta name=\"twitter:label1\" content=\"Escrito por\" \/>\n\t<meta name=\"twitter:data1\" content=\"P\u00e1gina 10\" \/>\n\t<meta name=\"twitter:label2\" content=\"Tiempo de lectura\" \/>\n\t<meta name=\"twitter:data2\" content=\"1 minuto\" \/>\n<script type=\"application\/ld+json\" class=\"yoast-schema-graph\">{\"@context\":\"https:\/\/schema.org\",\"@graph\":[{\"@type\":\"Article\",\"@id\":\"https:\/\/pagina10.com\/web\/gobierno-promulgo-curules-de-paz-narino-esta-en-la-circunscripcion-1-y-10\/#article\",\"isPartOf\":{\"@id\":\"https:\/\/pagina10.com\/web\/gobierno-promulgo-curules-de-paz-narino-esta-en-la-circunscripcion-1-y-10\/\"},\"author\":{\"name\":\"P\u00e1gina 10\",\"@id\":\"https:\/\/pagina10.com\/web\/#\/schema\/person\/2efc4a090d25b667d3bc796798a3a81b\"},\"headline\":\"Gobierno promulg\u00f3 curules de paz: Nari\u00f1o est\u00e1 en la circunscripci\u00f3n 1 y 10\",\"datePublished\":\"2021-08-28T23:43:47+00:00\",\"mainEntityOfPage\":{\"@id\":\"https:\/\/pagina10.com\/web\/gobierno-promulgo-curules-de-paz-narino-esta-en-la-circunscripcion-1-y-10\/\"},\"wordCount\":248,\"commentCount\":0,\"publisher\":{\"@id\":\"https:\/\/pagina10.com\/web\/#organization\"},\"image\":{\"@id\":\"https:\/\/pagina10.com\/web\/gobierno-promulgo-curules-de-paz-narino-esta-en-la-circunscripcion-1-y-10\/#primaryimage\"},\"thumbnailUrl\":\"https:\/\/pagina10.com\/web\/wp-content\/uploads\/2021\/05\/Paz-2012-Luis-Angel-El-espectador.jpg\",\"articleSection\":[\"Nari\u00f1o Actual\"],\"inLanguage\":\"es\",\"potentialAction\":[{\"@type\":\"CommentAction\",\"name\":\"Comment\",\"target\":[\"https:\/\/pagina10.com\/web\/gobierno-promulgo-curules-de-paz-narino-esta-en-la-circunscripcion-1-y-10\/#respond\"]}]},{\"@type\":\"WebPage\",\"@id\":\"https:\/\/pagina10.com\/web\/gobierno-promulgo-curules-de-paz-narino-esta-en-la-circunscripcion-1-y-10\/\",\"url\":\"https:\/\/pagina10.com\/web\/gobierno-promulgo-curules-de-paz-narino-esta-en-la-circunscripcion-1-y-10\/\",\"name\":\"Gobierno promulg\u00f3 curules de paz: Nari\u00f1o est\u00e1 en la circunscripci\u00f3n 1 y 10 | P\u00e1gina10\",\"isPartOf\":{\"@id\":\"https:\/\/pagina10.com\/web\/#website\"},\"primaryImageOfPage\":{\"@id\":\"https:\/\/pagina10.com\/web\/gobierno-promulgo-curules-de-paz-narino-esta-en-la-circunscripcion-1-y-10\/#primaryimage\"},\"image\":{\"@id\":\"https:\/\/pagina10.com\/web\/gobierno-promulgo-curules-de-paz-narino-esta-en-la-circunscripcion-1-y-10\/#primaryimage\"},\"thumbnailUrl\":\"https:\/\/pagina10.com\/web\/wp-content\/uploads\/2021\/05\/Paz-2012-Luis-Angel-El-espectador.jpg\",\"datePublished\":\"2021-08-28T23:43:47+00:00\",\"breadcrumb\":{\"@id\":\"https:\/\/pagina10.com\/web\/gobierno-promulgo-curules-de-paz-narino-esta-en-la-circunscripcion-1-y-10\/#breadcrumb\"},\"inLanguage\":\"es\",\"potentialAction\":[{\"@type\":\"ReadAction\",\"target\":[\"https:\/\/pagina10.com\/web\/gobierno-promulgo-curules-de-paz-narino-esta-en-la-circunscripcion-1-y-10\/\"]}]},{\"@type\":\"ImageObject\",\"inLanguage\":\"es\",\"@id\":\"https:\/\/pagina10.com\/web\/gobierno-promulgo-curules-de-paz-narino-esta-en-la-circunscripcion-1-y-10\/#primaryimage\",\"url\":\"https:\/\/pagina10.com\/web\/wp-content\/uploads\/2021\/05\/Paz-2012-Luis-Angel-El-espectador.jpg\",\"contentUrl\":\"https:\/\/pagina10.com\/web\/wp-content\/uploads\/2021\/05\/Paz-2012-Luis-Angel-El-espectador.jpg\",\"width\":1920,\"height\":1080},{\"@type\":\"BreadcrumbList\",\"@id\":\"https:\/\/pagina10.com\/web\/gobierno-promulgo-curules-de-paz-narino-esta-en-la-circunscripcion-1-y-10\/#breadcrumb\",\"itemListElement\":[{\"@type\":\"ListItem\",\"position\":1,\"name\":\"Portada\",\"item\":\"https:\/\/pagina10.com\/web\/\"},{\"@type\":\"ListItem\",\"position\":2,\"name\":\"Gobierno promulg\u00f3 curules de paz: Nari\u00f1o est\u00e1 en la circunscripci\u00f3n 1 y 10\"}]},{\"@type\":\"WebSite\",\"@id\":\"https:\/\/pagina10.com\/web\/#website\",\"url\":\"https:\/\/pagina10.com\/web\/\",\"name\":\"P\u00e1gina10\",\"description\":\"Peri\u00f3dico Regional\",\"publisher\":{\"@id\":\"https:\/\/pagina10.com\/web\/#organization\"},\"alternateName\":\"P\u00e1gina10 Peri\u00f3dico Regional\",\"potentialAction\":[{\"@type\":\"SearchAction\",\"target\":{\"@type\":\"EntryPoint\",\"urlTemplate\":\"https:\/\/pagina10.com\/web\/?s={search_term_string}\"},\"query-input\":{\"@type\":\"PropertyValueSpecification\",\"valueRequired\":true,\"valueName\":\"search_term_string\"}}],\"inLanguage\":\"es\"},{\"@type\":\"Organization\",\"@id\":\"https:\/\/pagina10.com\/web\/#organization\",\"name\":\"P\u00e1gina10\",\"alternateName\":\"P\u00e1gina10 Peri\u00f3dico Regional\",\"url\":\"https:\/\/pagina10.com\/web\/\",\"logo\":{\"@type\":\"ImageObject\",\"inLanguage\":\"es\",\"@id\":\"https:\/\/pagina10.com\/web\/#\/schema\/logo\/image\/\",\"url\":\"https:\/\/pagina10.com\/web\/wp-content\/uploads\/2024\/01\/40-pagina-10-periodico-regional-pasto.jpg\",\"contentUrl\":\"https:\/\/pagina10.com\/web\/wp-content\/uploads\/2024\/01\/40-pagina-10-periodico-regional-pasto.jpg\",\"width\":1280,\"height\":720,\"caption\":\"P\u00e1gina10\"},\"image\":{\"@id\":\"https:\/\/pagina10.com\/web\/#\/schema\/logo\/image\/\"},\"sameAs\":[\"https:\/\/www.facebook.com\/pag10com\",\"https:\/\/x.com\/Pag10com\",\"https:\/\/www.instagram.com\/pagina10col\/\",\"https:\/\/youtube.com\/channel\/pag10\",\"https:\/\/www.tiktok.com\/@p10col\"]},{\"@type\":\"Person\",\"@id\":\"https:\/\/pagina10.com\/web\/#\/schema\/person\/2efc4a090d25b667d3bc796798a3a81b\",\"name\":\"P\u00e1gina 10\",\"description\":\"P\u00e1gina 10 es un peri\u00f3dico regional que nace en Colombia, en el departamento de Nari\u00f1o, con un enfoque global, fundamentado en cuatro pilares esenciales: la libertad, el pluralismo, la inclusi\u00f3n y la independencia. P\u00e1gina 10 hace referencia a Nari\u00f1o como el d\u00e9cimo departamento creado en Colombia, despu\u00e9s de un proceso pol\u00edtico liderado por actores y actrices regionales con el fin de obtener la independencia y autonom\u00eda de nuestros territorios. Con la creaci\u00f3n de P\u00e1gina 10 se pretende abrir un escenario para el dialogo, la reflexi\u00f3n y el debate que se extienda a otras geograf\u00edas de Am\u00e9rica Latina y del planeta, en una apuesta por transformar colectivamente los desaf\u00edos de un mundo contempor\u00e1neo, m\u00e1s all\u00e1 de las fronteras impuestas.\",\"url\":\"https:\/\/pagina10.com\/web\/author\/pdiezadmin\/\"}]}<\/script>\n<!-- \/ Yoast SEO plugin. -->","yoast_head_json":{"title":"Gobierno promulg\u00f3 curules de paz: Nari\u00f1o est\u00e1 en la circunscripci\u00f3n 1 y 10 | P\u00e1gina10","robots":{"index":"index","follow":"follow","max-snippet":"max-snippet:-1","max-image-preview":"max-image-preview:large","max-video-preview":"max-video-preview:-1"},"canonical":"https:\/\/pagina10.com\/web\/gobierno-promulgo-curules-de-paz-narino-esta-en-la-circunscripcion-1-y-10\/","og_locale":"es_ES","og_type":"article","og_title":"Gobierno promulg\u00f3 curules de paz: Nari\u00f1o est\u00e1 en la circunscripci\u00f3n 1 y 10 | P\u00e1gina10","og_description":"El pasado 25 de agosto, el Gobierno Nacional promulg\u00f3 la ley que establece las 16 curules de paz en el Congreso de la Rep\u00fablica, para las v\u00edctimas del conflicto armado, que est\u00e1n contempladas en el acuerdo de paz con las Farc. Estas curules estar\u00e1n en el congreso durante los per\u00edodos 2022-2026 y 2026-2030 y solamente [&hellip;]","og_url":"https:\/\/pagina10.com\/web\/gobierno-promulgo-curules-de-paz-narino-esta-en-la-circunscripcion-1-y-10\/","og_site_name":"P\u00e1gina10","article_publisher":"https:\/\/www.facebook.com\/pag10com","article_published_time":"2021-08-28T23:43:47+00:00","og_image":[{"width":1920,"height":1080,"url":"https:\/\/pagina10.com\/web\/wp-content\/uploads\/2021\/05\/Paz-2012-Luis-Angel-El-espectador.jpg","type":"image\/jpeg"}],"author":"P\u00e1gina 10","twitter_card":"summary_large_image","twitter_creator":"@Pag10com","twitter_site":"@Pag10com","twitter_misc":{"Escrito por":"P\u00e1gina 10","Tiempo de lectura":"1 minuto"},"schema":{"@context":"https:\/\/schema.org","@graph":[{"@type":"Article","@id":"https:\/\/pagina10.com\/web\/gobierno-promulgo-curules-de-paz-narino-esta-en-la-circunscripcion-1-y-10\/#article","isPartOf":{"@id":"https:\/\/pagina10.com\/web\/gobierno-promulgo-curules-de-paz-narino-esta-en-la-circunscripcion-1-y-10\/"},"author":{"name":"P\u00e1gina 10","@id":"https:\/\/pagina10.com\/web\/#\/schema\/person\/2efc4a090d25b667d3bc796798a3a81b"},"headline":"Gobierno promulg\u00f3 curules de paz: Nari\u00f1o est\u00e1 en la circunscripci\u00f3n 1 y 10","datePublished":"2021-08-28T23:43:47+00:00","mainEntityOfPage":{"@id":"https:\/\/pagina10.com\/web\/gobierno-promulgo-curules-de-paz-narino-esta-en-la-circunscripcion-1-y-10\/"},"wordCount":248,"commentCount":0,"publisher":{"@id":"https:\/\/pagina10.com\/web\/#organization"},"image":{"@id":"https:\/\/pagina10.com\/web\/gobierno-promulgo-curules-de-paz-narino-esta-en-la-circunscripcion-1-y-10\/#primaryimage"},"thumbnailUrl":"https:\/\/pagina10.com\/web\/wp-content\/uploads\/2021\/05\/Paz-2012-Luis-Angel-El-espectador.jpg","articleSection":["Nari\u00f1o Actual"],"inLanguage":"es","potentialAction":[{"@type":"CommentAction","name":"Comment","target":["https:\/\/pagina10.com\/web\/gobierno-promulgo-curules-de-paz-narino-esta-en-la-circunscripcion-1-y-10\/#respond"]}]},{"@type":"WebPage","@id":"https:\/\/pagina10.com\/web\/gobierno-promulgo-curules-de-paz-narino-esta-en-la-circunscripcion-1-y-10\/","url":"https:\/\/pagina10.com\/web\/gobierno-promulgo-curules-de-paz-narino-esta-en-la-circunscripcion-1-y-10\/","name":"Gobierno promulg\u00f3 curules de paz: Nari\u00f1o est\u00e1 en la circunscripci\u00f3n 1 y 10 | P\u00e1gina10","isPartOf":{"@id":"https:\/\/pagina10.com\/web\/#website"},"primaryImageOfPage":{"@id":"https:\/\/pagina10.com\/web\/gobierno-promulgo-curules-de-paz-narino-esta-en-la-circunscripcion-1-y-10\/#primaryimage"},"image":{"@id":"https:\/\/pagina10.com\/web\/gobierno-promulgo-curules-de-paz-narino-esta-en-la-circunscripcion-1-y-10\/#primaryimage"},"thumbnailUrl":"https:\/\/pagina10.com\/web\/wp-content\/uploads\/2021\/05\/Paz-2012-Luis-Angel-El-espectador.jpg","datePublished":"2021-08-28T23:43:47+00:00","breadcrumb":{"@id":"https:\/\/pagina10.com\/web\/gobierno-promulgo-curules-de-paz-narino-esta-en-la-circunscripcion-1-y-10\/#breadcrumb"},"inLanguage":"es","potentialAction":[{"@type":"ReadAction","target":["https:\/\/pagina10.com\/web\/gobierno-promulgo-curules-de-paz-narino-esta-en-la-circunscripcion-1-y-10\/"]}]},{"@type":"ImageObject","inLanguage":"es","@id":"https:\/\/pagina10.com\/web\/gobierno-promulgo-curules-de-paz-narino-esta-en-la-circunscripcion-1-y-10\/#primaryimage","url":"https:\/\/pagina10.com\/web\/wp-content\/uploads\/2021\/05\/Paz-2012-Luis-Angel-El-espectador.jpg","contentUrl":"https:\/\/pagina10.com\/web\/wp-content\/uploads\/2021\/05\/Paz-2012-Luis-Angel-El-espectador.jpg","width":1920,"height":1080},{"@type":"BreadcrumbList","@id":"https:\/\/pagina10.com\/web\/gobierno-promulgo-curules-de-paz-narino-esta-en-la-circunscripcion-1-y-10\/#breadcrumb","itemListElement":[{"@type":"ListItem","position":1,"name":"Portada","item":"https:\/\/pagina10.com\/web\/"},{"@type":"ListItem","position":2,"name":"Gobierno promulg\u00f3 curules de paz: Nari\u00f1o est\u00e1 en la circunscripci\u00f3n 1 y 10"}]},{"@type":"WebSite","@id":"https:\/\/pagina10.com\/web\/#website","url":"https:\/\/pagina10.com\/web\/","name":"P\u00e1gina10","description":"Peri\u00f3dico Regional","publisher":{"@id":"https:\/\/pagina10.com\/web\/#organization"},"alternateName":"P\u00e1gina10 Peri\u00f3dico Regional","potentialAction":[{"@type":"SearchAction","target":{"@type":"EntryPoint","urlTemplate":"https:\/\/pagina10.com\/web\/?s={search_term_string}"},"query-input":{"@type":"PropertyValueSpecification","valueRequired":true,"valueName":"search_term_string"}}],"inLanguage":"es"},{"@type":"Organization","@id":"https:\/\/pagina10.com\/web\/#organization","name":"P\u00e1gina10","alternateName":"P\u00e1gina10 Peri\u00f3dico Regional","url":"https:\/\/pagina10.com\/web\/","logo":{"@type":"ImageObject","inLanguage":"es","@id":"https:\/\/pagina10.com\/web\/#\/schema\/logo\/image\/","url":"https:\/\/pagina10.com\/web\/wp-content\/uploads\/2024\/01\/40-pagina-10-periodico-regional-pasto.jpg","contentUrl":"https:\/\/pagina10.com\/web\/wp-content\/uploads\/2024\/01\/40-pagina-10-periodico-regional-pasto.jpg","width":1280,"height":720,"caption":"P\u00e1gina10"},"image":{"@id":"https:\/\/pagina10.com\/web\/#\/schema\/logo\/image\/"},"sameAs":["https:\/\/www.facebook.com\/pag10com","https:\/\/x.com\/Pag10com","https:\/\/www.instagram.com\/pagina10col\/","https:\/\/youtube.com\/channel\/pag10","https:\/\/www.tiktok.com\/@p10col"]},{"@type":"Person","@id":"https:\/\/pagina10.com\/web\/#\/schema\/person\/2efc4a090d25b667d3bc796798a3a81b","name":"P\u00e1gina 10","description":"P\u00e1gina 10 es un peri\u00f3dico regional que nace en Colombia, en el departamento de Nari\u00f1o, con un enfoque global, fundamentado en cuatro pilares esenciales: la libertad, el pluralismo, la inclusi\u00f3n y la independencia. P\u00e1gina 10 hace referencia a Nari\u00f1o como el d\u00e9cimo departamento creado en Colombia, despu\u00e9s de un proceso pol\u00edtico liderado por actores y actrices regionales con el fin de obtener la independencia y autonom\u00eda de nuestros territorios. Con la creaci\u00f3n de P\u00e1gina 10 se pretende abrir un escenario para el dialogo, la reflexi\u00f3n y el debate que se extienda a otras geograf\u00edas de Am\u00e9rica Latina y del planeta, en una apuesta por transformar colectivamente los desaf\u00edos de un mundo contempor\u00e1neo, m\u00e1s all\u00e1 de las fronteras impuestas.","url":"https:\/\/pagina10.com\/web\/author\/pdiezadmin\/"}]}},"_links":{"self":[{"href":"https:\/\/pagina10.com\/web\/wp-json\/wp\/v2\/posts\/55242","targetHints":{"allow":["GET"]}}],"collection":[{"href":"https:\/\/pagina10.com\/web\/wp-json\/wp\/v2\/posts"}],"about":[{"href":"https:\/\/pagina10.com\/web\/wp-json\/wp\/v2\/types\/post"}],"author":[{"embeddable":true,"href":"https:\/\/pagina10.com\/web\/wp-json\/wp\/v2\/users\/1"}],"replies":[{"embeddable":true,"href":"https:\/\/pagina10.com\/web\/wp-json\/wp\/v2\/comments?post=55242"}],"version-history":[{"count":1,"href":"https:\/\/pagina10.com\/web\/wp-json\/wp\/v2\/posts\/55242\/revisions"}],"predecessor-version":[{"id":55243,"href":"https:\/\/pagina10.com\/web\/wp-json\/wp\/v2\/posts\/55242\/revisions\/55243"}],"wp:featuredmedia":[{"embeddable":true,"href":"https:\/\/pagina10.com\/web\/wp-json\/wp\/v2\/media\/52655"}],"wp:attachment":[{"href":"https:\/\/pagina10.com\/web\/wp-json\/wp\/v2\/media?parent=55242"}],"wp:term":[{"taxonomy":"category","embeddable":true,"href":"https:\/\/pagina10.com\/web\/wp-json\/wp\/v2\/categories?post=55242"},{"taxonomy":"post_tag","embeddable":true,"href":"https:\/\/pagina10.com\/web\/wp-json\/wp\/v2\/tags?post=55242"}],"curies":[{"name":"wp","href":"https:\/\/api.w.org\/{rel}","templated":true}]}}