{"id":55261,"date":"2021-08-29T08:39:53","date_gmt":"2021-08-29T13:39:53","guid":{"rendered":"https:\/\/pagina10.com\/web\/?p=55261"},"modified":"2021-08-29T08:41:48","modified_gmt":"2021-08-29T13:41:48","slug":"atacan-patrulla-de-la-policia-en-frontera-con-el-ecuador","status":"publish","type":"post","link":"https:\/\/pagina10.com\/web\/atacan-patrulla-de-la-policia-en-frontera-con-el-ecuador\/","title":{"rendered":"Atacan patrulla de la Polic\u00eda en frontera con el Ecuador"},"content":{"rendered":"<p style=\"text-align: justify;\">En la ma\u00f1ana del s\u00e1bado 28 de agosto fue atacada una patrulla de la Polic\u00eda Nacional que se encontraba realizando procedimiento de vigilancia y control en el municipio de Ipiales.<\/p>\n<p style=\"text-align: justify;\">El portal Radio Nacional de Colombia, inform\u00f3 que la patrulla, perteneciente al Grupo de Operaciones Especiales de la Polic\u00eda Nacional, fue impactada por un artefacto tipo granada de fragmentaci\u00f3n dejando tres uniformados heridos.<\/p>\n<p style=\"text-align: justify;\">En el acto, hubo intercambio de disparos y persecuci\u00f3n a dos personas. El mismo medio revel\u00f3 que los sujetos intentaron intentaron huir, pero uniformados que no resultaron heridos lograron capturar a los individuos.<\/p>\n<p style=\"text-align: justify;\">Seg\u00fan la fuente, quienes realizaron el ataque son de nacionalidad venezolana. Ten\u00edan en su poder un arma de fuego tipo pistola y munici\u00f3n.<\/p>\n<p style=\"text-align: justify;\">De acuerdo a la informaci\u00f3n, la comunidad fijo que el ataque se present\u00f3 por una presunta &#8220;disputa del territorio y los arduos controles de las autoridades sobre los \u201ccoyotes\u201d, que est\u00e1n en la zona trasladando migrantes haitianos y venezolanos de manera ilegal ante el cierre de los pasos legales en la zona fronteriza&#8221;.<\/p>\n<p>Referencia: Radio Nacional de Colombia<\/p>\n<p>&nbsp;<\/p>\n<p style=\"text-align: justify;\">\n","protected":false},"excerpt":{"rendered":"<p>En la ma\u00f1ana del s\u00e1bado 28 de agosto fue atacada una patrulla de la Polic\u00eda Nacional que se encontraba realizando procedimiento de vigilancia y control en el municipio de Ipiales. El portal Radio Nacional de Colombia, inform\u00f3 que la patrulla, perteneciente al Grupo de Operaciones Especiales de la Polic\u00eda Nacional, fue impactada por un artefacto [&hellip;]<\/p>\n","protected":false},"author":1,"featured_media":52464,"comment_status":"open","ping_status":"open","sticky":false,"template":"","format":"standard","meta":{"footnotes":""},"categories":[53],"tags":[],"class_list":["post-55261","post","type-post","status-publish","format-standard","has-post-thumbnail","hentry","category-regiones"],"yoast_head":"<!-- This site is optimized with the Yoast SEO plugin v27.1.1 - https:\/\/yoast.com\/product\/yoast-seo-wordpress\/ -->\n<title>Atacan patrulla de la Polic\u00eda en frontera con el Ecuador | P\u00e1gina10<\/title>\n<meta name=\"robots\" content=\"index, follow, max-snippet:-1, max-image-preview:large, max-video-preview:-1\" \/>\n<link rel=\"canonical\" href=\"https:\/\/pagina10.com\/web\/atacan-patrulla-de-la-policia-en-frontera-con-el-ecuador\/\" \/>\n<meta property=\"og:locale\" content=\"es_ES\" \/>\n<meta property=\"og:type\" content=\"article\" \/>\n<meta property=\"og:title\" content=\"Atacan patrulla de la Polic\u00eda en frontera con el Ecuador | P\u00e1gina10\" \/>\n<meta property=\"og:description\" content=\"En la ma\u00f1ana del s\u00e1bado 28 de agosto fue atacada una patrulla de la Polic\u00eda Nacional que se encontraba realizando procedimiento de vigilancia y control en el municipio de Ipiales. El portal Radio Nacional de Colombia, inform\u00f3 que la patrulla, perteneciente al Grupo de Operaciones Especiales de la Polic\u00eda Nacional, fue impactada por un artefacto [&hellip;]\" \/>\n<meta property=\"og:url\" content=\"https:\/\/pagina10.com\/web\/atacan-patrulla-de-la-policia-en-frontera-con-el-ecuador\/\" \/>\n<meta property=\"og:site_name\" content=\"P\u00e1gina10\" \/>\n<meta property=\"article:publisher\" content=\"https:\/\/www.facebook.com\/pag10com\" \/>\n<meta property=\"article:published_time\" content=\"2021-08-29T13:39:53+00:00\" \/>\n<meta property=\"article:modified_time\" content=\"2021-08-29T13:41:48+00:00\" \/>\n<meta property=\"og:image\" content=\"https:\/\/pagina10.com\/web\/wp-content\/uploads\/2021\/05\/frontera-ecuador-colombia-cerrada-junio-coronavirus-pandemia-terrestre-vistazo.jpg\" \/>\n\t<meta property=\"og:image:width\" content=\"1250\" \/>\n\t<meta property=\"og:image:height\" content=\"703\" \/>\n\t<meta property=\"og:image:type\" content=\"image\/jpeg\" \/>\n<meta name=\"author\" content=\"P\u00e1gina 10\" \/>\n<meta name=\"twitter:card\" content=\"summary_large_image\" \/>\n<meta name=\"twitter:creator\" content=\"@Pag10com\" \/>\n<meta name=\"twitter:site\" content=\"@Pag10com\" \/>\n<meta name=\"twitter:label1\" content=\"Escrito por\" \/>\n\t<meta name=\"twitter:data1\" content=\"P\u00e1gina 10\" \/>\n\t<meta name=\"twitter:label2\" content=\"Tiempo de lectura\" \/>\n\t<meta name=\"twitter:data2\" content=\"1 minuto\" \/>\n<script type=\"application\/ld+json\" class=\"yoast-schema-graph\">{\"@context\":\"https:\/\/schema.org\",\"@graph\":[{\"@type\":\"Article\",\"@id\":\"https:\/\/pagina10.com\/web\/atacan-patrulla-de-la-policia-en-frontera-con-el-ecuador\/#article\",\"isPartOf\":{\"@id\":\"https:\/\/pagina10.com\/web\/atacan-patrulla-de-la-policia-en-frontera-con-el-ecuador\/\"},\"author\":{\"name\":\"P\u00e1gina 10\",\"@id\":\"https:\/\/pagina10.com\/web\/#\/schema\/person\/2efc4a090d25b667d3bc796798a3a81b\"},\"headline\":\"Atacan patrulla de la Polic\u00eda en frontera con el Ecuador\",\"datePublished\":\"2021-08-29T13:39:53+00:00\",\"dateModified\":\"2021-08-29T13:41:48+00:00\",\"mainEntityOfPage\":{\"@id\":\"https:\/\/pagina10.com\/web\/atacan-patrulla-de-la-policia-en-frontera-con-el-ecuador\/\"},\"wordCount\":199,\"commentCount\":0,\"publisher\":{\"@id\":\"https:\/\/pagina10.com\/web\/#organization\"},\"image\":{\"@id\":\"https:\/\/pagina10.com\/web\/atacan-patrulla-de-la-policia-en-frontera-con-el-ecuador\/#primaryimage\"},\"thumbnailUrl\":\"https:\/\/pagina10.com\/web\/wp-content\/uploads\/2021\/05\/frontera-ecuador-colombia-cerrada-junio-coronavirus-pandemia-terrestre-vistazo.jpg\",\"articleSection\":[\"Regiones\"],\"inLanguage\":\"es\",\"potentialAction\":[{\"@type\":\"CommentAction\",\"name\":\"Comment\",\"target\":[\"https:\/\/pagina10.com\/web\/atacan-patrulla-de-la-policia-en-frontera-con-el-ecuador\/#respond\"]}]},{\"@type\":\"WebPage\",\"@id\":\"https:\/\/pagina10.com\/web\/atacan-patrulla-de-la-policia-en-frontera-con-el-ecuador\/\",\"url\":\"https:\/\/pagina10.com\/web\/atacan-patrulla-de-la-policia-en-frontera-con-el-ecuador\/\",\"name\":\"Atacan patrulla de la Polic\u00eda en frontera con el Ecuador | P\u00e1gina10\",\"isPartOf\":{\"@id\":\"https:\/\/pagina10.com\/web\/#website\"},\"primaryImageOfPage\":{\"@id\":\"https:\/\/pagina10.com\/web\/atacan-patrulla-de-la-policia-en-frontera-con-el-ecuador\/#primaryimage\"},\"image\":{\"@id\":\"https:\/\/pagina10.com\/web\/atacan-patrulla-de-la-policia-en-frontera-con-el-ecuador\/#primaryimage\"},\"thumbnailUrl\":\"https:\/\/pagina10.com\/web\/wp-content\/uploads\/2021\/05\/frontera-ecuador-colombia-cerrada-junio-coronavirus-pandemia-terrestre-vistazo.jpg\",\"datePublished\":\"2021-08-29T13:39:53+00:00\",\"dateModified\":\"2021-08-29T13:41:48+00:00\",\"breadcrumb\":{\"@id\":\"https:\/\/pagina10.com\/web\/atacan-patrulla-de-la-policia-en-frontera-con-el-ecuador\/#breadcrumb\"},\"inLanguage\":\"es\",\"potentialAction\":[{\"@type\":\"ReadAction\",\"target\":[\"https:\/\/pagina10.com\/web\/atacan-patrulla-de-la-policia-en-frontera-con-el-ecuador\/\"]}]},{\"@type\":\"ImageObject\",\"inLanguage\":\"es\",\"@id\":\"https:\/\/pagina10.com\/web\/atacan-patrulla-de-la-policia-en-frontera-con-el-ecuador\/#primaryimage\",\"url\":\"https:\/\/pagina10.com\/web\/wp-content\/uploads\/2021\/05\/frontera-ecuador-colombia-cerrada-junio-coronavirus-pandemia-terrestre-vistazo.jpg\",\"contentUrl\":\"https:\/\/pagina10.com\/web\/wp-content\/uploads\/2021\/05\/frontera-ecuador-colombia-cerrada-junio-coronavirus-pandemia-terrestre-vistazo.jpg\",\"width\":1250,\"height\":703},{\"@type\":\"BreadcrumbList\",\"@id\":\"https:\/\/pagina10.com\/web\/atacan-patrulla-de-la-policia-en-frontera-con-el-ecuador\/#breadcrumb\",\"itemListElement\":[{\"@type\":\"ListItem\",\"position\":1,\"name\":\"Portada\",\"item\":\"https:\/\/pagina10.com\/web\/\"},{\"@type\":\"ListItem\",\"position\":2,\"name\":\"Atacan patrulla de la Polic\u00eda en frontera con el Ecuador\"}]},{\"@type\":\"WebSite\",\"@id\":\"https:\/\/pagina10.com\/web\/#website\",\"url\":\"https:\/\/pagina10.com\/web\/\",\"name\":\"P\u00e1gina10\",\"description\":\"Peri\u00f3dico Regional\",\"publisher\":{\"@id\":\"https:\/\/pagina10.com\/web\/#organization\"},\"alternateName\":\"P\u00e1gina10 Peri\u00f3dico Regional\",\"potentialAction\":[{\"@type\":\"SearchAction\",\"target\":{\"@type\":\"EntryPoint\",\"urlTemplate\":\"https:\/\/pagina10.com\/web\/?s={search_term_string}\"},\"query-input\":{\"@type\":\"PropertyValueSpecification\",\"valueRequired\":true,\"valueName\":\"search_term_string\"}}],\"inLanguage\":\"es\"},{\"@type\":\"Organization\",\"@id\":\"https:\/\/pagina10.com\/web\/#organization\",\"name\":\"P\u00e1gina10\",\"alternateName\":\"P\u00e1gina10 Peri\u00f3dico Regional\",\"url\":\"https:\/\/pagina10.com\/web\/\",\"logo\":{\"@type\":\"ImageObject\",\"inLanguage\":\"es\",\"@id\":\"https:\/\/pagina10.com\/web\/#\/schema\/logo\/image\/\",\"url\":\"https:\/\/pagina10.com\/web\/wp-content\/uploads\/2024\/01\/40-pagina-10-periodico-regional-pasto.jpg\",\"contentUrl\":\"https:\/\/pagina10.com\/web\/wp-content\/uploads\/2024\/01\/40-pagina-10-periodico-regional-pasto.jpg\",\"width\":1280,\"height\":720,\"caption\":\"P\u00e1gina10\"},\"image\":{\"@id\":\"https:\/\/pagina10.com\/web\/#\/schema\/logo\/image\/\"},\"sameAs\":[\"https:\/\/www.facebook.com\/pag10com\",\"https:\/\/x.com\/Pag10com\",\"https:\/\/www.instagram.com\/pagina10col\/\",\"https:\/\/youtube.com\/channel\/pag10\",\"https:\/\/www.tiktok.com\/@p10col\"]},{\"@type\":\"Person\",\"@id\":\"https:\/\/pagina10.com\/web\/#\/schema\/person\/2efc4a090d25b667d3bc796798a3a81b\",\"name\":\"P\u00e1gina 10\",\"description\":\"P\u00e1gina 10 es un peri\u00f3dico regional que nace en Colombia, en el departamento de Nari\u00f1o, con un enfoque global, fundamentado en cuatro pilares esenciales: la libertad, el pluralismo, la inclusi\u00f3n y la independencia. P\u00e1gina 10 hace referencia a Nari\u00f1o como el d\u00e9cimo departamento creado en Colombia, despu\u00e9s de un proceso pol\u00edtico liderado por actores y actrices regionales con el fin de obtener la independencia y autonom\u00eda de nuestros territorios. Con la creaci\u00f3n de P\u00e1gina 10 se pretende abrir un escenario para el dialogo, la reflexi\u00f3n y el debate que se extienda a otras geograf\u00edas de Am\u00e9rica Latina y del planeta, en una apuesta por transformar colectivamente los desaf\u00edos de un mundo contempor\u00e1neo, m\u00e1s all\u00e1 de las fronteras impuestas.\",\"url\":\"https:\/\/pagina10.com\/web\/author\/pdiezadmin\/\"}]}<\/script>\n<!-- \/ Yoast SEO plugin. -->","yoast_head_json":{"title":"Atacan patrulla de la Polic\u00eda en frontera con el Ecuador | P\u00e1gina10","robots":{"index":"index","follow":"follow","max-snippet":"max-snippet:-1","max-image-preview":"max-image-preview:large","max-video-preview":"max-video-preview:-1"},"canonical":"https:\/\/pagina10.com\/web\/atacan-patrulla-de-la-policia-en-frontera-con-el-ecuador\/","og_locale":"es_ES","og_type":"article","og_title":"Atacan patrulla de la Polic\u00eda en frontera con el Ecuador | P\u00e1gina10","og_description":"En la ma\u00f1ana del s\u00e1bado 28 de agosto fue atacada una patrulla de la Polic\u00eda Nacional que se encontraba realizando procedimiento de vigilancia y control en el municipio de Ipiales. El portal Radio Nacional de Colombia, inform\u00f3 que la patrulla, perteneciente al Grupo de Operaciones Especiales de la Polic\u00eda Nacional, fue impactada por un artefacto [&hellip;]","og_url":"https:\/\/pagina10.com\/web\/atacan-patrulla-de-la-policia-en-frontera-con-el-ecuador\/","og_site_name":"P\u00e1gina10","article_publisher":"https:\/\/www.facebook.com\/pag10com","article_published_time":"2021-08-29T13:39:53+00:00","article_modified_time":"2021-08-29T13:41:48+00:00","og_image":[{"width":1250,"height":703,"url":"https:\/\/pagina10.com\/web\/wp-content\/uploads\/2021\/05\/frontera-ecuador-colombia-cerrada-junio-coronavirus-pandemia-terrestre-vistazo.jpg","type":"image\/jpeg"}],"author":"P\u00e1gina 10","twitter_card":"summary_large_image","twitter_creator":"@Pag10com","twitter_site":"@Pag10com","twitter_misc":{"Escrito por":"P\u00e1gina 10","Tiempo de lectura":"1 minuto"},"schema":{"@context":"https:\/\/schema.org","@graph":[{"@type":"Article","@id":"https:\/\/pagina10.com\/web\/atacan-patrulla-de-la-policia-en-frontera-con-el-ecuador\/#article","isPartOf":{"@id":"https:\/\/pagina10.com\/web\/atacan-patrulla-de-la-policia-en-frontera-con-el-ecuador\/"},"author":{"name":"P\u00e1gina 10","@id":"https:\/\/pagina10.com\/web\/#\/schema\/person\/2efc4a090d25b667d3bc796798a3a81b"},"headline":"Atacan patrulla de la Polic\u00eda en frontera con el Ecuador","datePublished":"2021-08-29T13:39:53+00:00","dateModified":"2021-08-29T13:41:48+00:00","mainEntityOfPage":{"@id":"https:\/\/pagina10.com\/web\/atacan-patrulla-de-la-policia-en-frontera-con-el-ecuador\/"},"wordCount":199,"commentCount":0,"publisher":{"@id":"https:\/\/pagina10.com\/web\/#organization"},"image":{"@id":"https:\/\/pagina10.com\/web\/atacan-patrulla-de-la-policia-en-frontera-con-el-ecuador\/#primaryimage"},"thumbnailUrl":"https:\/\/pagina10.com\/web\/wp-content\/uploads\/2021\/05\/frontera-ecuador-colombia-cerrada-junio-coronavirus-pandemia-terrestre-vistazo.jpg","articleSection":["Regiones"],"inLanguage":"es","potentialAction":[{"@type":"CommentAction","name":"Comment","target":["https:\/\/pagina10.com\/web\/atacan-patrulla-de-la-policia-en-frontera-con-el-ecuador\/#respond"]}]},{"@type":"WebPage","@id":"https:\/\/pagina10.com\/web\/atacan-patrulla-de-la-policia-en-frontera-con-el-ecuador\/","url":"https:\/\/pagina10.com\/web\/atacan-patrulla-de-la-policia-en-frontera-con-el-ecuador\/","name":"Atacan patrulla de la Polic\u00eda en frontera con el Ecuador | P\u00e1gina10","isPartOf":{"@id":"https:\/\/pagina10.com\/web\/#website"},"primaryImageOfPage":{"@id":"https:\/\/pagina10.com\/web\/atacan-patrulla-de-la-policia-en-frontera-con-el-ecuador\/#primaryimage"},"image":{"@id":"https:\/\/pagina10.com\/web\/atacan-patrulla-de-la-policia-en-frontera-con-el-ecuador\/#primaryimage"},"thumbnailUrl":"https:\/\/pagina10.com\/web\/wp-content\/uploads\/2021\/05\/frontera-ecuador-colombia-cerrada-junio-coronavirus-pandemia-terrestre-vistazo.jpg","datePublished":"2021-08-29T13:39:53+00:00","dateModified":"2021-08-29T13:41:48+00:00","breadcrumb":{"@id":"https:\/\/pagina10.com\/web\/atacan-patrulla-de-la-policia-en-frontera-con-el-ecuador\/#breadcrumb"},"inLanguage":"es","potentialAction":[{"@type":"ReadAction","target":["https:\/\/pagina10.com\/web\/atacan-patrulla-de-la-policia-en-frontera-con-el-ecuador\/"]}]},{"@type":"ImageObject","inLanguage":"es","@id":"https:\/\/pagina10.com\/web\/atacan-patrulla-de-la-policia-en-frontera-con-el-ecuador\/#primaryimage","url":"https:\/\/pagina10.com\/web\/wp-content\/uploads\/2021\/05\/frontera-ecuador-colombia-cerrada-junio-coronavirus-pandemia-terrestre-vistazo.jpg","contentUrl":"https:\/\/pagina10.com\/web\/wp-content\/uploads\/2021\/05\/frontera-ecuador-colombia-cerrada-junio-coronavirus-pandemia-terrestre-vistazo.jpg","width":1250,"height":703},{"@type":"BreadcrumbList","@id":"https:\/\/pagina10.com\/web\/atacan-patrulla-de-la-policia-en-frontera-con-el-ecuador\/#breadcrumb","itemListElement":[{"@type":"ListItem","position":1,"name":"Portada","item":"https:\/\/pagina10.com\/web\/"},{"@type":"ListItem","position":2,"name":"Atacan patrulla de la Polic\u00eda en frontera con el Ecuador"}]},{"@type":"WebSite","@id":"https:\/\/pagina10.com\/web\/#website","url":"https:\/\/pagina10.com\/web\/","name":"P\u00e1gina10","description":"Peri\u00f3dico Regional","publisher":{"@id":"https:\/\/pagina10.com\/web\/#organization"},"alternateName":"P\u00e1gina10 Peri\u00f3dico Regional","potentialAction":[{"@type":"SearchAction","target":{"@type":"EntryPoint","urlTemplate":"https:\/\/pagina10.com\/web\/?s={search_term_string}"},"query-input":{"@type":"PropertyValueSpecification","valueRequired":true,"valueName":"search_term_string"}}],"inLanguage":"es"},{"@type":"Organization","@id":"https:\/\/pagina10.com\/web\/#organization","name":"P\u00e1gina10","alternateName":"P\u00e1gina10 Peri\u00f3dico Regional","url":"https:\/\/pagina10.com\/web\/","logo":{"@type":"ImageObject","inLanguage":"es","@id":"https:\/\/pagina10.com\/web\/#\/schema\/logo\/image\/","url":"https:\/\/pagina10.com\/web\/wp-content\/uploads\/2024\/01\/40-pagina-10-periodico-regional-pasto.jpg","contentUrl":"https:\/\/pagina10.com\/web\/wp-content\/uploads\/2024\/01\/40-pagina-10-periodico-regional-pasto.jpg","width":1280,"height":720,"caption":"P\u00e1gina10"},"image":{"@id":"https:\/\/pagina10.com\/web\/#\/schema\/logo\/image\/"},"sameAs":["https:\/\/www.facebook.com\/pag10com","https:\/\/x.com\/Pag10com","https:\/\/www.instagram.com\/pagina10col\/","https:\/\/youtube.com\/channel\/pag10","https:\/\/www.tiktok.com\/@p10col"]},{"@type":"Person","@id":"https:\/\/pagina10.com\/web\/#\/schema\/person\/2efc4a090d25b667d3bc796798a3a81b","name":"P\u00e1gina 10","description":"P\u00e1gina 10 es un peri\u00f3dico regional que nace en Colombia, en el departamento de Nari\u00f1o, con un enfoque global, fundamentado en cuatro pilares esenciales: la libertad, el pluralismo, la inclusi\u00f3n y la independencia. P\u00e1gina 10 hace referencia a Nari\u00f1o como el d\u00e9cimo departamento creado en Colombia, despu\u00e9s de un proceso pol\u00edtico liderado por actores y actrices regionales con el fin de obtener la independencia y autonom\u00eda de nuestros territorios. Con la creaci\u00f3n de P\u00e1gina 10 se pretende abrir un escenario para el dialogo, la reflexi\u00f3n y el debate que se extienda a otras geograf\u00edas de Am\u00e9rica Latina y del planeta, en una apuesta por transformar colectivamente los desaf\u00edos de un mundo contempor\u00e1neo, m\u00e1s all\u00e1 de las fronteras impuestas.","url":"https:\/\/pagina10.com\/web\/author\/pdiezadmin\/"}]}},"_links":{"self":[{"href":"https:\/\/pagina10.com\/web\/wp-json\/wp\/v2\/posts\/55261","targetHints":{"allow":["GET"]}}],"collection":[{"href":"https:\/\/pagina10.com\/web\/wp-json\/wp\/v2\/posts"}],"about":[{"href":"https:\/\/pagina10.com\/web\/wp-json\/wp\/v2\/types\/post"}],"author":[{"embeddable":true,"href":"https:\/\/pagina10.com\/web\/wp-json\/wp\/v2\/users\/1"}],"replies":[{"embeddable":true,"href":"https:\/\/pagina10.com\/web\/wp-json\/wp\/v2\/comments?post=55261"}],"version-history":[{"count":2,"href":"https:\/\/pagina10.com\/web\/wp-json\/wp\/v2\/posts\/55261\/revisions"}],"predecessor-version":[{"id":55263,"href":"https:\/\/pagina10.com\/web\/wp-json\/wp\/v2\/posts\/55261\/revisions\/55263"}],"wp:featuredmedia":[{"embeddable":true,"href":"https:\/\/pagina10.com\/web\/wp-json\/wp\/v2\/media\/52464"}],"wp:attachment":[{"href":"https:\/\/pagina10.com\/web\/wp-json\/wp\/v2\/media?parent=55261"}],"wp:term":[{"taxonomy":"category","embeddable":true,"href":"https:\/\/pagina10.com\/web\/wp-json\/wp\/v2\/categories?post=55261"},{"taxonomy":"post_tag","embeddable":true,"href":"https:\/\/pagina10.com\/web\/wp-json\/wp\/v2\/tags?post=55261"}],"curies":[{"name":"wp","href":"https:\/\/api.w.org\/{rel}","templated":true}]}}