{"id":55290,"date":"2021-08-30T12:13:17","date_gmt":"2021-08-30T17:13:17","guid":{"rendered":"https:\/\/pagina10.com\/web\/?p=55290"},"modified":"2021-08-30T12:13:17","modified_gmt":"2021-08-30T17:13:17","slug":"en-narino-personal-de-la-salud-recibio-elementos-de-bioproteccion","status":"publish","type":"post","link":"https:\/\/pagina10.com\/web\/en-narino-personal-de-la-salud-recibio-elementos-de-bioproteccion\/","title":{"rendered":"En Nari\u00f1o, personal de la salud recibi\u00f3 elementos de bioprotecci\u00f3n"},"content":{"rendered":"<p style=\"text-align: justify;\">La Gobernaci\u00f3n y el Instituto Departamental de Salud de Nari\u00f1o \u2013 IDSN, entregaron elementos de bioprotecci\u00f3n a personal m\u00e9dico y trabajadores del sector salud pertenecientes a 64 Empresas Sociales del Estado E.S.E. de los municipios de Nari\u00f1o, de igual forma, a seis E.S.E del departamento y a 13 grupos \u00e9tnicos. El valor de estos elementos asciende a $3.172 millones.<\/p>\n<p style=\"text-align: justify;\">\u201cNuestro prop\u00f3sito es cuidar a quienes nos cuidan, a las personas que en todos los municipios a lo largo y ancho del Departamento prestan los servicios de salud. Agradecemos tambi\u00e9n a ACNUR, la Agencia de la ONU para los Refugiados, por la donaci\u00f3n de 22 unidades individuales modulares, carpas que permiten la instalaci\u00f3n de puestos de vacunaci\u00f3n y pruebas diagn\u00f3sticas al servicio de la comunidad. Esta entrega supera los $3.100 millones y busca proteger al personal m\u00e9dico y trabajadores de la salud\u201d, indic\u00f3 el Gobernador de Nari\u00f1o, Jhon Rojas.<\/p>\n<p style=\"text-align: justify;\">En el acto de entrega de estos elementos cumplido en el Coliseo Adriana Ben\u00edtez, de la Universidad e Nari\u00f1o, los gerentes de las E.S.E beneficiadas, destacaron que los elementos de protecci\u00f3n personal son muy necesarios, puesto que su uso debe ser diario y constante; adem\u00e1s, existe escasez de los mismos en el mercado y su adquisici\u00f3n por parte de las E.S.E. amerita costos significativos.<\/p>\n<p style=\"text-align: justify;\">El Gerente del Hospital Civil de Ipiales, Giovanny Andr\u00e9s Fajardo, manifest\u00f3 que esta entrega permite garantizar la protecci\u00f3n de los trabajadores que prestan sus servicios en el marco de la pandemia, en especial en instituciones como el Hospital de Ipiales que es referente para varios municipios de Nari\u00f1o y atiende cientos de personas cada d\u00eda.<\/p>\n<p style=\"text-align: justify;\">Miguel Qui\u00f1onez, funcionario de la E.S.E de Francisco Pizarro, Costa Pac\u00edfica de Nari\u00f1o, destac\u00f3 que la entrega de los elementos de bioprotecci\u00f3n, beneficia al personal de la salud, debido a que es muy dif\u00edcil para las entidades adquirir y transportar estos elementos, en especial cuando se trata de municipios alejados y con recursos limitados para el funcionamiento de la salud.<\/p>\n<p style=\"text-align: justify;\">\n","protected":false},"excerpt":{"rendered":"<p>La Gobernaci\u00f3n y el Instituto Departamental de Salud de Nari\u00f1o \u2013 IDSN, entregaron elementos de bioprotecci\u00f3n a personal m\u00e9dico y trabajadores del sector salud pertenecientes a 64 Empresas Sociales del Estado E.S.E. de los municipios de Nari\u00f1o, de igual forma, a seis E.S.E del departamento y a 13 grupos \u00e9tnicos. El valor de estos elementos [&hellip;]<\/p>\n","protected":false},"author":1,"featured_media":55291,"comment_status":"open","ping_status":"open","sticky":false,"template":"","format":"standard","meta":{"footnotes":""},"categories":[14],"tags":[],"class_list":["post-55290","post","type-post","status-publish","format-standard","has-post-thumbnail","hentry","category-narino-actual"],"yoast_head":"<!-- This site is optimized with the Yoast SEO plugin v27.1.1 - https:\/\/yoast.com\/product\/yoast-seo-wordpress\/ -->\n<title>En Nari\u00f1o, personal de la salud recibi\u00f3 elementos de bioprotecci\u00f3n | P\u00e1gina10<\/title>\n<meta name=\"robots\" content=\"index, follow, max-snippet:-1, max-image-preview:large, max-video-preview:-1\" \/>\n<link rel=\"canonical\" href=\"https:\/\/pagina10.com\/web\/en-narino-personal-de-la-salud-recibio-elementos-de-bioproteccion\/\" \/>\n<meta property=\"og:locale\" content=\"es_ES\" \/>\n<meta property=\"og:type\" content=\"article\" \/>\n<meta property=\"og:title\" content=\"En Nari\u00f1o, personal de la salud recibi\u00f3 elementos de bioprotecci\u00f3n | P\u00e1gina10\" \/>\n<meta property=\"og:description\" content=\"La Gobernaci\u00f3n y el Instituto Departamental de Salud de Nari\u00f1o \u2013 IDSN, entregaron elementos de bioprotecci\u00f3n a personal m\u00e9dico y trabajadores del sector salud pertenecientes a 64 Empresas Sociales del Estado E.S.E. de los municipios de Nari\u00f1o, de igual forma, a seis E.S.E del departamento y a 13 grupos \u00e9tnicos. El valor de estos elementos [&hellip;]\" \/>\n<meta property=\"og:url\" content=\"https:\/\/pagina10.com\/web\/en-narino-personal-de-la-salud-recibio-elementos-de-bioproteccion\/\" \/>\n<meta property=\"og:site_name\" content=\"P\u00e1gina10\" \/>\n<meta property=\"article:publisher\" content=\"https:\/\/www.facebook.com\/pag10com\" \/>\n<meta property=\"article:published_time\" content=\"2021-08-30T17:13:17+00:00\" \/>\n<meta property=\"og:image\" content=\"https:\/\/pagina10.com\/web\/wp-content\/uploads\/2021\/08\/898989898.jpg\" \/>\n\t<meta property=\"og:image:width\" content=\"1006\" \/>\n\t<meta property=\"og:image:height\" content=\"664\" \/>\n\t<meta property=\"og:image:type\" content=\"image\/jpeg\" \/>\n<meta name=\"author\" content=\"P\u00e1gina 10\" \/>\n<meta name=\"twitter:card\" content=\"summary_large_image\" \/>\n<meta name=\"twitter:creator\" content=\"@Pag10com\" \/>\n<meta name=\"twitter:site\" content=\"@Pag10com\" \/>\n<meta name=\"twitter:label1\" content=\"Escrito por\" \/>\n\t<meta name=\"twitter:data1\" content=\"P\u00e1gina 10\" \/>\n\t<meta name=\"twitter:label2\" content=\"Tiempo de lectura\" \/>\n\t<meta name=\"twitter:data2\" content=\"2 minutos\" \/>\n<script type=\"application\/ld+json\" class=\"yoast-schema-graph\">{\"@context\":\"https:\/\/schema.org\",\"@graph\":[{\"@type\":\"Article\",\"@id\":\"https:\/\/pagina10.com\/web\/en-narino-personal-de-la-salud-recibio-elementos-de-bioproteccion\/#article\",\"isPartOf\":{\"@id\":\"https:\/\/pagina10.com\/web\/en-narino-personal-de-la-salud-recibio-elementos-de-bioproteccion\/\"},\"author\":{\"name\":\"P\u00e1gina 10\",\"@id\":\"https:\/\/pagina10.com\/web\/#\/schema\/person\/2efc4a090d25b667d3bc796798a3a81b\"},\"headline\":\"En Nari\u00f1o, personal de la salud recibi\u00f3 elementos de bioprotecci\u00f3n\",\"datePublished\":\"2021-08-30T17:13:17+00:00\",\"mainEntityOfPage\":{\"@id\":\"https:\/\/pagina10.com\/web\/en-narino-personal-de-la-salud-recibio-elementos-de-bioproteccion\/\"},\"wordCount\":370,\"commentCount\":0,\"publisher\":{\"@id\":\"https:\/\/pagina10.com\/web\/#organization\"},\"image\":{\"@id\":\"https:\/\/pagina10.com\/web\/en-narino-personal-de-la-salud-recibio-elementos-de-bioproteccion\/#primaryimage\"},\"thumbnailUrl\":\"https:\/\/pagina10.com\/web\/wp-content\/uploads\/2021\/08\/898989898.jpg\",\"articleSection\":[\"Nari\u00f1o Actual\"],\"inLanguage\":\"es\",\"potentialAction\":[{\"@type\":\"CommentAction\",\"name\":\"Comment\",\"target\":[\"https:\/\/pagina10.com\/web\/en-narino-personal-de-la-salud-recibio-elementos-de-bioproteccion\/#respond\"]}]},{\"@type\":\"WebPage\",\"@id\":\"https:\/\/pagina10.com\/web\/en-narino-personal-de-la-salud-recibio-elementos-de-bioproteccion\/\",\"url\":\"https:\/\/pagina10.com\/web\/en-narino-personal-de-la-salud-recibio-elementos-de-bioproteccion\/\",\"name\":\"En Nari\u00f1o, personal de la salud recibi\u00f3 elementos de bioprotecci\u00f3n | P\u00e1gina10\",\"isPartOf\":{\"@id\":\"https:\/\/pagina10.com\/web\/#website\"},\"primaryImageOfPage\":{\"@id\":\"https:\/\/pagina10.com\/web\/en-narino-personal-de-la-salud-recibio-elementos-de-bioproteccion\/#primaryimage\"},\"image\":{\"@id\":\"https:\/\/pagina10.com\/web\/en-narino-personal-de-la-salud-recibio-elementos-de-bioproteccion\/#primaryimage\"},\"thumbnailUrl\":\"https:\/\/pagina10.com\/web\/wp-content\/uploads\/2021\/08\/898989898.jpg\",\"datePublished\":\"2021-08-30T17:13:17+00:00\",\"breadcrumb\":{\"@id\":\"https:\/\/pagina10.com\/web\/en-narino-personal-de-la-salud-recibio-elementos-de-bioproteccion\/#breadcrumb\"},\"inLanguage\":\"es\",\"potentialAction\":[{\"@type\":\"ReadAction\",\"target\":[\"https:\/\/pagina10.com\/web\/en-narino-personal-de-la-salud-recibio-elementos-de-bioproteccion\/\"]}]},{\"@type\":\"ImageObject\",\"inLanguage\":\"es\",\"@id\":\"https:\/\/pagina10.com\/web\/en-narino-personal-de-la-salud-recibio-elementos-de-bioproteccion\/#primaryimage\",\"url\":\"https:\/\/pagina10.com\/web\/wp-content\/uploads\/2021\/08\/898989898.jpg\",\"contentUrl\":\"https:\/\/pagina10.com\/web\/wp-content\/uploads\/2021\/08\/898989898.jpg\",\"width\":1006,\"height\":664},{\"@type\":\"BreadcrumbList\",\"@id\":\"https:\/\/pagina10.com\/web\/en-narino-personal-de-la-salud-recibio-elementos-de-bioproteccion\/#breadcrumb\",\"itemListElement\":[{\"@type\":\"ListItem\",\"position\":1,\"name\":\"Portada\",\"item\":\"https:\/\/pagina10.com\/web\/\"},{\"@type\":\"ListItem\",\"position\":2,\"name\":\"En Nari\u00f1o, personal de la salud recibi\u00f3 elementos de bioprotecci\u00f3n\"}]},{\"@type\":\"WebSite\",\"@id\":\"https:\/\/pagina10.com\/web\/#website\",\"url\":\"https:\/\/pagina10.com\/web\/\",\"name\":\"P\u00e1gina10\",\"description\":\"Peri\u00f3dico Regional\",\"publisher\":{\"@id\":\"https:\/\/pagina10.com\/web\/#organization\"},\"alternateName\":\"P\u00e1gina10 Peri\u00f3dico Regional\",\"potentialAction\":[{\"@type\":\"SearchAction\",\"target\":{\"@type\":\"EntryPoint\",\"urlTemplate\":\"https:\/\/pagina10.com\/web\/?s={search_term_string}\"},\"query-input\":{\"@type\":\"PropertyValueSpecification\",\"valueRequired\":true,\"valueName\":\"search_term_string\"}}],\"inLanguage\":\"es\"},{\"@type\":\"Organization\",\"@id\":\"https:\/\/pagina10.com\/web\/#organization\",\"name\":\"P\u00e1gina10\",\"alternateName\":\"P\u00e1gina10 Peri\u00f3dico Regional\",\"url\":\"https:\/\/pagina10.com\/web\/\",\"logo\":{\"@type\":\"ImageObject\",\"inLanguage\":\"es\",\"@id\":\"https:\/\/pagina10.com\/web\/#\/schema\/logo\/image\/\",\"url\":\"https:\/\/pagina10.com\/web\/wp-content\/uploads\/2024\/01\/40-pagina-10-periodico-regional-pasto.jpg\",\"contentUrl\":\"https:\/\/pagina10.com\/web\/wp-content\/uploads\/2024\/01\/40-pagina-10-periodico-regional-pasto.jpg\",\"width\":1280,\"height\":720,\"caption\":\"P\u00e1gina10\"},\"image\":{\"@id\":\"https:\/\/pagina10.com\/web\/#\/schema\/logo\/image\/\"},\"sameAs\":[\"https:\/\/www.facebook.com\/pag10com\",\"https:\/\/x.com\/Pag10com\",\"https:\/\/www.instagram.com\/pagina10col\/\",\"https:\/\/youtube.com\/channel\/pag10\",\"https:\/\/www.tiktok.com\/@p10col\"]},{\"@type\":\"Person\",\"@id\":\"https:\/\/pagina10.com\/web\/#\/schema\/person\/2efc4a090d25b667d3bc796798a3a81b\",\"name\":\"P\u00e1gina 10\",\"description\":\"P\u00e1gina 10 es un peri\u00f3dico regional que nace en Colombia, en el departamento de Nari\u00f1o, con un enfoque global, fundamentado en cuatro pilares esenciales: la libertad, el pluralismo, la inclusi\u00f3n y la independencia. P\u00e1gina 10 hace referencia a Nari\u00f1o como el d\u00e9cimo departamento creado en Colombia, despu\u00e9s de un proceso pol\u00edtico liderado por actores y actrices regionales con el fin de obtener la independencia y autonom\u00eda de nuestros territorios. Con la creaci\u00f3n de P\u00e1gina 10 se pretende abrir un escenario para el dialogo, la reflexi\u00f3n y el debate que se extienda a otras geograf\u00edas de Am\u00e9rica Latina y del planeta, en una apuesta por transformar colectivamente los desaf\u00edos de un mundo contempor\u00e1neo, m\u00e1s all\u00e1 de las fronteras impuestas.\",\"url\":\"https:\/\/pagina10.com\/web\/author\/pdiezadmin\/\"}]}<\/script>\n<!-- \/ Yoast SEO plugin. -->","yoast_head_json":{"title":"En Nari\u00f1o, personal de la salud recibi\u00f3 elementos de bioprotecci\u00f3n | P\u00e1gina10","robots":{"index":"index","follow":"follow","max-snippet":"max-snippet:-1","max-image-preview":"max-image-preview:large","max-video-preview":"max-video-preview:-1"},"canonical":"https:\/\/pagina10.com\/web\/en-narino-personal-de-la-salud-recibio-elementos-de-bioproteccion\/","og_locale":"es_ES","og_type":"article","og_title":"En Nari\u00f1o, personal de la salud recibi\u00f3 elementos de bioprotecci\u00f3n | P\u00e1gina10","og_description":"La Gobernaci\u00f3n y el Instituto Departamental de Salud de Nari\u00f1o \u2013 IDSN, entregaron elementos de bioprotecci\u00f3n a personal m\u00e9dico y trabajadores del sector salud pertenecientes a 64 Empresas Sociales del Estado E.S.E. de los municipios de Nari\u00f1o, de igual forma, a seis E.S.E del departamento y a 13 grupos \u00e9tnicos. El valor de estos elementos [&hellip;]","og_url":"https:\/\/pagina10.com\/web\/en-narino-personal-de-la-salud-recibio-elementos-de-bioproteccion\/","og_site_name":"P\u00e1gina10","article_publisher":"https:\/\/www.facebook.com\/pag10com","article_published_time":"2021-08-30T17:13:17+00:00","og_image":[{"width":1006,"height":664,"url":"https:\/\/pagina10.com\/web\/wp-content\/uploads\/2021\/08\/898989898.jpg","type":"image\/jpeg"}],"author":"P\u00e1gina 10","twitter_card":"summary_large_image","twitter_creator":"@Pag10com","twitter_site":"@Pag10com","twitter_misc":{"Escrito por":"P\u00e1gina 10","Tiempo de lectura":"2 minutos"},"schema":{"@context":"https:\/\/schema.org","@graph":[{"@type":"Article","@id":"https:\/\/pagina10.com\/web\/en-narino-personal-de-la-salud-recibio-elementos-de-bioproteccion\/#article","isPartOf":{"@id":"https:\/\/pagina10.com\/web\/en-narino-personal-de-la-salud-recibio-elementos-de-bioproteccion\/"},"author":{"name":"P\u00e1gina 10","@id":"https:\/\/pagina10.com\/web\/#\/schema\/person\/2efc4a090d25b667d3bc796798a3a81b"},"headline":"En Nari\u00f1o, personal de la salud recibi\u00f3 elementos de bioprotecci\u00f3n","datePublished":"2021-08-30T17:13:17+00:00","mainEntityOfPage":{"@id":"https:\/\/pagina10.com\/web\/en-narino-personal-de-la-salud-recibio-elementos-de-bioproteccion\/"},"wordCount":370,"commentCount":0,"publisher":{"@id":"https:\/\/pagina10.com\/web\/#organization"},"image":{"@id":"https:\/\/pagina10.com\/web\/en-narino-personal-de-la-salud-recibio-elementos-de-bioproteccion\/#primaryimage"},"thumbnailUrl":"https:\/\/pagina10.com\/web\/wp-content\/uploads\/2021\/08\/898989898.jpg","articleSection":["Nari\u00f1o Actual"],"inLanguage":"es","potentialAction":[{"@type":"CommentAction","name":"Comment","target":["https:\/\/pagina10.com\/web\/en-narino-personal-de-la-salud-recibio-elementos-de-bioproteccion\/#respond"]}]},{"@type":"WebPage","@id":"https:\/\/pagina10.com\/web\/en-narino-personal-de-la-salud-recibio-elementos-de-bioproteccion\/","url":"https:\/\/pagina10.com\/web\/en-narino-personal-de-la-salud-recibio-elementos-de-bioproteccion\/","name":"En Nari\u00f1o, personal de la salud recibi\u00f3 elementos de bioprotecci\u00f3n | P\u00e1gina10","isPartOf":{"@id":"https:\/\/pagina10.com\/web\/#website"},"primaryImageOfPage":{"@id":"https:\/\/pagina10.com\/web\/en-narino-personal-de-la-salud-recibio-elementos-de-bioproteccion\/#primaryimage"},"image":{"@id":"https:\/\/pagina10.com\/web\/en-narino-personal-de-la-salud-recibio-elementos-de-bioproteccion\/#primaryimage"},"thumbnailUrl":"https:\/\/pagina10.com\/web\/wp-content\/uploads\/2021\/08\/898989898.jpg","datePublished":"2021-08-30T17:13:17+00:00","breadcrumb":{"@id":"https:\/\/pagina10.com\/web\/en-narino-personal-de-la-salud-recibio-elementos-de-bioproteccion\/#breadcrumb"},"inLanguage":"es","potentialAction":[{"@type":"ReadAction","target":["https:\/\/pagina10.com\/web\/en-narino-personal-de-la-salud-recibio-elementos-de-bioproteccion\/"]}]},{"@type":"ImageObject","inLanguage":"es","@id":"https:\/\/pagina10.com\/web\/en-narino-personal-de-la-salud-recibio-elementos-de-bioproteccion\/#primaryimage","url":"https:\/\/pagina10.com\/web\/wp-content\/uploads\/2021\/08\/898989898.jpg","contentUrl":"https:\/\/pagina10.com\/web\/wp-content\/uploads\/2021\/08\/898989898.jpg","width":1006,"height":664},{"@type":"BreadcrumbList","@id":"https:\/\/pagina10.com\/web\/en-narino-personal-de-la-salud-recibio-elementos-de-bioproteccion\/#breadcrumb","itemListElement":[{"@type":"ListItem","position":1,"name":"Portada","item":"https:\/\/pagina10.com\/web\/"},{"@type":"ListItem","position":2,"name":"En Nari\u00f1o, personal de la salud recibi\u00f3 elementos de bioprotecci\u00f3n"}]},{"@type":"WebSite","@id":"https:\/\/pagina10.com\/web\/#website","url":"https:\/\/pagina10.com\/web\/","name":"P\u00e1gina10","description":"Peri\u00f3dico Regional","publisher":{"@id":"https:\/\/pagina10.com\/web\/#organization"},"alternateName":"P\u00e1gina10 Peri\u00f3dico Regional","potentialAction":[{"@type":"SearchAction","target":{"@type":"EntryPoint","urlTemplate":"https:\/\/pagina10.com\/web\/?s={search_term_string}"},"query-input":{"@type":"PropertyValueSpecification","valueRequired":true,"valueName":"search_term_string"}}],"inLanguage":"es"},{"@type":"Organization","@id":"https:\/\/pagina10.com\/web\/#organization","name":"P\u00e1gina10","alternateName":"P\u00e1gina10 Peri\u00f3dico Regional","url":"https:\/\/pagina10.com\/web\/","logo":{"@type":"ImageObject","inLanguage":"es","@id":"https:\/\/pagina10.com\/web\/#\/schema\/logo\/image\/","url":"https:\/\/pagina10.com\/web\/wp-content\/uploads\/2024\/01\/40-pagina-10-periodico-regional-pasto.jpg","contentUrl":"https:\/\/pagina10.com\/web\/wp-content\/uploads\/2024\/01\/40-pagina-10-periodico-regional-pasto.jpg","width":1280,"height":720,"caption":"P\u00e1gina10"},"image":{"@id":"https:\/\/pagina10.com\/web\/#\/schema\/logo\/image\/"},"sameAs":["https:\/\/www.facebook.com\/pag10com","https:\/\/x.com\/Pag10com","https:\/\/www.instagram.com\/pagina10col\/","https:\/\/youtube.com\/channel\/pag10","https:\/\/www.tiktok.com\/@p10col"]},{"@type":"Person","@id":"https:\/\/pagina10.com\/web\/#\/schema\/person\/2efc4a090d25b667d3bc796798a3a81b","name":"P\u00e1gina 10","description":"P\u00e1gina 10 es un peri\u00f3dico regional que nace en Colombia, en el departamento de Nari\u00f1o, con un enfoque global, fundamentado en cuatro pilares esenciales: la libertad, el pluralismo, la inclusi\u00f3n y la independencia. P\u00e1gina 10 hace referencia a Nari\u00f1o como el d\u00e9cimo departamento creado en Colombia, despu\u00e9s de un proceso pol\u00edtico liderado por actores y actrices regionales con el fin de obtener la independencia y autonom\u00eda de nuestros territorios. Con la creaci\u00f3n de P\u00e1gina 10 se pretende abrir un escenario para el dialogo, la reflexi\u00f3n y el debate que se extienda a otras geograf\u00edas de Am\u00e9rica Latina y del planeta, en una apuesta por transformar colectivamente los desaf\u00edos de un mundo contempor\u00e1neo, m\u00e1s all\u00e1 de las fronteras impuestas.","url":"https:\/\/pagina10.com\/web\/author\/pdiezadmin\/"}]}},"_links":{"self":[{"href":"https:\/\/pagina10.com\/web\/wp-json\/wp\/v2\/posts\/55290","targetHints":{"allow":["GET"]}}],"collection":[{"href":"https:\/\/pagina10.com\/web\/wp-json\/wp\/v2\/posts"}],"about":[{"href":"https:\/\/pagina10.com\/web\/wp-json\/wp\/v2\/types\/post"}],"author":[{"embeddable":true,"href":"https:\/\/pagina10.com\/web\/wp-json\/wp\/v2\/users\/1"}],"replies":[{"embeddable":true,"href":"https:\/\/pagina10.com\/web\/wp-json\/wp\/v2\/comments?post=55290"}],"version-history":[{"count":1,"href":"https:\/\/pagina10.com\/web\/wp-json\/wp\/v2\/posts\/55290\/revisions"}],"predecessor-version":[{"id":55292,"href":"https:\/\/pagina10.com\/web\/wp-json\/wp\/v2\/posts\/55290\/revisions\/55292"}],"wp:featuredmedia":[{"embeddable":true,"href":"https:\/\/pagina10.com\/web\/wp-json\/wp\/v2\/media\/55291"}],"wp:attachment":[{"href":"https:\/\/pagina10.com\/web\/wp-json\/wp\/v2\/media?parent=55290"}],"wp:term":[{"taxonomy":"category","embeddable":true,"href":"https:\/\/pagina10.com\/web\/wp-json\/wp\/v2\/categories?post=55290"},{"taxonomy":"post_tag","embeddable":true,"href":"https:\/\/pagina10.com\/web\/wp-json\/wp\/v2\/tags?post=55290"}],"curies":[{"name":"wp","href":"https:\/\/api.w.org\/{rel}","templated":true}]}}