{"id":55330,"date":"2021-08-31T17:08:03","date_gmt":"2021-08-31T22:08:03","guid":{"rendered":"https:\/\/pagina10.com\/web\/?p=55330"},"modified":"2021-08-31T17:08:03","modified_gmt":"2021-08-31T22:08:03","slug":"autoridades-crean-frente-comun-para-enfrentar-delincuencia-de-narino","status":"publish","type":"post","link":"https:\/\/pagina10.com\/web\/autoridades-crean-frente-comun-para-enfrentar-delincuencia-de-narino\/","title":{"rendered":"Autoridades crean \u2018frente com\u00fan\u2019 para enfrentar delincuencia de Nari\u00f1o"},"content":{"rendered":"<p style=\"text-align: justify;\">La Gobernaci\u00f3n de Nari\u00f1o, desarroll\u00f3 un Consejo Extraordinario de Seguridad, para analizar la situaci\u00f3n de orden p\u00fablico y seguridad ciudadana en la regi\u00f3n.<\/p>\n<p style=\"text-align: justify;\">Como resultado de este Consejo se determin\u00f3 combatir de forma unificada y coordinada los delitos como el hurto, la extorsi\u00f3n, el microtr\u00e1fico, el narcotr\u00e1fico, adem\u00e1s, de acciones delictivas derivadas del cierre de la frontera con Ecuador, que afectan de forma directa la seguridad ciudadana; este ser\u00e1 un objetivo com\u00fan entre las instituciones y las autoridades.<\/p>\n<p style=\"text-align: justify;\">Para lograr este objetivo se iniciar\u00e1 un proceso de articulaci\u00f3n interinstitucional, entre Polic\u00eda, Ej\u00e9rcito, Fiscal\u00eda, Gobernaci\u00f3n de Nari\u00f1o, Defensor\u00eda del Pueblo, Procuradur\u00eda y las alcald\u00edas, con el objetivo de abordar de forma integral el fen\u00f3meno de la inseguridad buscando hacer un \u2018frente com\u00fan\u2019 contra la delincuencia.<\/p>\n<p style=\"text-align: justify;\">As\u00ed lo asegur\u00f3 el Gobernador de Nari\u00f1o, Jhon Rojas, qui\u00e9n explic\u00f3 que el objetivo ser\u00e1 unir esfuerzos, gesti\u00f3n, estrategias y acciones que posibiliten a los ciudadanos sentirse m\u00e1s seguros, contar con estrategias para prevenir el delito y enfocarse en la atenci\u00f3n de lo que la comunidad requiere en materia de seguridad.<\/p>\n<p style=\"text-align: justify;\">\u201cEl pr\u00f3ximo viernes 3 de septiembre vamos a reunirnos nuevamente, invitaremos a las alcald\u00edas de Pasto e Ipiales, para que conjuntamente pongamos en marcha planes de acci\u00f3n enfocados en la seguridad, tanto de los ciudadanos como de sectores comerciales y gremios que hoy se ven afectados por delitos de alto impacto, vamos a trabajar unidos y de la mano con la comunidad, con los gremios, escuchando lo que los ciudadanos hoy requieren\u201d, indic\u00f3 el Gobernador de Nari\u00f1o.<\/p>\n<p style=\"text-align: justify;\">\n","protected":false},"excerpt":{"rendered":"<p>La Gobernaci\u00f3n de Nari\u00f1o, desarroll\u00f3 un Consejo Extraordinario de Seguridad, para analizar la situaci\u00f3n de orden p\u00fablico y seguridad ciudadana en la regi\u00f3n. Como resultado de este Consejo se determin\u00f3 combatir de forma unificada y coordinada los delitos como el hurto, la extorsi\u00f3n, el microtr\u00e1fico, el narcotr\u00e1fico, adem\u00e1s, de acciones delictivas derivadas del cierre de [&hellip;]<\/p>\n","protected":false},"author":1,"featured_media":55331,"comment_status":"open","ping_status":"open","sticky":false,"template":"","format":"standard","meta":{"footnotes":""},"categories":[14],"tags":[],"class_list":["post-55330","post","type-post","status-publish","format-standard","has-post-thumbnail","hentry","category-narino-actual"],"yoast_head":"<!-- This site is optimized with the Yoast SEO plugin v27.1.1 - https:\/\/yoast.com\/product\/yoast-seo-wordpress\/ -->\n<title>Autoridades crean \u2018frente com\u00fan\u2019 para enfrentar delincuencia de Nari\u00f1o | P\u00e1gina10<\/title>\n<meta name=\"robots\" content=\"index, follow, max-snippet:-1, max-image-preview:large, max-video-preview:-1\" \/>\n<link rel=\"canonical\" href=\"https:\/\/pagina10.com\/web\/autoridades-crean-frente-comun-para-enfrentar-delincuencia-de-narino\/\" \/>\n<meta property=\"og:locale\" content=\"es_ES\" \/>\n<meta property=\"og:type\" content=\"article\" \/>\n<meta property=\"og:title\" content=\"Autoridades crean \u2018frente com\u00fan\u2019 para enfrentar delincuencia de Nari\u00f1o | P\u00e1gina10\" \/>\n<meta property=\"og:description\" content=\"La Gobernaci\u00f3n de Nari\u00f1o, desarroll\u00f3 un Consejo Extraordinario de Seguridad, para analizar la situaci\u00f3n de orden p\u00fablico y seguridad ciudadana en la regi\u00f3n. Como resultado de este Consejo se determin\u00f3 combatir de forma unificada y coordinada los delitos como el hurto, la extorsi\u00f3n, el microtr\u00e1fico, el narcotr\u00e1fico, adem\u00e1s, de acciones delictivas derivadas del cierre de [&hellip;]\" \/>\n<meta property=\"og:url\" content=\"https:\/\/pagina10.com\/web\/autoridades-crean-frente-comun-para-enfrentar-delincuencia-de-narino\/\" \/>\n<meta property=\"og:site_name\" content=\"P\u00e1gina10\" \/>\n<meta property=\"article:publisher\" content=\"https:\/\/www.facebook.com\/pag10com\" \/>\n<meta property=\"article:published_time\" content=\"2021-08-31T22:08:03+00:00\" \/>\n<meta property=\"og:image\" content=\"https:\/\/pagina10.com\/web\/wp-content\/uploads\/2021\/08\/WhatsApp-Image-2021-08-31-at-6.17.47-AM-980x655-1.jpeg\" \/>\n\t<meta property=\"og:image:width\" content=\"980\" \/>\n\t<meta property=\"og:image:height\" content=\"655\" \/>\n\t<meta property=\"og:image:type\" content=\"image\/jpeg\" \/>\n<meta name=\"author\" content=\"P\u00e1gina 10\" \/>\n<meta name=\"twitter:card\" content=\"summary_large_image\" \/>\n<meta name=\"twitter:creator\" content=\"@Pag10com\" \/>\n<meta name=\"twitter:site\" content=\"@Pag10com\" \/>\n<meta name=\"twitter:label1\" content=\"Escrito por\" \/>\n\t<meta name=\"twitter:data1\" content=\"P\u00e1gina 10\" \/>\n\t<meta name=\"twitter:label2\" content=\"Tiempo de lectura\" \/>\n\t<meta name=\"twitter:data2\" content=\"1 minuto\" \/>\n<script type=\"application\/ld+json\" class=\"yoast-schema-graph\">{\"@context\":\"https:\/\/schema.org\",\"@graph\":[{\"@type\":\"Article\",\"@id\":\"https:\/\/pagina10.com\/web\/autoridades-crean-frente-comun-para-enfrentar-delincuencia-de-narino\/#article\",\"isPartOf\":{\"@id\":\"https:\/\/pagina10.com\/web\/autoridades-crean-frente-comun-para-enfrentar-delincuencia-de-narino\/\"},\"author\":{\"name\":\"P\u00e1gina 10\",\"@id\":\"https:\/\/pagina10.com\/web\/#\/schema\/person\/2efc4a090d25b667d3bc796798a3a81b\"},\"headline\":\"Autoridades crean \u2018frente com\u00fan\u2019 para enfrentar delincuencia de Nari\u00f1o\",\"datePublished\":\"2021-08-31T22:08:03+00:00\",\"mainEntityOfPage\":{\"@id\":\"https:\/\/pagina10.com\/web\/autoridades-crean-frente-comun-para-enfrentar-delincuencia-de-narino\/\"},\"wordCount\":292,\"commentCount\":0,\"publisher\":{\"@id\":\"https:\/\/pagina10.com\/web\/#organization\"},\"image\":{\"@id\":\"https:\/\/pagina10.com\/web\/autoridades-crean-frente-comun-para-enfrentar-delincuencia-de-narino\/#primaryimage\"},\"thumbnailUrl\":\"https:\/\/pagina10.com\/web\/wp-content\/uploads\/2021\/08\/WhatsApp-Image-2021-08-31-at-6.17.47-AM-980x655-1.jpeg\",\"articleSection\":[\"Nari\u00f1o Actual\"],\"inLanguage\":\"es\",\"potentialAction\":[{\"@type\":\"CommentAction\",\"name\":\"Comment\",\"target\":[\"https:\/\/pagina10.com\/web\/autoridades-crean-frente-comun-para-enfrentar-delincuencia-de-narino\/#respond\"]}]},{\"@type\":\"WebPage\",\"@id\":\"https:\/\/pagina10.com\/web\/autoridades-crean-frente-comun-para-enfrentar-delincuencia-de-narino\/\",\"url\":\"https:\/\/pagina10.com\/web\/autoridades-crean-frente-comun-para-enfrentar-delincuencia-de-narino\/\",\"name\":\"Autoridades crean \u2018frente com\u00fan\u2019 para enfrentar delincuencia de Nari\u00f1o | P\u00e1gina10\",\"isPartOf\":{\"@id\":\"https:\/\/pagina10.com\/web\/#website\"},\"primaryImageOfPage\":{\"@id\":\"https:\/\/pagina10.com\/web\/autoridades-crean-frente-comun-para-enfrentar-delincuencia-de-narino\/#primaryimage\"},\"image\":{\"@id\":\"https:\/\/pagina10.com\/web\/autoridades-crean-frente-comun-para-enfrentar-delincuencia-de-narino\/#primaryimage\"},\"thumbnailUrl\":\"https:\/\/pagina10.com\/web\/wp-content\/uploads\/2021\/08\/WhatsApp-Image-2021-08-31-at-6.17.47-AM-980x655-1.jpeg\",\"datePublished\":\"2021-08-31T22:08:03+00:00\",\"breadcrumb\":{\"@id\":\"https:\/\/pagina10.com\/web\/autoridades-crean-frente-comun-para-enfrentar-delincuencia-de-narino\/#breadcrumb\"},\"inLanguage\":\"es\",\"potentialAction\":[{\"@type\":\"ReadAction\",\"target\":[\"https:\/\/pagina10.com\/web\/autoridades-crean-frente-comun-para-enfrentar-delincuencia-de-narino\/\"]}]},{\"@type\":\"ImageObject\",\"inLanguage\":\"es\",\"@id\":\"https:\/\/pagina10.com\/web\/autoridades-crean-frente-comun-para-enfrentar-delincuencia-de-narino\/#primaryimage\",\"url\":\"https:\/\/pagina10.com\/web\/wp-content\/uploads\/2021\/08\/WhatsApp-Image-2021-08-31-at-6.17.47-AM-980x655-1.jpeg\",\"contentUrl\":\"https:\/\/pagina10.com\/web\/wp-content\/uploads\/2021\/08\/WhatsApp-Image-2021-08-31-at-6.17.47-AM-980x655-1.jpeg\",\"width\":980,\"height\":655},{\"@type\":\"BreadcrumbList\",\"@id\":\"https:\/\/pagina10.com\/web\/autoridades-crean-frente-comun-para-enfrentar-delincuencia-de-narino\/#breadcrumb\",\"itemListElement\":[{\"@type\":\"ListItem\",\"position\":1,\"name\":\"Portada\",\"item\":\"https:\/\/pagina10.com\/web\/\"},{\"@type\":\"ListItem\",\"position\":2,\"name\":\"Autoridades crean \u2018frente com\u00fan\u2019 para enfrentar delincuencia de Nari\u00f1o\"}]},{\"@type\":\"WebSite\",\"@id\":\"https:\/\/pagina10.com\/web\/#website\",\"url\":\"https:\/\/pagina10.com\/web\/\",\"name\":\"P\u00e1gina10\",\"description\":\"Peri\u00f3dico Regional\",\"publisher\":{\"@id\":\"https:\/\/pagina10.com\/web\/#organization\"},\"alternateName\":\"P\u00e1gina10 Peri\u00f3dico Regional\",\"potentialAction\":[{\"@type\":\"SearchAction\",\"target\":{\"@type\":\"EntryPoint\",\"urlTemplate\":\"https:\/\/pagina10.com\/web\/?s={search_term_string}\"},\"query-input\":{\"@type\":\"PropertyValueSpecification\",\"valueRequired\":true,\"valueName\":\"search_term_string\"}}],\"inLanguage\":\"es\"},{\"@type\":\"Organization\",\"@id\":\"https:\/\/pagina10.com\/web\/#organization\",\"name\":\"P\u00e1gina10\",\"alternateName\":\"P\u00e1gina10 Peri\u00f3dico Regional\",\"url\":\"https:\/\/pagina10.com\/web\/\",\"logo\":{\"@type\":\"ImageObject\",\"inLanguage\":\"es\",\"@id\":\"https:\/\/pagina10.com\/web\/#\/schema\/logo\/image\/\",\"url\":\"https:\/\/pagina10.com\/web\/wp-content\/uploads\/2024\/01\/40-pagina-10-periodico-regional-pasto.jpg\",\"contentUrl\":\"https:\/\/pagina10.com\/web\/wp-content\/uploads\/2024\/01\/40-pagina-10-periodico-regional-pasto.jpg\",\"width\":1280,\"height\":720,\"caption\":\"P\u00e1gina10\"},\"image\":{\"@id\":\"https:\/\/pagina10.com\/web\/#\/schema\/logo\/image\/\"},\"sameAs\":[\"https:\/\/www.facebook.com\/pag10com\",\"https:\/\/x.com\/Pag10com\",\"https:\/\/www.instagram.com\/pagina10col\/\",\"https:\/\/youtube.com\/channel\/pag10\",\"https:\/\/www.tiktok.com\/@p10col\"]},{\"@type\":\"Person\",\"@id\":\"https:\/\/pagina10.com\/web\/#\/schema\/person\/2efc4a090d25b667d3bc796798a3a81b\",\"name\":\"P\u00e1gina 10\",\"description\":\"P\u00e1gina 10 es un peri\u00f3dico regional que nace en Colombia, en el departamento de Nari\u00f1o, con un enfoque global, fundamentado en cuatro pilares esenciales: la libertad, el pluralismo, la inclusi\u00f3n y la independencia. P\u00e1gina 10 hace referencia a Nari\u00f1o como el d\u00e9cimo departamento creado en Colombia, despu\u00e9s de un proceso pol\u00edtico liderado por actores y actrices regionales con el fin de obtener la independencia y autonom\u00eda de nuestros territorios. Con la creaci\u00f3n de P\u00e1gina 10 se pretende abrir un escenario para el dialogo, la reflexi\u00f3n y el debate que se extienda a otras geograf\u00edas de Am\u00e9rica Latina y del planeta, en una apuesta por transformar colectivamente los desaf\u00edos de un mundo contempor\u00e1neo, m\u00e1s all\u00e1 de las fronteras impuestas.\",\"url\":\"https:\/\/pagina10.com\/web\/author\/pdiezadmin\/\"}]}<\/script>\n<!-- \/ Yoast SEO plugin. -->","yoast_head_json":{"title":"Autoridades crean \u2018frente com\u00fan\u2019 para enfrentar delincuencia de Nari\u00f1o | P\u00e1gina10","robots":{"index":"index","follow":"follow","max-snippet":"max-snippet:-1","max-image-preview":"max-image-preview:large","max-video-preview":"max-video-preview:-1"},"canonical":"https:\/\/pagina10.com\/web\/autoridades-crean-frente-comun-para-enfrentar-delincuencia-de-narino\/","og_locale":"es_ES","og_type":"article","og_title":"Autoridades crean \u2018frente com\u00fan\u2019 para enfrentar delincuencia de Nari\u00f1o | P\u00e1gina10","og_description":"La Gobernaci\u00f3n de Nari\u00f1o, desarroll\u00f3 un Consejo Extraordinario de Seguridad, para analizar la situaci\u00f3n de orden p\u00fablico y seguridad ciudadana en la regi\u00f3n. Como resultado de este Consejo se determin\u00f3 combatir de forma unificada y coordinada los delitos como el hurto, la extorsi\u00f3n, el microtr\u00e1fico, el narcotr\u00e1fico, adem\u00e1s, de acciones delictivas derivadas del cierre de [&hellip;]","og_url":"https:\/\/pagina10.com\/web\/autoridades-crean-frente-comun-para-enfrentar-delincuencia-de-narino\/","og_site_name":"P\u00e1gina10","article_publisher":"https:\/\/www.facebook.com\/pag10com","article_published_time":"2021-08-31T22:08:03+00:00","og_image":[{"width":980,"height":655,"url":"https:\/\/pagina10.com\/web\/wp-content\/uploads\/2021\/08\/WhatsApp-Image-2021-08-31-at-6.17.47-AM-980x655-1.jpeg","type":"image\/jpeg"}],"author":"P\u00e1gina 10","twitter_card":"summary_large_image","twitter_creator":"@Pag10com","twitter_site":"@Pag10com","twitter_misc":{"Escrito por":"P\u00e1gina 10","Tiempo de lectura":"1 minuto"},"schema":{"@context":"https:\/\/schema.org","@graph":[{"@type":"Article","@id":"https:\/\/pagina10.com\/web\/autoridades-crean-frente-comun-para-enfrentar-delincuencia-de-narino\/#article","isPartOf":{"@id":"https:\/\/pagina10.com\/web\/autoridades-crean-frente-comun-para-enfrentar-delincuencia-de-narino\/"},"author":{"name":"P\u00e1gina 10","@id":"https:\/\/pagina10.com\/web\/#\/schema\/person\/2efc4a090d25b667d3bc796798a3a81b"},"headline":"Autoridades crean \u2018frente com\u00fan\u2019 para enfrentar delincuencia de Nari\u00f1o","datePublished":"2021-08-31T22:08:03+00:00","mainEntityOfPage":{"@id":"https:\/\/pagina10.com\/web\/autoridades-crean-frente-comun-para-enfrentar-delincuencia-de-narino\/"},"wordCount":292,"commentCount":0,"publisher":{"@id":"https:\/\/pagina10.com\/web\/#organization"},"image":{"@id":"https:\/\/pagina10.com\/web\/autoridades-crean-frente-comun-para-enfrentar-delincuencia-de-narino\/#primaryimage"},"thumbnailUrl":"https:\/\/pagina10.com\/web\/wp-content\/uploads\/2021\/08\/WhatsApp-Image-2021-08-31-at-6.17.47-AM-980x655-1.jpeg","articleSection":["Nari\u00f1o Actual"],"inLanguage":"es","potentialAction":[{"@type":"CommentAction","name":"Comment","target":["https:\/\/pagina10.com\/web\/autoridades-crean-frente-comun-para-enfrentar-delincuencia-de-narino\/#respond"]}]},{"@type":"WebPage","@id":"https:\/\/pagina10.com\/web\/autoridades-crean-frente-comun-para-enfrentar-delincuencia-de-narino\/","url":"https:\/\/pagina10.com\/web\/autoridades-crean-frente-comun-para-enfrentar-delincuencia-de-narino\/","name":"Autoridades crean \u2018frente com\u00fan\u2019 para enfrentar delincuencia de Nari\u00f1o | P\u00e1gina10","isPartOf":{"@id":"https:\/\/pagina10.com\/web\/#website"},"primaryImageOfPage":{"@id":"https:\/\/pagina10.com\/web\/autoridades-crean-frente-comun-para-enfrentar-delincuencia-de-narino\/#primaryimage"},"image":{"@id":"https:\/\/pagina10.com\/web\/autoridades-crean-frente-comun-para-enfrentar-delincuencia-de-narino\/#primaryimage"},"thumbnailUrl":"https:\/\/pagina10.com\/web\/wp-content\/uploads\/2021\/08\/WhatsApp-Image-2021-08-31-at-6.17.47-AM-980x655-1.jpeg","datePublished":"2021-08-31T22:08:03+00:00","breadcrumb":{"@id":"https:\/\/pagina10.com\/web\/autoridades-crean-frente-comun-para-enfrentar-delincuencia-de-narino\/#breadcrumb"},"inLanguage":"es","potentialAction":[{"@type":"ReadAction","target":["https:\/\/pagina10.com\/web\/autoridades-crean-frente-comun-para-enfrentar-delincuencia-de-narino\/"]}]},{"@type":"ImageObject","inLanguage":"es","@id":"https:\/\/pagina10.com\/web\/autoridades-crean-frente-comun-para-enfrentar-delincuencia-de-narino\/#primaryimage","url":"https:\/\/pagina10.com\/web\/wp-content\/uploads\/2021\/08\/WhatsApp-Image-2021-08-31-at-6.17.47-AM-980x655-1.jpeg","contentUrl":"https:\/\/pagina10.com\/web\/wp-content\/uploads\/2021\/08\/WhatsApp-Image-2021-08-31-at-6.17.47-AM-980x655-1.jpeg","width":980,"height":655},{"@type":"BreadcrumbList","@id":"https:\/\/pagina10.com\/web\/autoridades-crean-frente-comun-para-enfrentar-delincuencia-de-narino\/#breadcrumb","itemListElement":[{"@type":"ListItem","position":1,"name":"Portada","item":"https:\/\/pagina10.com\/web\/"},{"@type":"ListItem","position":2,"name":"Autoridades crean \u2018frente com\u00fan\u2019 para enfrentar delincuencia de Nari\u00f1o"}]},{"@type":"WebSite","@id":"https:\/\/pagina10.com\/web\/#website","url":"https:\/\/pagina10.com\/web\/","name":"P\u00e1gina10","description":"Peri\u00f3dico Regional","publisher":{"@id":"https:\/\/pagina10.com\/web\/#organization"},"alternateName":"P\u00e1gina10 Peri\u00f3dico Regional","potentialAction":[{"@type":"SearchAction","target":{"@type":"EntryPoint","urlTemplate":"https:\/\/pagina10.com\/web\/?s={search_term_string}"},"query-input":{"@type":"PropertyValueSpecification","valueRequired":true,"valueName":"search_term_string"}}],"inLanguage":"es"},{"@type":"Organization","@id":"https:\/\/pagina10.com\/web\/#organization","name":"P\u00e1gina10","alternateName":"P\u00e1gina10 Peri\u00f3dico Regional","url":"https:\/\/pagina10.com\/web\/","logo":{"@type":"ImageObject","inLanguage":"es","@id":"https:\/\/pagina10.com\/web\/#\/schema\/logo\/image\/","url":"https:\/\/pagina10.com\/web\/wp-content\/uploads\/2024\/01\/40-pagina-10-periodico-regional-pasto.jpg","contentUrl":"https:\/\/pagina10.com\/web\/wp-content\/uploads\/2024\/01\/40-pagina-10-periodico-regional-pasto.jpg","width":1280,"height":720,"caption":"P\u00e1gina10"},"image":{"@id":"https:\/\/pagina10.com\/web\/#\/schema\/logo\/image\/"},"sameAs":["https:\/\/www.facebook.com\/pag10com","https:\/\/x.com\/Pag10com","https:\/\/www.instagram.com\/pagina10col\/","https:\/\/youtube.com\/channel\/pag10","https:\/\/www.tiktok.com\/@p10col"]},{"@type":"Person","@id":"https:\/\/pagina10.com\/web\/#\/schema\/person\/2efc4a090d25b667d3bc796798a3a81b","name":"P\u00e1gina 10","description":"P\u00e1gina 10 es un peri\u00f3dico regional que nace en Colombia, en el departamento de Nari\u00f1o, con un enfoque global, fundamentado en cuatro pilares esenciales: la libertad, el pluralismo, la inclusi\u00f3n y la independencia. P\u00e1gina 10 hace referencia a Nari\u00f1o como el d\u00e9cimo departamento creado en Colombia, despu\u00e9s de un proceso pol\u00edtico liderado por actores y actrices regionales con el fin de obtener la independencia y autonom\u00eda de nuestros territorios. Con la creaci\u00f3n de P\u00e1gina 10 se pretende abrir un escenario para el dialogo, la reflexi\u00f3n y el debate que se extienda a otras geograf\u00edas de Am\u00e9rica Latina y del planeta, en una apuesta por transformar colectivamente los desaf\u00edos de un mundo contempor\u00e1neo, m\u00e1s all\u00e1 de las fronteras impuestas.","url":"https:\/\/pagina10.com\/web\/author\/pdiezadmin\/"}]}},"_links":{"self":[{"href":"https:\/\/pagina10.com\/web\/wp-json\/wp\/v2\/posts\/55330","targetHints":{"allow":["GET"]}}],"collection":[{"href":"https:\/\/pagina10.com\/web\/wp-json\/wp\/v2\/posts"}],"about":[{"href":"https:\/\/pagina10.com\/web\/wp-json\/wp\/v2\/types\/post"}],"author":[{"embeddable":true,"href":"https:\/\/pagina10.com\/web\/wp-json\/wp\/v2\/users\/1"}],"replies":[{"embeddable":true,"href":"https:\/\/pagina10.com\/web\/wp-json\/wp\/v2\/comments?post=55330"}],"version-history":[{"count":1,"href":"https:\/\/pagina10.com\/web\/wp-json\/wp\/v2\/posts\/55330\/revisions"}],"predecessor-version":[{"id":55332,"href":"https:\/\/pagina10.com\/web\/wp-json\/wp\/v2\/posts\/55330\/revisions\/55332"}],"wp:featuredmedia":[{"embeddable":true,"href":"https:\/\/pagina10.com\/web\/wp-json\/wp\/v2\/media\/55331"}],"wp:attachment":[{"href":"https:\/\/pagina10.com\/web\/wp-json\/wp\/v2\/media?parent=55330"}],"wp:term":[{"taxonomy":"category","embeddable":true,"href":"https:\/\/pagina10.com\/web\/wp-json\/wp\/v2\/categories?post=55330"},{"taxonomy":"post_tag","embeddable":true,"href":"https:\/\/pagina10.com\/web\/wp-json\/wp\/v2\/tags?post=55330"}],"curies":[{"name":"wp","href":"https:\/\/api.w.org\/{rel}","templated":true}]}}