{"id":55343,"date":"2021-09-01T14:28:04","date_gmt":"2021-09-01T19:28:04","guid":{"rendered":"https:\/\/pagina10.com\/web\/?p=55343"},"modified":"2021-09-01T14:28:04","modified_gmt":"2021-09-01T19:28:04","slug":"en-narino-26-mil-millones-seran-destinados-para-proyectos-de-infraestructura","status":"publish","type":"post","link":"https:\/\/pagina10.com\/web\/en-narino-26-mil-millones-seran-destinados-para-proyectos-de-infraestructura\/","title":{"rendered":"En Nari\u00f1o $26 mil millones ser\u00e1n destinados para proyectos de infraestructura"},"content":{"rendered":"<p style=\"text-align: justify;\">La Gobernaci\u00f3n de Nari\u00f1o logr\u00f3 la viabilizaci\u00f3n t\u00e9cnica y financiera de proyectos de infraestructura por el orden de los $26.000 millones, a trav\u00e9s de mesas t\u00e9cnicas en las que participa el Gobierno Departamental, los municipios y las entidades formuladoras o consultoras de los mismos.<\/p>\n<p style=\"text-align: justify;\">El Secretario de Infraestructura y Minas de Nari\u00f1o, Mario Enr\u00edquez Chenas, destac\u00f3 que este avance, hace parte del plan de choque dispuesto por la Gobernaci\u00f3n de Nari\u00f1o, tendiente a ejecutar sin contratiempos las obras prioritarias para la regi\u00f3n, subsanando los problemas t\u00e9cnicos que imposibilitaban su desarrollo.<\/p>\n<p style=\"text-align: justify;\">\u201cA trav\u00e9s de estos proyectos y de otros que vienen consolid\u00e1ndose, le apuntamos a la reactivaci\u00f3n econ\u00f3mica y la generaci\u00f3n de empleo en la regi\u00f3n, a trav\u00e9s de obras que benefician a los habitantes de las distintas regiones de Nari\u00f1o\u201d, explic\u00f3 el Secretario de Infraestructura de Nari\u00f1o.<\/p>\n<p style=\"text-align: justify;\">Entre los proyectos m\u00e1s destacados est\u00e1n: La pavimentaci\u00f3n de la v\u00eda entre Ospina y T\u00faquerres, proyecto al cual la Gobernaci\u00f3n de Nari\u00f1o le asign\u00f3 recursos propios por $13.000 millones y la culminaci\u00f3n de la v\u00eda entre El Motil\u00f3n y el Municipio de El Tambo, se asignaron $601 millones.<\/p>\n<p style=\"text-align: justify;\">En proyectos de mantenimiento vial se invertir\u00e1n recursos por $700 millones para el corredor que comunica a los municipios de Gualmat\u00e1n \u2013 Iles \u2013 Contadero.En el municipio de Tangua se iniciar\u00e1 con la construcci\u00f3n de un puente en el sector de Nazcan, obra a la que se le asignaron $1.100 millones.<\/p>\n<p style=\"text-align: justify;\">El Secretario de Infraestructura inform\u00f3 que asignaron recursos propios por $1.409 millones para un proyecto de pavimentaci\u00f3n en concreto r\u00edgido que beneficia a la cabecera municipal de Barbacoas y que para el municipio de El Charco, $6.000 millones se destinaron para la construcci\u00f3n de puentes peatonales urbanos y rurales.<\/p>\n<p style=\"text-align: justify;\">Finalmente, en el municipio de El Tabl\u00f3n de G\u00f3mez, la construcci\u00f3n del estadio se har\u00e1 con recursos de la Gobernaci\u00f3n de Nari\u00f1o, con una inversi\u00f3n de $2.109 millones en un proyecto que ya tiene viabilidad t\u00e9cnica.<\/p>\n<p style=\"text-align: justify;\">\n","protected":false},"excerpt":{"rendered":"<p>La Gobernaci\u00f3n de Nari\u00f1o logr\u00f3 la viabilizaci\u00f3n t\u00e9cnica y financiera de proyectos de infraestructura por el orden de los $26.000 millones, a trav\u00e9s de mesas t\u00e9cnicas en las que participa el Gobierno Departamental, los municipios y las entidades formuladoras o consultoras de los mismos. El Secretario de Infraestructura y Minas de Nari\u00f1o, Mario Enr\u00edquez Chenas, [&hellip;]<\/p>\n","protected":false},"author":1,"featured_media":55344,"comment_status":"open","ping_status":"open","sticky":false,"template":"","format":"standard","meta":{"footnotes":""},"categories":[14],"tags":[],"class_list":["post-55343","post","type-post","status-publish","format-standard","has-post-thumbnail","hentry","category-narino-actual"],"yoast_head":"<!-- This site is optimized with the Yoast SEO plugin v27.1.1 - https:\/\/yoast.com\/product\/yoast-seo-wordpress\/ -->\n<title>En Nari\u00f1o $26 mil millones ser\u00e1n destinados para proyectos de infraestructura | P\u00e1gina10<\/title>\n<meta name=\"robots\" content=\"index, follow, max-snippet:-1, max-image-preview:large, max-video-preview:-1\" \/>\n<link rel=\"canonical\" href=\"https:\/\/pagina10.com\/web\/en-narino-26-mil-millones-seran-destinados-para-proyectos-de-infraestructura\/\" \/>\n<meta property=\"og:locale\" content=\"es_ES\" \/>\n<meta property=\"og:type\" content=\"article\" \/>\n<meta property=\"og:title\" content=\"En Nari\u00f1o $26 mil millones ser\u00e1n destinados para proyectos de infraestructura | P\u00e1gina10\" \/>\n<meta property=\"og:description\" content=\"La Gobernaci\u00f3n de Nari\u00f1o logr\u00f3 la viabilizaci\u00f3n t\u00e9cnica y financiera de proyectos de infraestructura por el orden de los $26.000 millones, a trav\u00e9s de mesas t\u00e9cnicas en las que participa el Gobierno Departamental, los municipios y las entidades formuladoras o consultoras de los mismos. El Secretario de Infraestructura y Minas de Nari\u00f1o, Mario Enr\u00edquez Chenas, [&hellip;]\" \/>\n<meta property=\"og:url\" content=\"https:\/\/pagina10.com\/web\/en-narino-26-mil-millones-seran-destinados-para-proyectos-de-infraestructura\/\" \/>\n<meta property=\"og:site_name\" content=\"P\u00e1gina10\" \/>\n<meta property=\"article:publisher\" content=\"https:\/\/www.facebook.com\/pag10com\" \/>\n<meta property=\"article:published_time\" content=\"2021-09-01T19:28:04+00:00\" \/>\n<meta property=\"og:image\" content=\"https:\/\/pagina10.com\/web\/wp-content\/uploads\/2021\/09\/Sin-tituyuguyguyglo-1080x675-1.jpg\" \/>\n\t<meta property=\"og:image:width\" content=\"1080\" \/>\n\t<meta property=\"og:image:height\" content=\"675\" \/>\n\t<meta property=\"og:image:type\" content=\"image\/jpeg\" \/>\n<meta name=\"author\" content=\"P\u00e1gina 10\" \/>\n<meta name=\"twitter:card\" content=\"summary_large_image\" \/>\n<meta name=\"twitter:creator\" content=\"@Pag10com\" \/>\n<meta name=\"twitter:site\" content=\"@Pag10com\" \/>\n<meta name=\"twitter:label1\" content=\"Escrito por\" \/>\n\t<meta name=\"twitter:data1\" content=\"P\u00e1gina 10\" \/>\n\t<meta name=\"twitter:label2\" content=\"Tiempo de lectura\" \/>\n\t<meta name=\"twitter:data2\" content=\"2 minutos\" \/>\n<script type=\"application\/ld+json\" class=\"yoast-schema-graph\">{\"@context\":\"https:\/\/schema.org\",\"@graph\":[{\"@type\":\"Article\",\"@id\":\"https:\/\/pagina10.com\/web\/en-narino-26-mil-millones-seran-destinados-para-proyectos-de-infraestructura\/#article\",\"isPartOf\":{\"@id\":\"https:\/\/pagina10.com\/web\/en-narino-26-mil-millones-seran-destinados-para-proyectos-de-infraestructura\/\"},\"author\":{\"name\":\"P\u00e1gina 10\",\"@id\":\"https:\/\/pagina10.com\/web\/#\/schema\/person\/2efc4a090d25b667d3bc796798a3a81b\"},\"headline\":\"En Nari\u00f1o $26 mil millones ser\u00e1n destinados para proyectos de infraestructura\",\"datePublished\":\"2021-09-01T19:28:04+00:00\",\"mainEntityOfPage\":{\"@id\":\"https:\/\/pagina10.com\/web\/en-narino-26-mil-millones-seran-destinados-para-proyectos-de-infraestructura\/\"},\"wordCount\":368,\"commentCount\":0,\"publisher\":{\"@id\":\"https:\/\/pagina10.com\/web\/#organization\"},\"image\":{\"@id\":\"https:\/\/pagina10.com\/web\/en-narino-26-mil-millones-seran-destinados-para-proyectos-de-infraestructura\/#primaryimage\"},\"thumbnailUrl\":\"https:\/\/pagina10.com\/web\/wp-content\/uploads\/2021\/09\/Sin-tituyuguyguyglo-1080x675-1.jpg\",\"articleSection\":[\"Nari\u00f1o Actual\"],\"inLanguage\":\"es\",\"potentialAction\":[{\"@type\":\"CommentAction\",\"name\":\"Comment\",\"target\":[\"https:\/\/pagina10.com\/web\/en-narino-26-mil-millones-seran-destinados-para-proyectos-de-infraestructura\/#respond\"]}]},{\"@type\":\"WebPage\",\"@id\":\"https:\/\/pagina10.com\/web\/en-narino-26-mil-millones-seran-destinados-para-proyectos-de-infraestructura\/\",\"url\":\"https:\/\/pagina10.com\/web\/en-narino-26-mil-millones-seran-destinados-para-proyectos-de-infraestructura\/\",\"name\":\"En Nari\u00f1o $26 mil millones ser\u00e1n destinados para proyectos de infraestructura | P\u00e1gina10\",\"isPartOf\":{\"@id\":\"https:\/\/pagina10.com\/web\/#website\"},\"primaryImageOfPage\":{\"@id\":\"https:\/\/pagina10.com\/web\/en-narino-26-mil-millones-seran-destinados-para-proyectos-de-infraestructura\/#primaryimage\"},\"image\":{\"@id\":\"https:\/\/pagina10.com\/web\/en-narino-26-mil-millones-seran-destinados-para-proyectos-de-infraestructura\/#primaryimage\"},\"thumbnailUrl\":\"https:\/\/pagina10.com\/web\/wp-content\/uploads\/2021\/09\/Sin-tituyuguyguyglo-1080x675-1.jpg\",\"datePublished\":\"2021-09-01T19:28:04+00:00\",\"breadcrumb\":{\"@id\":\"https:\/\/pagina10.com\/web\/en-narino-26-mil-millones-seran-destinados-para-proyectos-de-infraestructura\/#breadcrumb\"},\"inLanguage\":\"es\",\"potentialAction\":[{\"@type\":\"ReadAction\",\"target\":[\"https:\/\/pagina10.com\/web\/en-narino-26-mil-millones-seran-destinados-para-proyectos-de-infraestructura\/\"]}]},{\"@type\":\"ImageObject\",\"inLanguage\":\"es\",\"@id\":\"https:\/\/pagina10.com\/web\/en-narino-26-mil-millones-seran-destinados-para-proyectos-de-infraestructura\/#primaryimage\",\"url\":\"https:\/\/pagina10.com\/web\/wp-content\/uploads\/2021\/09\/Sin-tituyuguyguyglo-1080x675-1.jpg\",\"contentUrl\":\"https:\/\/pagina10.com\/web\/wp-content\/uploads\/2021\/09\/Sin-tituyuguyguyglo-1080x675-1.jpg\",\"width\":1080,\"height\":675},{\"@type\":\"BreadcrumbList\",\"@id\":\"https:\/\/pagina10.com\/web\/en-narino-26-mil-millones-seran-destinados-para-proyectos-de-infraestructura\/#breadcrumb\",\"itemListElement\":[{\"@type\":\"ListItem\",\"position\":1,\"name\":\"Portada\",\"item\":\"https:\/\/pagina10.com\/web\/\"},{\"@type\":\"ListItem\",\"position\":2,\"name\":\"En Nari\u00f1o $26 mil millones ser\u00e1n destinados para proyectos de infraestructura\"}]},{\"@type\":\"WebSite\",\"@id\":\"https:\/\/pagina10.com\/web\/#website\",\"url\":\"https:\/\/pagina10.com\/web\/\",\"name\":\"P\u00e1gina10\",\"description\":\"Peri\u00f3dico Regional\",\"publisher\":{\"@id\":\"https:\/\/pagina10.com\/web\/#organization\"},\"alternateName\":\"P\u00e1gina10 Peri\u00f3dico Regional\",\"potentialAction\":[{\"@type\":\"SearchAction\",\"target\":{\"@type\":\"EntryPoint\",\"urlTemplate\":\"https:\/\/pagina10.com\/web\/?s={search_term_string}\"},\"query-input\":{\"@type\":\"PropertyValueSpecification\",\"valueRequired\":true,\"valueName\":\"search_term_string\"}}],\"inLanguage\":\"es\"},{\"@type\":\"Organization\",\"@id\":\"https:\/\/pagina10.com\/web\/#organization\",\"name\":\"P\u00e1gina10\",\"alternateName\":\"P\u00e1gina10 Peri\u00f3dico Regional\",\"url\":\"https:\/\/pagina10.com\/web\/\",\"logo\":{\"@type\":\"ImageObject\",\"inLanguage\":\"es\",\"@id\":\"https:\/\/pagina10.com\/web\/#\/schema\/logo\/image\/\",\"url\":\"https:\/\/pagina10.com\/web\/wp-content\/uploads\/2024\/01\/40-pagina-10-periodico-regional-pasto.jpg\",\"contentUrl\":\"https:\/\/pagina10.com\/web\/wp-content\/uploads\/2024\/01\/40-pagina-10-periodico-regional-pasto.jpg\",\"width\":1280,\"height\":720,\"caption\":\"P\u00e1gina10\"},\"image\":{\"@id\":\"https:\/\/pagina10.com\/web\/#\/schema\/logo\/image\/\"},\"sameAs\":[\"https:\/\/www.facebook.com\/pag10com\",\"https:\/\/x.com\/Pag10com\",\"https:\/\/www.instagram.com\/pagina10col\/\",\"https:\/\/youtube.com\/channel\/pag10\",\"https:\/\/www.tiktok.com\/@p10col\"]},{\"@type\":\"Person\",\"@id\":\"https:\/\/pagina10.com\/web\/#\/schema\/person\/2efc4a090d25b667d3bc796798a3a81b\",\"name\":\"P\u00e1gina 10\",\"description\":\"P\u00e1gina 10 es un peri\u00f3dico regional que nace en Colombia, en el departamento de Nari\u00f1o, con un enfoque global, fundamentado en cuatro pilares esenciales: la libertad, el pluralismo, la inclusi\u00f3n y la independencia. P\u00e1gina 10 hace referencia a Nari\u00f1o como el d\u00e9cimo departamento creado en Colombia, despu\u00e9s de un proceso pol\u00edtico liderado por actores y actrices regionales con el fin de obtener la independencia y autonom\u00eda de nuestros territorios. Con la creaci\u00f3n de P\u00e1gina 10 se pretende abrir un escenario para el dialogo, la reflexi\u00f3n y el debate que se extienda a otras geograf\u00edas de Am\u00e9rica Latina y del planeta, en una apuesta por transformar colectivamente los desaf\u00edos de un mundo contempor\u00e1neo, m\u00e1s all\u00e1 de las fronteras impuestas.\",\"url\":\"https:\/\/pagina10.com\/web\/author\/pdiezadmin\/\"}]}<\/script>\n<!-- \/ Yoast SEO plugin. -->","yoast_head_json":{"title":"En Nari\u00f1o $26 mil millones ser\u00e1n destinados para proyectos de infraestructura | P\u00e1gina10","robots":{"index":"index","follow":"follow","max-snippet":"max-snippet:-1","max-image-preview":"max-image-preview:large","max-video-preview":"max-video-preview:-1"},"canonical":"https:\/\/pagina10.com\/web\/en-narino-26-mil-millones-seran-destinados-para-proyectos-de-infraestructura\/","og_locale":"es_ES","og_type":"article","og_title":"En Nari\u00f1o $26 mil millones ser\u00e1n destinados para proyectos de infraestructura | P\u00e1gina10","og_description":"La Gobernaci\u00f3n de Nari\u00f1o logr\u00f3 la viabilizaci\u00f3n t\u00e9cnica y financiera de proyectos de infraestructura por el orden de los $26.000 millones, a trav\u00e9s de mesas t\u00e9cnicas en las que participa el Gobierno Departamental, los municipios y las entidades formuladoras o consultoras de los mismos. El Secretario de Infraestructura y Minas de Nari\u00f1o, Mario Enr\u00edquez Chenas, [&hellip;]","og_url":"https:\/\/pagina10.com\/web\/en-narino-26-mil-millones-seran-destinados-para-proyectos-de-infraestructura\/","og_site_name":"P\u00e1gina10","article_publisher":"https:\/\/www.facebook.com\/pag10com","article_published_time":"2021-09-01T19:28:04+00:00","og_image":[{"width":1080,"height":675,"url":"https:\/\/pagina10.com\/web\/wp-content\/uploads\/2021\/09\/Sin-tituyuguyguyglo-1080x675-1.jpg","type":"image\/jpeg"}],"author":"P\u00e1gina 10","twitter_card":"summary_large_image","twitter_creator":"@Pag10com","twitter_site":"@Pag10com","twitter_misc":{"Escrito por":"P\u00e1gina 10","Tiempo de lectura":"2 minutos"},"schema":{"@context":"https:\/\/schema.org","@graph":[{"@type":"Article","@id":"https:\/\/pagina10.com\/web\/en-narino-26-mil-millones-seran-destinados-para-proyectos-de-infraestructura\/#article","isPartOf":{"@id":"https:\/\/pagina10.com\/web\/en-narino-26-mil-millones-seran-destinados-para-proyectos-de-infraestructura\/"},"author":{"name":"P\u00e1gina 10","@id":"https:\/\/pagina10.com\/web\/#\/schema\/person\/2efc4a090d25b667d3bc796798a3a81b"},"headline":"En Nari\u00f1o $26 mil millones ser\u00e1n destinados para proyectos de infraestructura","datePublished":"2021-09-01T19:28:04+00:00","mainEntityOfPage":{"@id":"https:\/\/pagina10.com\/web\/en-narino-26-mil-millones-seran-destinados-para-proyectos-de-infraestructura\/"},"wordCount":368,"commentCount":0,"publisher":{"@id":"https:\/\/pagina10.com\/web\/#organization"},"image":{"@id":"https:\/\/pagina10.com\/web\/en-narino-26-mil-millones-seran-destinados-para-proyectos-de-infraestructura\/#primaryimage"},"thumbnailUrl":"https:\/\/pagina10.com\/web\/wp-content\/uploads\/2021\/09\/Sin-tituyuguyguyglo-1080x675-1.jpg","articleSection":["Nari\u00f1o Actual"],"inLanguage":"es","potentialAction":[{"@type":"CommentAction","name":"Comment","target":["https:\/\/pagina10.com\/web\/en-narino-26-mil-millones-seran-destinados-para-proyectos-de-infraestructura\/#respond"]}]},{"@type":"WebPage","@id":"https:\/\/pagina10.com\/web\/en-narino-26-mil-millones-seran-destinados-para-proyectos-de-infraestructura\/","url":"https:\/\/pagina10.com\/web\/en-narino-26-mil-millones-seran-destinados-para-proyectos-de-infraestructura\/","name":"En Nari\u00f1o $26 mil millones ser\u00e1n destinados para proyectos de infraestructura | P\u00e1gina10","isPartOf":{"@id":"https:\/\/pagina10.com\/web\/#website"},"primaryImageOfPage":{"@id":"https:\/\/pagina10.com\/web\/en-narino-26-mil-millones-seran-destinados-para-proyectos-de-infraestructura\/#primaryimage"},"image":{"@id":"https:\/\/pagina10.com\/web\/en-narino-26-mil-millones-seran-destinados-para-proyectos-de-infraestructura\/#primaryimage"},"thumbnailUrl":"https:\/\/pagina10.com\/web\/wp-content\/uploads\/2021\/09\/Sin-tituyuguyguyglo-1080x675-1.jpg","datePublished":"2021-09-01T19:28:04+00:00","breadcrumb":{"@id":"https:\/\/pagina10.com\/web\/en-narino-26-mil-millones-seran-destinados-para-proyectos-de-infraestructura\/#breadcrumb"},"inLanguage":"es","potentialAction":[{"@type":"ReadAction","target":["https:\/\/pagina10.com\/web\/en-narino-26-mil-millones-seran-destinados-para-proyectos-de-infraestructura\/"]}]},{"@type":"ImageObject","inLanguage":"es","@id":"https:\/\/pagina10.com\/web\/en-narino-26-mil-millones-seran-destinados-para-proyectos-de-infraestructura\/#primaryimage","url":"https:\/\/pagina10.com\/web\/wp-content\/uploads\/2021\/09\/Sin-tituyuguyguyglo-1080x675-1.jpg","contentUrl":"https:\/\/pagina10.com\/web\/wp-content\/uploads\/2021\/09\/Sin-tituyuguyguyglo-1080x675-1.jpg","width":1080,"height":675},{"@type":"BreadcrumbList","@id":"https:\/\/pagina10.com\/web\/en-narino-26-mil-millones-seran-destinados-para-proyectos-de-infraestructura\/#breadcrumb","itemListElement":[{"@type":"ListItem","position":1,"name":"Portada","item":"https:\/\/pagina10.com\/web\/"},{"@type":"ListItem","position":2,"name":"En Nari\u00f1o $26 mil millones ser\u00e1n destinados para proyectos de infraestructura"}]},{"@type":"WebSite","@id":"https:\/\/pagina10.com\/web\/#website","url":"https:\/\/pagina10.com\/web\/","name":"P\u00e1gina10","description":"Peri\u00f3dico Regional","publisher":{"@id":"https:\/\/pagina10.com\/web\/#organization"},"alternateName":"P\u00e1gina10 Peri\u00f3dico Regional","potentialAction":[{"@type":"SearchAction","target":{"@type":"EntryPoint","urlTemplate":"https:\/\/pagina10.com\/web\/?s={search_term_string}"},"query-input":{"@type":"PropertyValueSpecification","valueRequired":true,"valueName":"search_term_string"}}],"inLanguage":"es"},{"@type":"Organization","@id":"https:\/\/pagina10.com\/web\/#organization","name":"P\u00e1gina10","alternateName":"P\u00e1gina10 Peri\u00f3dico Regional","url":"https:\/\/pagina10.com\/web\/","logo":{"@type":"ImageObject","inLanguage":"es","@id":"https:\/\/pagina10.com\/web\/#\/schema\/logo\/image\/","url":"https:\/\/pagina10.com\/web\/wp-content\/uploads\/2024\/01\/40-pagina-10-periodico-regional-pasto.jpg","contentUrl":"https:\/\/pagina10.com\/web\/wp-content\/uploads\/2024\/01\/40-pagina-10-periodico-regional-pasto.jpg","width":1280,"height":720,"caption":"P\u00e1gina10"},"image":{"@id":"https:\/\/pagina10.com\/web\/#\/schema\/logo\/image\/"},"sameAs":["https:\/\/www.facebook.com\/pag10com","https:\/\/x.com\/Pag10com","https:\/\/www.instagram.com\/pagina10col\/","https:\/\/youtube.com\/channel\/pag10","https:\/\/www.tiktok.com\/@p10col"]},{"@type":"Person","@id":"https:\/\/pagina10.com\/web\/#\/schema\/person\/2efc4a090d25b667d3bc796798a3a81b","name":"P\u00e1gina 10","description":"P\u00e1gina 10 es un peri\u00f3dico regional que nace en Colombia, en el departamento de Nari\u00f1o, con un enfoque global, fundamentado en cuatro pilares esenciales: la libertad, el pluralismo, la inclusi\u00f3n y la independencia. P\u00e1gina 10 hace referencia a Nari\u00f1o como el d\u00e9cimo departamento creado en Colombia, despu\u00e9s de un proceso pol\u00edtico liderado por actores y actrices regionales con el fin de obtener la independencia y autonom\u00eda de nuestros territorios. Con la creaci\u00f3n de P\u00e1gina 10 se pretende abrir un escenario para el dialogo, la reflexi\u00f3n y el debate que se extienda a otras geograf\u00edas de Am\u00e9rica Latina y del planeta, en una apuesta por transformar colectivamente los desaf\u00edos de un mundo contempor\u00e1neo, m\u00e1s all\u00e1 de las fronteras impuestas.","url":"https:\/\/pagina10.com\/web\/author\/pdiezadmin\/"}]}},"_links":{"self":[{"href":"https:\/\/pagina10.com\/web\/wp-json\/wp\/v2\/posts\/55343","targetHints":{"allow":["GET"]}}],"collection":[{"href":"https:\/\/pagina10.com\/web\/wp-json\/wp\/v2\/posts"}],"about":[{"href":"https:\/\/pagina10.com\/web\/wp-json\/wp\/v2\/types\/post"}],"author":[{"embeddable":true,"href":"https:\/\/pagina10.com\/web\/wp-json\/wp\/v2\/users\/1"}],"replies":[{"embeddable":true,"href":"https:\/\/pagina10.com\/web\/wp-json\/wp\/v2\/comments?post=55343"}],"version-history":[{"count":1,"href":"https:\/\/pagina10.com\/web\/wp-json\/wp\/v2\/posts\/55343\/revisions"}],"predecessor-version":[{"id":55345,"href":"https:\/\/pagina10.com\/web\/wp-json\/wp\/v2\/posts\/55343\/revisions\/55345"}],"wp:featuredmedia":[{"embeddable":true,"href":"https:\/\/pagina10.com\/web\/wp-json\/wp\/v2\/media\/55344"}],"wp:attachment":[{"href":"https:\/\/pagina10.com\/web\/wp-json\/wp\/v2\/media?parent=55343"}],"wp:term":[{"taxonomy":"category","embeddable":true,"href":"https:\/\/pagina10.com\/web\/wp-json\/wp\/v2\/categories?post=55343"},{"taxonomy":"post_tag","embeddable":true,"href":"https:\/\/pagina10.com\/web\/wp-json\/wp\/v2\/tags?post=55343"}],"curies":[{"name":"wp","href":"https:\/\/api.w.org\/{rel}","templated":true}]}}