{"id":55351,"date":"2021-09-01T17:39:17","date_gmt":"2021-09-01T22:39:17","guid":{"rendered":"https:\/\/pagina10.com\/web\/?p=55351"},"modified":"2021-09-01T17:39:17","modified_gmt":"2021-09-01T22:39:17","slug":"convocatoria-luces-camara-region-fomenta-el-sentido-de-pertenencia-narinense","status":"publish","type":"post","link":"https:\/\/pagina10.com\/web\/convocatoria-luces-camara-region-fomenta-el-sentido-de-pertenencia-narinense\/","title":{"rendered":"Convocatoria &#8216;Luces, C\u00e1mara, Regi\u00f3n&#8217; fomenta el sentido de pertenencia nari\u00f1ense"},"content":{"rendered":"<p style=\"text-align: justify;\">Las y los adolescentes de 13 a 17 a\u00f1os residentes en Nari\u00f1o, tendr\u00e1n la oportunidad de participar del concurso nacional \u2018Luces, C\u00e1mara, Regi\u00f3n\u2019, que busca dar a conocer las costumbres, tradiciones y sentir de la regi\u00f3n a trav\u00e9s de la realizaci\u00f3n de un v\u00eddeo.<\/p>\n<p style=\"text-align: justify;\">Con este concurso se pretende que los j\u00f3venes nari\u00f1enses expresen lo positivo, lo que los motiva, los apasiona y los entretiene de su Departamento; con la finalidad, de sensibilizar a quienes vean el video, a valorar el territorio.<\/p>\n<p style=\"text-align: justify;\">El video debe ser original e in\u00e9dito, tener una duraci\u00f3n m\u00ednima de un minuto y m\u00e1xima de tres, ser grabado en formato horizontal, tener buena iluminaci\u00f3n y sonido. Adem\u00e1s, puede incluir fotograf\u00edas, collage, montajes, dibujos, gr\u00e1ficos, animaci\u00f3n, voz en off, m\u00fasica, texto, entre otros recursos que permitan captar las diferentes expresiones de la regi\u00f3n. Debe ser grabado con cualquier dispositivo m\u00f3vil (c\u00e1mara digital, celular, tablet, computador port\u00e1til con c\u00e1mara).<\/p>\n<p style=\"text-align: justify;\">\u201cEsta iniciativa busca potenciar el talento de las y los j\u00f3venes de Nari\u00f1o, que por medio del uso de las tecnolog\u00edas de la informaci\u00f3n y de la comunicaci\u00f3n, narran su identidad desde cada regi\u00f3n del Departamento\u201d, afirm\u00f3 la Secretaria de Equidad de G\u00e9nero e Inclusi\u00f3n Social de Nari\u00f1o, Ver\u00f3nica Caicedo.<\/p>\n<p style=\"text-align: justify;\">Cabe destacar que la poblaci\u00f3n joven interesada en participar, debe conocer en detalle los t\u00e9rminos y condiciones del concurso, de igual manera, su madre, padre o acudiente deber\u00e1n firmar la autorizaci\u00f3n de uso de imagen. Puede acceder a los documentos a continuaci\u00f3n:<\/p>\n<p style=\"text-align: justify;\">En el siguiente enlace podr\u00e1 conocer los t\u00e9rminos y condiciones del concurso: https:\/\/drive.google.com\/file\/d\/1Aw4f8DX2KUZPOHlkfONSlNDRGEMSBOaG\/view?usp=sharing<\/p>\n<p style=\"text-align: justify;\">De igual manera el formato de autorizaci\u00f3n de uso de imagen: https:\/\/drive.google.com\/file\/d\/1Cpq9LWD7QrigmT3kSmFpFKhtYdUiXSAd\/view?usp=sharing<\/p>\n<p style=\"text-align: justify;\">\n","protected":false},"excerpt":{"rendered":"<p>Las y los adolescentes de 13 a 17 a\u00f1os residentes en Nari\u00f1o, tendr\u00e1n la oportunidad de participar del concurso nacional \u2018Luces, C\u00e1mara, Regi\u00f3n\u2019, que busca dar a conocer las costumbres, tradiciones y sentir de la regi\u00f3n a trav\u00e9s de la realizaci\u00f3n de un v\u00eddeo. Con este concurso se pretende que los j\u00f3venes nari\u00f1enses expresen lo [&hellip;]<\/p>\n","protected":false},"author":1,"featured_media":55353,"comment_status":"open","ping_status":"open","sticky":false,"template":"","format":"standard","meta":{"footnotes":""},"categories":[14],"tags":[],"class_list":["post-55351","post","type-post","status-publish","format-standard","has-post-thumbnail","hentry","category-narino-actual"],"yoast_head":"<!-- This site is optimized with the Yoast SEO plugin v27.1.1 - https:\/\/yoast.com\/product\/yoast-seo-wordpress\/ -->\n<title>Convocatoria &#039;Luces, C\u00e1mara, Regi\u00f3n&#039; fomenta el sentido de pertenencia nari\u00f1ense | P\u00e1gina10<\/title>\n<meta name=\"robots\" content=\"index, follow, max-snippet:-1, max-image-preview:large, max-video-preview:-1\" \/>\n<link rel=\"canonical\" href=\"https:\/\/pagina10.com\/web\/convocatoria-luces-camara-region-fomenta-el-sentido-de-pertenencia-narinense\/\" \/>\n<meta property=\"og:locale\" content=\"es_ES\" \/>\n<meta property=\"og:type\" content=\"article\" \/>\n<meta property=\"og:title\" content=\"Convocatoria &#039;Luces, C\u00e1mara, Regi\u00f3n&#039; fomenta el sentido de pertenencia nari\u00f1ense | P\u00e1gina10\" \/>\n<meta property=\"og:description\" content=\"Las y los adolescentes de 13 a 17 a\u00f1os residentes en Nari\u00f1o, tendr\u00e1n la oportunidad de participar del concurso nacional \u2018Luces, C\u00e1mara, Regi\u00f3n\u2019, que busca dar a conocer las costumbres, tradiciones y sentir de la regi\u00f3n a trav\u00e9s de la realizaci\u00f3n de un v\u00eddeo. Con este concurso se pretende que los j\u00f3venes nari\u00f1enses expresen lo [&hellip;]\" \/>\n<meta property=\"og:url\" content=\"https:\/\/pagina10.com\/web\/convocatoria-luces-camara-region-fomenta-el-sentido-de-pertenencia-narinense\/\" \/>\n<meta property=\"og:site_name\" content=\"P\u00e1gina10\" \/>\n<meta property=\"article:publisher\" content=\"https:\/\/www.facebook.com\/pag10com\" \/>\n<meta property=\"article:published_time\" content=\"2021-09-01T22:39:17+00:00\" \/>\n<meta property=\"og:image\" content=\"https:\/\/pagina10.com\/web\/wp-content\/uploads\/2021\/09\/Luces-camara-region-980x529-1.jpg\" \/>\n\t<meta property=\"og:image:width\" content=\"980\" \/>\n\t<meta property=\"og:image:height\" content=\"529\" \/>\n\t<meta property=\"og:image:type\" content=\"image\/jpeg\" \/>\n<meta name=\"author\" content=\"P\u00e1gina 10\" \/>\n<meta name=\"twitter:card\" content=\"summary_large_image\" \/>\n<meta name=\"twitter:creator\" content=\"@Pag10com\" \/>\n<meta name=\"twitter:site\" content=\"@Pag10com\" \/>\n<meta name=\"twitter:label1\" content=\"Escrito por\" \/>\n\t<meta name=\"twitter:data1\" content=\"P\u00e1gina 10\" \/>\n\t<meta name=\"twitter:label2\" content=\"Tiempo de lectura\" \/>\n\t<meta name=\"twitter:data2\" content=\"2 minutos\" \/>\n<script type=\"application\/ld+json\" class=\"yoast-schema-graph\">{\"@context\":\"https:\/\/schema.org\",\"@graph\":[{\"@type\":\"Article\",\"@id\":\"https:\/\/pagina10.com\/web\/convocatoria-luces-camara-region-fomenta-el-sentido-de-pertenencia-narinense\/#article\",\"isPartOf\":{\"@id\":\"https:\/\/pagina10.com\/web\/convocatoria-luces-camara-region-fomenta-el-sentido-de-pertenencia-narinense\/\"},\"author\":{\"name\":\"P\u00e1gina 10\",\"@id\":\"https:\/\/pagina10.com\/web\/#\/schema\/person\/2efc4a090d25b667d3bc796798a3a81b\"},\"headline\":\"Convocatoria &#8216;Luces, C\u00e1mara, Regi\u00f3n&#8217; fomenta el sentido de pertenencia nari\u00f1ense\",\"datePublished\":\"2021-09-01T22:39:17+00:00\",\"mainEntityOfPage\":{\"@id\":\"https:\/\/pagina10.com\/web\/convocatoria-luces-camara-region-fomenta-el-sentido-de-pertenencia-narinense\/\"},\"wordCount\":346,\"commentCount\":0,\"publisher\":{\"@id\":\"https:\/\/pagina10.com\/web\/#organization\"},\"image\":{\"@id\":\"https:\/\/pagina10.com\/web\/convocatoria-luces-camara-region-fomenta-el-sentido-de-pertenencia-narinense\/#primaryimage\"},\"thumbnailUrl\":\"https:\/\/pagina10.com\/web\/wp-content\/uploads\/2021\/09\/Luces-camara-region-980x529-1.jpg\",\"articleSection\":[\"Nari\u00f1o Actual\"],\"inLanguage\":\"es\",\"potentialAction\":[{\"@type\":\"CommentAction\",\"name\":\"Comment\",\"target\":[\"https:\/\/pagina10.com\/web\/convocatoria-luces-camara-region-fomenta-el-sentido-de-pertenencia-narinense\/#respond\"]}]},{\"@type\":\"WebPage\",\"@id\":\"https:\/\/pagina10.com\/web\/convocatoria-luces-camara-region-fomenta-el-sentido-de-pertenencia-narinense\/\",\"url\":\"https:\/\/pagina10.com\/web\/convocatoria-luces-camara-region-fomenta-el-sentido-de-pertenencia-narinense\/\",\"name\":\"Convocatoria 'Luces, C\u00e1mara, Regi\u00f3n' fomenta el sentido de pertenencia nari\u00f1ense | P\u00e1gina10\",\"isPartOf\":{\"@id\":\"https:\/\/pagina10.com\/web\/#website\"},\"primaryImageOfPage\":{\"@id\":\"https:\/\/pagina10.com\/web\/convocatoria-luces-camara-region-fomenta-el-sentido-de-pertenencia-narinense\/#primaryimage\"},\"image\":{\"@id\":\"https:\/\/pagina10.com\/web\/convocatoria-luces-camara-region-fomenta-el-sentido-de-pertenencia-narinense\/#primaryimage\"},\"thumbnailUrl\":\"https:\/\/pagina10.com\/web\/wp-content\/uploads\/2021\/09\/Luces-camara-region-980x529-1.jpg\",\"datePublished\":\"2021-09-01T22:39:17+00:00\",\"breadcrumb\":{\"@id\":\"https:\/\/pagina10.com\/web\/convocatoria-luces-camara-region-fomenta-el-sentido-de-pertenencia-narinense\/#breadcrumb\"},\"inLanguage\":\"es\",\"potentialAction\":[{\"@type\":\"ReadAction\",\"target\":[\"https:\/\/pagina10.com\/web\/convocatoria-luces-camara-region-fomenta-el-sentido-de-pertenencia-narinense\/\"]}]},{\"@type\":\"ImageObject\",\"inLanguage\":\"es\",\"@id\":\"https:\/\/pagina10.com\/web\/convocatoria-luces-camara-region-fomenta-el-sentido-de-pertenencia-narinense\/#primaryimage\",\"url\":\"https:\/\/pagina10.com\/web\/wp-content\/uploads\/2021\/09\/Luces-camara-region-980x529-1.jpg\",\"contentUrl\":\"https:\/\/pagina10.com\/web\/wp-content\/uploads\/2021\/09\/Luces-camara-region-980x529-1.jpg\",\"width\":980,\"height\":529},{\"@type\":\"BreadcrumbList\",\"@id\":\"https:\/\/pagina10.com\/web\/convocatoria-luces-camara-region-fomenta-el-sentido-de-pertenencia-narinense\/#breadcrumb\",\"itemListElement\":[{\"@type\":\"ListItem\",\"position\":1,\"name\":\"Portada\",\"item\":\"https:\/\/pagina10.com\/web\/\"},{\"@type\":\"ListItem\",\"position\":2,\"name\":\"Convocatoria &#8216;Luces, C\u00e1mara, Regi\u00f3n&#8217; fomenta el sentido de pertenencia nari\u00f1ense\"}]},{\"@type\":\"WebSite\",\"@id\":\"https:\/\/pagina10.com\/web\/#website\",\"url\":\"https:\/\/pagina10.com\/web\/\",\"name\":\"P\u00e1gina10\",\"description\":\"Peri\u00f3dico Regional\",\"publisher\":{\"@id\":\"https:\/\/pagina10.com\/web\/#organization\"},\"alternateName\":\"P\u00e1gina10 Peri\u00f3dico Regional\",\"potentialAction\":[{\"@type\":\"SearchAction\",\"target\":{\"@type\":\"EntryPoint\",\"urlTemplate\":\"https:\/\/pagina10.com\/web\/?s={search_term_string}\"},\"query-input\":{\"@type\":\"PropertyValueSpecification\",\"valueRequired\":true,\"valueName\":\"search_term_string\"}}],\"inLanguage\":\"es\"},{\"@type\":\"Organization\",\"@id\":\"https:\/\/pagina10.com\/web\/#organization\",\"name\":\"P\u00e1gina10\",\"alternateName\":\"P\u00e1gina10 Peri\u00f3dico Regional\",\"url\":\"https:\/\/pagina10.com\/web\/\",\"logo\":{\"@type\":\"ImageObject\",\"inLanguage\":\"es\",\"@id\":\"https:\/\/pagina10.com\/web\/#\/schema\/logo\/image\/\",\"url\":\"https:\/\/pagina10.com\/web\/wp-content\/uploads\/2024\/01\/40-pagina-10-periodico-regional-pasto.jpg\",\"contentUrl\":\"https:\/\/pagina10.com\/web\/wp-content\/uploads\/2024\/01\/40-pagina-10-periodico-regional-pasto.jpg\",\"width\":1280,\"height\":720,\"caption\":\"P\u00e1gina10\"},\"image\":{\"@id\":\"https:\/\/pagina10.com\/web\/#\/schema\/logo\/image\/\"},\"sameAs\":[\"https:\/\/www.facebook.com\/pag10com\",\"https:\/\/x.com\/Pag10com\",\"https:\/\/www.instagram.com\/pagina10col\/\",\"https:\/\/youtube.com\/channel\/pag10\",\"https:\/\/www.tiktok.com\/@p10col\"]},{\"@type\":\"Person\",\"@id\":\"https:\/\/pagina10.com\/web\/#\/schema\/person\/2efc4a090d25b667d3bc796798a3a81b\",\"name\":\"P\u00e1gina 10\",\"description\":\"P\u00e1gina 10 es un peri\u00f3dico regional que nace en Colombia, en el departamento de Nari\u00f1o, con un enfoque global, fundamentado en cuatro pilares esenciales: la libertad, el pluralismo, la inclusi\u00f3n y la independencia. P\u00e1gina 10 hace referencia a Nari\u00f1o como el d\u00e9cimo departamento creado en Colombia, despu\u00e9s de un proceso pol\u00edtico liderado por actores y actrices regionales con el fin de obtener la independencia y autonom\u00eda de nuestros territorios. Con la creaci\u00f3n de P\u00e1gina 10 se pretende abrir un escenario para el dialogo, la reflexi\u00f3n y el debate que se extienda a otras geograf\u00edas de Am\u00e9rica Latina y del planeta, en una apuesta por transformar colectivamente los desaf\u00edos de un mundo contempor\u00e1neo, m\u00e1s all\u00e1 de las fronteras impuestas.\",\"url\":\"https:\/\/pagina10.com\/web\/author\/pdiezadmin\/\"}]}<\/script>\n<!-- \/ Yoast SEO plugin. -->","yoast_head_json":{"title":"Convocatoria 'Luces, C\u00e1mara, Regi\u00f3n' fomenta el sentido de pertenencia nari\u00f1ense | P\u00e1gina10","robots":{"index":"index","follow":"follow","max-snippet":"max-snippet:-1","max-image-preview":"max-image-preview:large","max-video-preview":"max-video-preview:-1"},"canonical":"https:\/\/pagina10.com\/web\/convocatoria-luces-camara-region-fomenta-el-sentido-de-pertenencia-narinense\/","og_locale":"es_ES","og_type":"article","og_title":"Convocatoria 'Luces, C\u00e1mara, Regi\u00f3n' fomenta el sentido de pertenencia nari\u00f1ense | P\u00e1gina10","og_description":"Las y los adolescentes de 13 a 17 a\u00f1os residentes en Nari\u00f1o, tendr\u00e1n la oportunidad de participar del concurso nacional \u2018Luces, C\u00e1mara, Regi\u00f3n\u2019, que busca dar a conocer las costumbres, tradiciones y sentir de la regi\u00f3n a trav\u00e9s de la realizaci\u00f3n de un v\u00eddeo. Con este concurso se pretende que los j\u00f3venes nari\u00f1enses expresen lo [&hellip;]","og_url":"https:\/\/pagina10.com\/web\/convocatoria-luces-camara-region-fomenta-el-sentido-de-pertenencia-narinense\/","og_site_name":"P\u00e1gina10","article_publisher":"https:\/\/www.facebook.com\/pag10com","article_published_time":"2021-09-01T22:39:17+00:00","og_image":[{"width":980,"height":529,"url":"https:\/\/pagina10.com\/web\/wp-content\/uploads\/2021\/09\/Luces-camara-region-980x529-1.jpg","type":"image\/jpeg"}],"author":"P\u00e1gina 10","twitter_card":"summary_large_image","twitter_creator":"@Pag10com","twitter_site":"@Pag10com","twitter_misc":{"Escrito por":"P\u00e1gina 10","Tiempo de lectura":"2 minutos"},"schema":{"@context":"https:\/\/schema.org","@graph":[{"@type":"Article","@id":"https:\/\/pagina10.com\/web\/convocatoria-luces-camara-region-fomenta-el-sentido-de-pertenencia-narinense\/#article","isPartOf":{"@id":"https:\/\/pagina10.com\/web\/convocatoria-luces-camara-region-fomenta-el-sentido-de-pertenencia-narinense\/"},"author":{"name":"P\u00e1gina 10","@id":"https:\/\/pagina10.com\/web\/#\/schema\/person\/2efc4a090d25b667d3bc796798a3a81b"},"headline":"Convocatoria &#8216;Luces, C\u00e1mara, Regi\u00f3n&#8217; fomenta el sentido de pertenencia nari\u00f1ense","datePublished":"2021-09-01T22:39:17+00:00","mainEntityOfPage":{"@id":"https:\/\/pagina10.com\/web\/convocatoria-luces-camara-region-fomenta-el-sentido-de-pertenencia-narinense\/"},"wordCount":346,"commentCount":0,"publisher":{"@id":"https:\/\/pagina10.com\/web\/#organization"},"image":{"@id":"https:\/\/pagina10.com\/web\/convocatoria-luces-camara-region-fomenta-el-sentido-de-pertenencia-narinense\/#primaryimage"},"thumbnailUrl":"https:\/\/pagina10.com\/web\/wp-content\/uploads\/2021\/09\/Luces-camara-region-980x529-1.jpg","articleSection":["Nari\u00f1o Actual"],"inLanguage":"es","potentialAction":[{"@type":"CommentAction","name":"Comment","target":["https:\/\/pagina10.com\/web\/convocatoria-luces-camara-region-fomenta-el-sentido-de-pertenencia-narinense\/#respond"]}]},{"@type":"WebPage","@id":"https:\/\/pagina10.com\/web\/convocatoria-luces-camara-region-fomenta-el-sentido-de-pertenencia-narinense\/","url":"https:\/\/pagina10.com\/web\/convocatoria-luces-camara-region-fomenta-el-sentido-de-pertenencia-narinense\/","name":"Convocatoria 'Luces, C\u00e1mara, Regi\u00f3n' fomenta el sentido de pertenencia nari\u00f1ense | P\u00e1gina10","isPartOf":{"@id":"https:\/\/pagina10.com\/web\/#website"},"primaryImageOfPage":{"@id":"https:\/\/pagina10.com\/web\/convocatoria-luces-camara-region-fomenta-el-sentido-de-pertenencia-narinense\/#primaryimage"},"image":{"@id":"https:\/\/pagina10.com\/web\/convocatoria-luces-camara-region-fomenta-el-sentido-de-pertenencia-narinense\/#primaryimage"},"thumbnailUrl":"https:\/\/pagina10.com\/web\/wp-content\/uploads\/2021\/09\/Luces-camara-region-980x529-1.jpg","datePublished":"2021-09-01T22:39:17+00:00","breadcrumb":{"@id":"https:\/\/pagina10.com\/web\/convocatoria-luces-camara-region-fomenta-el-sentido-de-pertenencia-narinense\/#breadcrumb"},"inLanguage":"es","potentialAction":[{"@type":"ReadAction","target":["https:\/\/pagina10.com\/web\/convocatoria-luces-camara-region-fomenta-el-sentido-de-pertenencia-narinense\/"]}]},{"@type":"ImageObject","inLanguage":"es","@id":"https:\/\/pagina10.com\/web\/convocatoria-luces-camara-region-fomenta-el-sentido-de-pertenencia-narinense\/#primaryimage","url":"https:\/\/pagina10.com\/web\/wp-content\/uploads\/2021\/09\/Luces-camara-region-980x529-1.jpg","contentUrl":"https:\/\/pagina10.com\/web\/wp-content\/uploads\/2021\/09\/Luces-camara-region-980x529-1.jpg","width":980,"height":529},{"@type":"BreadcrumbList","@id":"https:\/\/pagina10.com\/web\/convocatoria-luces-camara-region-fomenta-el-sentido-de-pertenencia-narinense\/#breadcrumb","itemListElement":[{"@type":"ListItem","position":1,"name":"Portada","item":"https:\/\/pagina10.com\/web\/"},{"@type":"ListItem","position":2,"name":"Convocatoria &#8216;Luces, C\u00e1mara, Regi\u00f3n&#8217; fomenta el sentido de pertenencia nari\u00f1ense"}]},{"@type":"WebSite","@id":"https:\/\/pagina10.com\/web\/#website","url":"https:\/\/pagina10.com\/web\/","name":"P\u00e1gina10","description":"Peri\u00f3dico Regional","publisher":{"@id":"https:\/\/pagina10.com\/web\/#organization"},"alternateName":"P\u00e1gina10 Peri\u00f3dico Regional","potentialAction":[{"@type":"SearchAction","target":{"@type":"EntryPoint","urlTemplate":"https:\/\/pagina10.com\/web\/?s={search_term_string}"},"query-input":{"@type":"PropertyValueSpecification","valueRequired":true,"valueName":"search_term_string"}}],"inLanguage":"es"},{"@type":"Organization","@id":"https:\/\/pagina10.com\/web\/#organization","name":"P\u00e1gina10","alternateName":"P\u00e1gina10 Peri\u00f3dico Regional","url":"https:\/\/pagina10.com\/web\/","logo":{"@type":"ImageObject","inLanguage":"es","@id":"https:\/\/pagina10.com\/web\/#\/schema\/logo\/image\/","url":"https:\/\/pagina10.com\/web\/wp-content\/uploads\/2024\/01\/40-pagina-10-periodico-regional-pasto.jpg","contentUrl":"https:\/\/pagina10.com\/web\/wp-content\/uploads\/2024\/01\/40-pagina-10-periodico-regional-pasto.jpg","width":1280,"height":720,"caption":"P\u00e1gina10"},"image":{"@id":"https:\/\/pagina10.com\/web\/#\/schema\/logo\/image\/"},"sameAs":["https:\/\/www.facebook.com\/pag10com","https:\/\/x.com\/Pag10com","https:\/\/www.instagram.com\/pagina10col\/","https:\/\/youtube.com\/channel\/pag10","https:\/\/www.tiktok.com\/@p10col"]},{"@type":"Person","@id":"https:\/\/pagina10.com\/web\/#\/schema\/person\/2efc4a090d25b667d3bc796798a3a81b","name":"P\u00e1gina 10","description":"P\u00e1gina 10 es un peri\u00f3dico regional que nace en Colombia, en el departamento de Nari\u00f1o, con un enfoque global, fundamentado en cuatro pilares esenciales: la libertad, el pluralismo, la inclusi\u00f3n y la independencia. P\u00e1gina 10 hace referencia a Nari\u00f1o como el d\u00e9cimo departamento creado en Colombia, despu\u00e9s de un proceso pol\u00edtico liderado por actores y actrices regionales con el fin de obtener la independencia y autonom\u00eda de nuestros territorios. Con la creaci\u00f3n de P\u00e1gina 10 se pretende abrir un escenario para el dialogo, la reflexi\u00f3n y el debate que se extienda a otras geograf\u00edas de Am\u00e9rica Latina y del planeta, en una apuesta por transformar colectivamente los desaf\u00edos de un mundo contempor\u00e1neo, m\u00e1s all\u00e1 de las fronteras impuestas.","url":"https:\/\/pagina10.com\/web\/author\/pdiezadmin\/"}]}},"_links":{"self":[{"href":"https:\/\/pagina10.com\/web\/wp-json\/wp\/v2\/posts\/55351","targetHints":{"allow":["GET"]}}],"collection":[{"href":"https:\/\/pagina10.com\/web\/wp-json\/wp\/v2\/posts"}],"about":[{"href":"https:\/\/pagina10.com\/web\/wp-json\/wp\/v2\/types\/post"}],"author":[{"embeddable":true,"href":"https:\/\/pagina10.com\/web\/wp-json\/wp\/v2\/users\/1"}],"replies":[{"embeddable":true,"href":"https:\/\/pagina10.com\/web\/wp-json\/wp\/v2\/comments?post=55351"}],"version-history":[{"count":1,"href":"https:\/\/pagina10.com\/web\/wp-json\/wp\/v2\/posts\/55351\/revisions"}],"predecessor-version":[{"id":55354,"href":"https:\/\/pagina10.com\/web\/wp-json\/wp\/v2\/posts\/55351\/revisions\/55354"}],"wp:featuredmedia":[{"embeddable":true,"href":"https:\/\/pagina10.com\/web\/wp-json\/wp\/v2\/media\/55353"}],"wp:attachment":[{"href":"https:\/\/pagina10.com\/web\/wp-json\/wp\/v2\/media?parent=55351"}],"wp:term":[{"taxonomy":"category","embeddable":true,"href":"https:\/\/pagina10.com\/web\/wp-json\/wp\/v2\/categories?post=55351"},{"taxonomy":"post_tag","embeddable":true,"href":"https:\/\/pagina10.com\/web\/wp-json\/wp\/v2\/tags?post=55351"}],"curies":[{"name":"wp","href":"https:\/\/api.w.org\/{rel}","templated":true}]}}