{"id":55355,"date":"2021-09-01T20:12:21","date_gmt":"2021-09-02T01:12:21","guid":{"rendered":"https:\/\/pagina10.com\/web\/?p=55355"},"modified":"2021-09-01T20:12:21","modified_gmt":"2021-09-02T01:12:21","slug":"fue-detenido-el-alcalde-del-municipio-de-el-charco","status":"publish","type":"post","link":"https:\/\/pagina10.com\/web\/fue-detenido-el-alcalde-del-municipio-de-el-charco\/","title":{"rendered":"Fue detenido el alcalde del municipio de El Charco"},"content":{"rendered":"<p style=\"text-align: justify;\">Se conoci\u00f3 por parte de varios medios de comunicaci\u00f3n, que el d\u00eda de ayer 31 de agosto, en Tumaco fue capturado el alcalde del municipio de El Charco, V\u00edctor Candelo Reina, por ser presunto responsable de 3 delitos relacionados con la contrataci\u00f3n p\u00fablica.<\/p>\n<p style=\"text-align: justify;\">La captura se dio por parte de Funcionarios del Cuerpo T\u00e9cnico de Investigaci\u00f3n, CTI de la Fiscal\u00eda General de la Naci\u00f3n en la ma\u00f1ana del martes, en el aeropuerto La Florida del municipio de Tumaco debido a los delitos de contrato sin el cumplimiento de los requisitos legales, violaci\u00f3n al r\u00e9gimen de Inhabilidades e Incompatibilidades y falsedad ideol\u00f3gica en documento p\u00fablico.<\/p>\n<p style=\"text-align: justify;\">Seg\u00fan inform\u00f3 Diario del Sur, esta orden fue realizada por Juzgado 3 Penal Municipal con Funci\u00f3n de Control de Garant\u00edas, solicitado por la Fiscal\u00eda 17 Seccional Pasto e investigaci\u00f3n adelantada por el grupo de Administraci\u00f3n P\u00fablica CTI Pasto, en contra del mandatario.<\/p>\n<p style=\"text-align: justify;\">El mismo medio escribi\u00f3 que las autoridades capturaron al alcalde Candelo Reina, quien se encontraba acompa\u00f1ado por 3 personas, quienes ten\u00edan como destino la ciudad de Cali.<\/p>\n<p style=\"text-align: justify;\">Seg\u00fan fuentes, el juez determinar\u00e1 si el alcalde ir\u00e1 a prisi\u00f3n, quedar\u00e1 con medida de aseguramiento o en libertad.<\/p>\n<p style=\"text-align: justify;\">\n","protected":false},"excerpt":{"rendered":"<p>Se conoci\u00f3 por parte de varios medios de comunicaci\u00f3n, que el d\u00eda de ayer 31 de agosto, en Tumaco fue capturado el alcalde del municipio de El Charco, V\u00edctor Candelo Reina, por ser presunto responsable de 3 delitos relacionados con la contrataci\u00f3n p\u00fablica. La captura se dio por parte de Funcionarios del Cuerpo T\u00e9cnico de [&hellip;]<\/p>\n","protected":false},"author":1,"featured_media":55356,"comment_status":"open","ping_status":"open","sticky":false,"template":"","format":"standard","meta":{"footnotes":""},"categories":[53],"tags":[],"class_list":["post-55355","post","type-post","status-publish","format-standard","has-post-thumbnail","hentry","category-regiones"],"yoast_head":"<!-- This site is optimized with the Yoast SEO plugin v27.1.1 - https:\/\/yoast.com\/product\/yoast-seo-wordpress\/ -->\n<title>Fue detenido el alcalde del municipio de El Charco | P\u00e1gina10<\/title>\n<meta name=\"robots\" content=\"index, follow, max-snippet:-1, max-image-preview:large, max-video-preview:-1\" \/>\n<link rel=\"canonical\" href=\"https:\/\/pagina10.com\/web\/fue-detenido-el-alcalde-del-municipio-de-el-charco\/\" \/>\n<meta property=\"og:locale\" content=\"es_ES\" \/>\n<meta property=\"og:type\" content=\"article\" \/>\n<meta property=\"og:title\" content=\"Fue detenido el alcalde del municipio de El Charco | P\u00e1gina10\" \/>\n<meta property=\"og:description\" content=\"Se conoci\u00f3 por parte de varios medios de comunicaci\u00f3n, que el d\u00eda de ayer 31 de agosto, en Tumaco fue capturado el alcalde del municipio de El Charco, V\u00edctor Candelo Reina, por ser presunto responsable de 3 delitos relacionados con la contrataci\u00f3n p\u00fablica. La captura se dio por parte de Funcionarios del Cuerpo T\u00e9cnico de [&hellip;]\" \/>\n<meta property=\"og:url\" content=\"https:\/\/pagina10.com\/web\/fue-detenido-el-alcalde-del-municipio-de-el-charco\/\" \/>\n<meta property=\"og:site_name\" content=\"P\u00e1gina10\" \/>\n<meta property=\"article:publisher\" content=\"https:\/\/www.facebook.com\/pag10com\" \/>\n<meta property=\"article:published_time\" content=\"2021-09-02T01:12:21+00:00\" \/>\n<meta property=\"og:image\" content=\"https:\/\/pagina10.com\/web\/wp-content\/uploads\/2021\/09\/Eb2nNJQX0AApBY2.jpg\" \/>\n\t<meta property=\"og:image:width\" content=\"1200\" \/>\n\t<meta property=\"og:image:height\" content=\"799\" \/>\n\t<meta property=\"og:image:type\" content=\"image\/jpeg\" \/>\n<meta name=\"author\" content=\"P\u00e1gina 10\" \/>\n<meta name=\"twitter:card\" content=\"summary_large_image\" \/>\n<meta name=\"twitter:creator\" content=\"@Pag10com\" \/>\n<meta name=\"twitter:site\" content=\"@Pag10com\" \/>\n<meta name=\"twitter:label1\" content=\"Escrito por\" \/>\n\t<meta name=\"twitter:data1\" content=\"P\u00e1gina 10\" \/>\n\t<meta name=\"twitter:label2\" content=\"Tiempo de lectura\" \/>\n\t<meta name=\"twitter:data2\" content=\"1 minuto\" \/>\n<script type=\"application\/ld+json\" class=\"yoast-schema-graph\">{\"@context\":\"https:\/\/schema.org\",\"@graph\":[{\"@type\":\"Article\",\"@id\":\"https:\/\/pagina10.com\/web\/fue-detenido-el-alcalde-del-municipio-de-el-charco\/#article\",\"isPartOf\":{\"@id\":\"https:\/\/pagina10.com\/web\/fue-detenido-el-alcalde-del-municipio-de-el-charco\/\"},\"author\":{\"name\":\"P\u00e1gina 10\",\"@id\":\"https:\/\/pagina10.com\/web\/#\/schema\/person\/2efc4a090d25b667d3bc796798a3a81b\"},\"headline\":\"Fue detenido el alcalde del municipio de El Charco\",\"datePublished\":\"2021-09-02T01:12:21+00:00\",\"mainEntityOfPage\":{\"@id\":\"https:\/\/pagina10.com\/web\/fue-detenido-el-alcalde-del-municipio-de-el-charco\/\"},\"wordCount\":221,\"commentCount\":0,\"publisher\":{\"@id\":\"https:\/\/pagina10.com\/web\/#organization\"},\"image\":{\"@id\":\"https:\/\/pagina10.com\/web\/fue-detenido-el-alcalde-del-municipio-de-el-charco\/#primaryimage\"},\"thumbnailUrl\":\"https:\/\/pagina10.com\/web\/wp-content\/uploads\/2021\/09\/Eb2nNJQX0AApBY2.jpg\",\"articleSection\":[\"Regiones\"],\"inLanguage\":\"es\",\"potentialAction\":[{\"@type\":\"CommentAction\",\"name\":\"Comment\",\"target\":[\"https:\/\/pagina10.com\/web\/fue-detenido-el-alcalde-del-municipio-de-el-charco\/#respond\"]}]},{\"@type\":\"WebPage\",\"@id\":\"https:\/\/pagina10.com\/web\/fue-detenido-el-alcalde-del-municipio-de-el-charco\/\",\"url\":\"https:\/\/pagina10.com\/web\/fue-detenido-el-alcalde-del-municipio-de-el-charco\/\",\"name\":\"Fue detenido el alcalde del municipio de El Charco | P\u00e1gina10\",\"isPartOf\":{\"@id\":\"https:\/\/pagina10.com\/web\/#website\"},\"primaryImageOfPage\":{\"@id\":\"https:\/\/pagina10.com\/web\/fue-detenido-el-alcalde-del-municipio-de-el-charco\/#primaryimage\"},\"image\":{\"@id\":\"https:\/\/pagina10.com\/web\/fue-detenido-el-alcalde-del-municipio-de-el-charco\/#primaryimage\"},\"thumbnailUrl\":\"https:\/\/pagina10.com\/web\/wp-content\/uploads\/2021\/09\/Eb2nNJQX0AApBY2.jpg\",\"datePublished\":\"2021-09-02T01:12:21+00:00\",\"breadcrumb\":{\"@id\":\"https:\/\/pagina10.com\/web\/fue-detenido-el-alcalde-del-municipio-de-el-charco\/#breadcrumb\"},\"inLanguage\":\"es\",\"potentialAction\":[{\"@type\":\"ReadAction\",\"target\":[\"https:\/\/pagina10.com\/web\/fue-detenido-el-alcalde-del-municipio-de-el-charco\/\"]}]},{\"@type\":\"ImageObject\",\"inLanguage\":\"es\",\"@id\":\"https:\/\/pagina10.com\/web\/fue-detenido-el-alcalde-del-municipio-de-el-charco\/#primaryimage\",\"url\":\"https:\/\/pagina10.com\/web\/wp-content\/uploads\/2021\/09\/Eb2nNJQX0AApBY2.jpg\",\"contentUrl\":\"https:\/\/pagina10.com\/web\/wp-content\/uploads\/2021\/09\/Eb2nNJQX0AApBY2.jpg\",\"width\":1200,\"height\":799},{\"@type\":\"BreadcrumbList\",\"@id\":\"https:\/\/pagina10.com\/web\/fue-detenido-el-alcalde-del-municipio-de-el-charco\/#breadcrumb\",\"itemListElement\":[{\"@type\":\"ListItem\",\"position\":1,\"name\":\"Portada\",\"item\":\"https:\/\/pagina10.com\/web\/\"},{\"@type\":\"ListItem\",\"position\":2,\"name\":\"Fue detenido el alcalde del municipio de El Charco\"}]},{\"@type\":\"WebSite\",\"@id\":\"https:\/\/pagina10.com\/web\/#website\",\"url\":\"https:\/\/pagina10.com\/web\/\",\"name\":\"P\u00e1gina10\",\"description\":\"Peri\u00f3dico Regional\",\"publisher\":{\"@id\":\"https:\/\/pagina10.com\/web\/#organization\"},\"alternateName\":\"P\u00e1gina10 Peri\u00f3dico Regional\",\"potentialAction\":[{\"@type\":\"SearchAction\",\"target\":{\"@type\":\"EntryPoint\",\"urlTemplate\":\"https:\/\/pagina10.com\/web\/?s={search_term_string}\"},\"query-input\":{\"@type\":\"PropertyValueSpecification\",\"valueRequired\":true,\"valueName\":\"search_term_string\"}}],\"inLanguage\":\"es\"},{\"@type\":\"Organization\",\"@id\":\"https:\/\/pagina10.com\/web\/#organization\",\"name\":\"P\u00e1gina10\",\"alternateName\":\"P\u00e1gina10 Peri\u00f3dico Regional\",\"url\":\"https:\/\/pagina10.com\/web\/\",\"logo\":{\"@type\":\"ImageObject\",\"inLanguage\":\"es\",\"@id\":\"https:\/\/pagina10.com\/web\/#\/schema\/logo\/image\/\",\"url\":\"https:\/\/pagina10.com\/web\/wp-content\/uploads\/2024\/01\/40-pagina-10-periodico-regional-pasto.jpg\",\"contentUrl\":\"https:\/\/pagina10.com\/web\/wp-content\/uploads\/2024\/01\/40-pagina-10-periodico-regional-pasto.jpg\",\"width\":1280,\"height\":720,\"caption\":\"P\u00e1gina10\"},\"image\":{\"@id\":\"https:\/\/pagina10.com\/web\/#\/schema\/logo\/image\/\"},\"sameAs\":[\"https:\/\/www.facebook.com\/pag10com\",\"https:\/\/x.com\/Pag10com\",\"https:\/\/www.instagram.com\/pagina10col\/\",\"https:\/\/youtube.com\/channel\/pag10\",\"https:\/\/www.tiktok.com\/@p10col\"]},{\"@type\":\"Person\",\"@id\":\"https:\/\/pagina10.com\/web\/#\/schema\/person\/2efc4a090d25b667d3bc796798a3a81b\",\"name\":\"P\u00e1gina 10\",\"description\":\"P\u00e1gina 10 es un peri\u00f3dico regional que nace en Colombia, en el departamento de Nari\u00f1o, con un enfoque global, fundamentado en cuatro pilares esenciales: la libertad, el pluralismo, la inclusi\u00f3n y la independencia. P\u00e1gina 10 hace referencia a Nari\u00f1o como el d\u00e9cimo departamento creado en Colombia, despu\u00e9s de un proceso pol\u00edtico liderado por actores y actrices regionales con el fin de obtener la independencia y autonom\u00eda de nuestros territorios. Con la creaci\u00f3n de P\u00e1gina 10 se pretende abrir un escenario para el dialogo, la reflexi\u00f3n y el debate que se extienda a otras geograf\u00edas de Am\u00e9rica Latina y del planeta, en una apuesta por transformar colectivamente los desaf\u00edos de un mundo contempor\u00e1neo, m\u00e1s all\u00e1 de las fronteras impuestas.\",\"url\":\"https:\/\/pagina10.com\/web\/author\/pdiezadmin\/\"}]}<\/script>\n<!-- \/ Yoast SEO plugin. -->","yoast_head_json":{"title":"Fue detenido el alcalde del municipio de El Charco | P\u00e1gina10","robots":{"index":"index","follow":"follow","max-snippet":"max-snippet:-1","max-image-preview":"max-image-preview:large","max-video-preview":"max-video-preview:-1"},"canonical":"https:\/\/pagina10.com\/web\/fue-detenido-el-alcalde-del-municipio-de-el-charco\/","og_locale":"es_ES","og_type":"article","og_title":"Fue detenido el alcalde del municipio de El Charco | P\u00e1gina10","og_description":"Se conoci\u00f3 por parte de varios medios de comunicaci\u00f3n, que el d\u00eda de ayer 31 de agosto, en Tumaco fue capturado el alcalde del municipio de El Charco, V\u00edctor Candelo Reina, por ser presunto responsable de 3 delitos relacionados con la contrataci\u00f3n p\u00fablica. La captura se dio por parte de Funcionarios del Cuerpo T\u00e9cnico de [&hellip;]","og_url":"https:\/\/pagina10.com\/web\/fue-detenido-el-alcalde-del-municipio-de-el-charco\/","og_site_name":"P\u00e1gina10","article_publisher":"https:\/\/www.facebook.com\/pag10com","article_published_time":"2021-09-02T01:12:21+00:00","og_image":[{"width":1200,"height":799,"url":"https:\/\/pagina10.com\/web\/wp-content\/uploads\/2021\/09\/Eb2nNJQX0AApBY2.jpg","type":"image\/jpeg"}],"author":"P\u00e1gina 10","twitter_card":"summary_large_image","twitter_creator":"@Pag10com","twitter_site":"@Pag10com","twitter_misc":{"Escrito por":"P\u00e1gina 10","Tiempo de lectura":"1 minuto"},"schema":{"@context":"https:\/\/schema.org","@graph":[{"@type":"Article","@id":"https:\/\/pagina10.com\/web\/fue-detenido-el-alcalde-del-municipio-de-el-charco\/#article","isPartOf":{"@id":"https:\/\/pagina10.com\/web\/fue-detenido-el-alcalde-del-municipio-de-el-charco\/"},"author":{"name":"P\u00e1gina 10","@id":"https:\/\/pagina10.com\/web\/#\/schema\/person\/2efc4a090d25b667d3bc796798a3a81b"},"headline":"Fue detenido el alcalde del municipio de El Charco","datePublished":"2021-09-02T01:12:21+00:00","mainEntityOfPage":{"@id":"https:\/\/pagina10.com\/web\/fue-detenido-el-alcalde-del-municipio-de-el-charco\/"},"wordCount":221,"commentCount":0,"publisher":{"@id":"https:\/\/pagina10.com\/web\/#organization"},"image":{"@id":"https:\/\/pagina10.com\/web\/fue-detenido-el-alcalde-del-municipio-de-el-charco\/#primaryimage"},"thumbnailUrl":"https:\/\/pagina10.com\/web\/wp-content\/uploads\/2021\/09\/Eb2nNJQX0AApBY2.jpg","articleSection":["Regiones"],"inLanguage":"es","potentialAction":[{"@type":"CommentAction","name":"Comment","target":["https:\/\/pagina10.com\/web\/fue-detenido-el-alcalde-del-municipio-de-el-charco\/#respond"]}]},{"@type":"WebPage","@id":"https:\/\/pagina10.com\/web\/fue-detenido-el-alcalde-del-municipio-de-el-charco\/","url":"https:\/\/pagina10.com\/web\/fue-detenido-el-alcalde-del-municipio-de-el-charco\/","name":"Fue detenido el alcalde del municipio de El Charco | P\u00e1gina10","isPartOf":{"@id":"https:\/\/pagina10.com\/web\/#website"},"primaryImageOfPage":{"@id":"https:\/\/pagina10.com\/web\/fue-detenido-el-alcalde-del-municipio-de-el-charco\/#primaryimage"},"image":{"@id":"https:\/\/pagina10.com\/web\/fue-detenido-el-alcalde-del-municipio-de-el-charco\/#primaryimage"},"thumbnailUrl":"https:\/\/pagina10.com\/web\/wp-content\/uploads\/2021\/09\/Eb2nNJQX0AApBY2.jpg","datePublished":"2021-09-02T01:12:21+00:00","breadcrumb":{"@id":"https:\/\/pagina10.com\/web\/fue-detenido-el-alcalde-del-municipio-de-el-charco\/#breadcrumb"},"inLanguage":"es","potentialAction":[{"@type":"ReadAction","target":["https:\/\/pagina10.com\/web\/fue-detenido-el-alcalde-del-municipio-de-el-charco\/"]}]},{"@type":"ImageObject","inLanguage":"es","@id":"https:\/\/pagina10.com\/web\/fue-detenido-el-alcalde-del-municipio-de-el-charco\/#primaryimage","url":"https:\/\/pagina10.com\/web\/wp-content\/uploads\/2021\/09\/Eb2nNJQX0AApBY2.jpg","contentUrl":"https:\/\/pagina10.com\/web\/wp-content\/uploads\/2021\/09\/Eb2nNJQX0AApBY2.jpg","width":1200,"height":799},{"@type":"BreadcrumbList","@id":"https:\/\/pagina10.com\/web\/fue-detenido-el-alcalde-del-municipio-de-el-charco\/#breadcrumb","itemListElement":[{"@type":"ListItem","position":1,"name":"Portada","item":"https:\/\/pagina10.com\/web\/"},{"@type":"ListItem","position":2,"name":"Fue detenido el alcalde del municipio de El Charco"}]},{"@type":"WebSite","@id":"https:\/\/pagina10.com\/web\/#website","url":"https:\/\/pagina10.com\/web\/","name":"P\u00e1gina10","description":"Peri\u00f3dico Regional","publisher":{"@id":"https:\/\/pagina10.com\/web\/#organization"},"alternateName":"P\u00e1gina10 Peri\u00f3dico Regional","potentialAction":[{"@type":"SearchAction","target":{"@type":"EntryPoint","urlTemplate":"https:\/\/pagina10.com\/web\/?s={search_term_string}"},"query-input":{"@type":"PropertyValueSpecification","valueRequired":true,"valueName":"search_term_string"}}],"inLanguage":"es"},{"@type":"Organization","@id":"https:\/\/pagina10.com\/web\/#organization","name":"P\u00e1gina10","alternateName":"P\u00e1gina10 Peri\u00f3dico Regional","url":"https:\/\/pagina10.com\/web\/","logo":{"@type":"ImageObject","inLanguage":"es","@id":"https:\/\/pagina10.com\/web\/#\/schema\/logo\/image\/","url":"https:\/\/pagina10.com\/web\/wp-content\/uploads\/2024\/01\/40-pagina-10-periodico-regional-pasto.jpg","contentUrl":"https:\/\/pagina10.com\/web\/wp-content\/uploads\/2024\/01\/40-pagina-10-periodico-regional-pasto.jpg","width":1280,"height":720,"caption":"P\u00e1gina10"},"image":{"@id":"https:\/\/pagina10.com\/web\/#\/schema\/logo\/image\/"},"sameAs":["https:\/\/www.facebook.com\/pag10com","https:\/\/x.com\/Pag10com","https:\/\/www.instagram.com\/pagina10col\/","https:\/\/youtube.com\/channel\/pag10","https:\/\/www.tiktok.com\/@p10col"]},{"@type":"Person","@id":"https:\/\/pagina10.com\/web\/#\/schema\/person\/2efc4a090d25b667d3bc796798a3a81b","name":"P\u00e1gina 10","description":"P\u00e1gina 10 es un peri\u00f3dico regional que nace en Colombia, en el departamento de Nari\u00f1o, con un enfoque global, fundamentado en cuatro pilares esenciales: la libertad, el pluralismo, la inclusi\u00f3n y la independencia. P\u00e1gina 10 hace referencia a Nari\u00f1o como el d\u00e9cimo departamento creado en Colombia, despu\u00e9s de un proceso pol\u00edtico liderado por actores y actrices regionales con el fin de obtener la independencia y autonom\u00eda de nuestros territorios. Con la creaci\u00f3n de P\u00e1gina 10 se pretende abrir un escenario para el dialogo, la reflexi\u00f3n y el debate que se extienda a otras geograf\u00edas de Am\u00e9rica Latina y del planeta, en una apuesta por transformar colectivamente los desaf\u00edos de un mundo contempor\u00e1neo, m\u00e1s all\u00e1 de las fronteras impuestas.","url":"https:\/\/pagina10.com\/web\/author\/pdiezadmin\/"}]}},"_links":{"self":[{"href":"https:\/\/pagina10.com\/web\/wp-json\/wp\/v2\/posts\/55355","targetHints":{"allow":["GET"]}}],"collection":[{"href":"https:\/\/pagina10.com\/web\/wp-json\/wp\/v2\/posts"}],"about":[{"href":"https:\/\/pagina10.com\/web\/wp-json\/wp\/v2\/types\/post"}],"author":[{"embeddable":true,"href":"https:\/\/pagina10.com\/web\/wp-json\/wp\/v2\/users\/1"}],"replies":[{"embeddable":true,"href":"https:\/\/pagina10.com\/web\/wp-json\/wp\/v2\/comments?post=55355"}],"version-history":[{"count":1,"href":"https:\/\/pagina10.com\/web\/wp-json\/wp\/v2\/posts\/55355\/revisions"}],"predecessor-version":[{"id":55357,"href":"https:\/\/pagina10.com\/web\/wp-json\/wp\/v2\/posts\/55355\/revisions\/55357"}],"wp:featuredmedia":[{"embeddable":true,"href":"https:\/\/pagina10.com\/web\/wp-json\/wp\/v2\/media\/55356"}],"wp:attachment":[{"href":"https:\/\/pagina10.com\/web\/wp-json\/wp\/v2\/media?parent=55355"}],"wp:term":[{"taxonomy":"category","embeddable":true,"href":"https:\/\/pagina10.com\/web\/wp-json\/wp\/v2\/categories?post=55355"},{"taxonomy":"post_tag","embeddable":true,"href":"https:\/\/pagina10.com\/web\/wp-json\/wp\/v2\/tags?post=55355"}],"curies":[{"name":"wp","href":"https:\/\/api.w.org\/{rel}","templated":true}]}}