{"id":55358,"date":"2021-09-01T21:21:48","date_gmt":"2021-09-02T02:21:48","guid":{"rendered":"https:\/\/pagina10.com\/web\/?p=55358"},"modified":"2021-09-01T21:21:48","modified_gmt":"2021-09-02T02:21:48","slug":"carnaval-de-negros-y-blancos-se-vivira-de-manera-presencial-en-2022","status":"publish","type":"post","link":"https:\/\/pagina10.com\/web\/carnaval-de-negros-y-blancos-se-vivira-de-manera-presencial-en-2022\/","title":{"rendered":"Carnaval de Negros y Blancos se vivir\u00e1 de manera presencial en 2022"},"content":{"rendered":"<p style=\"text-align: justify;\"><span style=\"font-weight: 400;\">El Carnaval de Negros y Blancos, la gran fiesta de la capital nari\u00f1ense, se realizar\u00e1 de manera presencial en la versi\u00f3n 2022, as\u00ed lo dieron a conocer las autoridades municipales.<\/span><\/p>\n<p style=\"text-align: justify;\"><span style=\"font-weight: 400;\">El Alcalde de la ciudad de Pasto, Germ\u00e1n Chamorro, dijo que se buscan estrategias para este importante evento de la capital nari\u00f1ense se pueda llevar a cabo y de esta manera pueda ayudar en la reactivaci\u00f3n econ\u00f3mica de todo este sector.<\/span><\/p>\n<p style=\"text-align: justify;\"><span style=\"font-weight: 400;\">&#8220;Traemos la mejor noticia para nuestros artesanos, artistas y pastusos que vibran, gestan y disfrutan nuestro Carnaval de Negros y Blancos Enero 2022, nos espera con su alegr\u00eda, color y fiesta, podremos disfrutar de toda la magia y su legado&#8221;, manifest\u00f3 la administraci\u00f3n municipal.\u00a0<\/span><\/p>\n<p style=\"text-align: justify;\"><span style=\"font-weight: 400;\">Esta gran festividad que es catalogada como Patrimonio Inmaterial de la Humanidad se lleva a cabo entre el 3 y el 6 de enero de cada a\u00f1o; d\u00edas en los que ciudad se viste de colores, m\u00fasica, artesanos, artesanas, arte, teatro, j\u00fabilo y alegr\u00eda para que propios y visitantes gocen al ritmo del sonsure\u00f1o, con diferentes actividades y desfiles. Debido a la contingencia por covid-19, durante el 2021 este magno evento se vivi\u00f3 de manera virtual.\u00a0<\/span><\/p>\n<p style=\"text-align: justify;\"><span style=\"font-weight: 400;\">Seg\u00fan informaci\u00f3n, el carnaval de Negros y Blancos 2023 no tendr\u00e1 su tradicional desfile, esto con el fin de evitar aglomeraciones, sin embargo las personas podr\u00e1n asistir gradualmente a los sitios de exhibici\u00f3n de las carrozas y tambi\u00e9n podr\u00e1n contemplar la puesta en escena de trajes individuales y compartas.\u00a0<\/span><\/p>\n<p style=\"text-align: justify;\"><span style=\"font-weight: 400;\">De acuerdo con Radio Nacional de Colombia, Andr\u00e9s Jaramillo inform\u00f3 que, \u201cVenimos trabajando con los artistas concertando las formas de c\u00f3mo hacer el carnaval. No tendremos desfiles, este a\u00f1o ser\u00e1 diferente, la gente deber\u00e1 ir donde est\u00e9n las obras definidas\u201d.<\/span><\/p>\n<p style=\"text-align: justify;\"><span style=\"font-weight: 400;\">Adem\u00e1s desde Corpocarnaval expusieron<\/span><span style=\"text-transform: initial;\">&#8220;\u00a1Vamos a darla toda! Protegiendo la vida de los espectadores, reactivando econ\u00f3micamente a nuestro municipio, protegiendo el patrimonio y respaldando a nuestros artistas y cultores que merecen todo nuestro apoyo&#8221;.\u00a0<\/span><\/p>\n","protected":false},"excerpt":{"rendered":"<p>El Carnaval de Negros y Blancos, la gran fiesta de la capital nari\u00f1ense, se realizar\u00e1 de manera presencial en la versi\u00f3n 2022, as\u00ed lo dieron a conocer las autoridades municipales. El Alcalde de la ciudad de Pasto, Germ\u00e1n Chamorro, dijo que se buscan estrategias para este importante evento de la capital nari\u00f1ense se pueda llevar [&hellip;]<\/p>\n","protected":false},"author":1,"featured_media":55359,"comment_status":"open","ping_status":"open","sticky":false,"template":"","format":"standard","meta":{"footnotes":""},"categories":[14],"tags":[],"class_list":["post-55358","post","type-post","status-publish","format-standard","has-post-thumbnail","hentry","category-narino-actual"],"yoast_head":"<!-- This site is optimized with the Yoast SEO plugin v27.1.1 - https:\/\/yoast.com\/product\/yoast-seo-wordpress\/ -->\n<title>Carnaval de Negros y Blancos se vivir\u00e1 de manera presencial en 2022 | P\u00e1gina10<\/title>\n<meta name=\"robots\" content=\"index, follow, max-snippet:-1, max-image-preview:large, max-video-preview:-1\" \/>\n<link rel=\"canonical\" href=\"https:\/\/pagina10.com\/web\/carnaval-de-negros-y-blancos-se-vivira-de-manera-presencial-en-2022\/\" \/>\n<meta property=\"og:locale\" content=\"es_ES\" \/>\n<meta property=\"og:type\" content=\"article\" \/>\n<meta property=\"og:title\" content=\"Carnaval de Negros y Blancos se vivir\u00e1 de manera presencial en 2022 | P\u00e1gina10\" \/>\n<meta property=\"og:description\" content=\"El Carnaval de Negros y Blancos, la gran fiesta de la capital nari\u00f1ense, se realizar\u00e1 de manera presencial en la versi\u00f3n 2022, as\u00ed lo dieron a conocer las autoridades municipales. El Alcalde de la ciudad de Pasto, Germ\u00e1n Chamorro, dijo que se buscan estrategias para este importante evento de la capital nari\u00f1ense se pueda llevar [&hellip;]\" \/>\n<meta property=\"og:url\" content=\"https:\/\/pagina10.com\/web\/carnaval-de-negros-y-blancos-se-vivira-de-manera-presencial-en-2022\/\" \/>\n<meta property=\"og:site_name\" content=\"P\u00e1gina10\" \/>\n<meta property=\"article:publisher\" content=\"https:\/\/www.facebook.com\/pag10com\" \/>\n<meta property=\"article:published_time\" content=\"2021-09-02T02:21:48+00:00\" \/>\n<meta property=\"og:image\" content=\"https:\/\/pagina10.com\/web\/wp-content\/uploads\/2021\/09\/FB_IMG_1630549276362.jpg\" \/>\n\t<meta property=\"og:image:width\" content=\"960\" \/>\n\t<meta property=\"og:image:height\" content=\"640\" \/>\n\t<meta property=\"og:image:type\" content=\"image\/jpeg\" \/>\n<meta name=\"author\" content=\"P\u00e1gina 10\" \/>\n<meta name=\"twitter:card\" content=\"summary_large_image\" \/>\n<meta name=\"twitter:creator\" content=\"@Pag10com\" \/>\n<meta name=\"twitter:site\" content=\"@Pag10com\" \/>\n<meta name=\"twitter:label1\" content=\"Escrito por\" \/>\n\t<meta name=\"twitter:data1\" content=\"P\u00e1gina 10\" \/>\n\t<meta name=\"twitter:label2\" content=\"Tiempo de lectura\" \/>\n\t<meta name=\"twitter:data2\" content=\"2 minutos\" \/>\n<script type=\"application\/ld+json\" class=\"yoast-schema-graph\">{\"@context\":\"https:\/\/schema.org\",\"@graph\":[{\"@type\":\"Article\",\"@id\":\"https:\/\/pagina10.com\/web\/carnaval-de-negros-y-blancos-se-vivira-de-manera-presencial-en-2022\/#article\",\"isPartOf\":{\"@id\":\"https:\/\/pagina10.com\/web\/carnaval-de-negros-y-blancos-se-vivira-de-manera-presencial-en-2022\/\"},\"author\":{\"name\":\"P\u00e1gina 10\",\"@id\":\"https:\/\/pagina10.com\/web\/#\/schema\/person\/2efc4a090d25b667d3bc796798a3a81b\"},\"headline\":\"Carnaval de Negros y Blancos se vivir\u00e1 de manera presencial en 2022\",\"datePublished\":\"2021-09-02T02:21:48+00:00\",\"mainEntityOfPage\":{\"@id\":\"https:\/\/pagina10.com\/web\/carnaval-de-negros-y-blancos-se-vivira-de-manera-presencial-en-2022\/\"},\"wordCount\":345,\"commentCount\":0,\"publisher\":{\"@id\":\"https:\/\/pagina10.com\/web\/#organization\"},\"image\":{\"@id\":\"https:\/\/pagina10.com\/web\/carnaval-de-negros-y-blancos-se-vivira-de-manera-presencial-en-2022\/#primaryimage\"},\"thumbnailUrl\":\"https:\/\/pagina10.com\/web\/wp-content\/uploads\/2021\/09\/FB_IMG_1630549276362.jpg\",\"articleSection\":[\"Nari\u00f1o Actual\"],\"inLanguage\":\"es\",\"potentialAction\":[{\"@type\":\"CommentAction\",\"name\":\"Comment\",\"target\":[\"https:\/\/pagina10.com\/web\/carnaval-de-negros-y-blancos-se-vivira-de-manera-presencial-en-2022\/#respond\"]}]},{\"@type\":\"WebPage\",\"@id\":\"https:\/\/pagina10.com\/web\/carnaval-de-negros-y-blancos-se-vivira-de-manera-presencial-en-2022\/\",\"url\":\"https:\/\/pagina10.com\/web\/carnaval-de-negros-y-blancos-se-vivira-de-manera-presencial-en-2022\/\",\"name\":\"Carnaval de Negros y Blancos se vivir\u00e1 de manera presencial en 2022 | P\u00e1gina10\",\"isPartOf\":{\"@id\":\"https:\/\/pagina10.com\/web\/#website\"},\"primaryImageOfPage\":{\"@id\":\"https:\/\/pagina10.com\/web\/carnaval-de-negros-y-blancos-se-vivira-de-manera-presencial-en-2022\/#primaryimage\"},\"image\":{\"@id\":\"https:\/\/pagina10.com\/web\/carnaval-de-negros-y-blancos-se-vivira-de-manera-presencial-en-2022\/#primaryimage\"},\"thumbnailUrl\":\"https:\/\/pagina10.com\/web\/wp-content\/uploads\/2021\/09\/FB_IMG_1630549276362.jpg\",\"datePublished\":\"2021-09-02T02:21:48+00:00\",\"breadcrumb\":{\"@id\":\"https:\/\/pagina10.com\/web\/carnaval-de-negros-y-blancos-se-vivira-de-manera-presencial-en-2022\/#breadcrumb\"},\"inLanguage\":\"es\",\"potentialAction\":[{\"@type\":\"ReadAction\",\"target\":[\"https:\/\/pagina10.com\/web\/carnaval-de-negros-y-blancos-se-vivira-de-manera-presencial-en-2022\/\"]}]},{\"@type\":\"ImageObject\",\"inLanguage\":\"es\",\"@id\":\"https:\/\/pagina10.com\/web\/carnaval-de-negros-y-blancos-se-vivira-de-manera-presencial-en-2022\/#primaryimage\",\"url\":\"https:\/\/pagina10.com\/web\/wp-content\/uploads\/2021\/09\/FB_IMG_1630549276362.jpg\",\"contentUrl\":\"https:\/\/pagina10.com\/web\/wp-content\/uploads\/2021\/09\/FB_IMG_1630549276362.jpg\",\"width\":960,\"height\":640},{\"@type\":\"BreadcrumbList\",\"@id\":\"https:\/\/pagina10.com\/web\/carnaval-de-negros-y-blancos-se-vivira-de-manera-presencial-en-2022\/#breadcrumb\",\"itemListElement\":[{\"@type\":\"ListItem\",\"position\":1,\"name\":\"Portada\",\"item\":\"https:\/\/pagina10.com\/web\/\"},{\"@type\":\"ListItem\",\"position\":2,\"name\":\"Carnaval de Negros y Blancos se vivir\u00e1 de manera presencial en 2022\"}]},{\"@type\":\"WebSite\",\"@id\":\"https:\/\/pagina10.com\/web\/#website\",\"url\":\"https:\/\/pagina10.com\/web\/\",\"name\":\"P\u00e1gina10\",\"description\":\"Peri\u00f3dico Regional\",\"publisher\":{\"@id\":\"https:\/\/pagina10.com\/web\/#organization\"},\"alternateName\":\"P\u00e1gina10 Peri\u00f3dico Regional\",\"potentialAction\":[{\"@type\":\"SearchAction\",\"target\":{\"@type\":\"EntryPoint\",\"urlTemplate\":\"https:\/\/pagina10.com\/web\/?s={search_term_string}\"},\"query-input\":{\"@type\":\"PropertyValueSpecification\",\"valueRequired\":true,\"valueName\":\"search_term_string\"}}],\"inLanguage\":\"es\"},{\"@type\":\"Organization\",\"@id\":\"https:\/\/pagina10.com\/web\/#organization\",\"name\":\"P\u00e1gina10\",\"alternateName\":\"P\u00e1gina10 Peri\u00f3dico Regional\",\"url\":\"https:\/\/pagina10.com\/web\/\",\"logo\":{\"@type\":\"ImageObject\",\"inLanguage\":\"es\",\"@id\":\"https:\/\/pagina10.com\/web\/#\/schema\/logo\/image\/\",\"url\":\"https:\/\/pagina10.com\/web\/wp-content\/uploads\/2024\/01\/40-pagina-10-periodico-regional-pasto.jpg\",\"contentUrl\":\"https:\/\/pagina10.com\/web\/wp-content\/uploads\/2024\/01\/40-pagina-10-periodico-regional-pasto.jpg\",\"width\":1280,\"height\":720,\"caption\":\"P\u00e1gina10\"},\"image\":{\"@id\":\"https:\/\/pagina10.com\/web\/#\/schema\/logo\/image\/\"},\"sameAs\":[\"https:\/\/www.facebook.com\/pag10com\",\"https:\/\/x.com\/Pag10com\",\"https:\/\/www.instagram.com\/pagina10col\/\",\"https:\/\/youtube.com\/channel\/pag10\",\"https:\/\/www.tiktok.com\/@p10col\"]},{\"@type\":\"Person\",\"@id\":\"https:\/\/pagina10.com\/web\/#\/schema\/person\/2efc4a090d25b667d3bc796798a3a81b\",\"name\":\"P\u00e1gina 10\",\"description\":\"P\u00e1gina 10 es un peri\u00f3dico regional que nace en Colombia, en el departamento de Nari\u00f1o, con un enfoque global, fundamentado en cuatro pilares esenciales: la libertad, el pluralismo, la inclusi\u00f3n y la independencia. P\u00e1gina 10 hace referencia a Nari\u00f1o como el d\u00e9cimo departamento creado en Colombia, despu\u00e9s de un proceso pol\u00edtico liderado por actores y actrices regionales con el fin de obtener la independencia y autonom\u00eda de nuestros territorios. Con la creaci\u00f3n de P\u00e1gina 10 se pretende abrir un escenario para el dialogo, la reflexi\u00f3n y el debate que se extienda a otras geograf\u00edas de Am\u00e9rica Latina y del planeta, en una apuesta por transformar colectivamente los desaf\u00edos de un mundo contempor\u00e1neo, m\u00e1s all\u00e1 de las fronteras impuestas.\",\"url\":\"https:\/\/pagina10.com\/web\/author\/pdiezadmin\/\"}]}<\/script>\n<!-- \/ Yoast SEO plugin. -->","yoast_head_json":{"title":"Carnaval de Negros y Blancos se vivir\u00e1 de manera presencial en 2022 | P\u00e1gina10","robots":{"index":"index","follow":"follow","max-snippet":"max-snippet:-1","max-image-preview":"max-image-preview:large","max-video-preview":"max-video-preview:-1"},"canonical":"https:\/\/pagina10.com\/web\/carnaval-de-negros-y-blancos-se-vivira-de-manera-presencial-en-2022\/","og_locale":"es_ES","og_type":"article","og_title":"Carnaval de Negros y Blancos se vivir\u00e1 de manera presencial en 2022 | P\u00e1gina10","og_description":"El Carnaval de Negros y Blancos, la gran fiesta de la capital nari\u00f1ense, se realizar\u00e1 de manera presencial en la versi\u00f3n 2022, as\u00ed lo dieron a conocer las autoridades municipales. El Alcalde de la ciudad de Pasto, Germ\u00e1n Chamorro, dijo que se buscan estrategias para este importante evento de la capital nari\u00f1ense se pueda llevar [&hellip;]","og_url":"https:\/\/pagina10.com\/web\/carnaval-de-negros-y-blancos-se-vivira-de-manera-presencial-en-2022\/","og_site_name":"P\u00e1gina10","article_publisher":"https:\/\/www.facebook.com\/pag10com","article_published_time":"2021-09-02T02:21:48+00:00","og_image":[{"width":960,"height":640,"url":"https:\/\/pagina10.com\/web\/wp-content\/uploads\/2021\/09\/FB_IMG_1630549276362.jpg","type":"image\/jpeg"}],"author":"P\u00e1gina 10","twitter_card":"summary_large_image","twitter_creator":"@Pag10com","twitter_site":"@Pag10com","twitter_misc":{"Escrito por":"P\u00e1gina 10","Tiempo de lectura":"2 minutos"},"schema":{"@context":"https:\/\/schema.org","@graph":[{"@type":"Article","@id":"https:\/\/pagina10.com\/web\/carnaval-de-negros-y-blancos-se-vivira-de-manera-presencial-en-2022\/#article","isPartOf":{"@id":"https:\/\/pagina10.com\/web\/carnaval-de-negros-y-blancos-se-vivira-de-manera-presencial-en-2022\/"},"author":{"name":"P\u00e1gina 10","@id":"https:\/\/pagina10.com\/web\/#\/schema\/person\/2efc4a090d25b667d3bc796798a3a81b"},"headline":"Carnaval de Negros y Blancos se vivir\u00e1 de manera presencial en 2022","datePublished":"2021-09-02T02:21:48+00:00","mainEntityOfPage":{"@id":"https:\/\/pagina10.com\/web\/carnaval-de-negros-y-blancos-se-vivira-de-manera-presencial-en-2022\/"},"wordCount":345,"commentCount":0,"publisher":{"@id":"https:\/\/pagina10.com\/web\/#organization"},"image":{"@id":"https:\/\/pagina10.com\/web\/carnaval-de-negros-y-blancos-se-vivira-de-manera-presencial-en-2022\/#primaryimage"},"thumbnailUrl":"https:\/\/pagina10.com\/web\/wp-content\/uploads\/2021\/09\/FB_IMG_1630549276362.jpg","articleSection":["Nari\u00f1o Actual"],"inLanguage":"es","potentialAction":[{"@type":"CommentAction","name":"Comment","target":["https:\/\/pagina10.com\/web\/carnaval-de-negros-y-blancos-se-vivira-de-manera-presencial-en-2022\/#respond"]}]},{"@type":"WebPage","@id":"https:\/\/pagina10.com\/web\/carnaval-de-negros-y-blancos-se-vivira-de-manera-presencial-en-2022\/","url":"https:\/\/pagina10.com\/web\/carnaval-de-negros-y-blancos-se-vivira-de-manera-presencial-en-2022\/","name":"Carnaval de Negros y Blancos se vivir\u00e1 de manera presencial en 2022 | P\u00e1gina10","isPartOf":{"@id":"https:\/\/pagina10.com\/web\/#website"},"primaryImageOfPage":{"@id":"https:\/\/pagina10.com\/web\/carnaval-de-negros-y-blancos-se-vivira-de-manera-presencial-en-2022\/#primaryimage"},"image":{"@id":"https:\/\/pagina10.com\/web\/carnaval-de-negros-y-blancos-se-vivira-de-manera-presencial-en-2022\/#primaryimage"},"thumbnailUrl":"https:\/\/pagina10.com\/web\/wp-content\/uploads\/2021\/09\/FB_IMG_1630549276362.jpg","datePublished":"2021-09-02T02:21:48+00:00","breadcrumb":{"@id":"https:\/\/pagina10.com\/web\/carnaval-de-negros-y-blancos-se-vivira-de-manera-presencial-en-2022\/#breadcrumb"},"inLanguage":"es","potentialAction":[{"@type":"ReadAction","target":["https:\/\/pagina10.com\/web\/carnaval-de-negros-y-blancos-se-vivira-de-manera-presencial-en-2022\/"]}]},{"@type":"ImageObject","inLanguage":"es","@id":"https:\/\/pagina10.com\/web\/carnaval-de-negros-y-blancos-se-vivira-de-manera-presencial-en-2022\/#primaryimage","url":"https:\/\/pagina10.com\/web\/wp-content\/uploads\/2021\/09\/FB_IMG_1630549276362.jpg","contentUrl":"https:\/\/pagina10.com\/web\/wp-content\/uploads\/2021\/09\/FB_IMG_1630549276362.jpg","width":960,"height":640},{"@type":"BreadcrumbList","@id":"https:\/\/pagina10.com\/web\/carnaval-de-negros-y-blancos-se-vivira-de-manera-presencial-en-2022\/#breadcrumb","itemListElement":[{"@type":"ListItem","position":1,"name":"Portada","item":"https:\/\/pagina10.com\/web\/"},{"@type":"ListItem","position":2,"name":"Carnaval de Negros y Blancos se vivir\u00e1 de manera presencial en 2022"}]},{"@type":"WebSite","@id":"https:\/\/pagina10.com\/web\/#website","url":"https:\/\/pagina10.com\/web\/","name":"P\u00e1gina10","description":"Peri\u00f3dico Regional","publisher":{"@id":"https:\/\/pagina10.com\/web\/#organization"},"alternateName":"P\u00e1gina10 Peri\u00f3dico Regional","potentialAction":[{"@type":"SearchAction","target":{"@type":"EntryPoint","urlTemplate":"https:\/\/pagina10.com\/web\/?s={search_term_string}"},"query-input":{"@type":"PropertyValueSpecification","valueRequired":true,"valueName":"search_term_string"}}],"inLanguage":"es"},{"@type":"Organization","@id":"https:\/\/pagina10.com\/web\/#organization","name":"P\u00e1gina10","alternateName":"P\u00e1gina10 Peri\u00f3dico Regional","url":"https:\/\/pagina10.com\/web\/","logo":{"@type":"ImageObject","inLanguage":"es","@id":"https:\/\/pagina10.com\/web\/#\/schema\/logo\/image\/","url":"https:\/\/pagina10.com\/web\/wp-content\/uploads\/2024\/01\/40-pagina-10-periodico-regional-pasto.jpg","contentUrl":"https:\/\/pagina10.com\/web\/wp-content\/uploads\/2024\/01\/40-pagina-10-periodico-regional-pasto.jpg","width":1280,"height":720,"caption":"P\u00e1gina10"},"image":{"@id":"https:\/\/pagina10.com\/web\/#\/schema\/logo\/image\/"},"sameAs":["https:\/\/www.facebook.com\/pag10com","https:\/\/x.com\/Pag10com","https:\/\/www.instagram.com\/pagina10col\/","https:\/\/youtube.com\/channel\/pag10","https:\/\/www.tiktok.com\/@p10col"]},{"@type":"Person","@id":"https:\/\/pagina10.com\/web\/#\/schema\/person\/2efc4a090d25b667d3bc796798a3a81b","name":"P\u00e1gina 10","description":"P\u00e1gina 10 es un peri\u00f3dico regional que nace en Colombia, en el departamento de Nari\u00f1o, con un enfoque global, fundamentado en cuatro pilares esenciales: la libertad, el pluralismo, la inclusi\u00f3n y la independencia. P\u00e1gina 10 hace referencia a Nari\u00f1o como el d\u00e9cimo departamento creado en Colombia, despu\u00e9s de un proceso pol\u00edtico liderado por actores y actrices regionales con el fin de obtener la independencia y autonom\u00eda de nuestros territorios. Con la creaci\u00f3n de P\u00e1gina 10 se pretende abrir un escenario para el dialogo, la reflexi\u00f3n y el debate que se extienda a otras geograf\u00edas de Am\u00e9rica Latina y del planeta, en una apuesta por transformar colectivamente los desaf\u00edos de un mundo contempor\u00e1neo, m\u00e1s all\u00e1 de las fronteras impuestas.","url":"https:\/\/pagina10.com\/web\/author\/pdiezadmin\/"}]}},"_links":{"self":[{"href":"https:\/\/pagina10.com\/web\/wp-json\/wp\/v2\/posts\/55358","targetHints":{"allow":["GET"]}}],"collection":[{"href":"https:\/\/pagina10.com\/web\/wp-json\/wp\/v2\/posts"}],"about":[{"href":"https:\/\/pagina10.com\/web\/wp-json\/wp\/v2\/types\/post"}],"author":[{"embeddable":true,"href":"https:\/\/pagina10.com\/web\/wp-json\/wp\/v2\/users\/1"}],"replies":[{"embeddable":true,"href":"https:\/\/pagina10.com\/web\/wp-json\/wp\/v2\/comments?post=55358"}],"version-history":[{"count":1,"href":"https:\/\/pagina10.com\/web\/wp-json\/wp\/v2\/posts\/55358\/revisions"}],"predecessor-version":[{"id":55360,"href":"https:\/\/pagina10.com\/web\/wp-json\/wp\/v2\/posts\/55358\/revisions\/55360"}],"wp:featuredmedia":[{"embeddable":true,"href":"https:\/\/pagina10.com\/web\/wp-json\/wp\/v2\/media\/55359"}],"wp:attachment":[{"href":"https:\/\/pagina10.com\/web\/wp-json\/wp\/v2\/media?parent=55358"}],"wp:term":[{"taxonomy":"category","embeddable":true,"href":"https:\/\/pagina10.com\/web\/wp-json\/wp\/v2\/categories?post=55358"},{"taxonomy":"post_tag","embeddable":true,"href":"https:\/\/pagina10.com\/web\/wp-json\/wp\/v2\/tags?post=55358"}],"curies":[{"name":"wp","href":"https:\/\/api.w.org\/{rel}","templated":true}]}}