{"id":55384,"date":"2021-09-02T20:28:04","date_gmt":"2021-09-03T01:28:04","guid":{"rendered":"https:\/\/pagina10.com\/web\/?p=55384"},"modified":"2021-09-02T20:28:04","modified_gmt":"2021-09-03T01:28:04","slug":"aproximadamente-1-000-familias-resultaron-damnificadas-tras-creciente-del-rio-mira-en-tumaco","status":"publish","type":"post","link":"https:\/\/pagina10.com\/web\/aproximadamente-1-000-familias-resultaron-damnificadas-tras-creciente-del-rio-mira-en-tumaco\/","title":{"rendered":"Aproximadamente 1.000 familias resultaron damnificadas tras creciente del R\u00edo Mira en Tumaco"},"content":{"rendered":"<p style=\"text-align: justify;\">La \u00faltima temporada de lluvia del a\u00f1o se acerca en todo el pa\u00eds, situaci\u00f3n que ya se ha sentido en el departamento de Nari\u00f1o, principalmente en la zona costera, donde m\u00e1s de m\u00e1s de 1.000 familias de la zona rural de Tumaco, en Nari\u00f1o, ya han sido afectadas por el aumento de las aguas del r\u00edo Mira.<\/p>\n<p style=\"text-align: justify;\">Tal como inform\u00f3 RCN Radio, la ola de lluvias ha afectado aproximadamente a 1.000 familias. Ante ello el l\u00edder Comunal del Consejo Comunitario Bajo Mira y Frontera, Ronald Rodr\u00edguez, indic\u00f3 que a ra\u00edz de las lluvias de los \u00faltimos d\u00edas se presenta la inundaci\u00f3n de varias fincas en distintas veredas da\u00f1ando cultivos y llev\u00e1ndose animales de corral y afectado a personas y objetos materiales.<\/p>\n<p style=\"text-align: justify;\">\u201cEst\u00e1 muy alto el nivel, se ha metido a las fincas a inundado a las casas y se ha llevado algunos animales, como siempre, pero desbordado no. Pero ya hemos informado a las autoridades para que se implemente un sistema de alertas tempranas para que ma\u00f1ana no se presente una cat\u00e1strofe, para que despu\u00e9s no vuelvan a decir lo lamentamos y dejen las cosas as\u00ed\u201d, explic\u00f3 Ronald Rodr\u00edguez, en di\u00e1logo con el medio.<\/p>\n<p style=\"text-align: justify;\">Seg\u00fan la informaci\u00f3n recolectada, aproximadamente 1.000 familias las que se vieron afectadas, es decir m\u00e1s de 3.000 personas. Tambi\u00e9n se conoci\u00f3 por parte del l\u00edder, que se registran da\u00f1os en las v\u00edas de acceso.<\/p>\n<p style=\"text-align: justify;\">Por parte del equipo de Gesti\u00f3n de Riesgo en Nari\u00f1o, dieron a conocer, \u201cYa se nos inform\u00f3 de la creciente del R\u00edo Mira, despu\u00e9s de la ca\u00edda de lluvias en la zona, estamos a la espera de conocer los censos de personas afectadas y el inventario de los da\u00f1os para llevar las ayudas necesarias\u201d, dijo Jader Gavera, coordinador de Gesti\u00f3n de Riesgo en Nari\u00f1o.<\/p>\n<p style=\"text-align: justify;\">\n","protected":false},"excerpt":{"rendered":"<p>La \u00faltima temporada de lluvia del a\u00f1o se acerca en todo el pa\u00eds, situaci\u00f3n que ya se ha sentido en el departamento de Nari\u00f1o, principalmente en la zona costera, donde m\u00e1s de m\u00e1s de 1.000 familias de la zona rural de Tumaco, en Nari\u00f1o, ya han sido afectadas por el aumento de las aguas del [&hellip;]<\/p>\n","protected":false},"author":1,"featured_media":32449,"comment_status":"open","ping_status":"open","sticky":false,"template":"","format":"standard","meta":{"footnotes":""},"categories":[53],"tags":[],"class_list":["post-55384","post","type-post","status-publish","format-standard","has-post-thumbnail","hentry","category-regiones"],"yoast_head":"<!-- This site is optimized with the Yoast SEO plugin v27.1.1 - https:\/\/yoast.com\/product\/yoast-seo-wordpress\/ -->\n<title>Aproximadamente 1.000 familias resultaron damnificadas tras creciente del R\u00edo Mira en Tumaco | P\u00e1gina10<\/title>\n<meta name=\"robots\" content=\"index, follow, max-snippet:-1, max-image-preview:large, max-video-preview:-1\" \/>\n<link rel=\"canonical\" href=\"https:\/\/pagina10.com\/web\/aproximadamente-1-000-familias-resultaron-damnificadas-tras-creciente-del-rio-mira-en-tumaco\/\" \/>\n<meta property=\"og:locale\" content=\"es_ES\" \/>\n<meta property=\"og:type\" content=\"article\" \/>\n<meta property=\"og:title\" content=\"Aproximadamente 1.000 familias resultaron damnificadas tras creciente del R\u00edo Mira en Tumaco | P\u00e1gina10\" \/>\n<meta property=\"og:description\" content=\"La \u00faltima temporada de lluvia del a\u00f1o se acerca en todo el pa\u00eds, situaci\u00f3n que ya se ha sentido en el departamento de Nari\u00f1o, principalmente en la zona costera, donde m\u00e1s de m\u00e1s de 1.000 familias de la zona rural de Tumaco, en Nari\u00f1o, ya han sido afectadas por el aumento de las aguas del [&hellip;]\" \/>\n<meta property=\"og:url\" content=\"https:\/\/pagina10.com\/web\/aproximadamente-1-000-familias-resultaron-damnificadas-tras-creciente-del-rio-mira-en-tumaco\/\" \/>\n<meta property=\"og:site_name\" content=\"P\u00e1gina10\" \/>\n<meta property=\"article:publisher\" content=\"https:\/\/www.facebook.com\/pag10com\" \/>\n<meta property=\"article:published_time\" content=\"2021-09-03T01:28:04+00:00\" \/>\n<meta property=\"og:image\" content=\"https:\/\/pagina10.com\/web\/wp-content\/uploads\/2018\/07\/Tumaco-1.jpg\" \/>\n\t<meta property=\"og:image:width\" content=\"734\" \/>\n\t<meta property=\"og:image:height\" content=\"486\" \/>\n\t<meta property=\"og:image:type\" content=\"image\/jpeg\" \/>\n<meta name=\"author\" content=\"P\u00e1gina 10\" \/>\n<meta name=\"twitter:card\" content=\"summary_large_image\" \/>\n<meta name=\"twitter:creator\" content=\"@Pag10com\" \/>\n<meta name=\"twitter:site\" content=\"@Pag10com\" \/>\n<meta name=\"twitter:label1\" content=\"Escrito por\" \/>\n\t<meta name=\"twitter:data1\" content=\"P\u00e1gina 10\" \/>\n\t<meta name=\"twitter:label2\" content=\"Tiempo de lectura\" \/>\n\t<meta name=\"twitter:data2\" content=\"2 minutos\" \/>\n<script type=\"application\/ld+json\" class=\"yoast-schema-graph\">{\"@context\":\"https:\/\/schema.org\",\"@graph\":[{\"@type\":\"Article\",\"@id\":\"https:\/\/pagina10.com\/web\/aproximadamente-1-000-familias-resultaron-damnificadas-tras-creciente-del-rio-mira-en-tumaco\/#article\",\"isPartOf\":{\"@id\":\"https:\/\/pagina10.com\/web\/aproximadamente-1-000-familias-resultaron-damnificadas-tras-creciente-del-rio-mira-en-tumaco\/\"},\"author\":{\"name\":\"P\u00e1gina 10\",\"@id\":\"https:\/\/pagina10.com\/web\/#\/schema\/person\/2efc4a090d25b667d3bc796798a3a81b\"},\"headline\":\"Aproximadamente 1.000 familias resultaron damnificadas tras creciente del R\u00edo Mira en Tumaco\",\"datePublished\":\"2021-09-03T01:28:04+00:00\",\"mainEntityOfPage\":{\"@id\":\"https:\/\/pagina10.com\/web\/aproximadamente-1-000-familias-resultaron-damnificadas-tras-creciente-del-rio-mira-en-tumaco\/\"},\"wordCount\":335,\"commentCount\":0,\"publisher\":{\"@id\":\"https:\/\/pagina10.com\/web\/#organization\"},\"image\":{\"@id\":\"https:\/\/pagina10.com\/web\/aproximadamente-1-000-familias-resultaron-damnificadas-tras-creciente-del-rio-mira-en-tumaco\/#primaryimage\"},\"thumbnailUrl\":\"https:\/\/pagina10.com\/web\/wp-content\/uploads\/2018\/07\/Tumaco-1.jpg\",\"articleSection\":[\"Regiones\"],\"inLanguage\":\"es\",\"potentialAction\":[{\"@type\":\"CommentAction\",\"name\":\"Comment\",\"target\":[\"https:\/\/pagina10.com\/web\/aproximadamente-1-000-familias-resultaron-damnificadas-tras-creciente-del-rio-mira-en-tumaco\/#respond\"]}]},{\"@type\":\"WebPage\",\"@id\":\"https:\/\/pagina10.com\/web\/aproximadamente-1-000-familias-resultaron-damnificadas-tras-creciente-del-rio-mira-en-tumaco\/\",\"url\":\"https:\/\/pagina10.com\/web\/aproximadamente-1-000-familias-resultaron-damnificadas-tras-creciente-del-rio-mira-en-tumaco\/\",\"name\":\"Aproximadamente 1.000 familias resultaron damnificadas tras creciente del R\u00edo Mira en Tumaco | P\u00e1gina10\",\"isPartOf\":{\"@id\":\"https:\/\/pagina10.com\/web\/#website\"},\"primaryImageOfPage\":{\"@id\":\"https:\/\/pagina10.com\/web\/aproximadamente-1-000-familias-resultaron-damnificadas-tras-creciente-del-rio-mira-en-tumaco\/#primaryimage\"},\"image\":{\"@id\":\"https:\/\/pagina10.com\/web\/aproximadamente-1-000-familias-resultaron-damnificadas-tras-creciente-del-rio-mira-en-tumaco\/#primaryimage\"},\"thumbnailUrl\":\"https:\/\/pagina10.com\/web\/wp-content\/uploads\/2018\/07\/Tumaco-1.jpg\",\"datePublished\":\"2021-09-03T01:28:04+00:00\",\"breadcrumb\":{\"@id\":\"https:\/\/pagina10.com\/web\/aproximadamente-1-000-familias-resultaron-damnificadas-tras-creciente-del-rio-mira-en-tumaco\/#breadcrumb\"},\"inLanguage\":\"es\",\"potentialAction\":[{\"@type\":\"ReadAction\",\"target\":[\"https:\/\/pagina10.com\/web\/aproximadamente-1-000-familias-resultaron-damnificadas-tras-creciente-del-rio-mira-en-tumaco\/\"]}]},{\"@type\":\"ImageObject\",\"inLanguage\":\"es\",\"@id\":\"https:\/\/pagina10.com\/web\/aproximadamente-1-000-familias-resultaron-damnificadas-tras-creciente-del-rio-mira-en-tumaco\/#primaryimage\",\"url\":\"https:\/\/pagina10.com\/web\/wp-content\/uploads\/2018\/07\/Tumaco-1.jpg\",\"contentUrl\":\"https:\/\/pagina10.com\/web\/wp-content\/uploads\/2018\/07\/Tumaco-1.jpg\",\"width\":734,\"height\":486},{\"@type\":\"BreadcrumbList\",\"@id\":\"https:\/\/pagina10.com\/web\/aproximadamente-1-000-familias-resultaron-damnificadas-tras-creciente-del-rio-mira-en-tumaco\/#breadcrumb\",\"itemListElement\":[{\"@type\":\"ListItem\",\"position\":1,\"name\":\"Portada\",\"item\":\"https:\/\/pagina10.com\/web\/\"},{\"@type\":\"ListItem\",\"position\":2,\"name\":\"Aproximadamente 1.000 familias resultaron damnificadas tras creciente del R\u00edo Mira en Tumaco\"}]},{\"@type\":\"WebSite\",\"@id\":\"https:\/\/pagina10.com\/web\/#website\",\"url\":\"https:\/\/pagina10.com\/web\/\",\"name\":\"P\u00e1gina10\",\"description\":\"Peri\u00f3dico Regional\",\"publisher\":{\"@id\":\"https:\/\/pagina10.com\/web\/#organization\"},\"alternateName\":\"P\u00e1gina10 Peri\u00f3dico Regional\",\"potentialAction\":[{\"@type\":\"SearchAction\",\"target\":{\"@type\":\"EntryPoint\",\"urlTemplate\":\"https:\/\/pagina10.com\/web\/?s={search_term_string}\"},\"query-input\":{\"@type\":\"PropertyValueSpecification\",\"valueRequired\":true,\"valueName\":\"search_term_string\"}}],\"inLanguage\":\"es\"},{\"@type\":\"Organization\",\"@id\":\"https:\/\/pagina10.com\/web\/#organization\",\"name\":\"P\u00e1gina10\",\"alternateName\":\"P\u00e1gina10 Peri\u00f3dico Regional\",\"url\":\"https:\/\/pagina10.com\/web\/\",\"logo\":{\"@type\":\"ImageObject\",\"inLanguage\":\"es\",\"@id\":\"https:\/\/pagina10.com\/web\/#\/schema\/logo\/image\/\",\"url\":\"https:\/\/pagina10.com\/web\/wp-content\/uploads\/2024\/01\/40-pagina-10-periodico-regional-pasto.jpg\",\"contentUrl\":\"https:\/\/pagina10.com\/web\/wp-content\/uploads\/2024\/01\/40-pagina-10-periodico-regional-pasto.jpg\",\"width\":1280,\"height\":720,\"caption\":\"P\u00e1gina10\"},\"image\":{\"@id\":\"https:\/\/pagina10.com\/web\/#\/schema\/logo\/image\/\"},\"sameAs\":[\"https:\/\/www.facebook.com\/pag10com\",\"https:\/\/x.com\/Pag10com\",\"https:\/\/www.instagram.com\/pagina10col\/\",\"https:\/\/youtube.com\/channel\/pag10\",\"https:\/\/www.tiktok.com\/@p10col\"]},{\"@type\":\"Person\",\"@id\":\"https:\/\/pagina10.com\/web\/#\/schema\/person\/2efc4a090d25b667d3bc796798a3a81b\",\"name\":\"P\u00e1gina 10\",\"description\":\"P\u00e1gina 10 es un peri\u00f3dico regional que nace en Colombia, en el departamento de Nari\u00f1o, con un enfoque global, fundamentado en cuatro pilares esenciales: la libertad, el pluralismo, la inclusi\u00f3n y la independencia. P\u00e1gina 10 hace referencia a Nari\u00f1o como el d\u00e9cimo departamento creado en Colombia, despu\u00e9s de un proceso pol\u00edtico liderado por actores y actrices regionales con el fin de obtener la independencia y autonom\u00eda de nuestros territorios. Con la creaci\u00f3n de P\u00e1gina 10 se pretende abrir un escenario para el dialogo, la reflexi\u00f3n y el debate que se extienda a otras geograf\u00edas de Am\u00e9rica Latina y del planeta, en una apuesta por transformar colectivamente los desaf\u00edos de un mundo contempor\u00e1neo, m\u00e1s all\u00e1 de las fronteras impuestas.\",\"url\":\"https:\/\/pagina10.com\/web\/author\/pdiezadmin\/\"}]}<\/script>\n<!-- \/ Yoast SEO plugin. -->","yoast_head_json":{"title":"Aproximadamente 1.000 familias resultaron damnificadas tras creciente del R\u00edo Mira en Tumaco | P\u00e1gina10","robots":{"index":"index","follow":"follow","max-snippet":"max-snippet:-1","max-image-preview":"max-image-preview:large","max-video-preview":"max-video-preview:-1"},"canonical":"https:\/\/pagina10.com\/web\/aproximadamente-1-000-familias-resultaron-damnificadas-tras-creciente-del-rio-mira-en-tumaco\/","og_locale":"es_ES","og_type":"article","og_title":"Aproximadamente 1.000 familias resultaron damnificadas tras creciente del R\u00edo Mira en Tumaco | P\u00e1gina10","og_description":"La \u00faltima temporada de lluvia del a\u00f1o se acerca en todo el pa\u00eds, situaci\u00f3n que ya se ha sentido en el departamento de Nari\u00f1o, principalmente en la zona costera, donde m\u00e1s de m\u00e1s de 1.000 familias de la zona rural de Tumaco, en Nari\u00f1o, ya han sido afectadas por el aumento de las aguas del [&hellip;]","og_url":"https:\/\/pagina10.com\/web\/aproximadamente-1-000-familias-resultaron-damnificadas-tras-creciente-del-rio-mira-en-tumaco\/","og_site_name":"P\u00e1gina10","article_publisher":"https:\/\/www.facebook.com\/pag10com","article_published_time":"2021-09-03T01:28:04+00:00","og_image":[{"width":734,"height":486,"url":"https:\/\/pagina10.com\/web\/wp-content\/uploads\/2018\/07\/Tumaco-1.jpg","type":"image\/jpeg"}],"author":"P\u00e1gina 10","twitter_card":"summary_large_image","twitter_creator":"@Pag10com","twitter_site":"@Pag10com","twitter_misc":{"Escrito por":"P\u00e1gina 10","Tiempo de lectura":"2 minutos"},"schema":{"@context":"https:\/\/schema.org","@graph":[{"@type":"Article","@id":"https:\/\/pagina10.com\/web\/aproximadamente-1-000-familias-resultaron-damnificadas-tras-creciente-del-rio-mira-en-tumaco\/#article","isPartOf":{"@id":"https:\/\/pagina10.com\/web\/aproximadamente-1-000-familias-resultaron-damnificadas-tras-creciente-del-rio-mira-en-tumaco\/"},"author":{"name":"P\u00e1gina 10","@id":"https:\/\/pagina10.com\/web\/#\/schema\/person\/2efc4a090d25b667d3bc796798a3a81b"},"headline":"Aproximadamente 1.000 familias resultaron damnificadas tras creciente del R\u00edo Mira en Tumaco","datePublished":"2021-09-03T01:28:04+00:00","mainEntityOfPage":{"@id":"https:\/\/pagina10.com\/web\/aproximadamente-1-000-familias-resultaron-damnificadas-tras-creciente-del-rio-mira-en-tumaco\/"},"wordCount":335,"commentCount":0,"publisher":{"@id":"https:\/\/pagina10.com\/web\/#organization"},"image":{"@id":"https:\/\/pagina10.com\/web\/aproximadamente-1-000-familias-resultaron-damnificadas-tras-creciente-del-rio-mira-en-tumaco\/#primaryimage"},"thumbnailUrl":"https:\/\/pagina10.com\/web\/wp-content\/uploads\/2018\/07\/Tumaco-1.jpg","articleSection":["Regiones"],"inLanguage":"es","potentialAction":[{"@type":"CommentAction","name":"Comment","target":["https:\/\/pagina10.com\/web\/aproximadamente-1-000-familias-resultaron-damnificadas-tras-creciente-del-rio-mira-en-tumaco\/#respond"]}]},{"@type":"WebPage","@id":"https:\/\/pagina10.com\/web\/aproximadamente-1-000-familias-resultaron-damnificadas-tras-creciente-del-rio-mira-en-tumaco\/","url":"https:\/\/pagina10.com\/web\/aproximadamente-1-000-familias-resultaron-damnificadas-tras-creciente-del-rio-mira-en-tumaco\/","name":"Aproximadamente 1.000 familias resultaron damnificadas tras creciente del R\u00edo Mira en Tumaco | P\u00e1gina10","isPartOf":{"@id":"https:\/\/pagina10.com\/web\/#website"},"primaryImageOfPage":{"@id":"https:\/\/pagina10.com\/web\/aproximadamente-1-000-familias-resultaron-damnificadas-tras-creciente-del-rio-mira-en-tumaco\/#primaryimage"},"image":{"@id":"https:\/\/pagina10.com\/web\/aproximadamente-1-000-familias-resultaron-damnificadas-tras-creciente-del-rio-mira-en-tumaco\/#primaryimage"},"thumbnailUrl":"https:\/\/pagina10.com\/web\/wp-content\/uploads\/2018\/07\/Tumaco-1.jpg","datePublished":"2021-09-03T01:28:04+00:00","breadcrumb":{"@id":"https:\/\/pagina10.com\/web\/aproximadamente-1-000-familias-resultaron-damnificadas-tras-creciente-del-rio-mira-en-tumaco\/#breadcrumb"},"inLanguage":"es","potentialAction":[{"@type":"ReadAction","target":["https:\/\/pagina10.com\/web\/aproximadamente-1-000-familias-resultaron-damnificadas-tras-creciente-del-rio-mira-en-tumaco\/"]}]},{"@type":"ImageObject","inLanguage":"es","@id":"https:\/\/pagina10.com\/web\/aproximadamente-1-000-familias-resultaron-damnificadas-tras-creciente-del-rio-mira-en-tumaco\/#primaryimage","url":"https:\/\/pagina10.com\/web\/wp-content\/uploads\/2018\/07\/Tumaco-1.jpg","contentUrl":"https:\/\/pagina10.com\/web\/wp-content\/uploads\/2018\/07\/Tumaco-1.jpg","width":734,"height":486},{"@type":"BreadcrumbList","@id":"https:\/\/pagina10.com\/web\/aproximadamente-1-000-familias-resultaron-damnificadas-tras-creciente-del-rio-mira-en-tumaco\/#breadcrumb","itemListElement":[{"@type":"ListItem","position":1,"name":"Portada","item":"https:\/\/pagina10.com\/web\/"},{"@type":"ListItem","position":2,"name":"Aproximadamente 1.000 familias resultaron damnificadas tras creciente del R\u00edo Mira en Tumaco"}]},{"@type":"WebSite","@id":"https:\/\/pagina10.com\/web\/#website","url":"https:\/\/pagina10.com\/web\/","name":"P\u00e1gina10","description":"Peri\u00f3dico Regional","publisher":{"@id":"https:\/\/pagina10.com\/web\/#organization"},"alternateName":"P\u00e1gina10 Peri\u00f3dico Regional","potentialAction":[{"@type":"SearchAction","target":{"@type":"EntryPoint","urlTemplate":"https:\/\/pagina10.com\/web\/?s={search_term_string}"},"query-input":{"@type":"PropertyValueSpecification","valueRequired":true,"valueName":"search_term_string"}}],"inLanguage":"es"},{"@type":"Organization","@id":"https:\/\/pagina10.com\/web\/#organization","name":"P\u00e1gina10","alternateName":"P\u00e1gina10 Peri\u00f3dico Regional","url":"https:\/\/pagina10.com\/web\/","logo":{"@type":"ImageObject","inLanguage":"es","@id":"https:\/\/pagina10.com\/web\/#\/schema\/logo\/image\/","url":"https:\/\/pagina10.com\/web\/wp-content\/uploads\/2024\/01\/40-pagina-10-periodico-regional-pasto.jpg","contentUrl":"https:\/\/pagina10.com\/web\/wp-content\/uploads\/2024\/01\/40-pagina-10-periodico-regional-pasto.jpg","width":1280,"height":720,"caption":"P\u00e1gina10"},"image":{"@id":"https:\/\/pagina10.com\/web\/#\/schema\/logo\/image\/"},"sameAs":["https:\/\/www.facebook.com\/pag10com","https:\/\/x.com\/Pag10com","https:\/\/www.instagram.com\/pagina10col\/","https:\/\/youtube.com\/channel\/pag10","https:\/\/www.tiktok.com\/@p10col"]},{"@type":"Person","@id":"https:\/\/pagina10.com\/web\/#\/schema\/person\/2efc4a090d25b667d3bc796798a3a81b","name":"P\u00e1gina 10","description":"P\u00e1gina 10 es un peri\u00f3dico regional que nace en Colombia, en el departamento de Nari\u00f1o, con un enfoque global, fundamentado en cuatro pilares esenciales: la libertad, el pluralismo, la inclusi\u00f3n y la independencia. P\u00e1gina 10 hace referencia a Nari\u00f1o como el d\u00e9cimo departamento creado en Colombia, despu\u00e9s de un proceso pol\u00edtico liderado por actores y actrices regionales con el fin de obtener la independencia y autonom\u00eda de nuestros territorios. Con la creaci\u00f3n de P\u00e1gina 10 se pretende abrir un escenario para el dialogo, la reflexi\u00f3n y el debate que se extienda a otras geograf\u00edas de Am\u00e9rica Latina y del planeta, en una apuesta por transformar colectivamente los desaf\u00edos de un mundo contempor\u00e1neo, m\u00e1s all\u00e1 de las fronteras impuestas.","url":"https:\/\/pagina10.com\/web\/author\/pdiezadmin\/"}]}},"_links":{"self":[{"href":"https:\/\/pagina10.com\/web\/wp-json\/wp\/v2\/posts\/55384","targetHints":{"allow":["GET"]}}],"collection":[{"href":"https:\/\/pagina10.com\/web\/wp-json\/wp\/v2\/posts"}],"about":[{"href":"https:\/\/pagina10.com\/web\/wp-json\/wp\/v2\/types\/post"}],"author":[{"embeddable":true,"href":"https:\/\/pagina10.com\/web\/wp-json\/wp\/v2\/users\/1"}],"replies":[{"embeddable":true,"href":"https:\/\/pagina10.com\/web\/wp-json\/wp\/v2\/comments?post=55384"}],"version-history":[{"count":1,"href":"https:\/\/pagina10.com\/web\/wp-json\/wp\/v2\/posts\/55384\/revisions"}],"predecessor-version":[{"id":55385,"href":"https:\/\/pagina10.com\/web\/wp-json\/wp\/v2\/posts\/55384\/revisions\/55385"}],"wp:featuredmedia":[{"embeddable":true,"href":"https:\/\/pagina10.com\/web\/wp-json\/wp\/v2\/media\/32449"}],"wp:attachment":[{"href":"https:\/\/pagina10.com\/web\/wp-json\/wp\/v2\/media?parent=55384"}],"wp:term":[{"taxonomy":"category","embeddable":true,"href":"https:\/\/pagina10.com\/web\/wp-json\/wp\/v2\/categories?post=55384"},{"taxonomy":"post_tag","embeddable":true,"href":"https:\/\/pagina10.com\/web\/wp-json\/wp\/v2\/tags?post=55384"}],"curies":[{"name":"wp","href":"https:\/\/api.w.org\/{rel}","templated":true}]}}